{"id":38107,"date":"2024-07-12T13:39:19","date_gmt":"2024-07-12T11:39:19","guid":{"rendered":"https:\/\/santapola.es\/?p=38107"},"modified":"2024-07-12T13:41:28","modified_gmt":"2024-07-12T11:41:28","slug":"24-artistes-internacionals-participen-en-lexposicio-les-muses-encantadores","status":"publish","type":"post","link":"https:\/\/santapola.es\/ca\/24-artistes-internacionals-participen-en-lexposicio-les-muses-encantadores\/","title":{"rendered":"24 artistes internacionals participen en l&#8217;exposici\u00f3 Les Muses Encantadores"},"content":{"rendered":"<p><strong>L&#8217;exposici\u00f3 col\u00b7lectiva internacional Les Muses Encantadores, que s&#8217;inaugura dem\u00e0 i es podr\u00e0 visitar fins al 10 de setembre en el Museu de la Mar, mostra l&#8217;evoluci\u00f3 que els artistes contemporanis han realitzat de la inspiradora figura de la Musa.<\/strong><\/p>\n<p>Dem\u00e0 dissabte 13 de juliol, a les 20.00 hores i en el Baluard del Duc, s&#8217;inaugura l&#8217;exposici\u00f3 Les Muses Encantadores, en la qual participen 24 artistes de diversos pa\u00efsos i que podr\u00e0 ser visitada de manera gratu\u00efta en el Museu de la Mar del Castell Fortalesa de Santa Pola fins al pr\u00f2xim 10 de setembre.<\/p>\n<p>Al llarg de les \u00e8poques art\u00edstiques, molts mestres identifiquen la seua font d&#8217;inspiraci\u00f3 i creaci\u00f3 en una persona f\u00edsica, quasi sempre dona. \u200bLes Muses, en l&#8217;antiga Gr\u00e8cia, eren filles de Zeus, cadascuna de les nou germanes custodiava la cultura i les arts.<\/p>\n<p>Gr\u00e0cies al seu cant van permetre que es realitzaren grans gestes que es van transmetre a les generacions futures, estes van ser les diverses arts existents, com la m\u00fasica, la trag\u00e8dia, el cor o la poesia. Vivien en diversos llocs, per\u00f2 la Muntanya que per excel\u00b7l\u00e8ncia est\u00e0 associat amb les Muses \u00e9s el Parn\u00e0s.<\/p>\n<p>Les muses s\u00f3n: Cal\u00b7l\u00edope simbolitza la poesia \u00e8pica invocada pels grans poetes i escriptors al comen\u00e7ament dels seus poemes i poesies. Clio la musa de la Hist\u00f2ria. Euterpe \u00e9s el s\u00edmbol de de la poesia l\u00edrica, Erato de la poesia coral i amorosa, Melpomene musa de la Trag\u00e8dia, Polyhymnia musa dels himnes religiosos i l&#8217;orat\u00f2ria, Talia, anomenada igual que una de les tres Gr\u00e0cies, musa de la Com\u00e8dia, Terps\u00edcore musa de la Dansa i Urania, musa de l&#8217;Astronomia.<\/p>\n<p>La seua funci\u00f3 era donar inspiraci\u00f3 a artistes, poetes, core\u00f2grafs, a aquells que componien m\u00fasica, creaven trag\u00e8dies o com\u00e8dies.<\/p>\n<p>L&#8217;exposici\u00f3 col\u00b7lectiva Les Muses Encantadores, que es desenvolupa en l&#8217;espai expositiu del Museu de la Mar de Santa Pola, mostra l&#8217;evoluci\u00f3 que els artistes contemporanis han realitzat de la inspiradora figura de la Musa.<\/p>\n<p>Al llarg de les \u00e8poques art\u00edstiques, molts mestres identifiquen la seua font d&#8217;inspiraci\u00f3 i creaci\u00f3 en una persona f\u00edsica, quasi sempre dona. Un cas rellevant i emblem\u00e0tic \u00e9s el de Simonetta Vespucci, musa inspiradora de Sandro Botticelli.<\/p>\n<p>En l&#8217;exposici\u00f3 Muses encantadores, els artistes ens oferixen lectures molt diferents i suggeridores, m\u00e9s vinculades als valors i problem\u00e0tiques del nostre temps.<\/p>\n<p>La provocaci\u00f3, l&#8217;emancipaci\u00f3, la reivindicaci\u00f3 de drets que haurien de ser adquirits plenament, reemplacen a la poesia, la literatura i les arts de l&#8217;antiguitat.<\/p>\n<p>Els colors, les composicions es tornen m\u00e9s incisives i atractives, sobretot perqu\u00e8 el missatge que es vol enviar t\u00e9 un valor lligat a una contemporane\u00eftat m\u00e9s complexa.<\/p>\n<p>Els s\u00edmbols, recordem que tota Musa de l&#8217;Antiguitat t\u00e9 un element que la identifica, en els temps actuals cobren diferents significats aix\u00ed com la vestimenta es convertix en un tret distintiu de reclams transcendentals i necessaris. La figura de la Musa, en el passat, ha estat lligada al concepte de feminitat.<\/p>\n<p>Este concepte, antany ha estat vinculat a la bellesa exterior, espill de la bellesa interior i de la sensibilitat. En este moment, el femen\u00ed cobra facetes de centralitat en la vida actual, la dona m\u00e9s que musa, t\u00e9 un paper protagonista, una pres\u00e8ncia indispensable i imprescindible, on destaca el component de sentit com\u00fa i intel\u00b7lig\u00e8ncia.<\/p>\n<p>L&#8217;art, en particular, i esta exposici\u00f3 internacional a Santa Pola, emfatitza el necessari que \u00e9s el paper de la Musa, de l&#8217;Inspiraci\u00f3 com a motor que mou la vida i l&#8217;exist\u00e8ncia.<\/p>\n<p>Les Muses Encantadores ens endinsa en una exposici\u00f3 amb propostes arriscades en les quals l&#8217;atenci\u00f3 es despla\u00e7a no cap a l&#8217;idealisme de les Muses antigues, sin\u00f3 cap a la realitat amb mirada cr\u00edtica per\u00f2 amb esperan\u00e7a en les generacions esdevenidores.<\/p>\n","protected":false},"excerpt":{"rendered":"<p>L&#8217;exposici\u00f3 col\u00b7lectiva internacional Les Muses Encantadores, que s&#8217;inaugura dem\u00e0 i es podr\u00e0 visitar fins al 10 de setembre en el Museu de la Mar, mostra l&#8217;evoluci\u00f3 que els artistes contemporanis han realitzat de la inspiradora figura de la Musa. Dem\u00e0 dissabte 13 de juliol, a les 20.00 hores i en el Baluard del Duc, s&#8217;inaugura [&hellip;]<\/p>\n","protected":false},"author":96,"featured_media":38105,"comment_status":"closed","ping_status":"closed","sticky":false,"template":"","format":"standard","meta":{"_et_pb_use_builder":"","_et_pb_old_content":"","_et_gb_content_width":"","footnotes":""},"categories":[433],"tags":[807,517],"class_list":["post-38107","post","type-post","status-publish","format-standard","has-post-thumbnail","hentry","category-cultura-ca","tag-exposicio-ca","tag-museu-de-la-mar"],"yoast_head":"<!-- This site is optimized with the Yoast SEO plugin v27.4 - https:\/\/yoast.com\/product\/yoast-seo-wordpress\/ -->\n<title>24 artistes internacionals participen en l&#039;exposici\u00f3 Les Muses Encantadores - Ajuntament de Santa Pola<\/title>\n<meta name=\"robots\" content=\"index, follow, max-snippet:-1, max-image-preview:large, max-video-preview:-1\" \/>\n<link rel=\"canonical\" href=\"https:\/\/santapola.es\/ca\/24-artistes-internacionals-participen-en-lexposicio-les-muses-encantadores\/\" \/>\n<meta property=\"og:locale\" content=\"ca_ES\" \/>\n<meta property=\"og:type\" content=\"article\" \/>\n<meta property=\"og:title\" content=\"24 artistes internacionals participen en l&#039;exposici\u00f3 Les Muses Encantadores - Ajuntament de Santa Pola\" \/>\n<meta property=\"og:description\" content=\"L&#8217;exposici\u00f3 col\u00b7lectiva internacional Les Muses Encantadores, que s&#8217;inaugura dem\u00e0 i es podr\u00e0 visitar fins al 10 de setembre en el Museu de la Mar, mostra l&#8217;evoluci\u00f3 que els artistes contemporanis han realitzat de la inspiradora figura de la Musa. Dem\u00e0 dissabte 13 de juliol, a les 20.00 hores i en el Baluard del Duc, s&#8217;inaugura [&hellip;]\" \/>\n<meta property=\"og:url\" content=\"https:\/\/santapola.es\/ca\/24-artistes-internacionals-participen-en-lexposicio-les-muses-encantadores\/\" \/>\n<meta property=\"og:site_name\" content=\"Ajuntament de Santa Pola\" \/>\n<meta property=\"article:publisher\" content=\"https:\/\/www.facebook.com\/AyuntamientoSantaPola\/\" \/>\n<meta property=\"article:published_time\" content=\"2024-07-12T11:39:19+00:00\" \/>\n<meta property=\"article:modified_time\" content=\"2024-07-12T11:41:28+00:00\" \/>\n<meta property=\"og:image\" content=\"https:\/\/santapola.es\/wp-content\/uploads\/2024\/07\/banner_lasmusasencantadoras_MURO.png\" \/>\n\t<meta property=\"og:image:width\" content=\"1080\" \/>\n\t<meta property=\"og:image:height\" content=\"1080\" \/>\n\t<meta property=\"og:image:type\" content=\"image\/png\" \/>\n<meta name=\"author\" content=\"Jos\u00e9 Juan L\u00f3pez Lafuente\" \/>\n<meta name=\"twitter:card\" content=\"summary_large_image\" \/>\n<meta name=\"twitter:creator\" content=\"@SantaPolaAyunt\" \/>\n<meta name=\"twitter:site\" content=\"@SantaPolaAyunt\" \/>\n<script type=\"application\/ld+json\" class=\"yoast-schema-graph\">{\"@context\":\"https:\\\/\\\/schema.org\",\"@graph\":[{\"@type\":\"Article\",\"@id\":\"https:\\\/\\\/santapola.es\\\/ca\\\/24-artistes-internacionals-participen-en-lexposicio-les-muses-encantadores\\\/#article\",\"isPartOf\":{\"@id\":\"https:\\\/\\\/santapola.es\\\/ca\\\/24-artistes-internacionals-participen-en-lexposicio-les-muses-encantadores\\\/\"},\"author\":{\"name\":\"Jos\u00e9 Juan L\u00f3pez Lafuente\",\"@id\":\"https:\\\/\\\/santapola.es\\\/ca\\\/#\\\/schema\\\/person\\\/ad1d67403707b58350c7be5e8dbc442d\"},\"headline\":\"24 artistes internacionals participen en l&#8217;exposici\u00f3 Les Muses Encantadores\",\"datePublished\":\"2024-07-12T11:39:19+00:00\",\"dateModified\":\"2024-07-12T11:41:28+00:00\",\"mainEntityOfPage\":{\"@id\":\"https:\\\/\\\/santapola.es\\\/ca\\\/24-artistes-internacionals-participen-en-lexposicio-les-muses-encantadores\\\/\"},\"wordCount\":681,\"image\":{\"@id\":\"https:\\\/\\\/santapola.es\\\/ca\\\/24-artistes-internacionals-participen-en-lexposicio-les-muses-encantadores\\\/#primaryimage\"},\"thumbnailUrl\":\"https:\\\/\\\/santapola.es\\\/wp-content\\\/uploads\\\/2024\\\/07\\\/banner_lasmusasencantadoras_MURO.png\",\"keywords\":[\"Exposici\u00f3\",\"Museu de la Mar\"],\"articleSection\":[\"Cultura\"],\"inLanguage\":\"ca\"},{\"@type\":\"WebPage\",\"@id\":\"https:\\\/\\\/santapola.es\\\/ca\\\/24-artistes-internacionals-participen-en-lexposicio-les-muses-encantadores\\\/\",\"url\":\"https:\\\/\\\/santapola.es\\\/ca\\\/24-artistes-internacionals-participen-en-lexposicio-les-muses-encantadores\\\/\",\"name\":\"24 artistes internacionals participen en l'exposici\u00f3 Les Muses Encantadores - Ajuntament de Santa Pola\",\"isPartOf\":{\"@id\":\"https:\\\/\\\/santapola.es\\\/ca\\\/#website\"},\"primaryImageOfPage\":{\"@id\":\"https:\\\/\\\/santapola.es\\\/ca\\\/24-artistes-internacionals-participen-en-lexposicio-les-muses-encantadores\\\/#primaryimage\"},\"image\":{\"@id\":\"https:\\\/\\\/santapola.es\\\/ca\\\/24-artistes-internacionals-participen-en-lexposicio-les-muses-encantadores\\\/#primaryimage\"},\"thumbnailUrl\":\"https:\\\/\\\/santapola.es\\\/wp-content\\\/uploads\\\/2024\\\/07\\\/banner_lasmusasencantadoras_MURO.png\",\"datePublished\":\"2024-07-12T11:39:19+00:00\",\"dateModified\":\"2024-07-12T11:41:28+00:00\",\"author\":{\"@id\":\"https:\\\/\\\/santapola.es\\\/ca\\\/#\\\/schema\\\/person\\\/ad1d67403707b58350c7be5e8dbc442d\"},\"breadcrumb\":{\"@id\":\"https:\\\/\\\/santapola.es\\\/ca\\\/24-artistes-internacionals-participen-en-lexposicio-les-muses-encantadores\\\/#breadcrumb\"},\"inLanguage\":\"ca\",\"potentialAction\":[{\"@type\":\"ReadAction\",\"target\":[\"https:\\\/\\\/santapola.es\\\/ca\\\/24-artistes-internacionals-participen-en-lexposicio-les-muses-encantadores\\\/\"]}]},{\"@type\":\"ImageObject\",\"inLanguage\":\"ca\",\"@id\":\"https:\\\/\\\/santapola.es\\\/ca\\\/24-artistes-internacionals-participen-en-lexposicio-les-muses-encantadores\\\/#primaryimage\",\"url\":\"https:\\\/\\\/santapola.es\\\/wp-content\\\/uploads\\\/2024\\\/07\\\/banner_lasmusasencantadoras_MURO.png\",\"contentUrl\":\"https:\\\/\\\/santapola.es\\\/wp-content\\\/uploads\\\/2024\\\/07\\\/banner_lasmusasencantadoras_MURO.png\",\"width\":1080,\"height\":1080},{\"@type\":\"BreadcrumbList\",\"@id\":\"https:\\\/\\\/santapola.es\\\/ca\\\/24-artistes-internacionals-participen-en-lexposicio-les-muses-encantadores\\\/#breadcrumb\",\"itemListElement\":[{\"@type\":\"ListItem\",\"position\":1,\"name\":\"Inici\",\"item\":\"https:\\\/\\\/santapola.es\\\/ca\\\/\"},{\"@type\":\"ListItem\",\"position\":2,\"name\":\"24 artistes internacionals participen en l&#8217;exposici\u00f3 Les Muses Encantadores\"}]},{\"@type\":\"WebSite\",\"@id\":\"https:\\\/\\\/santapola.es\\\/ca\\\/#website\",\"url\":\"https:\\\/\\\/santapola.es\\\/ca\\\/\",\"name\":\"Ayuntamiento de Santa Pola\",\"description\":\"Web de l'Ajuntament de Santa Pola\",\"potentialAction\":[{\"@type\":\"SearchAction\",\"target\":{\"@type\":\"EntryPoint\",\"urlTemplate\":\"https:\\\/\\\/santapola.es\\\/ca\\\/?s={search_term_string}\"},\"query-input\":{\"@type\":\"PropertyValueSpecification\",\"valueRequired\":true,\"valueName\":\"search_term_string\"}}],\"inLanguage\":\"ca\"},{\"@type\":\"Person\",\"@id\":\"https:\\\/\\\/santapola.es\\\/ca\\\/#\\\/schema\\\/person\\\/ad1d67403707b58350c7be5e8dbc442d\",\"name\":\"Jos\u00e9 Juan L\u00f3pez Lafuente\"}]}<\/script>\n<!-- \/ Yoast SEO plugin. -->","yoast_head_json":{"title":"24 artistes internacionals participen en l'exposici\u00f3 Les Muses Encantadores - Ajuntament de Santa Pola","robots":{"index":"index","follow":"follow","max-snippet":"max-snippet:-1","max-image-preview":"max-image-preview:large","max-video-preview":"max-video-preview:-1"},"canonical":"https:\/\/santapola.es\/ca\/24-artistes-internacionals-participen-en-lexposicio-les-muses-encantadores\/","og_locale":"ca_ES","og_type":"article","og_title":"24 artistes internacionals participen en l'exposici\u00f3 Les Muses Encantadores - Ajuntament de Santa Pola","og_description":"L&#8217;exposici\u00f3 col\u00b7lectiva internacional Les Muses Encantadores, que s&#8217;inaugura dem\u00e0 i es podr\u00e0 visitar fins al 10 de setembre en el Museu de la Mar, mostra l&#8217;evoluci\u00f3 que els artistes contemporanis han realitzat de la inspiradora figura de la Musa. Dem\u00e0 dissabte 13 de juliol, a les 20.00 hores i en el Baluard del Duc, s&#8217;inaugura [&hellip;]","og_url":"https:\/\/santapola.es\/ca\/24-artistes-internacionals-participen-en-lexposicio-les-muses-encantadores\/","og_site_name":"Ajuntament de Santa Pola","article_publisher":"https:\/\/www.facebook.com\/AyuntamientoSantaPola\/","article_published_time":"2024-07-12T11:39:19+00:00","article_modified_time":"2024-07-12T11:41:28+00:00","og_image":[{"width":1080,"height":1080,"url":"https:\/\/santapola.es\/wp-content\/uploads\/2024\/07\/banner_lasmusasencantadoras_MURO.png","type":"image\/png"}],"author":"Jos\u00e9 Juan L\u00f3pez Lafuente","twitter_card":"summary_large_image","twitter_creator":"@SantaPolaAyunt","twitter_site":"@SantaPolaAyunt","schema":{"@context":"https:\/\/schema.org","@graph":[{"@type":"Article","@id":"https:\/\/santapola.es\/ca\/24-artistes-internacionals-participen-en-lexposicio-les-muses-encantadores\/#article","isPartOf":{"@id":"https:\/\/santapola.es\/ca\/24-artistes-internacionals-participen-en-lexposicio-les-muses-encantadores\/"},"author":{"name":"Jos\u00e9 Juan L\u00f3pez Lafuente","@id":"https:\/\/santapola.es\/ca\/#\/schema\/person\/ad1d67403707b58350c7be5e8dbc442d"},"headline":"24 artistes internacionals participen en l&#8217;exposici\u00f3 Les Muses Encantadores","datePublished":"2024-07-12T11:39:19+00:00","dateModified":"2024-07-12T11:41:28+00:00","mainEntityOfPage":{"@id":"https:\/\/santapola.es\/ca\/24-artistes-internacionals-participen-en-lexposicio-les-muses-encantadores\/"},"wordCount":681,"image":{"@id":"https:\/\/santapola.es\/ca\/24-artistes-internacionals-participen-en-lexposicio-les-muses-encantadores\/#primaryimage"},"thumbnailUrl":"https:\/\/santapola.es\/wp-content\/uploads\/2024\/07\/banner_lasmusasencantadoras_MURO.png","keywords":["Exposici\u00f3","Museu de la Mar"],"articleSection":["Cultura"],"inLanguage":"ca"},{"@type":"WebPage","@id":"https:\/\/santapola.es\/ca\/24-artistes-internacionals-participen-en-lexposicio-les-muses-encantadores\/","url":"https:\/\/santapola.es\/ca\/24-artistes-internacionals-participen-en-lexposicio-les-muses-encantadores\/","name":"24 artistes internacionals participen en l'exposici\u00f3 Les Muses Encantadores - Ajuntament de Santa Pola","isPartOf":{"@id":"https:\/\/santapola.es\/ca\/#website"},"primaryImageOfPage":{"@id":"https:\/\/santapola.es\/ca\/24-artistes-internacionals-participen-en-lexposicio-les-muses-encantadores\/#primaryimage"},"image":{"@id":"https:\/\/santapola.es\/ca\/24-artistes-internacionals-participen-en-lexposicio-les-muses-encantadores\/#primaryimage"},"thumbnailUrl":"https:\/\/santapola.es\/wp-content\/uploads\/2024\/07\/banner_lasmusasencantadoras_MURO.png","datePublished":"2024-07-12T11:39:19+00:00","dateModified":"2024-07-12T11:41:28+00:00","author":{"@id":"https:\/\/santapola.es\/ca\/#\/schema\/person\/ad1d67403707b58350c7be5e8dbc442d"},"breadcrumb":{"@id":"https:\/\/santapola.es\/ca\/24-artistes-internacionals-participen-en-lexposicio-les-muses-encantadores\/#breadcrumb"},"inLanguage":"ca","potentialAction":[{"@type":"ReadAction","target":["https:\/\/santapola.es\/ca\/24-artistes-internacionals-participen-en-lexposicio-les-muses-encantadores\/"]}]},{"@type":"ImageObject","inLanguage":"ca","@id":"https:\/\/santapola.es\/ca\/24-artistes-internacionals-participen-en-lexposicio-les-muses-encantadores\/#primaryimage","url":"https:\/\/santapola.es\/wp-content\/uploads\/2024\/07\/banner_lasmusasencantadoras_MURO.png","contentUrl":"https:\/\/santapola.es\/wp-content\/uploads\/2024\/07\/banner_lasmusasencantadoras_MURO.png","width":1080,"height":1080},{"@type":"BreadcrumbList","@id":"https:\/\/santapola.es\/ca\/24-artistes-internacionals-participen-en-lexposicio-les-muses-encantadores\/#breadcrumb","itemListElement":[{"@type":"ListItem","position":1,"name":"Inici","item":"https:\/\/santapola.es\/ca\/"},{"@type":"ListItem","position":2,"name":"24 artistes internacionals participen en l&#8217;exposici\u00f3 Les Muses Encantadores"}]},{"@type":"WebSite","@id":"https:\/\/santapola.es\/ca\/#website","url":"https:\/\/santapola.es\/ca\/","name":"Ayuntamiento de Santa Pola","description":"Web de l'Ajuntament de Santa Pola","potentialAction":[{"@type":"SearchAction","target":{"@type":"EntryPoint","urlTemplate":"https:\/\/santapola.es\/ca\/?s={search_term_string}"},"query-input":{"@type":"PropertyValueSpecification","valueRequired":true,"valueName":"search_term_string"}}],"inLanguage":"ca"},{"@type":"Person","@id":"https:\/\/santapola.es\/ca\/#\/schema\/person\/ad1d67403707b58350c7be5e8dbc442d","name":"Jos\u00e9 Juan L\u00f3pez Lafuente"}]}},"_links":{"self":[{"href":"https:\/\/santapola.es\/ca\/wp-json\/wp\/v2\/posts\/38107","targetHints":{"allow":["GET"]}}],"collection":[{"href":"https:\/\/santapola.es\/ca\/wp-json\/wp\/v2\/posts"}],"about":[{"href":"https:\/\/santapola.es\/ca\/wp-json\/wp\/v2\/types\/post"}],"author":[{"embeddable":true,"href":"https:\/\/santapola.es\/ca\/wp-json\/wp\/v2\/users\/96"}],"replies":[{"embeddable":true,"href":"https:\/\/santapola.es\/ca\/wp-json\/wp\/v2\/comments?post=38107"}],"version-history":[{"count":0,"href":"https:\/\/santapola.es\/ca\/wp-json\/wp\/v2\/posts\/38107\/revisions"}],"wp:featuredmedia":[{"embeddable":true,"href":"https:\/\/santapola.es\/ca\/wp-json\/wp\/v2\/media\/38105"}],"wp:attachment":[{"href":"https:\/\/santapola.es\/ca\/wp-json\/wp\/v2\/media?parent=38107"}],"wp:term":[{"taxonomy":"category","embeddable":true,"href":"https:\/\/santapola.es\/ca\/wp-json\/wp\/v2\/categories?post=38107"},{"taxonomy":"post_tag","embeddable":true,"href":"https:\/\/santapola.es\/ca\/wp-json\/wp\/v2\/tags?post=38107"}],"curies":[{"name":"wp","href":"https:\/\/api.w.org\/{rel}","templated":true}]}}