{"id":38097,"date":"2024-07-12T09:54:36","date_gmt":"2024-07-12T07:54:36","guid":{"rendered":"https:\/\/santapola.es\/?p=38097"},"modified":"2024-07-12T09:54:36","modified_gmt":"2024-07-12T07:54:36","slug":"santa-pola-sabona-als-monolegs-este-estiu","status":"publish","type":"post","link":"https:\/\/santapola.es\/ca\/santa-pola-sabona-als-monolegs-este-estiu\/","title":{"rendered":"Santa Pola s&#8217;abona als mon\u00f2legs este estiu"},"content":{"rendered":"<p><strong>El festival Sent Santa Pola Xperience presenta al juliol i agost en l&#8217;auditorium El Palmerar al Comandant Lara, David Cepo, \u00c1ngel Mart\u00edn, Luis Zahera i El Monaguillo.<\/strong><\/p>\n<p>La regidoria de Joventut que dirigix Joaqu\u00edn Lozano ha organitzat per a este estiu una s\u00e8rie d&#8217;activitats sota el lema \u201cEstiu Jove\u201d i el m\u00e0xim al\u00b7licient del qual \u00e9s el festival de mon\u00f2legs Sent Santa Pola Xperience, que portar\u00e0 a l&#8217;auditorium El Palmerar a cinc dels m\u00e9s cotitzats especialistes del nostre pa\u00eds.<br \/>\nLes gales comen\u00e7aran el 26 de juliol amb el Comandant Lara i el seu espectacle \u201cViatge amb nosaltres\u201d i el 28 arribar\u00e0 el torn de David Cepo amb \u201cNo creus els bra\u00e7os\u201d.<br \/>\nJa a l&#8217;agost, el dia 1 \u00c1ngel Mart\u00edn presentar\u00e0 \u201cPunt per als bojos\u201d, el 25 l&#8217;actor Luis Zahera oferir\u00e0 el seu \u201cXou d&#8217;humor\u201d i finalment, el 30 d&#8217;agost, el popular Monaguillo tancar\u00e0 el festival amb \u201cEfectivi-Wonder\u201d.<br \/>\nTots els xous comen\u00e7aran a les 22.00 hores i les entrades es poden adquirir en la web sientesantapolaxp.com<\/p>\n<p><strong>Els 40 Summer Live<\/strong><br \/>\nUn altre dels espectacles estrela de l&#8217;Estiu Jove \u00e9s la festa dels 40 Summer Live que se celebrar\u00e0 en Gran Platja divendres que ve 19 de juliol i que portar\u00e0 a Santa Pola a Abraham Mateo, La Bega, Pol Granch, Ruslana, Paula Koops, J. Francis, Noan, Malva, Elio Leiros i Chiara Oliver, amb DJ set a c\u00e0rrec d&#8217;\u00d3scar Mart\u00ednez.<br \/>\nTamb\u00e9 cal destacar la Gira Nintendo en la qual els joves podran jugar els dies 25 i 26 de juliol a la pla\u00e7a de la Constituci\u00f3, el festival de cinema La Mar de Curts a la platja del Varadero el 7 d&#8217;agost i la gal\u00b7la Joves En Valors que reconeixer\u00e0 als joves de Santa Pola el 9 d&#8217;agost.<\/p>\n","protected":false},"excerpt":{"rendered":"<p>El festival Sent Santa Pola Xperience presenta al juliol i agost en l&#8217;auditorium El Palmerar al Comandant Lara, David Cepo, \u00c1ngel Mart\u00edn, Luis Zahera i El Monaguillo. La regidoria de Joventut que dirigix Joaqu\u00edn Lozano ha organitzat per a este estiu una s\u00e8rie d&#8217;activitats sota el lema \u201cEstiu Jove\u201d i el m\u00e0xim al\u00b7licient del qual [&hellip;]<\/p>\n","protected":false},"author":96,"featured_media":38095,"comment_status":"closed","ping_status":"closed","sticky":false,"template":"","format":"standard","meta":{"_et_pb_use_builder":"","_et_pb_old_content":"","_et_gb_content_width":"","footnotes":""},"categories":[494],"tags":[969,970],"class_list":["post-38097","post","type-post","status-publish","format-standard","has-post-thumbnail","hentry","category-joventut","tag-monolegs","tag-siente-santa-pola-xperience-ca"],"yoast_head":"<!-- This site is optimized with the Yoast SEO plugin v27.4 - https:\/\/yoast.com\/product\/yoast-seo-wordpress\/ -->\n<title>Santa Pola s&#039;abona als mon\u00f2legs este estiu - Ajuntament de Santa Pola<\/title>\n<meta name=\"robots\" content=\"index, follow, max-snippet:-1, max-image-preview:large, max-video-preview:-1\" \/>\n<link rel=\"canonical\" href=\"https:\/\/santapola.es\/ca\/santa-pola-sabona-als-monolegs-este-estiu\/\" \/>\n<meta property=\"og:locale\" content=\"ca_ES\" \/>\n<meta property=\"og:type\" content=\"article\" \/>\n<meta property=\"og:title\" content=\"Santa Pola s&#039;abona als mon\u00f2legs este estiu - Ajuntament de Santa Pola\" \/>\n<meta property=\"og:description\" content=\"El festival Sent Santa Pola Xperience presenta al juliol i agost en l&#8217;auditorium El Palmerar al Comandant Lara, David Cepo, \u00c1ngel Mart\u00edn, Luis Zahera i El Monaguillo. La regidoria de Joventut que dirigix Joaqu\u00edn Lozano ha organitzat per a este estiu una s\u00e8rie d&#8217;activitats sota el lema \u201cEstiu Jove\u201d i el m\u00e0xim al\u00b7licient del qual [&hellip;]\" \/>\n<meta property=\"og:url\" content=\"https:\/\/santapola.es\/ca\/santa-pola-sabona-als-monolegs-este-estiu\/\" \/>\n<meta property=\"og:site_name\" content=\"Ajuntament de Santa Pola\" \/>\n<meta property=\"article:publisher\" content=\"https:\/\/www.facebook.com\/AyuntamientoSantaPola\/\" \/>\n<meta property=\"article:published_time\" content=\"2024-07-12T07:54:36+00:00\" \/>\n<meta property=\"og:image\" content=\"https:\/\/santapola.es\/wp-content\/uploads\/2024\/07\/SSPE_Cartel.jpg\" \/>\n\t<meta property=\"og:image:width\" content=\"3508\" \/>\n\t<meta property=\"og:image:height\" content=\"4961\" \/>\n\t<meta property=\"og:image:type\" content=\"image\/jpeg\" \/>\n<meta name=\"author\" content=\"Jos\u00e9 Juan L\u00f3pez Lafuente\" \/>\n<meta name=\"twitter:card\" content=\"summary_large_image\" \/>\n<meta name=\"twitter:creator\" content=\"@SantaPolaAyunt\" \/>\n<meta name=\"twitter:site\" content=\"@SantaPolaAyunt\" \/>\n<script type=\"application\/ld+json\" class=\"yoast-schema-graph\">{\"@context\":\"https:\\\/\\\/schema.org\",\"@graph\":[{\"@type\":\"Article\",\"@id\":\"https:\\\/\\\/santapola.es\\\/ca\\\/santa-pola-sabona-als-monolegs-este-estiu\\\/#article\",\"isPartOf\":{\"@id\":\"https:\\\/\\\/santapola.es\\\/ca\\\/santa-pola-sabona-als-monolegs-este-estiu\\\/\"},\"author\":{\"name\":\"Jos\u00e9 Juan L\u00f3pez Lafuente\",\"@id\":\"https:\\\/\\\/santapola.es\\\/ca\\\/#\\\/schema\\\/person\\\/ad1d67403707b58350c7be5e8dbc442d\"},\"headline\":\"Santa Pola s&#8217;abona als mon\u00f2legs este estiu\",\"datePublished\":\"2024-07-12T07:54:36+00:00\",\"mainEntityOfPage\":{\"@id\":\"https:\\\/\\\/santapola.es\\\/ca\\\/santa-pola-sabona-als-monolegs-este-estiu\\\/\"},\"wordCount\":310,\"image\":{\"@id\":\"https:\\\/\\\/santapola.es\\\/ca\\\/santa-pola-sabona-als-monolegs-este-estiu\\\/#primaryimage\"},\"thumbnailUrl\":\"https:\\\/\\\/santapola.es\\\/wp-content\\\/uploads\\\/2024\\\/07\\\/SSPE_Cartel.jpg\",\"keywords\":[\"mon\u00f2legs\",\"Siente Santa Pola Xperience\"],\"articleSection\":[\"Joventut\"],\"inLanguage\":\"ca\"},{\"@type\":\"WebPage\",\"@id\":\"https:\\\/\\\/santapola.es\\\/ca\\\/santa-pola-sabona-als-monolegs-este-estiu\\\/\",\"url\":\"https:\\\/\\\/santapola.es\\\/ca\\\/santa-pola-sabona-als-monolegs-este-estiu\\\/\",\"name\":\"Santa Pola s'abona als mon\u00f2legs este estiu - Ajuntament de Santa Pola\",\"isPartOf\":{\"@id\":\"https:\\\/\\\/santapola.es\\\/ca\\\/#website\"},\"primaryImageOfPage\":{\"@id\":\"https:\\\/\\\/santapola.es\\\/ca\\\/santa-pola-sabona-als-monolegs-este-estiu\\\/#primaryimage\"},\"image\":{\"@id\":\"https:\\\/\\\/santapola.es\\\/ca\\\/santa-pola-sabona-als-monolegs-este-estiu\\\/#primaryimage\"},\"thumbnailUrl\":\"https:\\\/\\\/santapola.es\\\/wp-content\\\/uploads\\\/2024\\\/07\\\/SSPE_Cartel.jpg\",\"datePublished\":\"2024-07-12T07:54:36+00:00\",\"author\":{\"@id\":\"https:\\\/\\\/santapola.es\\\/ca\\\/#\\\/schema\\\/person\\\/ad1d67403707b58350c7be5e8dbc442d\"},\"breadcrumb\":{\"@id\":\"https:\\\/\\\/santapola.es\\\/ca\\\/santa-pola-sabona-als-monolegs-este-estiu\\\/#breadcrumb\"},\"inLanguage\":\"ca\",\"potentialAction\":[{\"@type\":\"ReadAction\",\"target\":[\"https:\\\/\\\/santapola.es\\\/ca\\\/santa-pola-sabona-als-monolegs-este-estiu\\\/\"]}]},{\"@type\":\"ImageObject\",\"inLanguage\":\"ca\",\"@id\":\"https:\\\/\\\/santapola.es\\\/ca\\\/santa-pola-sabona-als-monolegs-este-estiu\\\/#primaryimage\",\"url\":\"https:\\\/\\\/santapola.es\\\/wp-content\\\/uploads\\\/2024\\\/07\\\/SSPE_Cartel.jpg\",\"contentUrl\":\"https:\\\/\\\/santapola.es\\\/wp-content\\\/uploads\\\/2024\\\/07\\\/SSPE_Cartel.jpg\",\"width\":3508,\"height\":4961},{\"@type\":\"BreadcrumbList\",\"@id\":\"https:\\\/\\\/santapola.es\\\/ca\\\/santa-pola-sabona-als-monolegs-este-estiu\\\/#breadcrumb\",\"itemListElement\":[{\"@type\":\"ListItem\",\"position\":1,\"name\":\"Inici\",\"item\":\"https:\\\/\\\/santapola.es\\\/ca\\\/\"},{\"@type\":\"ListItem\",\"position\":2,\"name\":\"Santa Pola s&#8217;abona als mon\u00f2legs este estiu\"}]},{\"@type\":\"WebSite\",\"@id\":\"https:\\\/\\\/santapola.es\\\/ca\\\/#website\",\"url\":\"https:\\\/\\\/santapola.es\\\/ca\\\/\",\"name\":\"Ayuntamiento de Santa Pola\",\"description\":\"Web de l'Ajuntament de Santa Pola\",\"potentialAction\":[{\"@type\":\"SearchAction\",\"target\":{\"@type\":\"EntryPoint\",\"urlTemplate\":\"https:\\\/\\\/santapola.es\\\/ca\\\/?s={search_term_string}\"},\"query-input\":{\"@type\":\"PropertyValueSpecification\",\"valueRequired\":true,\"valueName\":\"search_term_string\"}}],\"inLanguage\":\"ca\"},{\"@type\":\"Person\",\"@id\":\"https:\\\/\\\/santapola.es\\\/ca\\\/#\\\/schema\\\/person\\\/ad1d67403707b58350c7be5e8dbc442d\",\"name\":\"Jos\u00e9 Juan L\u00f3pez Lafuente\"}]}<\/script>\n<!-- \/ Yoast SEO plugin. -->","yoast_head_json":{"title":"Santa Pola s'abona als mon\u00f2legs este estiu - Ajuntament de Santa Pola","robots":{"index":"index","follow":"follow","max-snippet":"max-snippet:-1","max-image-preview":"max-image-preview:large","max-video-preview":"max-video-preview:-1"},"canonical":"https:\/\/santapola.es\/ca\/santa-pola-sabona-als-monolegs-este-estiu\/","og_locale":"ca_ES","og_type":"article","og_title":"Santa Pola s'abona als mon\u00f2legs este estiu - Ajuntament de Santa Pola","og_description":"El festival Sent Santa Pola Xperience presenta al juliol i agost en l&#8217;auditorium El Palmerar al Comandant Lara, David Cepo, \u00c1ngel Mart\u00edn, Luis Zahera i El Monaguillo. La regidoria de Joventut que dirigix Joaqu\u00edn Lozano ha organitzat per a este estiu una s\u00e8rie d&#8217;activitats sota el lema \u201cEstiu Jove\u201d i el m\u00e0xim al\u00b7licient del qual [&hellip;]","og_url":"https:\/\/santapola.es\/ca\/santa-pola-sabona-als-monolegs-este-estiu\/","og_site_name":"Ajuntament de Santa Pola","article_publisher":"https:\/\/www.facebook.com\/AyuntamientoSantaPola\/","article_published_time":"2024-07-12T07:54:36+00:00","og_image":[{"width":3508,"height":4961,"url":"https:\/\/santapola.es\/wp-content\/uploads\/2024\/07\/SSPE_Cartel.jpg","type":"image\/jpeg"}],"author":"Jos\u00e9 Juan L\u00f3pez Lafuente","twitter_card":"summary_large_image","twitter_creator":"@SantaPolaAyunt","twitter_site":"@SantaPolaAyunt","schema":{"@context":"https:\/\/schema.org","@graph":[{"@type":"Article","@id":"https:\/\/santapola.es\/ca\/santa-pola-sabona-als-monolegs-este-estiu\/#article","isPartOf":{"@id":"https:\/\/santapola.es\/ca\/santa-pola-sabona-als-monolegs-este-estiu\/"},"author":{"name":"Jos\u00e9 Juan L\u00f3pez Lafuente","@id":"https:\/\/santapola.es\/ca\/#\/schema\/person\/ad1d67403707b58350c7be5e8dbc442d"},"headline":"Santa Pola s&#8217;abona als mon\u00f2legs este estiu","datePublished":"2024-07-12T07:54:36+00:00","mainEntityOfPage":{"@id":"https:\/\/santapola.es\/ca\/santa-pola-sabona-als-monolegs-este-estiu\/"},"wordCount":310,"image":{"@id":"https:\/\/santapola.es\/ca\/santa-pola-sabona-als-monolegs-este-estiu\/#primaryimage"},"thumbnailUrl":"https:\/\/santapola.es\/wp-content\/uploads\/2024\/07\/SSPE_Cartel.jpg","keywords":["mon\u00f2legs","Siente Santa Pola Xperience"],"articleSection":["Joventut"],"inLanguage":"ca"},{"@type":"WebPage","@id":"https:\/\/santapola.es\/ca\/santa-pola-sabona-als-monolegs-este-estiu\/","url":"https:\/\/santapola.es\/ca\/santa-pola-sabona-als-monolegs-este-estiu\/","name":"Santa Pola s'abona als mon\u00f2legs este estiu - Ajuntament de Santa Pola","isPartOf":{"@id":"https:\/\/santapola.es\/ca\/#website"},"primaryImageOfPage":{"@id":"https:\/\/santapola.es\/ca\/santa-pola-sabona-als-monolegs-este-estiu\/#primaryimage"},"image":{"@id":"https:\/\/santapola.es\/ca\/santa-pola-sabona-als-monolegs-este-estiu\/#primaryimage"},"thumbnailUrl":"https:\/\/santapola.es\/wp-content\/uploads\/2024\/07\/SSPE_Cartel.jpg","datePublished":"2024-07-12T07:54:36+00:00","author":{"@id":"https:\/\/santapola.es\/ca\/#\/schema\/person\/ad1d67403707b58350c7be5e8dbc442d"},"breadcrumb":{"@id":"https:\/\/santapola.es\/ca\/santa-pola-sabona-als-monolegs-este-estiu\/#breadcrumb"},"inLanguage":"ca","potentialAction":[{"@type":"ReadAction","target":["https:\/\/santapola.es\/ca\/santa-pola-sabona-als-monolegs-este-estiu\/"]}]},{"@type":"ImageObject","inLanguage":"ca","@id":"https:\/\/santapola.es\/ca\/santa-pola-sabona-als-monolegs-este-estiu\/#primaryimage","url":"https:\/\/santapola.es\/wp-content\/uploads\/2024\/07\/SSPE_Cartel.jpg","contentUrl":"https:\/\/santapola.es\/wp-content\/uploads\/2024\/07\/SSPE_Cartel.jpg","width":3508,"height":4961},{"@type":"BreadcrumbList","@id":"https:\/\/santapola.es\/ca\/santa-pola-sabona-als-monolegs-este-estiu\/#breadcrumb","itemListElement":[{"@type":"ListItem","position":1,"name":"Inici","item":"https:\/\/santapola.es\/ca\/"},{"@type":"ListItem","position":2,"name":"Santa Pola s&#8217;abona als mon\u00f2legs este estiu"}]},{"@type":"WebSite","@id":"https:\/\/santapola.es\/ca\/#website","url":"https:\/\/santapola.es\/ca\/","name":"Ayuntamiento de Santa Pola","description":"Web de l'Ajuntament de Santa Pola","potentialAction":[{"@type":"SearchAction","target":{"@type":"EntryPoint","urlTemplate":"https:\/\/santapola.es\/ca\/?s={search_term_string}"},"query-input":{"@type":"PropertyValueSpecification","valueRequired":true,"valueName":"search_term_string"}}],"inLanguage":"ca"},{"@type":"Person","@id":"https:\/\/santapola.es\/ca\/#\/schema\/person\/ad1d67403707b58350c7be5e8dbc442d","name":"Jos\u00e9 Juan L\u00f3pez Lafuente"}]}},"_links":{"self":[{"href":"https:\/\/santapola.es\/ca\/wp-json\/wp\/v2\/posts\/38097","targetHints":{"allow":["GET"]}}],"collection":[{"href":"https:\/\/santapola.es\/ca\/wp-json\/wp\/v2\/posts"}],"about":[{"href":"https:\/\/santapola.es\/ca\/wp-json\/wp\/v2\/types\/post"}],"author":[{"embeddable":true,"href":"https:\/\/santapola.es\/ca\/wp-json\/wp\/v2\/users\/96"}],"replies":[{"embeddable":true,"href":"https:\/\/santapola.es\/ca\/wp-json\/wp\/v2\/comments?post=38097"}],"version-history":[{"count":0,"href":"https:\/\/santapola.es\/ca\/wp-json\/wp\/v2\/posts\/38097\/revisions"}],"wp:featuredmedia":[{"embeddable":true,"href":"https:\/\/santapola.es\/ca\/wp-json\/wp\/v2\/media\/38095"}],"wp:attachment":[{"href":"https:\/\/santapola.es\/ca\/wp-json\/wp\/v2\/media?parent=38097"}],"wp:term":[{"taxonomy":"category","embeddable":true,"href":"https:\/\/santapola.es\/ca\/wp-json\/wp\/v2\/categories?post=38097"},{"taxonomy":"post_tag","embeddable":true,"href":"https:\/\/santapola.es\/ca\/wp-json\/wp\/v2\/tags?post=38097"}],"curies":[{"name":"wp","href":"https:\/\/api.w.org\/{rel}","templated":true}]}}