{"id":38093,"date":"2024-07-12T09:51:46","date_gmt":"2024-07-12T07:51:46","guid":{"rendered":"https:\/\/santapola.es\/?p=38093"},"modified":"2024-07-12T09:51:46","modified_gmt":"2024-07-12T07:51:46","slug":"santa-pola-se-abona-a-los-monologos-este-verano","status":"publish","type":"post","link":"https:\/\/santapola.es\/ca\/santa-pola-se-abona-a-los-monologos-este-verano\/","title":{"rendered":"Santa Pola se abona a los mon\u00f3logos este verano"},"content":{"rendered":"<p><b>El festival Siente Santa Pola Xperience presenta en julio y agosto en el auditorium El Palmeral al Comandante Lara, David Cepo, \u00c1ngel Mart\u00edn, Luis Zahera y El Monaguillo.<\/b><\/p>\n<p><span style=\"font-weight: 400;\">La concejal\u00eda de Juventud que dirige Joaqu\u00edn Lozano ha organizado para este verano una serie de actividades bajo el lema \u201cEstiu Jove\u201d y cuyo m\u00e1ximo aliciente es el festival de mon\u00f3logos Siente Santa Pola Xperience, que traer\u00e1 al auditorium El Palmeral a cinco de los m\u00e1s cotizados especialistas de nuestro pa\u00eds.<\/span><\/p>\n<p><span style=\"font-weight: 400;\">Las galas empezar\u00e1n el 26 de julio con el Comandante Lara y su espect\u00e1culo \u201cViaje con nosotros\u201d y el 28 llegar\u00e1 el turno de David Cepo con \u201cNo cruces los brazos\u201d.\u00a0<\/span><\/p>\n<p><span style=\"font-weight: 400;\">Ya en agosto, el d\u00eda 1 \u00c1ngel Mart\u00edn presentar\u00e1 \u201cPunto para los locos\u201d, el 25 el actor Luis Zahera ofrecer\u00e1 su \u201cShow de humor\u201d y por \u00faltimo, el 30 de agosto, el popular Monaguillo cerrar\u00e1 el festival con \u201cEfectivi-Wonder\u201d.<\/span><\/p>\n<p><span style=\"font-weight: 400;\">Todos los shows comenzar\u00e1n a las 22:00 horas y las entradas se pueden adquirir en la web sientesantapolaxp.com<\/span><\/p>\n<p><b>Los 40 Summer Live<\/b><\/p>\n<p><span style=\"font-weight: 400;\">Otro de los espect\u00e1culos estrella del Estiu Jove es la fiesta de Los 40 Summer Live que se celebrar\u00e1 en Gran Playa el pr\u00f3ximo viernes 19 de julio y que traer\u00e1 a Santa Pola a Abraham Mateo, La Beba, Pol Granch, Ruslana, Paula Koops, J. Francis, Noan, Malva, Elio Leiros y Chiara Oliver, con DJ set a cargo de \u00d3scar Mart\u00ednez.<\/span><\/p>\n<p><span style=\"font-weight: 400;\">Tambi\u00e9n cabe destacar la Gira Nintendo en la que los j\u00f3venes podr\u00e1n jugar los d\u00edas 25 y 26 de julio a la plaza de la Constituci\u00f3n, el festival de cine La Mar de Cortos en la playa del Varadero el 7 de agosto y la gala Joves En Valors que reconocer\u00e1 a los j\u00f3venes de Santa Pola el 9 de agosto.<\/span><\/p>\n","protected":false},"excerpt":{"rendered":"<p>El festival Siente Santa Pola Xperience presenta en julio y agosto en el auditorium El Palmeral al Comandante Lara, David Cepo, \u00c1ngel Mart\u00edn, Luis Zahera y El Monaguillo. La concejal\u00eda de Juventud que dirige Joaqu\u00edn Lozano ha organizado para este verano una serie de actividades bajo el lema \u201cEstiu Jove\u201d y cuyo m\u00e1ximo aliciente es [&hellip;]<\/p>\n","protected":false},"author":96,"featured_media":38094,"comment_status":"closed","ping_status":"closed","sticky":false,"template":"","format":"standard","meta":{"_et_pb_use_builder":"","_et_pb_old_content":"","_et_gb_content_width":"","footnotes":""},"categories":[98],"tags":[131,968,967],"class_list":["post-38093","post","type-post","status-publish","format-standard","has-post-thumbnail","hentry","category-juventud","tag-joaquin-lozano","tag-monologos","tag-siente-santa-pola-xperience"],"yoast_head":"<!-- This site is optimized with the Yoast SEO plugin v27.4 - https:\/\/yoast.com\/product\/yoast-seo-wordpress\/ -->\n<title>Santa Pola se abona a los mon\u00f3logos este verano - Ajuntament de Santa Pola<\/title>\n<meta name=\"robots\" content=\"index, follow, max-snippet:-1, max-image-preview:large, max-video-preview:-1\" \/>\n<link rel=\"canonical\" href=\"https:\/\/santapola.es\/ca\/santa-pola-se-abona-a-los-monologos-este-verano\/\" \/>\n<meta property=\"og:locale\" content=\"ca_ES\" \/>\n<meta property=\"og:type\" content=\"article\" \/>\n<meta property=\"og:title\" content=\"Santa Pola se abona a los mon\u00f3logos este verano - Ajuntament de Santa Pola\" \/>\n<meta property=\"og:description\" content=\"El festival Siente Santa Pola Xperience presenta en julio y agosto en el auditorium El Palmeral al Comandante Lara, David Cepo, \u00c1ngel Mart\u00edn, Luis Zahera y El Monaguillo. La concejal\u00eda de Juventud que dirige Joaqu\u00edn Lozano ha organizado para este verano una serie de actividades bajo el lema \u201cEstiu Jove\u201d y cuyo m\u00e1ximo aliciente es [&hellip;]\" \/>\n<meta property=\"og:url\" content=\"https:\/\/santapola.es\/ca\/santa-pola-se-abona-a-los-monologos-este-verano\/\" \/>\n<meta property=\"og:site_name\" content=\"Ajuntament de Santa Pola\" \/>\n<meta property=\"article:publisher\" content=\"https:\/\/www.facebook.com\/AyuntamientoSantaPola\/\" \/>\n<meta property=\"article:published_time\" content=\"2024-07-12T07:51:46+00:00\" \/>\n<meta property=\"og:image\" content=\"https:\/\/santapola.es\/wp-content\/uploads\/2024\/07\/SSPE_Cartel.jpg\" \/>\n\t<meta property=\"og:image:width\" content=\"3508\" \/>\n\t<meta property=\"og:image:height\" content=\"4961\" \/>\n\t<meta property=\"og:image:type\" content=\"image\/jpeg\" \/>\n<meta name=\"author\" content=\"Jos\u00e9 Juan L\u00f3pez Lafuente\" \/>\n<meta name=\"twitter:card\" content=\"summary_large_image\" \/>\n<meta name=\"twitter:creator\" content=\"@SantaPolaAyunt\" \/>\n<meta name=\"twitter:site\" content=\"@SantaPolaAyunt\" \/>\n<script type=\"application\/ld+json\" class=\"yoast-schema-graph\">{\"@context\":\"https:\\\/\\\/schema.org\",\"@graph\":[{\"@type\":\"Article\",\"@id\":\"https:\\\/\\\/santapola.es\\\/ca\\\/santa-pola-se-abona-a-los-monologos-este-verano\\\/#article\",\"isPartOf\":{\"@id\":\"https:\\\/\\\/santapola.es\\\/ca\\\/santa-pola-se-abona-a-los-monologos-este-verano\\\/\"},\"author\":{\"name\":\"Jos\u00e9 Juan L\u00f3pez Lafuente\",\"@id\":\"https:\\\/\\\/santapola.es\\\/ca\\\/#\\\/schema\\\/person\\\/ad1d67403707b58350c7be5e8dbc442d\"},\"headline\":\"Santa Pola se abona a los mon\u00f3logos este verano\",\"datePublished\":\"2024-07-12T07:51:46+00:00\",\"mainEntityOfPage\":{\"@id\":\"https:\\\/\\\/santapola.es\\\/ca\\\/santa-pola-se-abona-a-los-monologos-este-verano\\\/\"},\"wordCount\":312,\"image\":{\"@id\":\"https:\\\/\\\/santapola.es\\\/ca\\\/santa-pola-se-abona-a-los-monologos-este-verano\\\/#primaryimage\"},\"thumbnailUrl\":\"https:\\\/\\\/santapola.es\\\/wp-content\\\/uploads\\\/2024\\\/07\\\/SSPE_Cartel.jpg\",\"keywords\":[\"Joaqu\u00edn Lozano\",\"mon\u00f3logos\",\"Siente Santa Pola Xperience\"],\"articleSection\":[\"Juventud\"],\"inLanguage\":\"ca\"},{\"@type\":\"WebPage\",\"@id\":\"https:\\\/\\\/santapola.es\\\/ca\\\/santa-pola-se-abona-a-los-monologos-este-verano\\\/\",\"url\":\"https:\\\/\\\/santapola.es\\\/ca\\\/santa-pola-se-abona-a-los-monologos-este-verano\\\/\",\"name\":\"Santa Pola se abona a los mon\u00f3logos este verano - Ajuntament de Santa Pola\",\"isPartOf\":{\"@id\":\"https:\\\/\\\/santapola.es\\\/ca\\\/#website\"},\"primaryImageOfPage\":{\"@id\":\"https:\\\/\\\/santapola.es\\\/ca\\\/santa-pola-se-abona-a-los-monologos-este-verano\\\/#primaryimage\"},\"image\":{\"@id\":\"https:\\\/\\\/santapola.es\\\/ca\\\/santa-pola-se-abona-a-los-monologos-este-verano\\\/#primaryimage\"},\"thumbnailUrl\":\"https:\\\/\\\/santapola.es\\\/wp-content\\\/uploads\\\/2024\\\/07\\\/SSPE_Cartel.jpg\",\"datePublished\":\"2024-07-12T07:51:46+00:00\",\"author\":{\"@id\":\"https:\\\/\\\/santapola.es\\\/ca\\\/#\\\/schema\\\/person\\\/ad1d67403707b58350c7be5e8dbc442d\"},\"breadcrumb\":{\"@id\":\"https:\\\/\\\/santapola.es\\\/ca\\\/santa-pola-se-abona-a-los-monologos-este-verano\\\/#breadcrumb\"},\"inLanguage\":\"ca\",\"potentialAction\":[{\"@type\":\"ReadAction\",\"target\":[\"https:\\\/\\\/santapola.es\\\/ca\\\/santa-pola-se-abona-a-los-monologos-este-verano\\\/\"]}]},{\"@type\":\"ImageObject\",\"inLanguage\":\"ca\",\"@id\":\"https:\\\/\\\/santapola.es\\\/ca\\\/santa-pola-se-abona-a-los-monologos-este-verano\\\/#primaryimage\",\"url\":\"https:\\\/\\\/santapola.es\\\/wp-content\\\/uploads\\\/2024\\\/07\\\/SSPE_Cartel.jpg\",\"contentUrl\":\"https:\\\/\\\/santapola.es\\\/wp-content\\\/uploads\\\/2024\\\/07\\\/SSPE_Cartel.jpg\",\"width\":2121,\"height\":3000},{\"@type\":\"BreadcrumbList\",\"@id\":\"https:\\\/\\\/santapola.es\\\/ca\\\/santa-pola-se-abona-a-los-monologos-este-verano\\\/#breadcrumb\",\"itemListElement\":[{\"@type\":\"ListItem\",\"position\":1,\"name\":\"Inici\",\"item\":\"https:\\\/\\\/santapola.es\\\/ca\\\/\"},{\"@type\":\"ListItem\",\"position\":2,\"name\":\"Santa Pola se abona a los mon\u00f3logos este verano\"}]},{\"@type\":\"WebSite\",\"@id\":\"https:\\\/\\\/santapola.es\\\/ca\\\/#website\",\"url\":\"https:\\\/\\\/santapola.es\\\/ca\\\/\",\"name\":\"Ayuntamiento de Santa Pola\",\"description\":\"Web de l'Ajuntament de Santa Pola\",\"potentialAction\":[{\"@type\":\"SearchAction\",\"target\":{\"@type\":\"EntryPoint\",\"urlTemplate\":\"https:\\\/\\\/santapola.es\\\/ca\\\/?s={search_term_string}\"},\"query-input\":{\"@type\":\"PropertyValueSpecification\",\"valueRequired\":true,\"valueName\":\"search_term_string\"}}],\"inLanguage\":\"ca\"},{\"@type\":\"Person\",\"@id\":\"https:\\\/\\\/santapola.es\\\/ca\\\/#\\\/schema\\\/person\\\/ad1d67403707b58350c7be5e8dbc442d\",\"name\":\"Jos\u00e9 Juan L\u00f3pez Lafuente\"}]}<\/script>\n<!-- \/ Yoast SEO plugin. -->","yoast_head_json":{"title":"Santa Pola se abona a los mon\u00f3logos este verano - Ajuntament de Santa Pola","robots":{"index":"index","follow":"follow","max-snippet":"max-snippet:-1","max-image-preview":"max-image-preview:large","max-video-preview":"max-video-preview:-1"},"canonical":"https:\/\/santapola.es\/ca\/santa-pola-se-abona-a-los-monologos-este-verano\/","og_locale":"ca_ES","og_type":"article","og_title":"Santa Pola se abona a los mon\u00f3logos este verano - Ajuntament de Santa Pola","og_description":"El festival Siente Santa Pola Xperience presenta en julio y agosto en el auditorium El Palmeral al Comandante Lara, David Cepo, \u00c1ngel Mart\u00edn, Luis Zahera y El Monaguillo. La concejal\u00eda de Juventud que dirige Joaqu\u00edn Lozano ha organizado para este verano una serie de actividades bajo el lema \u201cEstiu Jove\u201d y cuyo m\u00e1ximo aliciente es [&hellip;]","og_url":"https:\/\/santapola.es\/ca\/santa-pola-se-abona-a-los-monologos-este-verano\/","og_site_name":"Ajuntament de Santa Pola","article_publisher":"https:\/\/www.facebook.com\/AyuntamientoSantaPola\/","article_published_time":"2024-07-12T07:51:46+00:00","og_image":[{"width":3508,"height":4961,"url":"https:\/\/santapola.es\/wp-content\/uploads\/2024\/07\/SSPE_Cartel.jpg","type":"image\/jpeg"}],"author":"Jos\u00e9 Juan L\u00f3pez Lafuente","twitter_card":"summary_large_image","twitter_creator":"@SantaPolaAyunt","twitter_site":"@SantaPolaAyunt","schema":{"@context":"https:\/\/schema.org","@graph":[{"@type":"Article","@id":"https:\/\/santapola.es\/ca\/santa-pola-se-abona-a-los-monologos-este-verano\/#article","isPartOf":{"@id":"https:\/\/santapola.es\/ca\/santa-pola-se-abona-a-los-monologos-este-verano\/"},"author":{"name":"Jos\u00e9 Juan L\u00f3pez Lafuente","@id":"https:\/\/santapola.es\/ca\/#\/schema\/person\/ad1d67403707b58350c7be5e8dbc442d"},"headline":"Santa Pola se abona a los mon\u00f3logos este verano","datePublished":"2024-07-12T07:51:46+00:00","mainEntityOfPage":{"@id":"https:\/\/santapola.es\/ca\/santa-pola-se-abona-a-los-monologos-este-verano\/"},"wordCount":312,"image":{"@id":"https:\/\/santapola.es\/ca\/santa-pola-se-abona-a-los-monologos-este-verano\/#primaryimage"},"thumbnailUrl":"https:\/\/santapola.es\/wp-content\/uploads\/2024\/07\/SSPE_Cartel.jpg","keywords":["Joaqu\u00edn Lozano","mon\u00f3logos","Siente Santa Pola Xperience"],"articleSection":["Juventud"],"inLanguage":"ca"},{"@type":"WebPage","@id":"https:\/\/santapola.es\/ca\/santa-pola-se-abona-a-los-monologos-este-verano\/","url":"https:\/\/santapola.es\/ca\/santa-pola-se-abona-a-los-monologos-este-verano\/","name":"Santa Pola se abona a los mon\u00f3logos este verano - Ajuntament de Santa Pola","isPartOf":{"@id":"https:\/\/santapola.es\/ca\/#website"},"primaryImageOfPage":{"@id":"https:\/\/santapola.es\/ca\/santa-pola-se-abona-a-los-monologos-este-verano\/#primaryimage"},"image":{"@id":"https:\/\/santapola.es\/ca\/santa-pola-se-abona-a-los-monologos-este-verano\/#primaryimage"},"thumbnailUrl":"https:\/\/santapola.es\/wp-content\/uploads\/2024\/07\/SSPE_Cartel.jpg","datePublished":"2024-07-12T07:51:46+00:00","author":{"@id":"https:\/\/santapola.es\/ca\/#\/schema\/person\/ad1d67403707b58350c7be5e8dbc442d"},"breadcrumb":{"@id":"https:\/\/santapola.es\/ca\/santa-pola-se-abona-a-los-monologos-este-verano\/#breadcrumb"},"inLanguage":"ca","potentialAction":[{"@type":"ReadAction","target":["https:\/\/santapola.es\/ca\/santa-pola-se-abona-a-los-monologos-este-verano\/"]}]},{"@type":"ImageObject","inLanguage":"ca","@id":"https:\/\/santapola.es\/ca\/santa-pola-se-abona-a-los-monologos-este-verano\/#primaryimage","url":"https:\/\/santapola.es\/wp-content\/uploads\/2024\/07\/SSPE_Cartel.jpg","contentUrl":"https:\/\/santapola.es\/wp-content\/uploads\/2024\/07\/SSPE_Cartel.jpg","width":2121,"height":3000},{"@type":"BreadcrumbList","@id":"https:\/\/santapola.es\/ca\/santa-pola-se-abona-a-los-monologos-este-verano\/#breadcrumb","itemListElement":[{"@type":"ListItem","position":1,"name":"Inici","item":"https:\/\/santapola.es\/ca\/"},{"@type":"ListItem","position":2,"name":"Santa Pola se abona a los mon\u00f3logos este verano"}]},{"@type":"WebSite","@id":"https:\/\/santapola.es\/ca\/#website","url":"https:\/\/santapola.es\/ca\/","name":"Ayuntamiento de Santa Pola","description":"Web de l'Ajuntament de Santa Pola","potentialAction":[{"@type":"SearchAction","target":{"@type":"EntryPoint","urlTemplate":"https:\/\/santapola.es\/ca\/?s={search_term_string}"},"query-input":{"@type":"PropertyValueSpecification","valueRequired":true,"valueName":"search_term_string"}}],"inLanguage":"ca"},{"@type":"Person","@id":"https:\/\/santapola.es\/ca\/#\/schema\/person\/ad1d67403707b58350c7be5e8dbc442d","name":"Jos\u00e9 Juan L\u00f3pez Lafuente"}]}},"_links":{"self":[{"href":"https:\/\/santapola.es\/ca\/wp-json\/wp\/v2\/posts\/38093","targetHints":{"allow":["GET"]}}],"collection":[{"href":"https:\/\/santapola.es\/ca\/wp-json\/wp\/v2\/posts"}],"about":[{"href":"https:\/\/santapola.es\/ca\/wp-json\/wp\/v2\/types\/post"}],"author":[{"embeddable":true,"href":"https:\/\/santapola.es\/ca\/wp-json\/wp\/v2\/users\/96"}],"replies":[{"embeddable":true,"href":"https:\/\/santapola.es\/ca\/wp-json\/wp\/v2\/comments?post=38093"}],"version-history":[{"count":0,"href":"https:\/\/santapola.es\/ca\/wp-json\/wp\/v2\/posts\/38093\/revisions"}],"wp:featuredmedia":[{"embeddable":true,"href":"https:\/\/santapola.es\/ca\/wp-json\/wp\/v2\/media\/38094"}],"wp:attachment":[{"href":"https:\/\/santapola.es\/ca\/wp-json\/wp\/v2\/media?parent=38093"}],"wp:term":[{"taxonomy":"category","embeddable":true,"href":"https:\/\/santapola.es\/ca\/wp-json\/wp\/v2\/categories?post=38093"},{"taxonomy":"post_tag","embeddable":true,"href":"https:\/\/santapola.es\/ca\/wp-json\/wp\/v2\/tags?post=38093"}],"curies":[{"name":"wp","href":"https:\/\/api.w.org\/{rel}","templated":true}]}}