{"id":38059,"date":"2024-07-10T14:09:10","date_gmt":"2024-07-10T12:09:10","guid":{"rendered":"https:\/\/santapola.es\/?p=38059"},"modified":"2024-07-10T14:12:08","modified_gmt":"2024-07-10T12:12:08","slug":"segona-edicio-del-festival-darts-esceniques-la-badia-a-escena","status":"publish","type":"post","link":"https:\/\/santapola.es\/ca\/segona-edicio-del-festival-darts-esceniques-la-badia-a-escena\/","title":{"rendered":"Segona edici\u00f3 del festival d&#8217;arts esc\u00e8niques \u201cLa Badia a Escena\u201d"},"content":{"rendered":"<p><strong>El festival d&#8217;arts esc\u00e8niques oferix a santapolers i visitants tres espectacles de qualitat al carrer, per a tots els p\u00fablics i de manera gratu\u00efta, del 18 al 20 de juliol en la Glorieta.\u00a0<\/strong><\/p>\n<p>La regidora de Cultura i Festes, Nely Baile, ha presentat hui la segona edici\u00f3 del festival d&#8217;arts esc\u00e8niques \u201cLa Badia a Escena\u201d, un festival que compta amb el suport de la Diputaci\u00f3 Provincial d&#8217;Alacant a trav\u00e9s de la convocat\u00f2ria Festivals Provincials de les Arts Esc\u00e8niques, aix\u00ed com del Circuit Valenci\u00e0 de Cultura de l&#8217;Institut Valenci\u00e0 de Cultura de la Generalitat Valenciana.<\/p>\n<p>Segons ha explicat Baile, \u201cdurant tres dies en la Glorieta, sempre a les nou de la nit, oferirem tres espectacles de dansa, circ, humor i m\u00fasica, interpretats tots ells per companyies professionals\u201d.<\/p>\n<p>El dijous 18 de juliol tindrem el xou \u201c*Ta-k-Ta\u201d lloc en escena per la Companyia Marroch de Santa Pola, sobre l&#8217;ancianitat com una etapa que hem d&#8217;aprendre a voler.<\/p>\n<p>El divendres 19 la companyia Col.lectiu Fren\u00e8tic oferir\u00e0 \u201cSave the temazo.org\u201d, un espectacle amb trapezis, dansa vertical, equilibris impossibles i tota una s\u00e8rie d&#8217;experi\u00e8ncies que fan estremir la percepci\u00f3 de la realitat, amb la participaci\u00f3 activa del p\u00fablic.<\/p>\n<p>Finalment, la m\u00fasica ser\u00e0 protagonista el dissabte 20 de juliol amb \u201cDe tornada al soul\u201d, un concert de Aretha i els Franklins que oferiran una vetlada repleta de peces antol\u00f2giques de la m\u00fasica soul.<\/p>\n<p>En definitiva, La Badia en Escena oferix tres dies d&#8217;espectacles professionals de qualitat al carrer, de manera gratu\u00efta i per a tots els p\u00fablics.<\/p>\n","protected":false},"excerpt":{"rendered":"<p>El festival d&#8217;arts esc\u00e8niques oferix a santapolers i visitants tres espectacles de qualitat al carrer, per a tots els p\u00fablics i de manera gratu\u00efta, del 18 al 20 de juliol en la Glorieta.\u00a0 La regidora de Cultura i Festes, Nely Baile, ha presentat hui la segona edici\u00f3 del festival d&#8217;arts esc\u00e8niques \u201cLa Badia a Escena\u201d, [&hellip;]<\/p>\n","protected":false},"author":96,"featured_media":38057,"comment_status":"closed","ping_status":"closed","sticky":false,"template":"","format":"standard","meta":{"_et_pb_use_builder":"","_et_pb_old_content":"","_et_gb_content_width":"","footnotes":""},"categories":[433],"tags":[961,511],"class_list":["post-38059","post","type-post","status-publish","format-standard","has-post-thumbnail","hentry","category-cultura-ca","tag-la-badia-a-escena","tag-nely-baile-ca"],"yoast_head":"<!-- This site is optimized with the Yoast SEO plugin v27.4 - https:\/\/yoast.com\/product\/yoast-seo-wordpress\/ -->\n<title>Segona edici\u00f3 del festival d&#039;arts esc\u00e8niques \u201cLa Badia a Escena\u201d - Ajuntament de Santa Pola<\/title>\n<meta name=\"robots\" content=\"index, follow, max-snippet:-1, max-image-preview:large, max-video-preview:-1\" \/>\n<link rel=\"canonical\" href=\"https:\/\/santapola.es\/ca\/segona-edicio-del-festival-darts-esceniques-la-badia-a-escena\/\" \/>\n<meta property=\"og:locale\" content=\"ca_ES\" \/>\n<meta property=\"og:type\" content=\"article\" \/>\n<meta property=\"og:title\" content=\"Segona edici\u00f3 del festival d&#039;arts esc\u00e8niques \u201cLa Badia a Escena\u201d - Ajuntament de Santa Pola\" \/>\n<meta property=\"og:description\" content=\"El festival d&#8217;arts esc\u00e8niques oferix a santapolers i visitants tres espectacles de qualitat al carrer, per a tots els p\u00fablics i de manera gratu\u00efta, del 18 al 20 de juliol en la Glorieta.\u00a0 La regidora de Cultura i Festes, Nely Baile, ha presentat hui la segona edici\u00f3 del festival d&#8217;arts esc\u00e8niques \u201cLa Badia a Escena\u201d, [&hellip;]\" \/>\n<meta property=\"og:url\" content=\"https:\/\/santapola.es\/ca\/segona-edicio-del-festival-darts-esceniques-la-badia-a-escena\/\" \/>\n<meta property=\"og:site_name\" content=\"Ajuntament de Santa Pola\" \/>\n<meta property=\"article:publisher\" content=\"https:\/\/www.facebook.com\/AyuntamientoSantaPola\/\" \/>\n<meta property=\"article:published_time\" content=\"2024-07-10T12:09:10+00:00\" \/>\n<meta property=\"article:modified_time\" content=\"2024-07-10T12:12:08+00:00\" \/>\n<meta property=\"og:image\" content=\"https:\/\/santapola.es\/wp-content\/uploads\/2024\/07\/IMG_3640-e1720613339478.jpeg\" \/>\n\t<meta property=\"og:image:width\" content=\"4032\" \/>\n\t<meta property=\"og:image:height\" content=\"3024\" \/>\n\t<meta property=\"og:image:type\" content=\"image\/jpeg\" \/>\n<meta name=\"author\" content=\"Jos\u00e9 Juan L\u00f3pez Lafuente\" \/>\n<meta name=\"twitter:card\" content=\"summary_large_image\" \/>\n<meta name=\"twitter:creator\" content=\"@SantaPolaAyunt\" \/>\n<meta name=\"twitter:site\" content=\"@SantaPolaAyunt\" \/>\n<script type=\"application\/ld+json\" class=\"yoast-schema-graph\">{\"@context\":\"https:\\\/\\\/schema.org\",\"@graph\":[{\"@type\":\"Article\",\"@id\":\"https:\\\/\\\/santapola.es\\\/ca\\\/segona-edicio-del-festival-darts-esceniques-la-badia-a-escena\\\/#article\",\"isPartOf\":{\"@id\":\"https:\\\/\\\/santapola.es\\\/ca\\\/segona-edicio-del-festival-darts-esceniques-la-badia-a-escena\\\/\"},\"author\":{\"name\":\"Jos\u00e9 Juan L\u00f3pez Lafuente\",\"@id\":\"https:\\\/\\\/santapola.es\\\/ca\\\/#\\\/schema\\\/person\\\/ad1d67403707b58350c7be5e8dbc442d\"},\"headline\":\"Segona edici\u00f3 del festival d&#8217;arts esc\u00e8niques \u201cLa Badia a Escena\u201d\",\"datePublished\":\"2024-07-10T12:09:10+00:00\",\"dateModified\":\"2024-07-10T12:12:08+00:00\",\"mainEntityOfPage\":{\"@id\":\"https:\\\/\\\/santapola.es\\\/ca\\\/segona-edicio-del-festival-darts-esceniques-la-badia-a-escena\\\/\"},\"wordCount\":285,\"image\":{\"@id\":\"https:\\\/\\\/santapola.es\\\/ca\\\/segona-edicio-del-festival-darts-esceniques-la-badia-a-escena\\\/#primaryimage\"},\"thumbnailUrl\":\"https:\\\/\\\/santapola.es\\\/wp-content\\\/uploads\\\/2024\\\/07\\\/IMG_3640-e1720613339478.jpeg\",\"keywords\":[\"La Badia a Escena\",\"Nely Baile\"],\"articleSection\":[\"Cultura\"],\"inLanguage\":\"ca\"},{\"@type\":\"WebPage\",\"@id\":\"https:\\\/\\\/santapola.es\\\/ca\\\/segona-edicio-del-festival-darts-esceniques-la-badia-a-escena\\\/\",\"url\":\"https:\\\/\\\/santapola.es\\\/ca\\\/segona-edicio-del-festival-darts-esceniques-la-badia-a-escena\\\/\",\"name\":\"Segona edici\u00f3 del festival d'arts esc\u00e8niques \u201cLa Badia a Escena\u201d - Ajuntament de Santa Pola\",\"isPartOf\":{\"@id\":\"https:\\\/\\\/santapola.es\\\/ca\\\/#website\"},\"primaryImageOfPage\":{\"@id\":\"https:\\\/\\\/santapola.es\\\/ca\\\/segona-edicio-del-festival-darts-esceniques-la-badia-a-escena\\\/#primaryimage\"},\"image\":{\"@id\":\"https:\\\/\\\/santapola.es\\\/ca\\\/segona-edicio-del-festival-darts-esceniques-la-badia-a-escena\\\/#primaryimage\"},\"thumbnailUrl\":\"https:\\\/\\\/santapola.es\\\/wp-content\\\/uploads\\\/2024\\\/07\\\/IMG_3640-e1720613339478.jpeg\",\"datePublished\":\"2024-07-10T12:09:10+00:00\",\"dateModified\":\"2024-07-10T12:12:08+00:00\",\"author\":{\"@id\":\"https:\\\/\\\/santapola.es\\\/ca\\\/#\\\/schema\\\/person\\\/ad1d67403707b58350c7be5e8dbc442d\"},\"breadcrumb\":{\"@id\":\"https:\\\/\\\/santapola.es\\\/ca\\\/segona-edicio-del-festival-darts-esceniques-la-badia-a-escena\\\/#breadcrumb\"},\"inLanguage\":\"ca\",\"potentialAction\":[{\"@type\":\"ReadAction\",\"target\":[\"https:\\\/\\\/santapola.es\\\/ca\\\/segona-edicio-del-festival-darts-esceniques-la-badia-a-escena\\\/\"]}]},{\"@type\":\"ImageObject\",\"inLanguage\":\"ca\",\"@id\":\"https:\\\/\\\/santapola.es\\\/ca\\\/segona-edicio-del-festival-darts-esceniques-la-badia-a-escena\\\/#primaryimage\",\"url\":\"https:\\\/\\\/santapola.es\\\/wp-content\\\/uploads\\\/2024\\\/07\\\/IMG_3640-e1720613339478.jpeg\",\"contentUrl\":\"https:\\\/\\\/santapola.es\\\/wp-content\\\/uploads\\\/2024\\\/07\\\/IMG_3640-e1720613339478.jpeg\",\"width\":4032,\"height\":3024},{\"@type\":\"BreadcrumbList\",\"@id\":\"https:\\\/\\\/santapola.es\\\/ca\\\/segona-edicio-del-festival-darts-esceniques-la-badia-a-escena\\\/#breadcrumb\",\"itemListElement\":[{\"@type\":\"ListItem\",\"position\":1,\"name\":\"Inici\",\"item\":\"https:\\\/\\\/santapola.es\\\/ca\\\/\"},{\"@type\":\"ListItem\",\"position\":2,\"name\":\"Segona edici\u00f3 del festival d&#8217;arts esc\u00e8niques \u201cLa Badia a Escena\u201d\"}]},{\"@type\":\"WebSite\",\"@id\":\"https:\\\/\\\/santapola.es\\\/ca\\\/#website\",\"url\":\"https:\\\/\\\/santapola.es\\\/ca\\\/\",\"name\":\"Ayuntamiento de Santa Pola\",\"description\":\"Web de l'Ajuntament de Santa Pola\",\"potentialAction\":[{\"@type\":\"SearchAction\",\"target\":{\"@type\":\"EntryPoint\",\"urlTemplate\":\"https:\\\/\\\/santapola.es\\\/ca\\\/?s={search_term_string}\"},\"query-input\":{\"@type\":\"PropertyValueSpecification\",\"valueRequired\":true,\"valueName\":\"search_term_string\"}}],\"inLanguage\":\"ca\"},{\"@type\":\"Person\",\"@id\":\"https:\\\/\\\/santapola.es\\\/ca\\\/#\\\/schema\\\/person\\\/ad1d67403707b58350c7be5e8dbc442d\",\"name\":\"Jos\u00e9 Juan L\u00f3pez Lafuente\"}]}<\/script>\n<!-- \/ Yoast SEO plugin. -->","yoast_head_json":{"title":"Segona edici\u00f3 del festival d'arts esc\u00e8niques \u201cLa Badia a Escena\u201d - Ajuntament de Santa Pola","robots":{"index":"index","follow":"follow","max-snippet":"max-snippet:-1","max-image-preview":"max-image-preview:large","max-video-preview":"max-video-preview:-1"},"canonical":"https:\/\/santapola.es\/ca\/segona-edicio-del-festival-darts-esceniques-la-badia-a-escena\/","og_locale":"ca_ES","og_type":"article","og_title":"Segona edici\u00f3 del festival d'arts esc\u00e8niques \u201cLa Badia a Escena\u201d - Ajuntament de Santa Pola","og_description":"El festival d&#8217;arts esc\u00e8niques oferix a santapolers i visitants tres espectacles de qualitat al carrer, per a tots els p\u00fablics i de manera gratu\u00efta, del 18 al 20 de juliol en la Glorieta.\u00a0 La regidora de Cultura i Festes, Nely Baile, ha presentat hui la segona edici\u00f3 del festival d&#8217;arts esc\u00e8niques \u201cLa Badia a Escena\u201d, [&hellip;]","og_url":"https:\/\/santapola.es\/ca\/segona-edicio-del-festival-darts-esceniques-la-badia-a-escena\/","og_site_name":"Ajuntament de Santa Pola","article_publisher":"https:\/\/www.facebook.com\/AyuntamientoSantaPola\/","article_published_time":"2024-07-10T12:09:10+00:00","article_modified_time":"2024-07-10T12:12:08+00:00","og_image":[{"width":4032,"height":3024,"url":"https:\/\/santapola.es\/wp-content\/uploads\/2024\/07\/IMG_3640-e1720613339478.jpeg","type":"image\/jpeg"}],"author":"Jos\u00e9 Juan L\u00f3pez Lafuente","twitter_card":"summary_large_image","twitter_creator":"@SantaPolaAyunt","twitter_site":"@SantaPolaAyunt","schema":{"@context":"https:\/\/schema.org","@graph":[{"@type":"Article","@id":"https:\/\/santapola.es\/ca\/segona-edicio-del-festival-darts-esceniques-la-badia-a-escena\/#article","isPartOf":{"@id":"https:\/\/santapola.es\/ca\/segona-edicio-del-festival-darts-esceniques-la-badia-a-escena\/"},"author":{"name":"Jos\u00e9 Juan L\u00f3pez Lafuente","@id":"https:\/\/santapola.es\/ca\/#\/schema\/person\/ad1d67403707b58350c7be5e8dbc442d"},"headline":"Segona edici\u00f3 del festival d&#8217;arts esc\u00e8niques \u201cLa Badia a Escena\u201d","datePublished":"2024-07-10T12:09:10+00:00","dateModified":"2024-07-10T12:12:08+00:00","mainEntityOfPage":{"@id":"https:\/\/santapola.es\/ca\/segona-edicio-del-festival-darts-esceniques-la-badia-a-escena\/"},"wordCount":285,"image":{"@id":"https:\/\/santapola.es\/ca\/segona-edicio-del-festival-darts-esceniques-la-badia-a-escena\/#primaryimage"},"thumbnailUrl":"https:\/\/santapola.es\/wp-content\/uploads\/2024\/07\/IMG_3640-e1720613339478.jpeg","keywords":["La Badia a Escena","Nely Baile"],"articleSection":["Cultura"],"inLanguage":"ca"},{"@type":"WebPage","@id":"https:\/\/santapola.es\/ca\/segona-edicio-del-festival-darts-esceniques-la-badia-a-escena\/","url":"https:\/\/santapola.es\/ca\/segona-edicio-del-festival-darts-esceniques-la-badia-a-escena\/","name":"Segona edici\u00f3 del festival d'arts esc\u00e8niques \u201cLa Badia a Escena\u201d - Ajuntament de Santa Pola","isPartOf":{"@id":"https:\/\/santapola.es\/ca\/#website"},"primaryImageOfPage":{"@id":"https:\/\/santapola.es\/ca\/segona-edicio-del-festival-darts-esceniques-la-badia-a-escena\/#primaryimage"},"image":{"@id":"https:\/\/santapola.es\/ca\/segona-edicio-del-festival-darts-esceniques-la-badia-a-escena\/#primaryimage"},"thumbnailUrl":"https:\/\/santapola.es\/wp-content\/uploads\/2024\/07\/IMG_3640-e1720613339478.jpeg","datePublished":"2024-07-10T12:09:10+00:00","dateModified":"2024-07-10T12:12:08+00:00","author":{"@id":"https:\/\/santapola.es\/ca\/#\/schema\/person\/ad1d67403707b58350c7be5e8dbc442d"},"breadcrumb":{"@id":"https:\/\/santapola.es\/ca\/segona-edicio-del-festival-darts-esceniques-la-badia-a-escena\/#breadcrumb"},"inLanguage":"ca","potentialAction":[{"@type":"ReadAction","target":["https:\/\/santapola.es\/ca\/segona-edicio-del-festival-darts-esceniques-la-badia-a-escena\/"]}]},{"@type":"ImageObject","inLanguage":"ca","@id":"https:\/\/santapola.es\/ca\/segona-edicio-del-festival-darts-esceniques-la-badia-a-escena\/#primaryimage","url":"https:\/\/santapola.es\/wp-content\/uploads\/2024\/07\/IMG_3640-e1720613339478.jpeg","contentUrl":"https:\/\/santapola.es\/wp-content\/uploads\/2024\/07\/IMG_3640-e1720613339478.jpeg","width":4032,"height":3024},{"@type":"BreadcrumbList","@id":"https:\/\/santapola.es\/ca\/segona-edicio-del-festival-darts-esceniques-la-badia-a-escena\/#breadcrumb","itemListElement":[{"@type":"ListItem","position":1,"name":"Inici","item":"https:\/\/santapola.es\/ca\/"},{"@type":"ListItem","position":2,"name":"Segona edici\u00f3 del festival d&#8217;arts esc\u00e8niques \u201cLa Badia a Escena\u201d"}]},{"@type":"WebSite","@id":"https:\/\/santapola.es\/ca\/#website","url":"https:\/\/santapola.es\/ca\/","name":"Ayuntamiento de Santa Pola","description":"Web de l'Ajuntament de Santa Pola","potentialAction":[{"@type":"SearchAction","target":{"@type":"EntryPoint","urlTemplate":"https:\/\/santapola.es\/ca\/?s={search_term_string}"},"query-input":{"@type":"PropertyValueSpecification","valueRequired":true,"valueName":"search_term_string"}}],"inLanguage":"ca"},{"@type":"Person","@id":"https:\/\/santapola.es\/ca\/#\/schema\/person\/ad1d67403707b58350c7be5e8dbc442d","name":"Jos\u00e9 Juan L\u00f3pez Lafuente"}]}},"_links":{"self":[{"href":"https:\/\/santapola.es\/ca\/wp-json\/wp\/v2\/posts\/38059","targetHints":{"allow":["GET"]}}],"collection":[{"href":"https:\/\/santapola.es\/ca\/wp-json\/wp\/v2\/posts"}],"about":[{"href":"https:\/\/santapola.es\/ca\/wp-json\/wp\/v2\/types\/post"}],"author":[{"embeddable":true,"href":"https:\/\/santapola.es\/ca\/wp-json\/wp\/v2\/users\/96"}],"replies":[{"embeddable":true,"href":"https:\/\/santapola.es\/ca\/wp-json\/wp\/v2\/comments?post=38059"}],"version-history":[{"count":0,"href":"https:\/\/santapola.es\/ca\/wp-json\/wp\/v2\/posts\/38059\/revisions"}],"wp:featuredmedia":[{"embeddable":true,"href":"https:\/\/santapola.es\/ca\/wp-json\/wp\/v2\/media\/38057"}],"wp:attachment":[{"href":"https:\/\/santapola.es\/ca\/wp-json\/wp\/v2\/media?parent=38059"}],"wp:term":[{"taxonomy":"category","embeddable":true,"href":"https:\/\/santapola.es\/ca\/wp-json\/wp\/v2\/categories?post=38059"},{"taxonomy":"post_tag","embeddable":true,"href":"https:\/\/santapola.es\/ca\/wp-json\/wp\/v2\/tags?post=38059"}],"curies":[{"name":"wp","href":"https:\/\/api.w.org\/{rel}","templated":true}]}}