{"id":38048,"date":"2024-07-10T13:27:43","date_gmt":"2024-07-10T11:27:43","guid":{"rendered":"https:\/\/santapola.es\/?p=38048"},"modified":"2024-07-10T13:27:43","modified_gmt":"2024-07-10T11:27:43","slug":"santa-pola-rinde-homenaje-a-la-patrona-de-las-gentes-del-mar","status":"publish","type":"post","link":"https:\/\/santapola.es\/ca\/santa-pola-rinde-homenaje-a-la-patrona-de-las-gentes-del-mar\/","title":{"rendered":"Santa Pola rinde homenaje a la patrona de las gentes del mar"},"content":{"rendered":"<p><b>La Cofrad\u00eda de Pescadores, en colaboraci\u00f3n con el Ayuntamiento de Santa Pola, organiza un programa de eventos del 12 al 16 de julio para conmemorar la festividad de la Virgen del Carmen, patrona de los marineros.<\/b><\/p>\n<p><span style=\"font-weight: 400;\">Es el d\u00eda m\u00e1s esperado del a\u00f1o para la familia marinera de Santa Pola. El 16 de julio se celebra la festividad de su patrona, la Virgen del Carmen, y la Cofrad\u00eda de Pescadores organiza un programa de actividades en colaboraci\u00f3n con el Ayuntamiento que comenzar\u00e1 el pr\u00f3ximo viernes 12, a las 21:30, con la serenata que cantan a la virgen los componentes de la Quinta del 65 y que, con este \u00faltimo concierto, se despiden por cuestiones de edad.<\/span><\/p>\n<p><span style=\"font-weight: 400;\">El s\u00e1bado 13, a las 10:30, habr\u00e1 una sardinada en la lonja, y a las 23:00 un concierto del grupo Garaje Rock Band en la plaza de la Constituci\u00f3n.<\/span><\/p>\n<p><span style=\"font-weight: 400;\">El lunes 15 comenzar\u00e1 a las 20:30 con la tradicional ofrenda floral que partir\u00e1 desde la Glorieta hasta la capilla de la virgen, donde a las 21:30 cantar\u00e1n el Coro y Rondalla El Castell y culminar\u00e1 a medianoche con una masclet\u00e1 en la avenida P\u00e9rez Ojeda.<\/span><\/p>\n<p><span style=\"font-weight: 400;\">El d\u00eda grande y fiesta local en Santa Pola, martes 16, tendr\u00e1 lugar a las 8:00 el homenaje a los jubilados del mar en la capilla de la virgen, a las 9:00 la misa en la carpa montada en la Plaza de la Constituci\u00f3n y, posteriormente la ofrenda de flores en la d\u00e1rsena del puerto en memoria de los marineros fallecidos, uno de los actos m\u00e1s emotivos.<\/span><\/p>\n<p><span style=\"font-weight: 400;\">A las 21:00 horas empezar\u00e1 la procesi\u00f3n portando a la Virgen del Carmen por todo el puerto pesquero y las fiestas culminar\u00e1n con un castillo de fuegos artificiales a las 23:30 horas.<\/span><\/p>\n","protected":false},"excerpt":{"rendered":"<p>La Cofrad\u00eda de Pescadores, en colaboraci\u00f3n con el Ayuntamiento de Santa Pola, organiza un programa de eventos del 12 al 16 de julio para conmemorar la festividad de la Virgen del Carmen, patrona de los marineros. Es el d\u00eda m\u00e1s esperado del a\u00f1o para la familia marinera de Santa Pola. El 16 de julio se [&hellip;]<\/p>\n","protected":false},"author":96,"featured_media":38049,"comment_status":"closed","ping_status":"closed","sticky":false,"template":"","format":"standard","meta":{"_et_pb_use_builder":"","_et_pb_old_content":"","_et_gb_content_width":"","footnotes":""},"categories":[97,95],"tags":[958],"class_list":["post-38048","post","type-post","status-publish","format-standard","has-post-thumbnail","hentry","category-fiestas","category-pesca","tag-virgen-del-carmen"],"yoast_head":"<!-- This site is optimized with the Yoast SEO plugin v27.4 - https:\/\/yoast.com\/product\/yoast-seo-wordpress\/ -->\n<title>Santa Pola rinde homenaje a la patrona de las gentes del mar - Ajuntament de Santa Pola<\/title>\n<meta name=\"robots\" content=\"index, follow, max-snippet:-1, max-image-preview:large, max-video-preview:-1\" \/>\n<link rel=\"canonical\" href=\"https:\/\/santapola.es\/ca\/santa-pola-rinde-homenaje-a-la-patrona-de-las-gentes-del-mar\/\" \/>\n<meta property=\"og:locale\" content=\"ca_ES\" \/>\n<meta property=\"og:type\" content=\"article\" \/>\n<meta property=\"og:title\" content=\"Santa Pola rinde homenaje a la patrona de las gentes del mar - Ajuntament de Santa Pola\" \/>\n<meta property=\"og:description\" content=\"La Cofrad\u00eda de Pescadores, en colaboraci\u00f3n con el Ayuntamiento de Santa Pola, organiza un programa de eventos del 12 al 16 de julio para conmemorar la festividad de la Virgen del Carmen, patrona de los marineros. Es el d\u00eda m\u00e1s esperado del a\u00f1o para la familia marinera de Santa Pola. El 16 de julio se [&hellip;]\" \/>\n<meta property=\"og:url\" content=\"https:\/\/santapola.es\/ca\/santa-pola-rinde-homenaje-a-la-patrona-de-las-gentes-del-mar\/\" \/>\n<meta property=\"og:site_name\" content=\"Ajuntament de Santa Pola\" \/>\n<meta property=\"article:publisher\" content=\"https:\/\/www.facebook.com\/AyuntamientoSantaPola\/\" \/>\n<meta property=\"article:published_time\" content=\"2024-07-10T11:27:43+00:00\" \/>\n<meta property=\"og:image\" content=\"https:\/\/santapola.es\/wp-content\/uploads\/2024\/07\/2024_Fiestas_Carmen_SantaPola.jpg\" \/>\n\t<meta property=\"og:image:width\" content=\"1448\" \/>\n\t<meta property=\"og:image:height\" content=\"2048\" \/>\n\t<meta property=\"og:image:type\" content=\"image\/jpeg\" \/>\n<meta name=\"author\" content=\"Jos\u00e9 Juan L\u00f3pez Lafuente\" \/>\n<meta name=\"twitter:card\" content=\"summary_large_image\" \/>\n<meta name=\"twitter:creator\" content=\"@SantaPolaAyunt\" \/>\n<meta name=\"twitter:site\" content=\"@SantaPolaAyunt\" \/>\n<script type=\"application\/ld+json\" class=\"yoast-schema-graph\">{\"@context\":\"https:\\\/\\\/schema.org\",\"@graph\":[{\"@type\":\"Article\",\"@id\":\"https:\\\/\\\/santapola.es\\\/ca\\\/santa-pola-rinde-homenaje-a-la-patrona-de-las-gentes-del-mar\\\/#article\",\"isPartOf\":{\"@id\":\"https:\\\/\\\/santapola.es\\\/ca\\\/santa-pola-rinde-homenaje-a-la-patrona-de-las-gentes-del-mar\\\/\"},\"author\":{\"name\":\"Jos\u00e9 Juan L\u00f3pez Lafuente\",\"@id\":\"https:\\\/\\\/santapola.es\\\/ca\\\/#\\\/schema\\\/person\\\/ad1d67403707b58350c7be5e8dbc442d\"},\"headline\":\"Santa Pola rinde homenaje a la patrona de las gentes del mar\",\"datePublished\":\"2024-07-10T11:27:43+00:00\",\"mainEntityOfPage\":{\"@id\":\"https:\\\/\\\/santapola.es\\\/ca\\\/santa-pola-rinde-homenaje-a-la-patrona-de-las-gentes-del-mar\\\/\"},\"wordCount\":303,\"image\":{\"@id\":\"https:\\\/\\\/santapola.es\\\/ca\\\/santa-pola-rinde-homenaje-a-la-patrona-de-las-gentes-del-mar\\\/#primaryimage\"},\"thumbnailUrl\":\"https:\\\/\\\/santapola.es\\\/wp-content\\\/uploads\\\/2024\\\/07\\\/2024_Fiestas_Carmen_SantaPola.jpg\",\"keywords\":[\"Virgen del Carmen\"],\"articleSection\":[\"Fiestas\",\"Pesca\"],\"inLanguage\":\"ca\"},{\"@type\":\"WebPage\",\"@id\":\"https:\\\/\\\/santapola.es\\\/ca\\\/santa-pola-rinde-homenaje-a-la-patrona-de-las-gentes-del-mar\\\/\",\"url\":\"https:\\\/\\\/santapola.es\\\/ca\\\/santa-pola-rinde-homenaje-a-la-patrona-de-las-gentes-del-mar\\\/\",\"name\":\"Santa Pola rinde homenaje a la patrona de las gentes del mar - Ajuntament de Santa Pola\",\"isPartOf\":{\"@id\":\"https:\\\/\\\/santapola.es\\\/ca\\\/#website\"},\"primaryImageOfPage\":{\"@id\":\"https:\\\/\\\/santapola.es\\\/ca\\\/santa-pola-rinde-homenaje-a-la-patrona-de-las-gentes-del-mar\\\/#primaryimage\"},\"image\":{\"@id\":\"https:\\\/\\\/santapola.es\\\/ca\\\/santa-pola-rinde-homenaje-a-la-patrona-de-las-gentes-del-mar\\\/#primaryimage\"},\"thumbnailUrl\":\"https:\\\/\\\/santapola.es\\\/wp-content\\\/uploads\\\/2024\\\/07\\\/2024_Fiestas_Carmen_SantaPola.jpg\",\"datePublished\":\"2024-07-10T11:27:43+00:00\",\"author\":{\"@id\":\"https:\\\/\\\/santapola.es\\\/ca\\\/#\\\/schema\\\/person\\\/ad1d67403707b58350c7be5e8dbc442d\"},\"breadcrumb\":{\"@id\":\"https:\\\/\\\/santapola.es\\\/ca\\\/santa-pola-rinde-homenaje-a-la-patrona-de-las-gentes-del-mar\\\/#breadcrumb\"},\"inLanguage\":\"ca\",\"potentialAction\":[{\"@type\":\"ReadAction\",\"target\":[\"https:\\\/\\\/santapola.es\\\/ca\\\/santa-pola-rinde-homenaje-a-la-patrona-de-las-gentes-del-mar\\\/\"]}]},{\"@type\":\"ImageObject\",\"inLanguage\":\"ca\",\"@id\":\"https:\\\/\\\/santapola.es\\\/ca\\\/santa-pola-rinde-homenaje-a-la-patrona-de-las-gentes-del-mar\\\/#primaryimage\",\"url\":\"https:\\\/\\\/santapola.es\\\/wp-content\\\/uploads\\\/2024\\\/07\\\/2024_Fiestas_Carmen_SantaPola.jpg\",\"contentUrl\":\"https:\\\/\\\/santapola.es\\\/wp-content\\\/uploads\\\/2024\\\/07\\\/2024_Fiestas_Carmen_SantaPola.jpg\",\"width\":1448,\"height\":2048},{\"@type\":\"BreadcrumbList\",\"@id\":\"https:\\\/\\\/santapola.es\\\/ca\\\/santa-pola-rinde-homenaje-a-la-patrona-de-las-gentes-del-mar\\\/#breadcrumb\",\"itemListElement\":[{\"@type\":\"ListItem\",\"position\":1,\"name\":\"Inici\",\"item\":\"https:\\\/\\\/santapola.es\\\/ca\\\/\"},{\"@type\":\"ListItem\",\"position\":2,\"name\":\"Santa Pola rinde homenaje a la patrona de las gentes del mar\"}]},{\"@type\":\"WebSite\",\"@id\":\"https:\\\/\\\/santapola.es\\\/ca\\\/#website\",\"url\":\"https:\\\/\\\/santapola.es\\\/ca\\\/\",\"name\":\"Ayuntamiento de Santa Pola\",\"description\":\"Web de l'Ajuntament de Santa Pola\",\"potentialAction\":[{\"@type\":\"SearchAction\",\"target\":{\"@type\":\"EntryPoint\",\"urlTemplate\":\"https:\\\/\\\/santapola.es\\\/ca\\\/?s={search_term_string}\"},\"query-input\":{\"@type\":\"PropertyValueSpecification\",\"valueRequired\":true,\"valueName\":\"search_term_string\"}}],\"inLanguage\":\"ca\"},{\"@type\":\"Person\",\"@id\":\"https:\\\/\\\/santapola.es\\\/ca\\\/#\\\/schema\\\/person\\\/ad1d67403707b58350c7be5e8dbc442d\",\"name\":\"Jos\u00e9 Juan L\u00f3pez Lafuente\"}]}<\/script>\n<!-- \/ Yoast SEO plugin. -->","yoast_head_json":{"title":"Santa Pola rinde homenaje a la patrona de las gentes del mar - Ajuntament de Santa Pola","robots":{"index":"index","follow":"follow","max-snippet":"max-snippet:-1","max-image-preview":"max-image-preview:large","max-video-preview":"max-video-preview:-1"},"canonical":"https:\/\/santapola.es\/ca\/santa-pola-rinde-homenaje-a-la-patrona-de-las-gentes-del-mar\/","og_locale":"ca_ES","og_type":"article","og_title":"Santa Pola rinde homenaje a la patrona de las gentes del mar - Ajuntament de Santa Pola","og_description":"La Cofrad\u00eda de Pescadores, en colaboraci\u00f3n con el Ayuntamiento de Santa Pola, organiza un programa de eventos del 12 al 16 de julio para conmemorar la festividad de la Virgen del Carmen, patrona de los marineros. Es el d\u00eda m\u00e1s esperado del a\u00f1o para la familia marinera de Santa Pola. El 16 de julio se [&hellip;]","og_url":"https:\/\/santapola.es\/ca\/santa-pola-rinde-homenaje-a-la-patrona-de-las-gentes-del-mar\/","og_site_name":"Ajuntament de Santa Pola","article_publisher":"https:\/\/www.facebook.com\/AyuntamientoSantaPola\/","article_published_time":"2024-07-10T11:27:43+00:00","og_image":[{"width":1448,"height":2048,"url":"https:\/\/santapola.es\/wp-content\/uploads\/2024\/07\/2024_Fiestas_Carmen_SantaPola.jpg","type":"image\/jpeg"}],"author":"Jos\u00e9 Juan L\u00f3pez Lafuente","twitter_card":"summary_large_image","twitter_creator":"@SantaPolaAyunt","twitter_site":"@SantaPolaAyunt","schema":{"@context":"https:\/\/schema.org","@graph":[{"@type":"Article","@id":"https:\/\/santapola.es\/ca\/santa-pola-rinde-homenaje-a-la-patrona-de-las-gentes-del-mar\/#article","isPartOf":{"@id":"https:\/\/santapola.es\/ca\/santa-pola-rinde-homenaje-a-la-patrona-de-las-gentes-del-mar\/"},"author":{"name":"Jos\u00e9 Juan L\u00f3pez Lafuente","@id":"https:\/\/santapola.es\/ca\/#\/schema\/person\/ad1d67403707b58350c7be5e8dbc442d"},"headline":"Santa Pola rinde homenaje a la patrona de las gentes del mar","datePublished":"2024-07-10T11:27:43+00:00","mainEntityOfPage":{"@id":"https:\/\/santapola.es\/ca\/santa-pola-rinde-homenaje-a-la-patrona-de-las-gentes-del-mar\/"},"wordCount":303,"image":{"@id":"https:\/\/santapola.es\/ca\/santa-pola-rinde-homenaje-a-la-patrona-de-las-gentes-del-mar\/#primaryimage"},"thumbnailUrl":"https:\/\/santapola.es\/wp-content\/uploads\/2024\/07\/2024_Fiestas_Carmen_SantaPola.jpg","keywords":["Virgen del Carmen"],"articleSection":["Fiestas","Pesca"],"inLanguage":"ca"},{"@type":"WebPage","@id":"https:\/\/santapola.es\/ca\/santa-pola-rinde-homenaje-a-la-patrona-de-las-gentes-del-mar\/","url":"https:\/\/santapola.es\/ca\/santa-pola-rinde-homenaje-a-la-patrona-de-las-gentes-del-mar\/","name":"Santa Pola rinde homenaje a la patrona de las gentes del mar - Ajuntament de Santa Pola","isPartOf":{"@id":"https:\/\/santapola.es\/ca\/#website"},"primaryImageOfPage":{"@id":"https:\/\/santapola.es\/ca\/santa-pola-rinde-homenaje-a-la-patrona-de-las-gentes-del-mar\/#primaryimage"},"image":{"@id":"https:\/\/santapola.es\/ca\/santa-pola-rinde-homenaje-a-la-patrona-de-las-gentes-del-mar\/#primaryimage"},"thumbnailUrl":"https:\/\/santapola.es\/wp-content\/uploads\/2024\/07\/2024_Fiestas_Carmen_SantaPola.jpg","datePublished":"2024-07-10T11:27:43+00:00","author":{"@id":"https:\/\/santapola.es\/ca\/#\/schema\/person\/ad1d67403707b58350c7be5e8dbc442d"},"breadcrumb":{"@id":"https:\/\/santapola.es\/ca\/santa-pola-rinde-homenaje-a-la-patrona-de-las-gentes-del-mar\/#breadcrumb"},"inLanguage":"ca","potentialAction":[{"@type":"ReadAction","target":["https:\/\/santapola.es\/ca\/santa-pola-rinde-homenaje-a-la-patrona-de-las-gentes-del-mar\/"]}]},{"@type":"ImageObject","inLanguage":"ca","@id":"https:\/\/santapola.es\/ca\/santa-pola-rinde-homenaje-a-la-patrona-de-las-gentes-del-mar\/#primaryimage","url":"https:\/\/santapola.es\/wp-content\/uploads\/2024\/07\/2024_Fiestas_Carmen_SantaPola.jpg","contentUrl":"https:\/\/santapola.es\/wp-content\/uploads\/2024\/07\/2024_Fiestas_Carmen_SantaPola.jpg","width":1448,"height":2048},{"@type":"BreadcrumbList","@id":"https:\/\/santapola.es\/ca\/santa-pola-rinde-homenaje-a-la-patrona-de-las-gentes-del-mar\/#breadcrumb","itemListElement":[{"@type":"ListItem","position":1,"name":"Inici","item":"https:\/\/santapola.es\/ca\/"},{"@type":"ListItem","position":2,"name":"Santa Pola rinde homenaje a la patrona de las gentes del mar"}]},{"@type":"WebSite","@id":"https:\/\/santapola.es\/ca\/#website","url":"https:\/\/santapola.es\/ca\/","name":"Ayuntamiento de Santa Pola","description":"Web de l'Ajuntament de Santa Pola","potentialAction":[{"@type":"SearchAction","target":{"@type":"EntryPoint","urlTemplate":"https:\/\/santapola.es\/ca\/?s={search_term_string}"},"query-input":{"@type":"PropertyValueSpecification","valueRequired":true,"valueName":"search_term_string"}}],"inLanguage":"ca"},{"@type":"Person","@id":"https:\/\/santapola.es\/ca\/#\/schema\/person\/ad1d67403707b58350c7be5e8dbc442d","name":"Jos\u00e9 Juan L\u00f3pez Lafuente"}]}},"_links":{"self":[{"href":"https:\/\/santapola.es\/ca\/wp-json\/wp\/v2\/posts\/38048","targetHints":{"allow":["GET"]}}],"collection":[{"href":"https:\/\/santapola.es\/ca\/wp-json\/wp\/v2\/posts"}],"about":[{"href":"https:\/\/santapola.es\/ca\/wp-json\/wp\/v2\/types\/post"}],"author":[{"embeddable":true,"href":"https:\/\/santapola.es\/ca\/wp-json\/wp\/v2\/users\/96"}],"replies":[{"embeddable":true,"href":"https:\/\/santapola.es\/ca\/wp-json\/wp\/v2\/comments?post=38048"}],"version-history":[{"count":0,"href":"https:\/\/santapola.es\/ca\/wp-json\/wp\/v2\/posts\/38048\/revisions"}],"wp:featuredmedia":[{"embeddable":true,"href":"https:\/\/santapola.es\/ca\/wp-json\/wp\/v2\/media\/38049"}],"wp:attachment":[{"href":"https:\/\/santapola.es\/ca\/wp-json\/wp\/v2\/media?parent=38048"}],"wp:term":[{"taxonomy":"category","embeddable":true,"href":"https:\/\/santapola.es\/ca\/wp-json\/wp\/v2\/categories?post=38048"},{"taxonomy":"post_tag","embeddable":true,"href":"https:\/\/santapola.es\/ca\/wp-json\/wp\/v2\/tags?post=38048"}],"curies":[{"name":"wp","href":"https:\/\/api.w.org\/{rel}","templated":true}]}}