{"id":37937,"date":"2024-07-04T13:15:17","date_gmt":"2024-07-04T11:15:17","guid":{"rendered":"https:\/\/santapola.es\/?p=37937"},"modified":"2024-07-04T13:16:44","modified_gmt":"2024-07-04T11:16:44","slug":"obert-el-termini-de-presentacio-dofertes-per-a-finalitzar-la-reforma-del-poliesportiu-paco-hernandez","status":"publish","type":"post","link":"https:\/\/santapola.es\/ca\/obert-el-termini-de-presentacio-dofertes-per-a-finalitzar-la-reforma-del-poliesportiu-paco-hernandez\/","title":{"rendered":"Obert el termini de presentaci\u00f3 d&#8217;ofertes per a finalitzar la reforma del poliesportiu Paco Hern\u00e1ndez"},"content":{"rendered":"<p><strong>Hui s&#8217;ha publicat en la plataforma de licitaci\u00f3 electr\u00f2nica el plec de condicions perqu\u00e8 les empreses interessades presenten abans del 24 de juliol oferixes per a la reforma del poliesportiu Paco Hern\u00e1ndez. El pressupost \u00e9s de 605.000 euros i la duraci\u00f3 estimada de sis mesos.<\/strong><\/p>\n<p>Ja est\u00e0 publicada en la plataforma de licitaci\u00f3 electr\u00f2nica de l&#8217;Ajuntament de Santa Pola la revisi\u00f3 del projecte de reordenaci\u00f3 i reforma del poliesportiu Paco Hern\u00e1ndez, que torna a eixir a licitaci\u00f3 despr\u00e9s que l&#8217;empresa adjudicat\u00e0ria en el primer proc\u00e9s renunciara fa uns mesos a finalitzar el treball.<\/p>\n<p>La data l\u00edmit de presentaci\u00f3 d&#8217;ofertes \u00e9s el 24 de juliol pr\u00f2xim i el preu de licitaci\u00f3 ascendix a 605.000 euros IVA incl\u00f2s, subvencionats parcialment per la Diputaci\u00f3 d&#8217;Alacant, i amb un termini d&#8217;execuci\u00f3 de sis mesos.<\/p>\n<p>Les actuals instal\u00b7lacions del poliesportiu Paco Hern\u00e1ndez es van construir en diverses fases des de l&#8217;any 1973 al 1985, i han patit diverses modificacions fins hui, per\u00f2 sempre conservant l&#8217;estructura de conjunt.<\/p>\n<p>El projecte consistix en la reforma parcial del poliesportiu en una superf\u00edcie de 2.374 m\u00b2, suprimint les seues dos pistes al sud, el recinte d&#8217;acc\u00e9s i la demolici\u00f3 de l&#8217;edifici central de servicis, per a redefinir els usos i el funcionament global del complex amb un nou edifici de vestuaris, lavabos p\u00fablics i consergeria. Tamb\u00e9 es reordenen les circulacions internes entre pistes i es constru\u00efx una pista m\u00faltiple de futbol sala i handbol amb dos pistes intercalades de b\u00e0squet i voleibol, preparades per a homologaci\u00f3 en les federacions corresponents a cada esport.<\/p>\n<p><strong>Suspensi\u00f3 per incompliment del contracte<\/strong><\/p>\n<p>Al maig de 2023 es van iniciar les obres de remodelaci\u00f3, despr\u00e9s de la seua oportuna licitaci\u00f3 i adjudicaci\u00f3. Despr\u00e9s d&#8217;un per\u00edode d&#8217;execuci\u00f3, van ser suspeses per incompliment dels terminis d&#8217;execuci\u00f3 per part de l&#8217;empresa adjudicat\u00e0ria, quedant l&#8217;obra parcialment executada nom\u00e9s amb la demolici\u00f3 de l&#8217;antic edifici de vestuaris i l&#8217;inici del nou bloc.<\/p>\n<p>Despr\u00e9s de la liquidaci\u00f3, els t\u00e8cnics redactors van revisar el projecte, consolidant l&#8217;obra executada i, fet el pas del temps des de la seua redacci\u00f3, van actualitzar els preus del pendent d&#8217;execuci\u00f3, sense modificaci\u00f3 o ampliaci\u00f3 respecte a la seua redacci\u00f3 original.<\/p>\n<p>Ara es torna a licitar perqu\u00e8 el poliesportiu Paco Hern\u00e1ndez puga mostrar el seu renovat aspecte i tornar a estar al servici dels nostres esportistes l&#8217;any vinent 2025.<\/p>\n","protected":false},"excerpt":{"rendered":"<p>Hui s&#8217;ha publicat en la plataforma de licitaci\u00f3 electr\u00f2nica el plec de condicions perqu\u00e8 les empreses interessades presenten abans del 24 de juliol oferixes per a la reforma del poliesportiu Paco Hern\u00e1ndez. El pressupost \u00e9s de 605.000 euros i la duraci\u00f3 estimada de sis mesos. Ja est\u00e0 publicada en la plataforma de licitaci\u00f3 electr\u00f2nica de [&hellip;]<\/p>\n","protected":false},"author":96,"featured_media":37935,"comment_status":"closed","ping_status":"closed","sticky":false,"template":"","format":"standard","meta":{"_et_pb_use_builder":"","_et_pb_old_content":"","_et_gb_content_width":"","footnotes":""},"categories":[439],"tags":[943],"class_list":["post-37937","post","type-post","status-publish","format-standard","has-post-thumbnail","hentry","category-esport","tag-poliesportiu-paco-hernandez"],"yoast_head":"<!-- This site is optimized with the Yoast SEO plugin v27.4 - https:\/\/yoast.com\/product\/yoast-seo-wordpress\/ -->\n<title>Obert el termini de presentaci\u00f3 d&#039;ofertes per a finalitzar la reforma del poliesportiu Paco Hern\u00e1ndez - Ajuntament de Santa Pola<\/title>\n<meta name=\"robots\" content=\"index, follow, max-snippet:-1, max-image-preview:large, max-video-preview:-1\" \/>\n<link rel=\"canonical\" href=\"https:\/\/santapola.es\/ca\/obert-el-termini-de-presentacio-dofertes-per-a-finalitzar-la-reforma-del-poliesportiu-paco-hernandez\/\" \/>\n<meta property=\"og:locale\" content=\"ca_ES\" \/>\n<meta property=\"og:type\" content=\"article\" \/>\n<meta property=\"og:title\" content=\"Obert el termini de presentaci\u00f3 d&#039;ofertes per a finalitzar la reforma del poliesportiu Paco Hern\u00e1ndez - Ajuntament de Santa Pola\" \/>\n<meta property=\"og:description\" content=\"Hui s&#8217;ha publicat en la plataforma de licitaci\u00f3 electr\u00f2nica el plec de condicions perqu\u00e8 les empreses interessades presenten abans del 24 de juliol oferixes per a la reforma del poliesportiu Paco Hern\u00e1ndez. El pressupost \u00e9s de 605.000 euros i la duraci\u00f3 estimada de sis mesos. Ja est\u00e0 publicada en la plataforma de licitaci\u00f3 electr\u00f2nica de [&hellip;]\" \/>\n<meta property=\"og:url\" content=\"https:\/\/santapola.es\/ca\/obert-el-termini-de-presentacio-dofertes-per-a-finalitzar-la-reforma-del-poliesportiu-paco-hernandez\/\" \/>\n<meta property=\"og:site_name\" content=\"Ajuntament de Santa Pola\" \/>\n<meta property=\"article:publisher\" content=\"https:\/\/www.facebook.com\/AyuntamientoSantaPola\/\" \/>\n<meta property=\"article:published_time\" content=\"2024-07-04T11:15:17+00:00\" \/>\n<meta property=\"article:modified_time\" content=\"2024-07-04T11:16:44+00:00\" \/>\n<meta property=\"og:image\" content=\"https:\/\/santapola.es\/wp-content\/uploads\/2024\/07\/Paco-Hernandez.jpg\" \/>\n\t<meta property=\"og:image:width\" content=\"1600\" \/>\n\t<meta property=\"og:image:height\" content=\"900\" \/>\n\t<meta property=\"og:image:type\" content=\"image\/jpeg\" \/>\n<meta name=\"author\" content=\"Jos\u00e9 Juan L\u00f3pez Lafuente\" \/>\n<meta name=\"twitter:card\" content=\"summary_large_image\" \/>\n<meta name=\"twitter:creator\" content=\"@SantaPolaAyunt\" \/>\n<meta name=\"twitter:site\" content=\"@SantaPolaAyunt\" \/>\n<script type=\"application\/ld+json\" class=\"yoast-schema-graph\">{\"@context\":\"https:\\\/\\\/schema.org\",\"@graph\":[{\"@type\":\"Article\",\"@id\":\"https:\\\/\\\/santapola.es\\\/ca\\\/obert-el-termini-de-presentacio-dofertes-per-a-finalitzar-la-reforma-del-poliesportiu-paco-hernandez\\\/#article\",\"isPartOf\":{\"@id\":\"https:\\\/\\\/santapola.es\\\/ca\\\/obert-el-termini-de-presentacio-dofertes-per-a-finalitzar-la-reforma-del-poliesportiu-paco-hernandez\\\/\"},\"author\":{\"name\":\"Jos\u00e9 Juan L\u00f3pez Lafuente\",\"@id\":\"https:\\\/\\\/santapola.es\\\/ca\\\/#\\\/schema\\\/person\\\/ad1d67403707b58350c7be5e8dbc442d\"},\"headline\":\"Obert el termini de presentaci\u00f3 d&#8217;ofertes per a finalitzar la reforma del poliesportiu Paco Hern\u00e1ndez\",\"datePublished\":\"2024-07-04T11:15:17+00:00\",\"dateModified\":\"2024-07-04T11:16:44+00:00\",\"mainEntityOfPage\":{\"@id\":\"https:\\\/\\\/santapola.es\\\/ca\\\/obert-el-termini-de-presentacio-dofertes-per-a-finalitzar-la-reforma-del-poliesportiu-paco-hernandez\\\/\"},\"wordCount\":437,\"image\":{\"@id\":\"https:\\\/\\\/santapola.es\\\/ca\\\/obert-el-termini-de-presentacio-dofertes-per-a-finalitzar-la-reforma-del-poliesportiu-paco-hernandez\\\/#primaryimage\"},\"thumbnailUrl\":\"https:\\\/\\\/santapola.es\\\/wp-content\\\/uploads\\\/2024\\\/07\\\/Paco-Hernandez.jpg\",\"keywords\":[\"Poliesportiu Paco Hern\u00e1ndez\"],\"articleSection\":[\"Esport\"],\"inLanguage\":\"ca\"},{\"@type\":\"WebPage\",\"@id\":\"https:\\\/\\\/santapola.es\\\/ca\\\/obert-el-termini-de-presentacio-dofertes-per-a-finalitzar-la-reforma-del-poliesportiu-paco-hernandez\\\/\",\"url\":\"https:\\\/\\\/santapola.es\\\/ca\\\/obert-el-termini-de-presentacio-dofertes-per-a-finalitzar-la-reforma-del-poliesportiu-paco-hernandez\\\/\",\"name\":\"Obert el termini de presentaci\u00f3 d'ofertes per a finalitzar la reforma del poliesportiu Paco Hern\u00e1ndez - Ajuntament de Santa Pola\",\"isPartOf\":{\"@id\":\"https:\\\/\\\/santapola.es\\\/ca\\\/#website\"},\"primaryImageOfPage\":{\"@id\":\"https:\\\/\\\/santapola.es\\\/ca\\\/obert-el-termini-de-presentacio-dofertes-per-a-finalitzar-la-reforma-del-poliesportiu-paco-hernandez\\\/#primaryimage\"},\"image\":{\"@id\":\"https:\\\/\\\/santapola.es\\\/ca\\\/obert-el-termini-de-presentacio-dofertes-per-a-finalitzar-la-reforma-del-poliesportiu-paco-hernandez\\\/#primaryimage\"},\"thumbnailUrl\":\"https:\\\/\\\/santapola.es\\\/wp-content\\\/uploads\\\/2024\\\/07\\\/Paco-Hernandez.jpg\",\"datePublished\":\"2024-07-04T11:15:17+00:00\",\"dateModified\":\"2024-07-04T11:16:44+00:00\",\"author\":{\"@id\":\"https:\\\/\\\/santapola.es\\\/ca\\\/#\\\/schema\\\/person\\\/ad1d67403707b58350c7be5e8dbc442d\"},\"breadcrumb\":{\"@id\":\"https:\\\/\\\/santapola.es\\\/ca\\\/obert-el-termini-de-presentacio-dofertes-per-a-finalitzar-la-reforma-del-poliesportiu-paco-hernandez\\\/#breadcrumb\"},\"inLanguage\":\"ca\",\"potentialAction\":[{\"@type\":\"ReadAction\",\"target\":[\"https:\\\/\\\/santapola.es\\\/ca\\\/obert-el-termini-de-presentacio-dofertes-per-a-finalitzar-la-reforma-del-poliesportiu-paco-hernandez\\\/\"]}]},{\"@type\":\"ImageObject\",\"inLanguage\":\"ca\",\"@id\":\"https:\\\/\\\/santapola.es\\\/ca\\\/obert-el-termini-de-presentacio-dofertes-per-a-finalitzar-la-reforma-del-poliesportiu-paco-hernandez\\\/#primaryimage\",\"url\":\"https:\\\/\\\/santapola.es\\\/wp-content\\\/uploads\\\/2024\\\/07\\\/Paco-Hernandez.jpg\",\"contentUrl\":\"https:\\\/\\\/santapola.es\\\/wp-content\\\/uploads\\\/2024\\\/07\\\/Paco-Hernandez.jpg\",\"width\":1600,\"height\":900},{\"@type\":\"BreadcrumbList\",\"@id\":\"https:\\\/\\\/santapola.es\\\/ca\\\/obert-el-termini-de-presentacio-dofertes-per-a-finalitzar-la-reforma-del-poliesportiu-paco-hernandez\\\/#breadcrumb\",\"itemListElement\":[{\"@type\":\"ListItem\",\"position\":1,\"name\":\"Inici\",\"item\":\"https:\\\/\\\/santapola.es\\\/ca\\\/\"},{\"@type\":\"ListItem\",\"position\":2,\"name\":\"Obert el termini de presentaci\u00f3 d&#8217;ofertes per a finalitzar la reforma del poliesportiu Paco Hern\u00e1ndez\"}]},{\"@type\":\"WebSite\",\"@id\":\"https:\\\/\\\/santapola.es\\\/ca\\\/#website\",\"url\":\"https:\\\/\\\/santapola.es\\\/ca\\\/\",\"name\":\"Ayuntamiento de Santa Pola\",\"description\":\"Web de l'Ajuntament de Santa Pola\",\"potentialAction\":[{\"@type\":\"SearchAction\",\"target\":{\"@type\":\"EntryPoint\",\"urlTemplate\":\"https:\\\/\\\/santapola.es\\\/ca\\\/?s={search_term_string}\"},\"query-input\":{\"@type\":\"PropertyValueSpecification\",\"valueRequired\":true,\"valueName\":\"search_term_string\"}}],\"inLanguage\":\"ca\"},{\"@type\":\"Person\",\"@id\":\"https:\\\/\\\/santapola.es\\\/ca\\\/#\\\/schema\\\/person\\\/ad1d67403707b58350c7be5e8dbc442d\",\"name\":\"Jos\u00e9 Juan L\u00f3pez Lafuente\"}]}<\/script>\n<!-- \/ Yoast SEO plugin. -->","yoast_head_json":{"title":"Obert el termini de presentaci\u00f3 d'ofertes per a finalitzar la reforma del poliesportiu Paco Hern\u00e1ndez - Ajuntament de Santa Pola","robots":{"index":"index","follow":"follow","max-snippet":"max-snippet:-1","max-image-preview":"max-image-preview:large","max-video-preview":"max-video-preview:-1"},"canonical":"https:\/\/santapola.es\/ca\/obert-el-termini-de-presentacio-dofertes-per-a-finalitzar-la-reforma-del-poliesportiu-paco-hernandez\/","og_locale":"ca_ES","og_type":"article","og_title":"Obert el termini de presentaci\u00f3 d'ofertes per a finalitzar la reforma del poliesportiu Paco Hern\u00e1ndez - Ajuntament de Santa Pola","og_description":"Hui s&#8217;ha publicat en la plataforma de licitaci\u00f3 electr\u00f2nica el plec de condicions perqu\u00e8 les empreses interessades presenten abans del 24 de juliol oferixes per a la reforma del poliesportiu Paco Hern\u00e1ndez. El pressupost \u00e9s de 605.000 euros i la duraci\u00f3 estimada de sis mesos. Ja est\u00e0 publicada en la plataforma de licitaci\u00f3 electr\u00f2nica de [&hellip;]","og_url":"https:\/\/santapola.es\/ca\/obert-el-termini-de-presentacio-dofertes-per-a-finalitzar-la-reforma-del-poliesportiu-paco-hernandez\/","og_site_name":"Ajuntament de Santa Pola","article_publisher":"https:\/\/www.facebook.com\/AyuntamientoSantaPola\/","article_published_time":"2024-07-04T11:15:17+00:00","article_modified_time":"2024-07-04T11:16:44+00:00","og_image":[{"width":1600,"height":900,"url":"https:\/\/santapola.es\/wp-content\/uploads\/2024\/07\/Paco-Hernandez.jpg","type":"image\/jpeg"}],"author":"Jos\u00e9 Juan L\u00f3pez Lafuente","twitter_card":"summary_large_image","twitter_creator":"@SantaPolaAyunt","twitter_site":"@SantaPolaAyunt","schema":{"@context":"https:\/\/schema.org","@graph":[{"@type":"Article","@id":"https:\/\/santapola.es\/ca\/obert-el-termini-de-presentacio-dofertes-per-a-finalitzar-la-reforma-del-poliesportiu-paco-hernandez\/#article","isPartOf":{"@id":"https:\/\/santapola.es\/ca\/obert-el-termini-de-presentacio-dofertes-per-a-finalitzar-la-reforma-del-poliesportiu-paco-hernandez\/"},"author":{"name":"Jos\u00e9 Juan L\u00f3pez Lafuente","@id":"https:\/\/santapola.es\/ca\/#\/schema\/person\/ad1d67403707b58350c7be5e8dbc442d"},"headline":"Obert el termini de presentaci\u00f3 d&#8217;ofertes per a finalitzar la reforma del poliesportiu Paco Hern\u00e1ndez","datePublished":"2024-07-04T11:15:17+00:00","dateModified":"2024-07-04T11:16:44+00:00","mainEntityOfPage":{"@id":"https:\/\/santapola.es\/ca\/obert-el-termini-de-presentacio-dofertes-per-a-finalitzar-la-reforma-del-poliesportiu-paco-hernandez\/"},"wordCount":437,"image":{"@id":"https:\/\/santapola.es\/ca\/obert-el-termini-de-presentacio-dofertes-per-a-finalitzar-la-reforma-del-poliesportiu-paco-hernandez\/#primaryimage"},"thumbnailUrl":"https:\/\/santapola.es\/wp-content\/uploads\/2024\/07\/Paco-Hernandez.jpg","keywords":["Poliesportiu Paco Hern\u00e1ndez"],"articleSection":["Esport"],"inLanguage":"ca"},{"@type":"WebPage","@id":"https:\/\/santapola.es\/ca\/obert-el-termini-de-presentacio-dofertes-per-a-finalitzar-la-reforma-del-poliesportiu-paco-hernandez\/","url":"https:\/\/santapola.es\/ca\/obert-el-termini-de-presentacio-dofertes-per-a-finalitzar-la-reforma-del-poliesportiu-paco-hernandez\/","name":"Obert el termini de presentaci\u00f3 d'ofertes per a finalitzar la reforma del poliesportiu Paco Hern\u00e1ndez - Ajuntament de Santa Pola","isPartOf":{"@id":"https:\/\/santapola.es\/ca\/#website"},"primaryImageOfPage":{"@id":"https:\/\/santapola.es\/ca\/obert-el-termini-de-presentacio-dofertes-per-a-finalitzar-la-reforma-del-poliesportiu-paco-hernandez\/#primaryimage"},"image":{"@id":"https:\/\/santapola.es\/ca\/obert-el-termini-de-presentacio-dofertes-per-a-finalitzar-la-reforma-del-poliesportiu-paco-hernandez\/#primaryimage"},"thumbnailUrl":"https:\/\/santapola.es\/wp-content\/uploads\/2024\/07\/Paco-Hernandez.jpg","datePublished":"2024-07-04T11:15:17+00:00","dateModified":"2024-07-04T11:16:44+00:00","author":{"@id":"https:\/\/santapola.es\/ca\/#\/schema\/person\/ad1d67403707b58350c7be5e8dbc442d"},"breadcrumb":{"@id":"https:\/\/santapola.es\/ca\/obert-el-termini-de-presentacio-dofertes-per-a-finalitzar-la-reforma-del-poliesportiu-paco-hernandez\/#breadcrumb"},"inLanguage":"ca","potentialAction":[{"@type":"ReadAction","target":["https:\/\/santapola.es\/ca\/obert-el-termini-de-presentacio-dofertes-per-a-finalitzar-la-reforma-del-poliesportiu-paco-hernandez\/"]}]},{"@type":"ImageObject","inLanguage":"ca","@id":"https:\/\/santapola.es\/ca\/obert-el-termini-de-presentacio-dofertes-per-a-finalitzar-la-reforma-del-poliesportiu-paco-hernandez\/#primaryimage","url":"https:\/\/santapola.es\/wp-content\/uploads\/2024\/07\/Paco-Hernandez.jpg","contentUrl":"https:\/\/santapola.es\/wp-content\/uploads\/2024\/07\/Paco-Hernandez.jpg","width":1600,"height":900},{"@type":"BreadcrumbList","@id":"https:\/\/santapola.es\/ca\/obert-el-termini-de-presentacio-dofertes-per-a-finalitzar-la-reforma-del-poliesportiu-paco-hernandez\/#breadcrumb","itemListElement":[{"@type":"ListItem","position":1,"name":"Inici","item":"https:\/\/santapola.es\/ca\/"},{"@type":"ListItem","position":2,"name":"Obert el termini de presentaci\u00f3 d&#8217;ofertes per a finalitzar la reforma del poliesportiu Paco Hern\u00e1ndez"}]},{"@type":"WebSite","@id":"https:\/\/santapola.es\/ca\/#website","url":"https:\/\/santapola.es\/ca\/","name":"Ayuntamiento de Santa Pola","description":"Web de l'Ajuntament de Santa Pola","potentialAction":[{"@type":"SearchAction","target":{"@type":"EntryPoint","urlTemplate":"https:\/\/santapola.es\/ca\/?s={search_term_string}"},"query-input":{"@type":"PropertyValueSpecification","valueRequired":true,"valueName":"search_term_string"}}],"inLanguage":"ca"},{"@type":"Person","@id":"https:\/\/santapola.es\/ca\/#\/schema\/person\/ad1d67403707b58350c7be5e8dbc442d","name":"Jos\u00e9 Juan L\u00f3pez Lafuente"}]}},"_links":{"self":[{"href":"https:\/\/santapola.es\/ca\/wp-json\/wp\/v2\/posts\/37937","targetHints":{"allow":["GET"]}}],"collection":[{"href":"https:\/\/santapola.es\/ca\/wp-json\/wp\/v2\/posts"}],"about":[{"href":"https:\/\/santapola.es\/ca\/wp-json\/wp\/v2\/types\/post"}],"author":[{"embeddable":true,"href":"https:\/\/santapola.es\/ca\/wp-json\/wp\/v2\/users\/96"}],"replies":[{"embeddable":true,"href":"https:\/\/santapola.es\/ca\/wp-json\/wp\/v2\/comments?post=37937"}],"version-history":[{"count":0,"href":"https:\/\/santapola.es\/ca\/wp-json\/wp\/v2\/posts\/37937\/revisions"}],"wp:featuredmedia":[{"embeddable":true,"href":"https:\/\/santapola.es\/ca\/wp-json\/wp\/v2\/media\/37935"}],"wp:attachment":[{"href":"https:\/\/santapola.es\/ca\/wp-json\/wp\/v2\/media?parent=37937"}],"wp:term":[{"taxonomy":"category","embeddable":true,"href":"https:\/\/santapola.es\/ca\/wp-json\/wp\/v2\/categories?post=37937"},{"taxonomy":"post_tag","embeddable":true,"href":"https:\/\/santapola.es\/ca\/wp-json\/wp\/v2\/tags?post=37937"}],"curies":[{"name":"wp","href":"https:\/\/api.w.org\/{rel}","templated":true}]}}