{"id":37693,"date":"2024-06-28T14:01:50","date_gmt":"2024-06-28T12:01:50","guid":{"rendered":"https:\/\/santapola.es\/?p=37693"},"modified":"2024-06-28T14:09:35","modified_gmt":"2024-06-28T12:09:35","slug":"variada-oferta-de-tallers-destiu-a-santa-pola-per-a-menors-entre-12-i-16-anys","status":"publish","type":"post","link":"https:\/\/santapola.es\/ca\/variada-oferta-de-tallers-destiu-a-santa-pola-per-a-menors-entre-12-i-16-anys\/","title":{"rendered":"Variada oferta de tallers d&#8217;estiu a Santa Pola per a menors entre 12 i 16 anys"},"content":{"rendered":"<p><strong>\u201cCampament urb\u00e0 juvenil\u201d, \u201cEstiu jove Urban&amp;Beach\u201d i \u201cWater Sports Santa Pola\u201d s\u00f3n les tres alternatives de tallers d&#8217;estiu per a joves finan\u00e7ades pel Pla Corresponsables.<\/strong><\/p>\n<p>Des de l&#8217;Ajuntament de Santa Pola s&#8217;oferixen tres programes d&#8217;estiu dirigits a adolescents de 12 a 16 anys: \u201cCampament urb\u00e0 juvenil\u201d, \u201cEstiu jove Urban&amp;Beach\u201d i \u201cWater Sports Santa Pola\u201d, adscrits a la subvenci\u00f3 del Pla Corresponsables que t\u00e9 com a objecte generar recursos per a la millora de la conciliaci\u00f3 de la vida personal, familiar i laboral. El programa \u00e9s finan\u00e7at amb c\u00e0rrec als fons rebuts del Ministeri d&#8217;Igualtat, Secretaria d&#8217;Estat d&#8217;Igualtat i contra la Viol\u00e8ncia de G\u00e8nere.<\/p>\n<p>Els tallers per a este estiu s\u00f3n molt variats: windsurf, caiac, paddlesurf, bigsup, tir amb arc, teatre, urban danse kpop, got *alent, tattoos henna, grafiti, parkour\/calistenia, dibuix pispa i lettering, creaci\u00f3 de contingut RRSS, disseny IA\/programaci\u00f3, circ i cuina creativa.<\/p>\n<p><strong>Requisits per a participar<\/strong><\/p>\n<p>Que el\/la menor tinga una edat compresa entre els 12 i els 16 anys i no requerisca de cures especials que excedisquen de la capacitat del servici, segons valoraci\u00f3 dels t\u00e8cnics\/as municipals.<\/p>\n<p>Que els menors residisquen i estiguen empadronats en el terme municipal de Santa Pola (Santa Pola i Gran Alacant)<\/p>\n<p>Que les fam\u00edlies tinguen necessitats de conciliaci\u00f3, entre altres, per motius :<\/p>\n<p>&#8211; Laborals.<\/p>\n<p>&#8211; Assist\u00e8ncia a programes formatius.<\/p>\n<p>&#8211; Desenvolupament d&#8217;accions de cerca activa d&#8217;ocupaci\u00f3.<\/p>\n<p>&#8211; Situacions excepcionals sobrevingudes (tractaments m\u00e8dics, malaltia greu, ju\u00eds, entrevistes professionals&#8230;).<\/p>\n<p>Les circumst\u00e0ncies assenyalades seran tingudes en compte per a prioritzar les sol\u00b7licituds d&#8217;inscripci\u00f3. No obstant aix\u00f2, no s\u00f3n excloents per a la participaci\u00f3 en el programa.<\/p>\n<p><strong>Horari<\/strong><\/p>\n<p>L&#8217;horari d&#8217;estes activitats ser\u00e0 de dilluns a divendres\u00a0 de 9.00 a 14.00 hores.<\/p>\n<p><strong>Ubicacions<\/strong><\/p>\n<p>Els Centres Corresponsables se situaran en centres municipals.<\/p>\n<p><strong>Tel\u00e8fon de contacte<\/strong><\/p>\n<p>661 54 46 25<\/p>\n<p><strong>Com accedir al servici?<\/strong><\/p>\n<p>Emplena la sol\u00b7licitud d&#8217;alta en el programa, que es podr\u00e0 obtindre des de la p\u00e0gina web de l&#8217;Ajuntament (https:\/\/santapola.es\/areas-municipales\/area-social) o presencialment en la segona planta del Centre C\u00edvic i Social.<\/p>\n<p>1.B. Presenta la sol\u00b7licitud emplenada i firmada, m\u00e9s els documents requerits, per alguna de les seg\u00fcents vies:<\/p>\n<p>-Seu Electr\u00f2nica de l&#8217;Ajuntament de Santa Pola (apartat Acci\u00f3 Social Aportaci\u00f3 de Documents Servicis Socials)<\/p>\n<p>-Registre d&#8217;entrada en la segona planta del Centre C\u00edvic i Social<\/p>\n<p>Prepara estos documents:<\/p>\n<p>&#8211; Sol\u00b7licitud d&#8217;alta en l&#8217;activitat.<\/p>\n<p>&#8211; Fotoc\u00f2pia del DNI del\/de la sol\u00b7licitant (mare\/pare\/tutor).<\/p>\n<p>&#8211; Fotoc\u00f2pia del Llibre de Fam\u00edlia o resoluci\u00f3 judicial o administrativa.<\/p>\n<p>&#8211; Contracte de treball o informe d&#8217;empresa que acredite la voluntat de contractaci\u00f3 on s&#8217;especifiquen horaris i dates.<\/p>\n<p>&#8211; Justificant d&#8217;admissi\u00f3 en activitat formativa on s&#8217;especifiquen horaris i dates.<\/p>\n<p>&#8211; Fotoc\u00f2pia de Targeta Sanit\u00e0ria (S.I.P.)<\/p>\n<p>Si \u00e9s el teu cas, has d&#8217;aportar:<\/p>\n<p>-T\u00edtol de Fam\u00edlia Nombrosa \/ Monoparental.<\/p>\n<p>-Fotoc\u00f2pia de sent\u00e8ncia de separaci\u00f3 i conveni regulador.<\/p>\n<p>-Resoluci\u00f3 del grau de discapacitat de qualsevol dels membres de la unitat familiar.<\/p>\n<p>-Informes m\u00e8dics del\/ de la menor si requerix una atenci\u00f3 especial.<\/p>\n","protected":false},"excerpt":{"rendered":"<p>\u201cCampament urb\u00e0 juvenil\u201d, \u201cEstiu jove Urban&amp;Beach\u201d i \u201cWater Sports Santa Pola\u201d s\u00f3n les tres alternatives de tallers d&#8217;estiu per a joves finan\u00e7ades pel Pla Corresponsables. Des de l&#8217;Ajuntament de Santa Pola s&#8217;oferixen tres programes d&#8217;estiu dirigits a adolescents de 12 a 16 anys: \u201cCampament urb\u00e0 juvenil\u201d, \u201cEstiu jove Urban&amp;Beach\u201d i \u201cWater Sports Santa Pola\u201d, adscrits [&hellip;]<\/p>\n","protected":false},"author":96,"featured_media":37691,"comment_status":"closed","ping_status":"closed","sticky":false,"template":"","format":"standard","meta":{"_et_pb_use_builder":"","_et_pb_old_content":"","_et_gb_content_width":"","footnotes":""},"categories":[452],"tags":[937],"class_list":["post-37693","post","type-post","status-publish","format-standard","has-post-thumbnail","hentry","category-serveis-socials","tag-tallers-destiu"],"yoast_head":"<!-- This site is optimized with the Yoast SEO plugin v27.4 - https:\/\/yoast.com\/product\/yoast-seo-wordpress\/ -->\n<title>Variada oferta de tallers d&#039;estiu a Santa Pola per a menors entre 12 i 16 anys - Ajuntament de Santa Pola<\/title>\n<meta name=\"robots\" content=\"index, follow, max-snippet:-1, max-image-preview:large, max-video-preview:-1\" \/>\n<link rel=\"canonical\" href=\"https:\/\/santapola.es\/ca\/variada-oferta-de-tallers-destiu-a-santa-pola-per-a-menors-entre-12-i-16-anys\/\" \/>\n<meta property=\"og:locale\" content=\"ca_ES\" \/>\n<meta property=\"og:type\" content=\"article\" \/>\n<meta property=\"og:title\" content=\"Variada oferta de tallers d&#039;estiu a Santa Pola per a menors entre 12 i 16 anys - Ajuntament de Santa Pola\" \/>\n<meta property=\"og:description\" content=\"\u201cCampament urb\u00e0 juvenil\u201d, \u201cEstiu jove Urban&amp;Beach\u201d i \u201cWater Sports Santa Pola\u201d s\u00f3n les tres alternatives de tallers d&#8217;estiu per a joves finan\u00e7ades pel Pla Corresponsables. Des de l&#8217;Ajuntament de Santa Pola s&#8217;oferixen tres programes d&#8217;estiu dirigits a adolescents de 12 a 16 anys: \u201cCampament urb\u00e0 juvenil\u201d, \u201cEstiu jove Urban&amp;Beach\u201d i \u201cWater Sports Santa Pola\u201d, adscrits [&hellip;]\" \/>\n<meta property=\"og:url\" content=\"https:\/\/santapola.es\/ca\/variada-oferta-de-tallers-destiu-a-santa-pola-per-a-menors-entre-12-i-16-anys\/\" \/>\n<meta property=\"og:site_name\" content=\"Ajuntament de Santa Pola\" \/>\n<meta property=\"article:publisher\" content=\"https:\/\/www.facebook.com\/AyuntamientoSantaPola\/\" \/>\n<meta property=\"article:published_time\" content=\"2024-06-28T12:01:50+00:00\" \/>\n<meta property=\"article:modified_time\" content=\"2024-06-28T12:09:35+00:00\" \/>\n<meta property=\"og:image\" content=\"https:\/\/santapola.es\/wp-content\/uploads\/2024\/06\/VERANO-JOVEN-URBAN-BEACH-SANTA-POLA-GRAN-ALACANT-2024-696x1024.jpg\" \/>\n\t<meta property=\"og:image:width\" content=\"696\" \/>\n\t<meta property=\"og:image:height\" content=\"1024\" \/>\n\t<meta property=\"og:image:type\" content=\"image\/jpeg\" \/>\n<meta name=\"author\" content=\"Jos\u00e9 Juan L\u00f3pez Lafuente\" \/>\n<meta name=\"twitter:card\" content=\"summary_large_image\" \/>\n<meta name=\"twitter:creator\" content=\"@SantaPolaAyunt\" \/>\n<meta name=\"twitter:site\" content=\"@SantaPolaAyunt\" \/>\n<script type=\"application\/ld+json\" class=\"yoast-schema-graph\">{\"@context\":\"https:\\\/\\\/schema.org\",\"@graph\":[{\"@type\":\"Article\",\"@id\":\"https:\\\/\\\/santapola.es\\\/ca\\\/variada-oferta-de-tallers-destiu-a-santa-pola-per-a-menors-entre-12-i-16-anys\\\/#article\",\"isPartOf\":{\"@id\":\"https:\\\/\\\/santapola.es\\\/ca\\\/variada-oferta-de-tallers-destiu-a-santa-pola-per-a-menors-entre-12-i-16-anys\\\/\"},\"author\":{\"name\":\"Jos\u00e9 Juan L\u00f3pez Lafuente\",\"@id\":\"https:\\\/\\\/santapola.es\\\/ca\\\/#\\\/schema\\\/person\\\/ad1d67403707b58350c7be5e8dbc442d\"},\"headline\":\"Variada oferta de tallers d&#8217;estiu a Santa Pola per a menors entre 12 i 16 anys\",\"datePublished\":\"2024-06-28T12:01:50+00:00\",\"dateModified\":\"2024-06-28T12:09:35+00:00\",\"mainEntityOfPage\":{\"@id\":\"https:\\\/\\\/santapola.es\\\/ca\\\/variada-oferta-de-tallers-destiu-a-santa-pola-per-a-menors-entre-12-i-16-anys\\\/\"},\"wordCount\":554,\"image\":{\"@id\":\"https:\\\/\\\/santapola.es\\\/ca\\\/variada-oferta-de-tallers-destiu-a-santa-pola-per-a-menors-entre-12-i-16-anys\\\/#primaryimage\"},\"thumbnailUrl\":\"https:\\\/\\\/santapola.es\\\/wp-content\\\/uploads\\\/2024\\\/06\\\/VERANO-JOVEN-URBAN-BEACH-SANTA-POLA-GRAN-ALACANT-2024.jpg\",\"keywords\":[\"tallers d'estiu\"],\"articleSection\":[\"Serveis Socials\"],\"inLanguage\":\"ca\"},{\"@type\":\"WebPage\",\"@id\":\"https:\\\/\\\/santapola.es\\\/ca\\\/variada-oferta-de-tallers-destiu-a-santa-pola-per-a-menors-entre-12-i-16-anys\\\/\",\"url\":\"https:\\\/\\\/santapola.es\\\/ca\\\/variada-oferta-de-tallers-destiu-a-santa-pola-per-a-menors-entre-12-i-16-anys\\\/\",\"name\":\"Variada oferta de tallers d'estiu a Santa Pola per a menors entre 12 i 16 anys - Ajuntament de Santa Pola\",\"isPartOf\":{\"@id\":\"https:\\\/\\\/santapola.es\\\/ca\\\/#website\"},\"primaryImageOfPage\":{\"@id\":\"https:\\\/\\\/santapola.es\\\/ca\\\/variada-oferta-de-tallers-destiu-a-santa-pola-per-a-menors-entre-12-i-16-anys\\\/#primaryimage\"},\"image\":{\"@id\":\"https:\\\/\\\/santapola.es\\\/ca\\\/variada-oferta-de-tallers-destiu-a-santa-pola-per-a-menors-entre-12-i-16-anys\\\/#primaryimage\"},\"thumbnailUrl\":\"https:\\\/\\\/santapola.es\\\/wp-content\\\/uploads\\\/2024\\\/06\\\/VERANO-JOVEN-URBAN-BEACH-SANTA-POLA-GRAN-ALACANT-2024.jpg\",\"datePublished\":\"2024-06-28T12:01:50+00:00\",\"dateModified\":\"2024-06-28T12:09:35+00:00\",\"author\":{\"@id\":\"https:\\\/\\\/santapola.es\\\/ca\\\/#\\\/schema\\\/person\\\/ad1d67403707b58350c7be5e8dbc442d\"},\"breadcrumb\":{\"@id\":\"https:\\\/\\\/santapola.es\\\/ca\\\/variada-oferta-de-tallers-destiu-a-santa-pola-per-a-menors-entre-12-i-16-anys\\\/#breadcrumb\"},\"inLanguage\":\"ca\",\"potentialAction\":[{\"@type\":\"ReadAction\",\"target\":[\"https:\\\/\\\/santapola.es\\\/ca\\\/variada-oferta-de-tallers-destiu-a-santa-pola-per-a-menors-entre-12-i-16-anys\\\/\"]}]},{\"@type\":\"ImageObject\",\"inLanguage\":\"ca\",\"@id\":\"https:\\\/\\\/santapola.es\\\/ca\\\/variada-oferta-de-tallers-destiu-a-santa-pola-per-a-menors-entre-12-i-16-anys\\\/#primaryimage\",\"url\":\"https:\\\/\\\/santapola.es\\\/wp-content\\\/uploads\\\/2024\\\/06\\\/VERANO-JOVEN-URBAN-BEACH-SANTA-POLA-GRAN-ALACANT-2024.jpg\",\"contentUrl\":\"https:\\\/\\\/santapola.es\\\/wp-content\\\/uploads\\\/2024\\\/06\\\/VERANO-JOVEN-URBAN-BEACH-SANTA-POLA-GRAN-ALACANT-2024.jpg\",\"width\":1275,\"height\":1875},{\"@type\":\"BreadcrumbList\",\"@id\":\"https:\\\/\\\/santapola.es\\\/ca\\\/variada-oferta-de-tallers-destiu-a-santa-pola-per-a-menors-entre-12-i-16-anys\\\/#breadcrumb\",\"itemListElement\":[{\"@type\":\"ListItem\",\"position\":1,\"name\":\"Inici\",\"item\":\"https:\\\/\\\/santapola.es\\\/ca\\\/\"},{\"@type\":\"ListItem\",\"position\":2,\"name\":\"Variada oferta de tallers d&#8217;estiu a Santa Pola per a menors entre 12 i 16 anys\"}]},{\"@type\":\"WebSite\",\"@id\":\"https:\\\/\\\/santapola.es\\\/ca\\\/#website\",\"url\":\"https:\\\/\\\/santapola.es\\\/ca\\\/\",\"name\":\"Ayuntamiento de Santa Pola\",\"description\":\"Web de l'Ajuntament de Santa Pola\",\"potentialAction\":[{\"@type\":\"SearchAction\",\"target\":{\"@type\":\"EntryPoint\",\"urlTemplate\":\"https:\\\/\\\/santapola.es\\\/ca\\\/?s={search_term_string}\"},\"query-input\":{\"@type\":\"PropertyValueSpecification\",\"valueRequired\":true,\"valueName\":\"search_term_string\"}}],\"inLanguage\":\"ca\"},{\"@type\":\"Person\",\"@id\":\"https:\\\/\\\/santapola.es\\\/ca\\\/#\\\/schema\\\/person\\\/ad1d67403707b58350c7be5e8dbc442d\",\"name\":\"Jos\u00e9 Juan L\u00f3pez Lafuente\"}]}<\/script>\n<!-- \/ Yoast SEO plugin. -->","yoast_head_json":{"title":"Variada oferta de tallers d'estiu a Santa Pola per a menors entre 12 i 16 anys - Ajuntament de Santa Pola","robots":{"index":"index","follow":"follow","max-snippet":"max-snippet:-1","max-image-preview":"max-image-preview:large","max-video-preview":"max-video-preview:-1"},"canonical":"https:\/\/santapola.es\/ca\/variada-oferta-de-tallers-destiu-a-santa-pola-per-a-menors-entre-12-i-16-anys\/","og_locale":"ca_ES","og_type":"article","og_title":"Variada oferta de tallers d'estiu a Santa Pola per a menors entre 12 i 16 anys - Ajuntament de Santa Pola","og_description":"\u201cCampament urb\u00e0 juvenil\u201d, \u201cEstiu jove Urban&amp;Beach\u201d i \u201cWater Sports Santa Pola\u201d s\u00f3n les tres alternatives de tallers d&#8217;estiu per a joves finan\u00e7ades pel Pla Corresponsables. Des de l&#8217;Ajuntament de Santa Pola s&#8217;oferixen tres programes d&#8217;estiu dirigits a adolescents de 12 a 16 anys: \u201cCampament urb\u00e0 juvenil\u201d, \u201cEstiu jove Urban&amp;Beach\u201d i \u201cWater Sports Santa Pola\u201d, adscrits [&hellip;]","og_url":"https:\/\/santapola.es\/ca\/variada-oferta-de-tallers-destiu-a-santa-pola-per-a-menors-entre-12-i-16-anys\/","og_site_name":"Ajuntament de Santa Pola","article_publisher":"https:\/\/www.facebook.com\/AyuntamientoSantaPola\/","article_published_time":"2024-06-28T12:01:50+00:00","article_modified_time":"2024-06-28T12:09:35+00:00","og_image":[{"width":696,"height":1024,"url":"https:\/\/santapola.es\/wp-content\/uploads\/2024\/06\/VERANO-JOVEN-URBAN-BEACH-SANTA-POLA-GRAN-ALACANT-2024-696x1024.jpg","type":"image\/jpeg"}],"author":"Jos\u00e9 Juan L\u00f3pez Lafuente","twitter_card":"summary_large_image","twitter_creator":"@SantaPolaAyunt","twitter_site":"@SantaPolaAyunt","schema":{"@context":"https:\/\/schema.org","@graph":[{"@type":"Article","@id":"https:\/\/santapola.es\/ca\/variada-oferta-de-tallers-destiu-a-santa-pola-per-a-menors-entre-12-i-16-anys\/#article","isPartOf":{"@id":"https:\/\/santapola.es\/ca\/variada-oferta-de-tallers-destiu-a-santa-pola-per-a-menors-entre-12-i-16-anys\/"},"author":{"name":"Jos\u00e9 Juan L\u00f3pez Lafuente","@id":"https:\/\/santapola.es\/ca\/#\/schema\/person\/ad1d67403707b58350c7be5e8dbc442d"},"headline":"Variada oferta de tallers d&#8217;estiu a Santa Pola per a menors entre 12 i 16 anys","datePublished":"2024-06-28T12:01:50+00:00","dateModified":"2024-06-28T12:09:35+00:00","mainEntityOfPage":{"@id":"https:\/\/santapola.es\/ca\/variada-oferta-de-tallers-destiu-a-santa-pola-per-a-menors-entre-12-i-16-anys\/"},"wordCount":554,"image":{"@id":"https:\/\/santapola.es\/ca\/variada-oferta-de-tallers-destiu-a-santa-pola-per-a-menors-entre-12-i-16-anys\/#primaryimage"},"thumbnailUrl":"https:\/\/santapola.es\/wp-content\/uploads\/2024\/06\/VERANO-JOVEN-URBAN-BEACH-SANTA-POLA-GRAN-ALACANT-2024.jpg","keywords":["tallers d'estiu"],"articleSection":["Serveis Socials"],"inLanguage":"ca"},{"@type":"WebPage","@id":"https:\/\/santapola.es\/ca\/variada-oferta-de-tallers-destiu-a-santa-pola-per-a-menors-entre-12-i-16-anys\/","url":"https:\/\/santapola.es\/ca\/variada-oferta-de-tallers-destiu-a-santa-pola-per-a-menors-entre-12-i-16-anys\/","name":"Variada oferta de tallers d'estiu a Santa Pola per a menors entre 12 i 16 anys - Ajuntament de Santa Pola","isPartOf":{"@id":"https:\/\/santapola.es\/ca\/#website"},"primaryImageOfPage":{"@id":"https:\/\/santapola.es\/ca\/variada-oferta-de-tallers-destiu-a-santa-pola-per-a-menors-entre-12-i-16-anys\/#primaryimage"},"image":{"@id":"https:\/\/santapola.es\/ca\/variada-oferta-de-tallers-destiu-a-santa-pola-per-a-menors-entre-12-i-16-anys\/#primaryimage"},"thumbnailUrl":"https:\/\/santapola.es\/wp-content\/uploads\/2024\/06\/VERANO-JOVEN-URBAN-BEACH-SANTA-POLA-GRAN-ALACANT-2024.jpg","datePublished":"2024-06-28T12:01:50+00:00","dateModified":"2024-06-28T12:09:35+00:00","author":{"@id":"https:\/\/santapola.es\/ca\/#\/schema\/person\/ad1d67403707b58350c7be5e8dbc442d"},"breadcrumb":{"@id":"https:\/\/santapola.es\/ca\/variada-oferta-de-tallers-destiu-a-santa-pola-per-a-menors-entre-12-i-16-anys\/#breadcrumb"},"inLanguage":"ca","potentialAction":[{"@type":"ReadAction","target":["https:\/\/santapola.es\/ca\/variada-oferta-de-tallers-destiu-a-santa-pola-per-a-menors-entre-12-i-16-anys\/"]}]},{"@type":"ImageObject","inLanguage":"ca","@id":"https:\/\/santapola.es\/ca\/variada-oferta-de-tallers-destiu-a-santa-pola-per-a-menors-entre-12-i-16-anys\/#primaryimage","url":"https:\/\/santapola.es\/wp-content\/uploads\/2024\/06\/VERANO-JOVEN-URBAN-BEACH-SANTA-POLA-GRAN-ALACANT-2024.jpg","contentUrl":"https:\/\/santapola.es\/wp-content\/uploads\/2024\/06\/VERANO-JOVEN-URBAN-BEACH-SANTA-POLA-GRAN-ALACANT-2024.jpg","width":1275,"height":1875},{"@type":"BreadcrumbList","@id":"https:\/\/santapola.es\/ca\/variada-oferta-de-tallers-destiu-a-santa-pola-per-a-menors-entre-12-i-16-anys\/#breadcrumb","itemListElement":[{"@type":"ListItem","position":1,"name":"Inici","item":"https:\/\/santapola.es\/ca\/"},{"@type":"ListItem","position":2,"name":"Variada oferta de tallers d&#8217;estiu a Santa Pola per a menors entre 12 i 16 anys"}]},{"@type":"WebSite","@id":"https:\/\/santapola.es\/ca\/#website","url":"https:\/\/santapola.es\/ca\/","name":"Ayuntamiento de Santa Pola","description":"Web de l'Ajuntament de Santa Pola","potentialAction":[{"@type":"SearchAction","target":{"@type":"EntryPoint","urlTemplate":"https:\/\/santapola.es\/ca\/?s={search_term_string}"},"query-input":{"@type":"PropertyValueSpecification","valueRequired":true,"valueName":"search_term_string"}}],"inLanguage":"ca"},{"@type":"Person","@id":"https:\/\/santapola.es\/ca\/#\/schema\/person\/ad1d67403707b58350c7be5e8dbc442d","name":"Jos\u00e9 Juan L\u00f3pez Lafuente"}]}},"_links":{"self":[{"href":"https:\/\/santapola.es\/ca\/wp-json\/wp\/v2\/posts\/37693","targetHints":{"allow":["GET"]}}],"collection":[{"href":"https:\/\/santapola.es\/ca\/wp-json\/wp\/v2\/posts"}],"about":[{"href":"https:\/\/santapola.es\/ca\/wp-json\/wp\/v2\/types\/post"}],"author":[{"embeddable":true,"href":"https:\/\/santapola.es\/ca\/wp-json\/wp\/v2\/users\/96"}],"replies":[{"embeddable":true,"href":"https:\/\/santapola.es\/ca\/wp-json\/wp\/v2\/comments?post=37693"}],"version-history":[{"count":0,"href":"https:\/\/santapola.es\/ca\/wp-json\/wp\/v2\/posts\/37693\/revisions"}],"wp:featuredmedia":[{"embeddable":true,"href":"https:\/\/santapola.es\/ca\/wp-json\/wp\/v2\/media\/37691"}],"wp:attachment":[{"href":"https:\/\/santapola.es\/ca\/wp-json\/wp\/v2\/media?parent=37693"}],"wp:term":[{"taxonomy":"category","embeddable":true,"href":"https:\/\/santapola.es\/ca\/wp-json\/wp\/v2\/categories?post=37693"},{"taxonomy":"post_tag","embeddable":true,"href":"https:\/\/santapola.es\/ca\/wp-json\/wp\/v2\/tags?post=37693"}],"curies":[{"name":"wp","href":"https:\/\/api.w.org\/{rel}","templated":true}]}}