{"id":37667,"date":"2024-06-28T11:28:59","date_gmt":"2024-06-28T09:28:59","guid":{"rendered":"https:\/\/santapola.es\/?p=37667"},"modified":"2024-06-28T11:37:15","modified_gmt":"2024-06-28T09:37:15","slug":"el-pla-destiu-sanitat-santa-pola-reforcara-les-urgencies-en-el-centre-de-salut","status":"publish","type":"post","link":"https:\/\/santapola.es\/ca\/el-pla-destiu-sanitat-santa-pola-reforcara-les-urgencies-en-el-centre-de-salut\/","title":{"rendered":"Sanitat refor\u00e7ar\u00e0 les urg\u00e8ncies en el centre de salut de Santa Pola este estiu"},"content":{"rendered":"<p><strong>-El CSI Santa Pola \u00e9s l&#8217;\u00fanic del departament que obrir\u00e0 24 hores.<\/strong><\/p>\n<p><strong>-Hi haur\u00e0 consultes a les vesprades nom\u00e9s per a cites programades d&#8217;assist\u00e8ncia cr\u00f2nica.<\/strong><\/p>\n<p><strong>-La Casa de la Mar atendr\u00e0 matins amb metge i pediatre i vesprades amb metge.<\/strong><\/p>\n<p><strong>-El consultori de Gran Alacant atendr\u00e0 als matins i el de Platja Llisa est\u00e0 pendent de trobar facultatius.<\/strong><\/p>\n<p><strong>-Una unitat SAMU prestar\u00e0 servici 24 hores de l&#8217;1 de juliol al 9 de setembre.<\/strong><\/p>\n<p>El regidor de Sanitat ha explicat quins seran els detalls del \u201cPla d&#8217;Estiu Sanitat Santa Pola\u201d que es posa en marxa a partir del pr\u00f2xim dilluns 1 de juliol. Segons Borja Merino, \u201ceste estiu tots els centres i consultoris del departament 20 d&#8217;Elx tanquen a les vesprades. \u2060L&#8217;\u00fanic refor\u00e7 que es posar\u00e0 \u00e9s a Santa Pola per a les urg\u00e8ncies (PAC) al mat\u00ed, mentres que a la vesprada ja hi ha adjunts i residents.<\/p>\n<p>Quant a les consultes a la vesprada en el Centre de Salut de Santa Pola, no seran tots els dies ni per a tothom. Seran consultes programades i nom\u00e9s tindr\u00e0 acc\u00e9s al centre qui tinga cita. \u00c9s una manera de refor\u00e7ar l&#8217;assist\u00e8ncia programada en el Centre de Salut per a no minvar l&#8217;assist\u00e8ncia cr\u00f2nica dels santapolers. El PAC (Urg\u00e8ncies) de Santa Pola \u00e9s l&#8217;\u00fanic de tot el departament que obri 24 hores, a difer\u00e8ncia de L&#8217;Altet i Altabix que obrin fins a les 15.00.<\/p>\n<p><strong>Casa de la Mar<\/strong><\/p>\n<p>Pel que respecta als consultoris d&#8217;estiu, \u201cles \u00faniques contractacions s\u00f3n per a obrir el consultori de la Casa de la Mar a partir de l&#8217;1 de juliol i fins al 30 de setembre. Durant juliol i agost estar\u00e0 obert mat\u00ed i vesprada, amb pres\u00e8ncia d&#8217;un metge i un pediatre al mat\u00ed i amb un metge a la vesprada. Al setembre obrir\u00e0 nom\u00e9s al mat\u00ed, amb metge i pediatre\u201d.<\/p>\n<p>Merino ha afegit que \u201cl&#8217;obertura del consultori de Platja Llisa encara no est\u00e0 confirmada. Hi ha diversos professionals interessats per\u00f2 no han confirmat la seua disponibilitat per a comen\u00e7ar a treballar. Per tant, de moment estar\u00e0 tancat fins a una altra orde\u201d.<\/p>\n<p><strong>Gran Alacant<\/strong><\/p>\n<p>El regidor de Sanitat ha informat que \u201cel consultori de \u2060Gran Alacant no obrir\u00e0 a les vesprades. No obstant aix\u00f2 la conselleria disposa de partida pressupost\u00e0ria i els m\u00f2duls d&#8217;activitat estan aprovats per si fora necessari, i sempre que existisca disponibilitat de personal es podrien habilitar consultes a la vesprada per a assist\u00e8ncia programada. Els ve\u00efns de Gran Alacant disposaran de dos punts d&#8217;assist\u00e8ncia urgent pr\u00f2xims, com s\u00f3n L&#8217;Altet i Santa Pola, este \u00faltim obert 24 hores\u201d.<\/p>\n<p>A m\u00e9s cal recordar que una ambul\u00e0ncia SAMU tindr\u00e0 la seua base en la comissaria de la Policia Local de Santa Pola des de l&#8217;1 de juliol fins al 9 de setembre per a donar servici a la nostra ciutat durant la temporada estival.<\/p>\n","protected":false},"excerpt":{"rendered":"<p>-El CSI Santa Pola \u00e9s l&#8217;\u00fanic del departament que obrir\u00e0 24 hores. -Hi haur\u00e0 consultes a les vesprades nom\u00e9s per a cites programades d&#8217;assist\u00e8ncia cr\u00f2nica. -La Casa de la Mar atendr\u00e0 matins amb metge i pediatre i vesprades amb metge. -El consultori de Gran Alacant atendr\u00e0 als matins i el de Platja Llisa est\u00e0 pendent [&hellip;]<\/p>\n","protected":false},"author":96,"featured_media":37665,"comment_status":"closed","ping_status":"closed","sticky":false,"template":"","format":"standard","meta":{"_et_pb_use_builder":"","_et_pb_old_content":"","_et_gb_content_width":"","footnotes":""},"categories":[649],"tags":[582,933],"class_list":["post-37667","post","type-post","status-publish","format-standard","has-post-thumbnail","hentry","category-sanitat","tag-borja-merino-ca","tag-centre-de-salut"],"yoast_head":"<!-- This site is optimized with the Yoast SEO plugin v27.4 - https:\/\/yoast.com\/product\/yoast-seo-wordpress\/ -->\n<title>Sanitat refor\u00e7ar\u00e0 les urg\u00e8ncies en el centre de salut de Santa Pola este estiu - Ajuntament de Santa Pola<\/title>\n<meta name=\"robots\" content=\"index, follow, max-snippet:-1, max-image-preview:large, max-video-preview:-1\" \/>\n<link rel=\"canonical\" href=\"https:\/\/santapola.es\/ca\/el-pla-destiu-sanitat-santa-pola-reforcara-les-urgencies-en-el-centre-de-salut\/\" \/>\n<meta property=\"og:locale\" content=\"ca_ES\" \/>\n<meta property=\"og:type\" content=\"article\" \/>\n<meta property=\"og:title\" content=\"Sanitat refor\u00e7ar\u00e0 les urg\u00e8ncies en el centre de salut de Santa Pola este estiu - Ajuntament de Santa Pola\" \/>\n<meta property=\"og:description\" content=\"-El CSI Santa Pola \u00e9s l&#8217;\u00fanic del departament que obrir\u00e0 24 hores. -Hi haur\u00e0 consultes a les vesprades nom\u00e9s per a cites programades d&#8217;assist\u00e8ncia cr\u00f2nica. -La Casa de la Mar atendr\u00e0 matins amb metge i pediatre i vesprades amb metge. -El consultori de Gran Alacant atendr\u00e0 als matins i el de Platja Llisa est\u00e0 pendent [&hellip;]\" \/>\n<meta property=\"og:url\" content=\"https:\/\/santapola.es\/ca\/el-pla-destiu-sanitat-santa-pola-reforcara-les-urgencies-en-el-centre-de-salut\/\" \/>\n<meta property=\"og:site_name\" content=\"Ajuntament de Santa Pola\" \/>\n<meta property=\"article:publisher\" content=\"https:\/\/www.facebook.com\/AyuntamientoSantaPola\/\" \/>\n<meta property=\"article:published_time\" content=\"2024-06-28T09:28:59+00:00\" \/>\n<meta property=\"article:modified_time\" content=\"2024-06-28T09:37:15+00:00\" \/>\n<meta property=\"og:image\" content=\"https:\/\/santapola.es\/wp-content\/uploads\/2024\/06\/2024-06-28-centro-de-salud-Santa-Pola.jpeg\" \/>\n\t<meta property=\"og:image:width\" content=\"1920\" \/>\n\t<meta property=\"og:image:height\" content=\"1440\" \/>\n\t<meta property=\"og:image:type\" content=\"image\/jpeg\" \/>\n<meta name=\"author\" content=\"Jos\u00e9 Juan L\u00f3pez Lafuente\" \/>\n<meta name=\"twitter:card\" content=\"summary_large_image\" \/>\n<meta name=\"twitter:creator\" content=\"@SantaPolaAyunt\" \/>\n<meta name=\"twitter:site\" content=\"@SantaPolaAyunt\" \/>\n<script type=\"application\/ld+json\" class=\"yoast-schema-graph\">{\"@context\":\"https:\\\/\\\/schema.org\",\"@graph\":[{\"@type\":\"Article\",\"@id\":\"https:\\\/\\\/santapola.es\\\/ca\\\/el-pla-destiu-sanitat-santa-pola-reforcara-les-urgencies-en-el-centre-de-salut\\\/#article\",\"isPartOf\":{\"@id\":\"https:\\\/\\\/santapola.es\\\/ca\\\/el-pla-destiu-sanitat-santa-pola-reforcara-les-urgencies-en-el-centre-de-salut\\\/\"},\"author\":{\"name\":\"Jos\u00e9 Juan L\u00f3pez Lafuente\",\"@id\":\"https:\\\/\\\/santapola.es\\\/ca\\\/#\\\/schema\\\/person\\\/ad1d67403707b58350c7be5e8dbc442d\"},\"headline\":\"Sanitat refor\u00e7ar\u00e0 les urg\u00e8ncies en el centre de salut de Santa Pola este estiu\",\"datePublished\":\"2024-06-28T09:28:59+00:00\",\"dateModified\":\"2024-06-28T09:37:15+00:00\",\"mainEntityOfPage\":{\"@id\":\"https:\\\/\\\/santapola.es\\\/ca\\\/el-pla-destiu-sanitat-santa-pola-reforcara-les-urgencies-en-el-centre-de-salut\\\/\"},\"wordCount\":515,\"image\":{\"@id\":\"https:\\\/\\\/santapola.es\\\/ca\\\/el-pla-destiu-sanitat-santa-pola-reforcara-les-urgencies-en-el-centre-de-salut\\\/#primaryimage\"},\"thumbnailUrl\":\"https:\\\/\\\/santapola.es\\\/wp-content\\\/uploads\\\/2024\\\/06\\\/2024-06-28-centro-de-salud-Santa-Pola.jpeg\",\"keywords\":[\"Borja Merino\",\"Centre de salut\"],\"articleSection\":[\"Sanitat\"],\"inLanguage\":\"ca\"},{\"@type\":\"WebPage\",\"@id\":\"https:\\\/\\\/santapola.es\\\/ca\\\/el-pla-destiu-sanitat-santa-pola-reforcara-les-urgencies-en-el-centre-de-salut\\\/\",\"url\":\"https:\\\/\\\/santapola.es\\\/ca\\\/el-pla-destiu-sanitat-santa-pola-reforcara-les-urgencies-en-el-centre-de-salut\\\/\",\"name\":\"Sanitat refor\u00e7ar\u00e0 les urg\u00e8ncies en el centre de salut de Santa Pola este estiu - Ajuntament de Santa Pola\",\"isPartOf\":{\"@id\":\"https:\\\/\\\/santapola.es\\\/ca\\\/#website\"},\"primaryImageOfPage\":{\"@id\":\"https:\\\/\\\/santapola.es\\\/ca\\\/el-pla-destiu-sanitat-santa-pola-reforcara-les-urgencies-en-el-centre-de-salut\\\/#primaryimage\"},\"image\":{\"@id\":\"https:\\\/\\\/santapola.es\\\/ca\\\/el-pla-destiu-sanitat-santa-pola-reforcara-les-urgencies-en-el-centre-de-salut\\\/#primaryimage\"},\"thumbnailUrl\":\"https:\\\/\\\/santapola.es\\\/wp-content\\\/uploads\\\/2024\\\/06\\\/2024-06-28-centro-de-salud-Santa-Pola.jpeg\",\"datePublished\":\"2024-06-28T09:28:59+00:00\",\"dateModified\":\"2024-06-28T09:37:15+00:00\",\"author\":{\"@id\":\"https:\\\/\\\/santapola.es\\\/ca\\\/#\\\/schema\\\/person\\\/ad1d67403707b58350c7be5e8dbc442d\"},\"breadcrumb\":{\"@id\":\"https:\\\/\\\/santapola.es\\\/ca\\\/el-pla-destiu-sanitat-santa-pola-reforcara-les-urgencies-en-el-centre-de-salut\\\/#breadcrumb\"},\"inLanguage\":\"ca\",\"potentialAction\":[{\"@type\":\"ReadAction\",\"target\":[\"https:\\\/\\\/santapola.es\\\/ca\\\/el-pla-destiu-sanitat-santa-pola-reforcara-les-urgencies-en-el-centre-de-salut\\\/\"]}]},{\"@type\":\"ImageObject\",\"inLanguage\":\"ca\",\"@id\":\"https:\\\/\\\/santapola.es\\\/ca\\\/el-pla-destiu-sanitat-santa-pola-reforcara-les-urgencies-en-el-centre-de-salut\\\/#primaryimage\",\"url\":\"https:\\\/\\\/santapola.es\\\/wp-content\\\/uploads\\\/2024\\\/06\\\/2024-06-28-centro-de-salud-Santa-Pola.jpeg\",\"contentUrl\":\"https:\\\/\\\/santapola.es\\\/wp-content\\\/uploads\\\/2024\\\/06\\\/2024-06-28-centro-de-salud-Santa-Pola.jpeg\",\"width\":1920,\"height\":1440},{\"@type\":\"BreadcrumbList\",\"@id\":\"https:\\\/\\\/santapola.es\\\/ca\\\/el-pla-destiu-sanitat-santa-pola-reforcara-les-urgencies-en-el-centre-de-salut\\\/#breadcrumb\",\"itemListElement\":[{\"@type\":\"ListItem\",\"position\":1,\"name\":\"Inici\",\"item\":\"https:\\\/\\\/santapola.es\\\/ca\\\/\"},{\"@type\":\"ListItem\",\"position\":2,\"name\":\"Sanitat refor\u00e7ar\u00e0 les urg\u00e8ncies en el centre de salut de Santa Pola este estiu\"}]},{\"@type\":\"WebSite\",\"@id\":\"https:\\\/\\\/santapola.es\\\/ca\\\/#website\",\"url\":\"https:\\\/\\\/santapola.es\\\/ca\\\/\",\"name\":\"Ayuntamiento de Santa Pola\",\"description\":\"Web de l'Ajuntament de Santa Pola\",\"potentialAction\":[{\"@type\":\"SearchAction\",\"target\":{\"@type\":\"EntryPoint\",\"urlTemplate\":\"https:\\\/\\\/santapola.es\\\/ca\\\/?s={search_term_string}\"},\"query-input\":{\"@type\":\"PropertyValueSpecification\",\"valueRequired\":true,\"valueName\":\"search_term_string\"}}],\"inLanguage\":\"ca\"},{\"@type\":\"Person\",\"@id\":\"https:\\\/\\\/santapola.es\\\/ca\\\/#\\\/schema\\\/person\\\/ad1d67403707b58350c7be5e8dbc442d\",\"name\":\"Jos\u00e9 Juan L\u00f3pez Lafuente\"}]}<\/script>\n<!-- \/ Yoast SEO plugin. -->","yoast_head_json":{"title":"Sanitat refor\u00e7ar\u00e0 les urg\u00e8ncies en el centre de salut de Santa Pola este estiu - Ajuntament de Santa Pola","robots":{"index":"index","follow":"follow","max-snippet":"max-snippet:-1","max-image-preview":"max-image-preview:large","max-video-preview":"max-video-preview:-1"},"canonical":"https:\/\/santapola.es\/ca\/el-pla-destiu-sanitat-santa-pola-reforcara-les-urgencies-en-el-centre-de-salut\/","og_locale":"ca_ES","og_type":"article","og_title":"Sanitat refor\u00e7ar\u00e0 les urg\u00e8ncies en el centre de salut de Santa Pola este estiu - Ajuntament de Santa Pola","og_description":"-El CSI Santa Pola \u00e9s l&#8217;\u00fanic del departament que obrir\u00e0 24 hores. -Hi haur\u00e0 consultes a les vesprades nom\u00e9s per a cites programades d&#8217;assist\u00e8ncia cr\u00f2nica. -La Casa de la Mar atendr\u00e0 matins amb metge i pediatre i vesprades amb metge. -El consultori de Gran Alacant atendr\u00e0 als matins i el de Platja Llisa est\u00e0 pendent [&hellip;]","og_url":"https:\/\/santapola.es\/ca\/el-pla-destiu-sanitat-santa-pola-reforcara-les-urgencies-en-el-centre-de-salut\/","og_site_name":"Ajuntament de Santa Pola","article_publisher":"https:\/\/www.facebook.com\/AyuntamientoSantaPola\/","article_published_time":"2024-06-28T09:28:59+00:00","article_modified_time":"2024-06-28T09:37:15+00:00","og_image":[{"width":1920,"height":1440,"url":"https:\/\/santapola.es\/wp-content\/uploads\/2024\/06\/2024-06-28-centro-de-salud-Santa-Pola.jpeg","type":"image\/jpeg"}],"author":"Jos\u00e9 Juan L\u00f3pez Lafuente","twitter_card":"summary_large_image","twitter_creator":"@SantaPolaAyunt","twitter_site":"@SantaPolaAyunt","schema":{"@context":"https:\/\/schema.org","@graph":[{"@type":"Article","@id":"https:\/\/santapola.es\/ca\/el-pla-destiu-sanitat-santa-pola-reforcara-les-urgencies-en-el-centre-de-salut\/#article","isPartOf":{"@id":"https:\/\/santapola.es\/ca\/el-pla-destiu-sanitat-santa-pola-reforcara-les-urgencies-en-el-centre-de-salut\/"},"author":{"name":"Jos\u00e9 Juan L\u00f3pez Lafuente","@id":"https:\/\/santapola.es\/ca\/#\/schema\/person\/ad1d67403707b58350c7be5e8dbc442d"},"headline":"Sanitat refor\u00e7ar\u00e0 les urg\u00e8ncies en el centre de salut de Santa Pola este estiu","datePublished":"2024-06-28T09:28:59+00:00","dateModified":"2024-06-28T09:37:15+00:00","mainEntityOfPage":{"@id":"https:\/\/santapola.es\/ca\/el-pla-destiu-sanitat-santa-pola-reforcara-les-urgencies-en-el-centre-de-salut\/"},"wordCount":515,"image":{"@id":"https:\/\/santapola.es\/ca\/el-pla-destiu-sanitat-santa-pola-reforcara-les-urgencies-en-el-centre-de-salut\/#primaryimage"},"thumbnailUrl":"https:\/\/santapola.es\/wp-content\/uploads\/2024\/06\/2024-06-28-centro-de-salud-Santa-Pola.jpeg","keywords":["Borja Merino","Centre de salut"],"articleSection":["Sanitat"],"inLanguage":"ca"},{"@type":"WebPage","@id":"https:\/\/santapola.es\/ca\/el-pla-destiu-sanitat-santa-pola-reforcara-les-urgencies-en-el-centre-de-salut\/","url":"https:\/\/santapola.es\/ca\/el-pla-destiu-sanitat-santa-pola-reforcara-les-urgencies-en-el-centre-de-salut\/","name":"Sanitat refor\u00e7ar\u00e0 les urg\u00e8ncies en el centre de salut de Santa Pola este estiu - Ajuntament de Santa Pola","isPartOf":{"@id":"https:\/\/santapola.es\/ca\/#website"},"primaryImageOfPage":{"@id":"https:\/\/santapola.es\/ca\/el-pla-destiu-sanitat-santa-pola-reforcara-les-urgencies-en-el-centre-de-salut\/#primaryimage"},"image":{"@id":"https:\/\/santapola.es\/ca\/el-pla-destiu-sanitat-santa-pola-reforcara-les-urgencies-en-el-centre-de-salut\/#primaryimage"},"thumbnailUrl":"https:\/\/santapola.es\/wp-content\/uploads\/2024\/06\/2024-06-28-centro-de-salud-Santa-Pola.jpeg","datePublished":"2024-06-28T09:28:59+00:00","dateModified":"2024-06-28T09:37:15+00:00","author":{"@id":"https:\/\/santapola.es\/ca\/#\/schema\/person\/ad1d67403707b58350c7be5e8dbc442d"},"breadcrumb":{"@id":"https:\/\/santapola.es\/ca\/el-pla-destiu-sanitat-santa-pola-reforcara-les-urgencies-en-el-centre-de-salut\/#breadcrumb"},"inLanguage":"ca","potentialAction":[{"@type":"ReadAction","target":["https:\/\/santapola.es\/ca\/el-pla-destiu-sanitat-santa-pola-reforcara-les-urgencies-en-el-centre-de-salut\/"]}]},{"@type":"ImageObject","inLanguage":"ca","@id":"https:\/\/santapola.es\/ca\/el-pla-destiu-sanitat-santa-pola-reforcara-les-urgencies-en-el-centre-de-salut\/#primaryimage","url":"https:\/\/santapola.es\/wp-content\/uploads\/2024\/06\/2024-06-28-centro-de-salud-Santa-Pola.jpeg","contentUrl":"https:\/\/santapola.es\/wp-content\/uploads\/2024\/06\/2024-06-28-centro-de-salud-Santa-Pola.jpeg","width":1920,"height":1440},{"@type":"BreadcrumbList","@id":"https:\/\/santapola.es\/ca\/el-pla-destiu-sanitat-santa-pola-reforcara-les-urgencies-en-el-centre-de-salut\/#breadcrumb","itemListElement":[{"@type":"ListItem","position":1,"name":"Inici","item":"https:\/\/santapola.es\/ca\/"},{"@type":"ListItem","position":2,"name":"Sanitat refor\u00e7ar\u00e0 les urg\u00e8ncies en el centre de salut de Santa Pola este estiu"}]},{"@type":"WebSite","@id":"https:\/\/santapola.es\/ca\/#website","url":"https:\/\/santapola.es\/ca\/","name":"Ayuntamiento de Santa Pola","description":"Web de l'Ajuntament de Santa Pola","potentialAction":[{"@type":"SearchAction","target":{"@type":"EntryPoint","urlTemplate":"https:\/\/santapola.es\/ca\/?s={search_term_string}"},"query-input":{"@type":"PropertyValueSpecification","valueRequired":true,"valueName":"search_term_string"}}],"inLanguage":"ca"},{"@type":"Person","@id":"https:\/\/santapola.es\/ca\/#\/schema\/person\/ad1d67403707b58350c7be5e8dbc442d","name":"Jos\u00e9 Juan L\u00f3pez Lafuente"}]}},"_links":{"self":[{"href":"https:\/\/santapola.es\/ca\/wp-json\/wp\/v2\/posts\/37667","targetHints":{"allow":["GET"]}}],"collection":[{"href":"https:\/\/santapola.es\/ca\/wp-json\/wp\/v2\/posts"}],"about":[{"href":"https:\/\/santapola.es\/ca\/wp-json\/wp\/v2\/types\/post"}],"author":[{"embeddable":true,"href":"https:\/\/santapola.es\/ca\/wp-json\/wp\/v2\/users\/96"}],"replies":[{"embeddable":true,"href":"https:\/\/santapola.es\/ca\/wp-json\/wp\/v2\/comments?post=37667"}],"version-history":[{"count":0,"href":"https:\/\/santapola.es\/ca\/wp-json\/wp\/v2\/posts\/37667\/revisions"}],"wp:featuredmedia":[{"embeddable":true,"href":"https:\/\/santapola.es\/ca\/wp-json\/wp\/v2\/media\/37665"}],"wp:attachment":[{"href":"https:\/\/santapola.es\/ca\/wp-json\/wp\/v2\/media?parent=37667"}],"wp:term":[{"taxonomy":"category","embeddable":true,"href":"https:\/\/santapola.es\/ca\/wp-json\/wp\/v2\/categories?post=37667"},{"taxonomy":"post_tag","embeddable":true,"href":"https:\/\/santapola.es\/ca\/wp-json\/wp\/v2\/tags?post=37667"}],"curies":[{"name":"wp","href":"https:\/\/api.w.org\/{rel}","templated":true}]}}