{"id":37663,"date":"2024-06-28T11:26:49","date_gmt":"2024-06-28T09:26:49","guid":{"rendered":"https:\/\/santapola.es\/?p=37663"},"modified":"2024-06-28T11:36:56","modified_gmt":"2024-06-28T09:36:56","slug":"el-plan-de-verano-sanidad-santa-pola-reforzara-las-urgencias-en-el-centro-de-salud","status":"publish","type":"post","link":"https:\/\/santapola.es\/ca\/el-plan-de-verano-sanidad-santa-pola-reforzara-las-urgencias-en-el-centro-de-salud\/","title":{"rendered":"Sanidad reforzar\u00e1 las urgencias en el centro de salud de Santa Pola este verano"},"content":{"rendered":"<p><b>-El CSI Santa Pola es el \u00fanico del departamento que abrir\u00e1 24 horas.<\/b><\/p>\n<p><b>-Habr\u00e1 consultas por las tardes s\u00f3lo para citas programadas de asistencia cr\u00f3nica.<\/b><\/p>\n<p><b>-La Casa del Mar atender\u00e1 ma\u00f1anas con m\u00e9dico y pediatra y tardes con m\u00e9dico.<\/b><\/p>\n<p><b>-El consultorio de Gran Alacant atender\u00e1 por las ma\u00f1anas y el de Playa Lisa est\u00e1 pendiente de encontrar facultativos.<\/b><\/p>\n<p><b>-Una unidad SAMU prestar\u00e1 servicio 24 horas del 1 de julio al 9 de septiembre.<\/b><\/p>\n<p><span style=\"font-weight: 400;\">El concejal de Sanidad ha explicado cu\u00e1les van a ser los pormenores del \u201cPlan de Verano Sanidad Santa Pola\u201d que se pone en marcha a partir del pr\u00f3ximo lunes 1 de julio. Seg\u00fan Borja Merino, \u201ceste verano todos los centros y consultorios del departamento 20 de Elche cierran por las tardes. \u2060El \u00fanico refuerzo que se va a poner es en Santa Pola para las urgencias (PAC) por la ma\u00f1ana, mientras que por la tarde ya hay adjuntos y residentes.\u00a0<\/span><\/p>\n<p><span style=\"font-weight: 400;\">En cuanto a las consultas por la tarde en el Centro de Salud de Santa Pola, no ser\u00e1n todos los d\u00edas ni para todo el mundo. Ser\u00e1n consultas programadas y solo tendr\u00e1 acceso al centro quien tenga cita. Es una manera de reforzar la asistencia programada en el Centro de Salud para no mermar la asistencia cr\u00f3nica de los santapoleros. El PAC (Urgencias) de Santa Pola es el \u00fanico de todo el departamento que abre 24 horas, a diferencia de El Altet y Altabix que abren hasta las 15:00\u201d.<\/span><\/p>\n<p><b>Casa del Mar<\/b><\/p>\n<p><span style=\"font-weight: 400;\">Por lo que respecta a los consultorios de verano, \u201clas \u00fanicas contrataciones son para abrir el consultorio de la Casa del Mar a partir del 1 de julio y hasta el 30 de septiembre. Durante julio y agosto estar\u00e1 abierto ma\u00f1ana y tarde, con presencia de un m\u00e9dico y un pediatra por la ma\u00f1ana y con un m\u00e9dico por la tarde. En septiembre abrir\u00e1 solo por la ma\u00f1ana, con m\u00e9dico y pediatra\u201d.\u00a0<\/span><\/p>\n<p><span style=\"font-weight: 400;\">Merino ha a\u00f1adido que \u201cla apertura del consultorio de Playa Lisa a\u00fan no est\u00e1 confirmada. Hay varios profesionales interesados pero no han confirmado su disponibilidad para empezar a trabajar. Por tanto, de momento estar\u00e1 cerrado hasta nueva orden\u201d.<\/span><\/p>\n<p><b>Gran Alacant<\/b><\/p>\n<p><span style=\"font-weight: 400;\">El concejal de Sanidad ha informado que \u201cel consultorio de \u2060Gran Alacant no abrir\u00e1 por las tardes. No obstante la conseller\u00eda dispone de partida presupuestaria y los m\u00f3dulos de actividad est\u00e1n aprobados por si fuera necesario, y siempre y cuando exista disponibilidad de personal se podr\u00edan habilitar consultas por la tarde para asistencia programada. Los vecinos de Gran Alacant dispondr\u00e1n de dos puntos de asistencia urgente cercanos, como son El Altet y Santa Pola, este \u00faltimo abierto 24 horas\u201d.<\/span><\/p>\n<p><span style=\"font-weight: 400;\">Adem\u00e1s hay que recordar que una ambulancia SAMU tendr\u00e1 su base en la comisar\u00eda de la Polic\u00eda Local de Santa Pola desde el 1 de julio hasta el 9 de septiembre para dar servicio en nuestra ciudad durante la temporada estival.<\/span><\/p>\n","protected":false},"excerpt":{"rendered":"<p>-El CSI Santa Pola es el \u00fanico del departamento que abrir\u00e1 24 horas. -Habr\u00e1 consultas por las tardes s\u00f3lo para citas programadas de asistencia cr\u00f3nica. -La Casa del Mar atender\u00e1 ma\u00f1anas con m\u00e9dico y pediatra y tardes con m\u00e9dico. -El consultorio de Gran Alacant atender\u00e1 por las ma\u00f1anas y el de Playa Lisa est\u00e1 pendiente [&hellip;]<\/p>\n","protected":false},"author":96,"featured_media":37664,"comment_status":"closed","ping_status":"closed","sticky":false,"template":"","format":"standard","meta":{"_et_pb_use_builder":"","_et_pb_old_content":"","_et_gb_content_width":"","footnotes":""},"categories":[266],"tags":[147,267,932,918],"class_list":["post-37663","post","type-post","status-publish","format-standard","has-post-thumbnail","hentry","category-sanidad","tag-borja-merino","tag-centro-de-salud","tag-consultorio-casa-del-mar","tag-samu"],"yoast_head":"<!-- This site is optimized with the Yoast SEO plugin v27.4 - https:\/\/yoast.com\/product\/yoast-seo-wordpress\/ -->\n<title>Sanidad reforzar\u00e1 las urgencias en el centro de salud de Santa Pola este verano - Ajuntament de Santa Pola<\/title>\n<meta name=\"robots\" content=\"index, follow, max-snippet:-1, max-image-preview:large, max-video-preview:-1\" \/>\n<link rel=\"canonical\" href=\"https:\/\/santapola.es\/ca\/el-plan-de-verano-sanidad-santa-pola-reforzara-las-urgencias-en-el-centro-de-salud\/\" \/>\n<meta property=\"og:locale\" content=\"ca_ES\" \/>\n<meta property=\"og:type\" content=\"article\" \/>\n<meta property=\"og:title\" content=\"Sanidad reforzar\u00e1 las urgencias en el centro de salud de Santa Pola este verano - Ajuntament de Santa Pola\" \/>\n<meta property=\"og:description\" content=\"-El CSI Santa Pola es el \u00fanico del departamento que abrir\u00e1 24 horas. -Habr\u00e1 consultas por las tardes s\u00f3lo para citas programadas de asistencia cr\u00f3nica. -La Casa del Mar atender\u00e1 ma\u00f1anas con m\u00e9dico y pediatra y tardes con m\u00e9dico. -El consultorio de Gran Alacant atender\u00e1 por las ma\u00f1anas y el de Playa Lisa est\u00e1 pendiente [&hellip;]\" \/>\n<meta property=\"og:url\" content=\"https:\/\/santapola.es\/ca\/el-plan-de-verano-sanidad-santa-pola-reforzara-las-urgencias-en-el-centro-de-salud\/\" \/>\n<meta property=\"og:site_name\" content=\"Ajuntament de Santa Pola\" \/>\n<meta property=\"article:publisher\" content=\"https:\/\/www.facebook.com\/AyuntamientoSantaPola\/\" \/>\n<meta property=\"article:published_time\" content=\"2024-06-28T09:26:49+00:00\" \/>\n<meta property=\"article:modified_time\" content=\"2024-06-28T09:36:56+00:00\" \/>\n<meta property=\"og:image\" content=\"https:\/\/santapola.es\/wp-content\/uploads\/2024\/06\/2024-06-28-centro-de-salud-Santa-Pola.jpeg\" \/>\n\t<meta property=\"og:image:width\" content=\"1920\" \/>\n\t<meta property=\"og:image:height\" content=\"1440\" \/>\n\t<meta property=\"og:image:type\" content=\"image\/jpeg\" \/>\n<meta name=\"author\" content=\"Jos\u00e9 Juan L\u00f3pez Lafuente\" \/>\n<meta name=\"twitter:card\" content=\"summary_large_image\" \/>\n<meta name=\"twitter:creator\" content=\"@SantaPolaAyunt\" \/>\n<meta name=\"twitter:site\" content=\"@SantaPolaAyunt\" \/>\n<script type=\"application\/ld+json\" class=\"yoast-schema-graph\">{\"@context\":\"https:\\\/\\\/schema.org\",\"@graph\":[{\"@type\":\"Article\",\"@id\":\"https:\\\/\\\/santapola.es\\\/ca\\\/el-plan-de-verano-sanidad-santa-pola-reforzara-las-urgencias-en-el-centro-de-salud\\\/#article\",\"isPartOf\":{\"@id\":\"https:\\\/\\\/santapola.es\\\/ca\\\/el-plan-de-verano-sanidad-santa-pola-reforzara-las-urgencias-en-el-centro-de-salud\\\/\"},\"author\":{\"name\":\"Jos\u00e9 Juan L\u00f3pez Lafuente\",\"@id\":\"https:\\\/\\\/santapola.es\\\/ca\\\/#\\\/schema\\\/person\\\/ad1d67403707b58350c7be5e8dbc442d\"},\"headline\":\"Sanidad reforzar\u00e1 las urgencias en el centro de salud de Santa Pola este verano\",\"datePublished\":\"2024-06-28T09:26:49+00:00\",\"dateModified\":\"2024-06-28T09:36:56+00:00\",\"mainEntityOfPage\":{\"@id\":\"https:\\\/\\\/santapola.es\\\/ca\\\/el-plan-de-verano-sanidad-santa-pola-reforzara-las-urgencias-en-el-centro-de-salud\\\/\"},\"wordCount\":508,\"image\":{\"@id\":\"https:\\\/\\\/santapola.es\\\/ca\\\/el-plan-de-verano-sanidad-santa-pola-reforzara-las-urgencias-en-el-centro-de-salud\\\/#primaryimage\"},\"thumbnailUrl\":\"https:\\\/\\\/santapola.es\\\/wp-content\\\/uploads\\\/2024\\\/06\\\/2024-06-28-centro-de-salud-Santa-Pola.jpeg\",\"keywords\":[\"Borja Merino\",\"Centro de Salud\",\"Consultorio Casa del Mar\",\"SAMU\"],\"articleSection\":[\"Sanidad\"],\"inLanguage\":\"ca\"},{\"@type\":\"WebPage\",\"@id\":\"https:\\\/\\\/santapola.es\\\/ca\\\/el-plan-de-verano-sanidad-santa-pola-reforzara-las-urgencias-en-el-centro-de-salud\\\/\",\"url\":\"https:\\\/\\\/santapola.es\\\/ca\\\/el-plan-de-verano-sanidad-santa-pola-reforzara-las-urgencias-en-el-centro-de-salud\\\/\",\"name\":\"Sanidad reforzar\u00e1 las urgencias en el centro de salud de Santa Pola este verano - Ajuntament de Santa Pola\",\"isPartOf\":{\"@id\":\"https:\\\/\\\/santapola.es\\\/ca\\\/#website\"},\"primaryImageOfPage\":{\"@id\":\"https:\\\/\\\/santapola.es\\\/ca\\\/el-plan-de-verano-sanidad-santa-pola-reforzara-las-urgencias-en-el-centro-de-salud\\\/#primaryimage\"},\"image\":{\"@id\":\"https:\\\/\\\/santapola.es\\\/ca\\\/el-plan-de-verano-sanidad-santa-pola-reforzara-las-urgencias-en-el-centro-de-salud\\\/#primaryimage\"},\"thumbnailUrl\":\"https:\\\/\\\/santapola.es\\\/wp-content\\\/uploads\\\/2024\\\/06\\\/2024-06-28-centro-de-salud-Santa-Pola.jpeg\",\"datePublished\":\"2024-06-28T09:26:49+00:00\",\"dateModified\":\"2024-06-28T09:36:56+00:00\",\"author\":{\"@id\":\"https:\\\/\\\/santapola.es\\\/ca\\\/#\\\/schema\\\/person\\\/ad1d67403707b58350c7be5e8dbc442d\"},\"breadcrumb\":{\"@id\":\"https:\\\/\\\/santapola.es\\\/ca\\\/el-plan-de-verano-sanidad-santa-pola-reforzara-las-urgencias-en-el-centro-de-salud\\\/#breadcrumb\"},\"inLanguage\":\"ca\",\"potentialAction\":[{\"@type\":\"ReadAction\",\"target\":[\"https:\\\/\\\/santapola.es\\\/ca\\\/el-plan-de-verano-sanidad-santa-pola-reforzara-las-urgencias-en-el-centro-de-salud\\\/\"]}]},{\"@type\":\"ImageObject\",\"inLanguage\":\"ca\",\"@id\":\"https:\\\/\\\/santapola.es\\\/ca\\\/el-plan-de-verano-sanidad-santa-pola-reforzara-las-urgencias-en-el-centro-de-salud\\\/#primaryimage\",\"url\":\"https:\\\/\\\/santapola.es\\\/wp-content\\\/uploads\\\/2024\\\/06\\\/2024-06-28-centro-de-salud-Santa-Pola.jpeg\",\"contentUrl\":\"https:\\\/\\\/santapola.es\\\/wp-content\\\/uploads\\\/2024\\\/06\\\/2024-06-28-centro-de-salud-Santa-Pola.jpeg\",\"width\":1920,\"height\":1440},{\"@type\":\"BreadcrumbList\",\"@id\":\"https:\\\/\\\/santapola.es\\\/ca\\\/el-plan-de-verano-sanidad-santa-pola-reforzara-las-urgencias-en-el-centro-de-salud\\\/#breadcrumb\",\"itemListElement\":[{\"@type\":\"ListItem\",\"position\":1,\"name\":\"Inici\",\"item\":\"https:\\\/\\\/santapola.es\\\/ca\\\/\"},{\"@type\":\"ListItem\",\"position\":2,\"name\":\"Sanidad reforzar\u00e1 las urgencias en el centro de salud de Santa Pola este verano\"}]},{\"@type\":\"WebSite\",\"@id\":\"https:\\\/\\\/santapola.es\\\/ca\\\/#website\",\"url\":\"https:\\\/\\\/santapola.es\\\/ca\\\/\",\"name\":\"Ayuntamiento de Santa Pola\",\"description\":\"Web de l'Ajuntament de Santa Pola\",\"potentialAction\":[{\"@type\":\"SearchAction\",\"target\":{\"@type\":\"EntryPoint\",\"urlTemplate\":\"https:\\\/\\\/santapola.es\\\/ca\\\/?s={search_term_string}\"},\"query-input\":{\"@type\":\"PropertyValueSpecification\",\"valueRequired\":true,\"valueName\":\"search_term_string\"}}],\"inLanguage\":\"ca\"},{\"@type\":\"Person\",\"@id\":\"https:\\\/\\\/santapola.es\\\/ca\\\/#\\\/schema\\\/person\\\/ad1d67403707b58350c7be5e8dbc442d\",\"name\":\"Jos\u00e9 Juan L\u00f3pez Lafuente\"}]}<\/script>\n<!-- \/ Yoast SEO plugin. -->","yoast_head_json":{"title":"Sanidad reforzar\u00e1 las urgencias en el centro de salud de Santa Pola este verano - Ajuntament de Santa Pola","robots":{"index":"index","follow":"follow","max-snippet":"max-snippet:-1","max-image-preview":"max-image-preview:large","max-video-preview":"max-video-preview:-1"},"canonical":"https:\/\/santapola.es\/ca\/el-plan-de-verano-sanidad-santa-pola-reforzara-las-urgencias-en-el-centro-de-salud\/","og_locale":"ca_ES","og_type":"article","og_title":"Sanidad reforzar\u00e1 las urgencias en el centro de salud de Santa Pola este verano - Ajuntament de Santa Pola","og_description":"-El CSI Santa Pola es el \u00fanico del departamento que abrir\u00e1 24 horas. -Habr\u00e1 consultas por las tardes s\u00f3lo para citas programadas de asistencia cr\u00f3nica. -La Casa del Mar atender\u00e1 ma\u00f1anas con m\u00e9dico y pediatra y tardes con m\u00e9dico. -El consultorio de Gran Alacant atender\u00e1 por las ma\u00f1anas y el de Playa Lisa est\u00e1 pendiente [&hellip;]","og_url":"https:\/\/santapola.es\/ca\/el-plan-de-verano-sanidad-santa-pola-reforzara-las-urgencias-en-el-centro-de-salud\/","og_site_name":"Ajuntament de Santa Pola","article_publisher":"https:\/\/www.facebook.com\/AyuntamientoSantaPola\/","article_published_time":"2024-06-28T09:26:49+00:00","article_modified_time":"2024-06-28T09:36:56+00:00","og_image":[{"width":1920,"height":1440,"url":"https:\/\/santapola.es\/wp-content\/uploads\/2024\/06\/2024-06-28-centro-de-salud-Santa-Pola.jpeg","type":"image\/jpeg"}],"author":"Jos\u00e9 Juan L\u00f3pez Lafuente","twitter_card":"summary_large_image","twitter_creator":"@SantaPolaAyunt","twitter_site":"@SantaPolaAyunt","schema":{"@context":"https:\/\/schema.org","@graph":[{"@type":"Article","@id":"https:\/\/santapola.es\/ca\/el-plan-de-verano-sanidad-santa-pola-reforzara-las-urgencias-en-el-centro-de-salud\/#article","isPartOf":{"@id":"https:\/\/santapola.es\/ca\/el-plan-de-verano-sanidad-santa-pola-reforzara-las-urgencias-en-el-centro-de-salud\/"},"author":{"name":"Jos\u00e9 Juan L\u00f3pez Lafuente","@id":"https:\/\/santapola.es\/ca\/#\/schema\/person\/ad1d67403707b58350c7be5e8dbc442d"},"headline":"Sanidad reforzar\u00e1 las urgencias en el centro de salud de Santa Pola este verano","datePublished":"2024-06-28T09:26:49+00:00","dateModified":"2024-06-28T09:36:56+00:00","mainEntityOfPage":{"@id":"https:\/\/santapola.es\/ca\/el-plan-de-verano-sanidad-santa-pola-reforzara-las-urgencias-en-el-centro-de-salud\/"},"wordCount":508,"image":{"@id":"https:\/\/santapola.es\/ca\/el-plan-de-verano-sanidad-santa-pola-reforzara-las-urgencias-en-el-centro-de-salud\/#primaryimage"},"thumbnailUrl":"https:\/\/santapola.es\/wp-content\/uploads\/2024\/06\/2024-06-28-centro-de-salud-Santa-Pola.jpeg","keywords":["Borja Merino","Centro de Salud","Consultorio Casa del Mar","SAMU"],"articleSection":["Sanidad"],"inLanguage":"ca"},{"@type":"WebPage","@id":"https:\/\/santapola.es\/ca\/el-plan-de-verano-sanidad-santa-pola-reforzara-las-urgencias-en-el-centro-de-salud\/","url":"https:\/\/santapola.es\/ca\/el-plan-de-verano-sanidad-santa-pola-reforzara-las-urgencias-en-el-centro-de-salud\/","name":"Sanidad reforzar\u00e1 las urgencias en el centro de salud de Santa Pola este verano - Ajuntament de Santa Pola","isPartOf":{"@id":"https:\/\/santapola.es\/ca\/#website"},"primaryImageOfPage":{"@id":"https:\/\/santapola.es\/ca\/el-plan-de-verano-sanidad-santa-pola-reforzara-las-urgencias-en-el-centro-de-salud\/#primaryimage"},"image":{"@id":"https:\/\/santapola.es\/ca\/el-plan-de-verano-sanidad-santa-pola-reforzara-las-urgencias-en-el-centro-de-salud\/#primaryimage"},"thumbnailUrl":"https:\/\/santapola.es\/wp-content\/uploads\/2024\/06\/2024-06-28-centro-de-salud-Santa-Pola.jpeg","datePublished":"2024-06-28T09:26:49+00:00","dateModified":"2024-06-28T09:36:56+00:00","author":{"@id":"https:\/\/santapola.es\/ca\/#\/schema\/person\/ad1d67403707b58350c7be5e8dbc442d"},"breadcrumb":{"@id":"https:\/\/santapola.es\/ca\/el-plan-de-verano-sanidad-santa-pola-reforzara-las-urgencias-en-el-centro-de-salud\/#breadcrumb"},"inLanguage":"ca","potentialAction":[{"@type":"ReadAction","target":["https:\/\/santapola.es\/ca\/el-plan-de-verano-sanidad-santa-pola-reforzara-las-urgencias-en-el-centro-de-salud\/"]}]},{"@type":"ImageObject","inLanguage":"ca","@id":"https:\/\/santapola.es\/ca\/el-plan-de-verano-sanidad-santa-pola-reforzara-las-urgencias-en-el-centro-de-salud\/#primaryimage","url":"https:\/\/santapola.es\/wp-content\/uploads\/2024\/06\/2024-06-28-centro-de-salud-Santa-Pola.jpeg","contentUrl":"https:\/\/santapola.es\/wp-content\/uploads\/2024\/06\/2024-06-28-centro-de-salud-Santa-Pola.jpeg","width":1920,"height":1440},{"@type":"BreadcrumbList","@id":"https:\/\/santapola.es\/ca\/el-plan-de-verano-sanidad-santa-pola-reforzara-las-urgencias-en-el-centro-de-salud\/#breadcrumb","itemListElement":[{"@type":"ListItem","position":1,"name":"Inici","item":"https:\/\/santapola.es\/ca\/"},{"@type":"ListItem","position":2,"name":"Sanidad reforzar\u00e1 las urgencias en el centro de salud de Santa Pola este verano"}]},{"@type":"WebSite","@id":"https:\/\/santapola.es\/ca\/#website","url":"https:\/\/santapola.es\/ca\/","name":"Ayuntamiento de Santa Pola","description":"Web de l'Ajuntament de Santa Pola","potentialAction":[{"@type":"SearchAction","target":{"@type":"EntryPoint","urlTemplate":"https:\/\/santapola.es\/ca\/?s={search_term_string}"},"query-input":{"@type":"PropertyValueSpecification","valueRequired":true,"valueName":"search_term_string"}}],"inLanguage":"ca"},{"@type":"Person","@id":"https:\/\/santapola.es\/ca\/#\/schema\/person\/ad1d67403707b58350c7be5e8dbc442d","name":"Jos\u00e9 Juan L\u00f3pez Lafuente"}]}},"_links":{"self":[{"href":"https:\/\/santapola.es\/ca\/wp-json\/wp\/v2\/posts\/37663","targetHints":{"allow":["GET"]}}],"collection":[{"href":"https:\/\/santapola.es\/ca\/wp-json\/wp\/v2\/posts"}],"about":[{"href":"https:\/\/santapola.es\/ca\/wp-json\/wp\/v2\/types\/post"}],"author":[{"embeddable":true,"href":"https:\/\/santapola.es\/ca\/wp-json\/wp\/v2\/users\/96"}],"replies":[{"embeddable":true,"href":"https:\/\/santapola.es\/ca\/wp-json\/wp\/v2\/comments?post=37663"}],"version-history":[{"count":0,"href":"https:\/\/santapola.es\/ca\/wp-json\/wp\/v2\/posts\/37663\/revisions"}],"wp:featuredmedia":[{"embeddable":true,"href":"https:\/\/santapola.es\/ca\/wp-json\/wp\/v2\/media\/37664"}],"wp:attachment":[{"href":"https:\/\/santapola.es\/ca\/wp-json\/wp\/v2\/media?parent=37663"}],"wp:term":[{"taxonomy":"category","embeddable":true,"href":"https:\/\/santapola.es\/ca\/wp-json\/wp\/v2\/categories?post=37663"},{"taxonomy":"post_tag","embeddable":true,"href":"https:\/\/santapola.es\/ca\/wp-json\/wp\/v2\/tags?post=37663"}],"curies":[{"name":"wp","href":"https:\/\/api.w.org\/{rel}","templated":true}]}}