{"id":37595,"date":"2024-06-25T15:06:10","date_gmt":"2024-06-25T13:06:10","guid":{"rendered":"https:\/\/santapola.es\/?p=37595"},"modified":"2024-06-25T15:06:10","modified_gmt":"2024-06-25T13:06:10","slug":"sanidad-prepara-las-dependencias-para-el-samu-que-iniciara-su-servicio-en-santa-pola-el-1-de-julio","status":"publish","type":"post","link":"https:\/\/santapola.es\/ca\/sanidad-prepara-las-dependencias-para-el-samu-que-iniciara-su-servicio-en-santa-pola-el-1-de-julio\/","title":{"rendered":"Sanidad prepara las dependencias para el SAMU que iniciar\u00e1 su servicio en Santa Pola el 1 de julio"},"content":{"rendered":"<p><b>El concejal de Sanidad, Borja Merino, se ha reunido esta ma\u00f1ana con responsables sanitarios para coordinar la preparaci\u00f3n de las dependencias de la Polic\u00eda Local donde la ambulancia SAMU comenzar\u00e1 a prestar su servicio en Santa Pola desde el 1 de julio hasta pasar las fiestas patronales.<\/b><\/p>\n<p><span style=\"font-weight: 400;\">Seg\u00fan ha explicado Borja Merino, \u201cen la ma\u00f1ana de hoy hemos visitado las instalaciones que albergar\u00e1n el servicio SAMU para este verano en las dependencias de la Polic\u00eda Local, acompa\u00f1ados de responsables sanitarios.<\/span><\/p>\n<p><span style=\"font-weight: 400;\">Estamos contentos de ver que, un verano m\u00e1s, Santa Pola va a seguir disponiendo de un servicio tan esencial y necesario para nuestra ciudadan\u00eda, sobre todo teniendo en cuenta el gran aumento de la poblaci\u00f3n en el per\u00edodo estival.<\/span><\/p>\n<p><span style=\"font-weight: 400;\">Queremos que est\u00e9 todo preparado para que el pr\u00f3ximo lunes 1 de julio a las 9 de la ma\u00f1ana el SAMU empiece a actuar con total normalidad hasta finalizar las fiestas patronales en septiembre, lo que redundar\u00e1 en la calidad asistencial y el bienestar de todos nuestros vecinos\u201d.<\/span><\/p>\n","protected":false},"excerpt":{"rendered":"<p>El concejal de Sanidad, Borja Merino, se ha reunido esta ma\u00f1ana con responsables sanitarios para coordinar la preparaci\u00f3n de las dependencias de la Polic\u00eda Local donde la ambulancia SAMU comenzar\u00e1 a prestar su servicio en Santa Pola desde el 1 de julio hasta pasar las fiestas patronales. Seg\u00fan ha explicado Borja Merino, \u201cen la ma\u00f1ana [&hellip;]<\/p>\n","protected":false},"author":96,"featured_media":37596,"comment_status":"closed","ping_status":"closed","sticky":false,"template":"","format":"standard","meta":{"_et_pb_use_builder":"","_et_pb_old_content":"","_et_gb_content_width":"","footnotes":""},"categories":[266],"tags":[147,918],"class_list":["post-37595","post","type-post","status-publish","format-standard","has-post-thumbnail","hentry","category-sanidad","tag-borja-merino","tag-samu"],"yoast_head":"<!-- This site is optimized with the Yoast SEO plugin v27.4 - https:\/\/yoast.com\/product\/yoast-seo-wordpress\/ -->\n<title>Sanidad prepara las dependencias para el SAMU que iniciar\u00e1 su servicio en Santa Pola el 1 de julio - Ajuntament de Santa Pola<\/title>\n<meta name=\"robots\" content=\"index, follow, max-snippet:-1, max-image-preview:large, max-video-preview:-1\" \/>\n<link rel=\"canonical\" href=\"https:\/\/santapola.es\/ca\/sanidad-prepara-las-dependencias-para-el-samu-que-iniciara-su-servicio-en-santa-pola-el-1-de-julio\/\" \/>\n<meta property=\"og:locale\" content=\"ca_ES\" \/>\n<meta property=\"og:type\" content=\"article\" \/>\n<meta property=\"og:title\" content=\"Sanidad prepara las dependencias para el SAMU que iniciar\u00e1 su servicio en Santa Pola el 1 de julio - Ajuntament de Santa Pola\" \/>\n<meta property=\"og:description\" content=\"El concejal de Sanidad, Borja Merino, se ha reunido esta ma\u00f1ana con responsables sanitarios para coordinar la preparaci\u00f3n de las dependencias de la Polic\u00eda Local donde la ambulancia SAMU comenzar\u00e1 a prestar su servicio en Santa Pola desde el 1 de julio hasta pasar las fiestas patronales. Seg\u00fan ha explicado Borja Merino, \u201cen la ma\u00f1ana [&hellip;]\" \/>\n<meta property=\"og:url\" content=\"https:\/\/santapola.es\/ca\/sanidad-prepara-las-dependencias-para-el-samu-que-iniciara-su-servicio-en-santa-pola-el-1-de-julio\/\" \/>\n<meta property=\"og:site_name\" content=\"Ajuntament de Santa Pola\" \/>\n<meta property=\"article:publisher\" content=\"https:\/\/www.facebook.com\/AyuntamientoSantaPola\/\" \/>\n<meta property=\"article:published_time\" content=\"2024-06-25T13:06:10+00:00\" \/>\n<meta property=\"og:image\" content=\"https:\/\/santapola.es\/wp-content\/uploads\/2024\/06\/2024-06-25-SAMU-1-1024x768.jpeg\" \/>\n\t<meta property=\"og:image:width\" content=\"1024\" \/>\n\t<meta property=\"og:image:height\" content=\"768\" \/>\n\t<meta property=\"og:image:type\" content=\"image\/jpeg\" \/>\n<meta name=\"author\" content=\"Jos\u00e9 Juan L\u00f3pez Lafuente\" \/>\n<meta name=\"twitter:card\" content=\"summary_large_image\" \/>\n<meta name=\"twitter:creator\" content=\"@SantaPolaAyunt\" \/>\n<meta name=\"twitter:site\" content=\"@SantaPolaAyunt\" \/>\n<script type=\"application\/ld+json\" class=\"yoast-schema-graph\">{\"@context\":\"https:\\\/\\\/schema.org\",\"@graph\":[{\"@type\":\"Article\",\"@id\":\"https:\\\/\\\/santapola.es\\\/ca\\\/sanidad-prepara-las-dependencias-para-el-samu-que-iniciara-su-servicio-en-santa-pola-el-1-de-julio\\\/#article\",\"isPartOf\":{\"@id\":\"https:\\\/\\\/santapola.es\\\/ca\\\/sanidad-prepara-las-dependencias-para-el-samu-que-iniciara-su-servicio-en-santa-pola-el-1-de-julio\\\/\"},\"author\":{\"name\":\"Jos\u00e9 Juan L\u00f3pez Lafuente\",\"@id\":\"https:\\\/\\\/santapola.es\\\/ca\\\/#\\\/schema\\\/person\\\/ad1d67403707b58350c7be5e8dbc442d\"},\"headline\":\"Sanidad prepara las dependencias para el SAMU que iniciar\u00e1 su servicio en Santa Pola el 1 de julio\",\"datePublished\":\"2024-06-25T13:06:10+00:00\",\"mainEntityOfPage\":{\"@id\":\"https:\\\/\\\/santapola.es\\\/ca\\\/sanidad-prepara-las-dependencias-para-el-samu-que-iniciara-su-servicio-en-santa-pola-el-1-de-julio\\\/\"},\"wordCount\":195,\"image\":{\"@id\":\"https:\\\/\\\/santapola.es\\\/ca\\\/sanidad-prepara-las-dependencias-para-el-samu-que-iniciara-su-servicio-en-santa-pola-el-1-de-julio\\\/#primaryimage\"},\"thumbnailUrl\":\"https:\\\/\\\/santapola.es\\\/wp-content\\\/uploads\\\/2024\\\/06\\\/2024-06-25-SAMU-1-e1719320758471.jpeg\",\"keywords\":[\"Borja Merino\",\"SAMU\"],\"articleSection\":[\"Sanidad\"],\"inLanguage\":\"ca\"},{\"@type\":\"WebPage\",\"@id\":\"https:\\\/\\\/santapola.es\\\/ca\\\/sanidad-prepara-las-dependencias-para-el-samu-que-iniciara-su-servicio-en-santa-pola-el-1-de-julio\\\/\",\"url\":\"https:\\\/\\\/santapola.es\\\/ca\\\/sanidad-prepara-las-dependencias-para-el-samu-que-iniciara-su-servicio-en-santa-pola-el-1-de-julio\\\/\",\"name\":\"Sanidad prepara las dependencias para el SAMU que iniciar\u00e1 su servicio en Santa Pola el 1 de julio - Ajuntament de Santa Pola\",\"isPartOf\":{\"@id\":\"https:\\\/\\\/santapola.es\\\/ca\\\/#website\"},\"primaryImageOfPage\":{\"@id\":\"https:\\\/\\\/santapola.es\\\/ca\\\/sanidad-prepara-las-dependencias-para-el-samu-que-iniciara-su-servicio-en-santa-pola-el-1-de-julio\\\/#primaryimage\"},\"image\":{\"@id\":\"https:\\\/\\\/santapola.es\\\/ca\\\/sanidad-prepara-las-dependencias-para-el-samu-que-iniciara-su-servicio-en-santa-pola-el-1-de-julio\\\/#primaryimage\"},\"thumbnailUrl\":\"https:\\\/\\\/santapola.es\\\/wp-content\\\/uploads\\\/2024\\\/06\\\/2024-06-25-SAMU-1-e1719320758471.jpeg\",\"datePublished\":\"2024-06-25T13:06:10+00:00\",\"author\":{\"@id\":\"https:\\\/\\\/santapola.es\\\/ca\\\/#\\\/schema\\\/person\\\/ad1d67403707b58350c7be5e8dbc442d\"},\"breadcrumb\":{\"@id\":\"https:\\\/\\\/santapola.es\\\/ca\\\/sanidad-prepara-las-dependencias-para-el-samu-que-iniciara-su-servicio-en-santa-pola-el-1-de-julio\\\/#breadcrumb\"},\"inLanguage\":\"ca\",\"potentialAction\":[{\"@type\":\"ReadAction\",\"target\":[\"https:\\\/\\\/santapola.es\\\/ca\\\/sanidad-prepara-las-dependencias-para-el-samu-que-iniciara-su-servicio-en-santa-pola-el-1-de-julio\\\/\"]}]},{\"@type\":\"ImageObject\",\"inLanguage\":\"ca\",\"@id\":\"https:\\\/\\\/santapola.es\\\/ca\\\/sanidad-prepara-las-dependencias-para-el-samu-que-iniciara-su-servicio-en-santa-pola-el-1-de-julio\\\/#primaryimage\",\"url\":\"https:\\\/\\\/santapola.es\\\/wp-content\\\/uploads\\\/2024\\\/06\\\/2024-06-25-SAMU-1-e1719320758471.jpeg\",\"contentUrl\":\"https:\\\/\\\/santapola.es\\\/wp-content\\\/uploads\\\/2024\\\/06\\\/2024-06-25-SAMU-1-e1719320758471.jpeg\",\"width\":1920,\"height\":1440},{\"@type\":\"BreadcrumbList\",\"@id\":\"https:\\\/\\\/santapola.es\\\/ca\\\/sanidad-prepara-las-dependencias-para-el-samu-que-iniciara-su-servicio-en-santa-pola-el-1-de-julio\\\/#breadcrumb\",\"itemListElement\":[{\"@type\":\"ListItem\",\"position\":1,\"name\":\"Inici\",\"item\":\"https:\\\/\\\/santapola.es\\\/ca\\\/\"},{\"@type\":\"ListItem\",\"position\":2,\"name\":\"Sanidad prepara las dependencias para el SAMU que iniciar\u00e1 su servicio en Santa Pola el 1 de julio\"}]},{\"@type\":\"WebSite\",\"@id\":\"https:\\\/\\\/santapola.es\\\/ca\\\/#website\",\"url\":\"https:\\\/\\\/santapola.es\\\/ca\\\/\",\"name\":\"Ayuntamiento de Santa Pola\",\"description\":\"Web de l'Ajuntament de Santa Pola\",\"potentialAction\":[{\"@type\":\"SearchAction\",\"target\":{\"@type\":\"EntryPoint\",\"urlTemplate\":\"https:\\\/\\\/santapola.es\\\/ca\\\/?s={search_term_string}\"},\"query-input\":{\"@type\":\"PropertyValueSpecification\",\"valueRequired\":true,\"valueName\":\"search_term_string\"}}],\"inLanguage\":\"ca\"},{\"@type\":\"Person\",\"@id\":\"https:\\\/\\\/santapola.es\\\/ca\\\/#\\\/schema\\\/person\\\/ad1d67403707b58350c7be5e8dbc442d\",\"name\":\"Jos\u00e9 Juan L\u00f3pez Lafuente\"}]}<\/script>\n<!-- \/ Yoast SEO plugin. -->","yoast_head_json":{"title":"Sanidad prepara las dependencias para el SAMU que iniciar\u00e1 su servicio en Santa Pola el 1 de julio - Ajuntament de Santa Pola","robots":{"index":"index","follow":"follow","max-snippet":"max-snippet:-1","max-image-preview":"max-image-preview:large","max-video-preview":"max-video-preview:-1"},"canonical":"https:\/\/santapola.es\/ca\/sanidad-prepara-las-dependencias-para-el-samu-que-iniciara-su-servicio-en-santa-pola-el-1-de-julio\/","og_locale":"ca_ES","og_type":"article","og_title":"Sanidad prepara las dependencias para el SAMU que iniciar\u00e1 su servicio en Santa Pola el 1 de julio - Ajuntament de Santa Pola","og_description":"El concejal de Sanidad, Borja Merino, se ha reunido esta ma\u00f1ana con responsables sanitarios para coordinar la preparaci\u00f3n de las dependencias de la Polic\u00eda Local donde la ambulancia SAMU comenzar\u00e1 a prestar su servicio en Santa Pola desde el 1 de julio hasta pasar las fiestas patronales. Seg\u00fan ha explicado Borja Merino, \u201cen la ma\u00f1ana [&hellip;]","og_url":"https:\/\/santapola.es\/ca\/sanidad-prepara-las-dependencias-para-el-samu-que-iniciara-su-servicio-en-santa-pola-el-1-de-julio\/","og_site_name":"Ajuntament de Santa Pola","article_publisher":"https:\/\/www.facebook.com\/AyuntamientoSantaPola\/","article_published_time":"2024-06-25T13:06:10+00:00","og_image":[{"width":1024,"height":768,"url":"https:\/\/santapola.es\/wp-content\/uploads\/2024\/06\/2024-06-25-SAMU-1-1024x768.jpeg","type":"image\/jpeg"}],"author":"Jos\u00e9 Juan L\u00f3pez Lafuente","twitter_card":"summary_large_image","twitter_creator":"@SantaPolaAyunt","twitter_site":"@SantaPolaAyunt","schema":{"@context":"https:\/\/schema.org","@graph":[{"@type":"Article","@id":"https:\/\/santapola.es\/ca\/sanidad-prepara-las-dependencias-para-el-samu-que-iniciara-su-servicio-en-santa-pola-el-1-de-julio\/#article","isPartOf":{"@id":"https:\/\/santapola.es\/ca\/sanidad-prepara-las-dependencias-para-el-samu-que-iniciara-su-servicio-en-santa-pola-el-1-de-julio\/"},"author":{"name":"Jos\u00e9 Juan L\u00f3pez Lafuente","@id":"https:\/\/santapola.es\/ca\/#\/schema\/person\/ad1d67403707b58350c7be5e8dbc442d"},"headline":"Sanidad prepara las dependencias para el SAMU que iniciar\u00e1 su servicio en Santa Pola el 1 de julio","datePublished":"2024-06-25T13:06:10+00:00","mainEntityOfPage":{"@id":"https:\/\/santapola.es\/ca\/sanidad-prepara-las-dependencias-para-el-samu-que-iniciara-su-servicio-en-santa-pola-el-1-de-julio\/"},"wordCount":195,"image":{"@id":"https:\/\/santapola.es\/ca\/sanidad-prepara-las-dependencias-para-el-samu-que-iniciara-su-servicio-en-santa-pola-el-1-de-julio\/#primaryimage"},"thumbnailUrl":"https:\/\/santapola.es\/wp-content\/uploads\/2024\/06\/2024-06-25-SAMU-1-e1719320758471.jpeg","keywords":["Borja Merino","SAMU"],"articleSection":["Sanidad"],"inLanguage":"ca"},{"@type":"WebPage","@id":"https:\/\/santapola.es\/ca\/sanidad-prepara-las-dependencias-para-el-samu-que-iniciara-su-servicio-en-santa-pola-el-1-de-julio\/","url":"https:\/\/santapola.es\/ca\/sanidad-prepara-las-dependencias-para-el-samu-que-iniciara-su-servicio-en-santa-pola-el-1-de-julio\/","name":"Sanidad prepara las dependencias para el SAMU que iniciar\u00e1 su servicio en Santa Pola el 1 de julio - Ajuntament de Santa Pola","isPartOf":{"@id":"https:\/\/santapola.es\/ca\/#website"},"primaryImageOfPage":{"@id":"https:\/\/santapola.es\/ca\/sanidad-prepara-las-dependencias-para-el-samu-que-iniciara-su-servicio-en-santa-pola-el-1-de-julio\/#primaryimage"},"image":{"@id":"https:\/\/santapola.es\/ca\/sanidad-prepara-las-dependencias-para-el-samu-que-iniciara-su-servicio-en-santa-pola-el-1-de-julio\/#primaryimage"},"thumbnailUrl":"https:\/\/santapola.es\/wp-content\/uploads\/2024\/06\/2024-06-25-SAMU-1-e1719320758471.jpeg","datePublished":"2024-06-25T13:06:10+00:00","author":{"@id":"https:\/\/santapola.es\/ca\/#\/schema\/person\/ad1d67403707b58350c7be5e8dbc442d"},"breadcrumb":{"@id":"https:\/\/santapola.es\/ca\/sanidad-prepara-las-dependencias-para-el-samu-que-iniciara-su-servicio-en-santa-pola-el-1-de-julio\/#breadcrumb"},"inLanguage":"ca","potentialAction":[{"@type":"ReadAction","target":["https:\/\/santapola.es\/ca\/sanidad-prepara-las-dependencias-para-el-samu-que-iniciara-su-servicio-en-santa-pola-el-1-de-julio\/"]}]},{"@type":"ImageObject","inLanguage":"ca","@id":"https:\/\/santapola.es\/ca\/sanidad-prepara-las-dependencias-para-el-samu-que-iniciara-su-servicio-en-santa-pola-el-1-de-julio\/#primaryimage","url":"https:\/\/santapola.es\/wp-content\/uploads\/2024\/06\/2024-06-25-SAMU-1-e1719320758471.jpeg","contentUrl":"https:\/\/santapola.es\/wp-content\/uploads\/2024\/06\/2024-06-25-SAMU-1-e1719320758471.jpeg","width":1920,"height":1440},{"@type":"BreadcrumbList","@id":"https:\/\/santapola.es\/ca\/sanidad-prepara-las-dependencias-para-el-samu-que-iniciara-su-servicio-en-santa-pola-el-1-de-julio\/#breadcrumb","itemListElement":[{"@type":"ListItem","position":1,"name":"Inici","item":"https:\/\/santapola.es\/ca\/"},{"@type":"ListItem","position":2,"name":"Sanidad prepara las dependencias para el SAMU que iniciar\u00e1 su servicio en Santa Pola el 1 de julio"}]},{"@type":"WebSite","@id":"https:\/\/santapola.es\/ca\/#website","url":"https:\/\/santapola.es\/ca\/","name":"Ayuntamiento de Santa Pola","description":"Web de l'Ajuntament de Santa Pola","potentialAction":[{"@type":"SearchAction","target":{"@type":"EntryPoint","urlTemplate":"https:\/\/santapola.es\/ca\/?s={search_term_string}"},"query-input":{"@type":"PropertyValueSpecification","valueRequired":true,"valueName":"search_term_string"}}],"inLanguage":"ca"},{"@type":"Person","@id":"https:\/\/santapola.es\/ca\/#\/schema\/person\/ad1d67403707b58350c7be5e8dbc442d","name":"Jos\u00e9 Juan L\u00f3pez Lafuente"}]}},"_links":{"self":[{"href":"https:\/\/santapola.es\/ca\/wp-json\/wp\/v2\/posts\/37595","targetHints":{"allow":["GET"]}}],"collection":[{"href":"https:\/\/santapola.es\/ca\/wp-json\/wp\/v2\/posts"}],"about":[{"href":"https:\/\/santapola.es\/ca\/wp-json\/wp\/v2\/types\/post"}],"author":[{"embeddable":true,"href":"https:\/\/santapola.es\/ca\/wp-json\/wp\/v2\/users\/96"}],"replies":[{"embeddable":true,"href":"https:\/\/santapola.es\/ca\/wp-json\/wp\/v2\/comments?post=37595"}],"version-history":[{"count":0,"href":"https:\/\/santapola.es\/ca\/wp-json\/wp\/v2\/posts\/37595\/revisions"}],"wp:featuredmedia":[{"embeddable":true,"href":"https:\/\/santapola.es\/ca\/wp-json\/wp\/v2\/media\/37596"}],"wp:attachment":[{"href":"https:\/\/santapola.es\/ca\/wp-json\/wp\/v2\/media?parent=37595"}],"wp:term":[{"taxonomy":"category","embeddable":true,"href":"https:\/\/santapola.es\/ca\/wp-json\/wp\/v2\/categories?post=37595"},{"taxonomy":"post_tag","embeddable":true,"href":"https:\/\/santapola.es\/ca\/wp-json\/wp\/v2\/tags?post=37595"}],"curies":[{"name":"wp","href":"https:\/\/api.w.org\/{rel}","templated":true}]}}