{"id":37558,"date":"2024-06-21T12:06:46","date_gmt":"2024-06-21T10:06:46","guid":{"rendered":"https:\/\/santapola.es\/?p=37558"},"modified":"2024-06-21T12:06:46","modified_gmt":"2024-06-21T10:06:46","slug":"santa-pola-permetra-fogueres-en-la-nit-de-sant-joan-nomes-en-dos-zones-delimitades-de-llevant-i-gran-platja","status":"publish","type":"post","link":"https:\/\/santapola.es\/ca\/santa-pola-permetra-fogueres-en-la-nit-de-sant-joan-nomes-en-dos-zones-delimitades-de-llevant-i-gran-platja\/","title":{"rendered":"Santa Pola permetr\u00e0 fogueres en la nit de Sant Joan nom\u00e9s en dos zones delimitades de Llevant i Gran Platja"},"content":{"rendered":"<p><strong>L&#8217;Ajuntament de Santa Pola habilita \u00e0rees delimitades en dos platges, Llevant i Gran Platja, com a \u00fanics punts on es podr\u00e0 fer fogueres en tot el terme municipal i baix estrictes mesures de seguretat. No es permetr\u00e0 el consum de begudes alcoh\u00f2liques ni cuinar amb brases.<\/strong><\/p>\n<p>La regidoria de Platges ha informat del dispositiu que t\u00e9 preparat per a la celebraci\u00f3 de la nit de Sant Joan diumenge que ve 23 al dilluns 24, habilitant dos zones a les platges de Llevant i Gran Platja on es podr\u00e0 encendre fogueres, estant expressament prohibit fer foc fora de les zones delimitades, barrades i controlades per la Policia Local.<\/p>\n<p>Hi haur\u00e0 un ampli operatiu de vigil\u00e0ncia i control format per Policia Local i Gu\u00e0rdia Civil, els agents del qual controlaran que en la zona de fogueres no es produ\u00efsca entrada de material perill\u00f3s, ja que no est\u00e0 perm\u00e9s utilitzar en les fogueres material que continga claus, cristalls, ni tirar petards o soltar fanalets voladors.<\/p>\n<p>No es podr\u00e0 cuinar ni fer brases a la platja, per tant \u00fanicament es permetr\u00e0 menjar aliments precuinats i queda totalment prohibit el consum de begudes alcoh\u00f2liques, sent denunciades les persones que siguen detectades realitzant conductes prohibides<\/p>\n<p>A m\u00e9s la Policia Local controlar\u00e0 els accessos a les platges naturals del cap i zona oest de la poblaci\u00f3, on est\u00e0 totalment prohibit prendre fogueres.<\/p>\n","protected":false},"excerpt":{"rendered":"<p>L&#8217;Ajuntament de Santa Pola habilita \u00e0rees delimitades en dos platges, Llevant i Gran Platja, com a \u00fanics punts on es podr\u00e0 fer fogueres en tot el terme municipal i baix estrictes mesures de seguretat. No es permetr\u00e0 el consum de begudes alcoh\u00f2liques ni cuinar amb brases. La regidoria de Platges ha informat del dispositiu que [&hellip;]<\/p>\n","protected":false},"author":96,"featured_media":37560,"comment_status":"closed","ping_status":"closed","sticky":false,"template":"","format":"standard","meta":{"_et_pb_use_builder":"","_et_pb_old_content":"","_et_gb_content_width":"","footnotes":""},"categories":[434,574],"tags":[917],"class_list":["post-37558","post","type-post","status-publish","format-standard","has-post-thumbnail","hentry","category-festes","category-platjes","tag-nit-de-sant-joan"],"yoast_head":"<!-- This site is optimized with the Yoast SEO plugin v27.4 - https:\/\/yoast.com\/product\/yoast-seo-wordpress\/ -->\n<title>Santa Pola permetr\u00e0 fogueres en la nit de Sant Joan nom\u00e9s en dos zones delimitades de Llevant i Gran Platja - Ajuntament de Santa Pola<\/title>\n<meta name=\"robots\" content=\"index, follow, max-snippet:-1, max-image-preview:large, max-video-preview:-1\" \/>\n<link rel=\"canonical\" href=\"https:\/\/santapola.es\/ca\/santa-pola-permetra-fogueres-en-la-nit-de-sant-joan-nomes-en-dos-zones-delimitades-de-llevant-i-gran-platja\/\" \/>\n<meta property=\"og:locale\" content=\"ca_ES\" \/>\n<meta property=\"og:type\" content=\"article\" \/>\n<meta property=\"og:title\" content=\"Santa Pola permetr\u00e0 fogueres en la nit de Sant Joan nom\u00e9s en dos zones delimitades de Llevant i Gran Platja - Ajuntament de Santa Pola\" \/>\n<meta property=\"og:description\" content=\"L&#8217;Ajuntament de Santa Pola habilita \u00e0rees delimitades en dos platges, Llevant i Gran Platja, com a \u00fanics punts on es podr\u00e0 fer fogueres en tot el terme municipal i baix estrictes mesures de seguretat. No es permetr\u00e0 el consum de begudes alcoh\u00f2liques ni cuinar amb brases. La regidoria de Platges ha informat del dispositiu que [&hellip;]\" \/>\n<meta property=\"og:url\" content=\"https:\/\/santapola.es\/ca\/santa-pola-permetra-fogueres-en-la-nit-de-sant-joan-nomes-en-dos-zones-delimitades-de-llevant-i-gran-platja\/\" \/>\n<meta property=\"og:site_name\" content=\"Ajuntament de Santa Pola\" \/>\n<meta property=\"article:publisher\" content=\"https:\/\/www.facebook.com\/AyuntamientoSantaPola\/\" \/>\n<meta property=\"article:published_time\" content=\"2024-06-21T10:06:46+00:00\" \/>\n<meta property=\"og:image\" content=\"https:\/\/santapola.es\/wp-content\/uploads\/2024\/06\/plano-noche-san-juan.jpeg\" \/>\n\t<meta property=\"og:image:width\" content=\"1358\" \/>\n\t<meta property=\"og:image:height\" content=\"960\" \/>\n\t<meta property=\"og:image:type\" content=\"image\/jpeg\" \/>\n<meta name=\"author\" content=\"Jos\u00e9 Juan L\u00f3pez Lafuente\" \/>\n<meta name=\"twitter:card\" content=\"summary_large_image\" \/>\n<meta name=\"twitter:creator\" content=\"@SantaPolaAyunt\" \/>\n<meta name=\"twitter:site\" content=\"@SantaPolaAyunt\" \/>\n<script type=\"application\/ld+json\" class=\"yoast-schema-graph\">{\"@context\":\"https:\\\/\\\/schema.org\",\"@graph\":[{\"@type\":\"Article\",\"@id\":\"https:\\\/\\\/santapola.es\\\/ca\\\/santa-pola-permetra-fogueres-en-la-nit-de-sant-joan-nomes-en-dos-zones-delimitades-de-llevant-i-gran-platja\\\/#article\",\"isPartOf\":{\"@id\":\"https:\\\/\\\/santapola.es\\\/ca\\\/santa-pola-permetra-fogueres-en-la-nit-de-sant-joan-nomes-en-dos-zones-delimitades-de-llevant-i-gran-platja\\\/\"},\"author\":{\"name\":\"Jos\u00e9 Juan L\u00f3pez Lafuente\",\"@id\":\"https:\\\/\\\/santapola.es\\\/ca\\\/#\\\/schema\\\/person\\\/ad1d67403707b58350c7be5e8dbc442d\"},\"headline\":\"Santa Pola permetr\u00e0 fogueres en la nit de Sant Joan nom\u00e9s en dos zones delimitades de Llevant i Gran Platja\",\"datePublished\":\"2024-06-21T10:06:46+00:00\",\"mainEntityOfPage\":{\"@id\":\"https:\\\/\\\/santapola.es\\\/ca\\\/santa-pola-permetra-fogueres-en-la-nit-de-sant-joan-nomes-en-dos-zones-delimitades-de-llevant-i-gran-platja\\\/\"},\"wordCount\":253,\"image\":{\"@id\":\"https:\\\/\\\/santapola.es\\\/ca\\\/santa-pola-permetra-fogueres-en-la-nit-de-sant-joan-nomes-en-dos-zones-delimitades-de-llevant-i-gran-platja\\\/#primaryimage\"},\"thumbnailUrl\":\"https:\\\/\\\/santapola.es\\\/wp-content\\\/uploads\\\/2024\\\/06\\\/plano-noche-san-juan.jpeg\",\"keywords\":[\"Nit de Sant Joan\"],\"articleSection\":[\"Festes\",\"Platjes\"],\"inLanguage\":\"ca\"},{\"@type\":\"WebPage\",\"@id\":\"https:\\\/\\\/santapola.es\\\/ca\\\/santa-pola-permetra-fogueres-en-la-nit-de-sant-joan-nomes-en-dos-zones-delimitades-de-llevant-i-gran-platja\\\/\",\"url\":\"https:\\\/\\\/santapola.es\\\/ca\\\/santa-pola-permetra-fogueres-en-la-nit-de-sant-joan-nomes-en-dos-zones-delimitades-de-llevant-i-gran-platja\\\/\",\"name\":\"Santa Pola permetr\u00e0 fogueres en la nit de Sant Joan nom\u00e9s en dos zones delimitades de Llevant i Gran Platja - Ajuntament de Santa Pola\",\"isPartOf\":{\"@id\":\"https:\\\/\\\/santapola.es\\\/ca\\\/#website\"},\"primaryImageOfPage\":{\"@id\":\"https:\\\/\\\/santapola.es\\\/ca\\\/santa-pola-permetra-fogueres-en-la-nit-de-sant-joan-nomes-en-dos-zones-delimitades-de-llevant-i-gran-platja\\\/#primaryimage\"},\"image\":{\"@id\":\"https:\\\/\\\/santapola.es\\\/ca\\\/santa-pola-permetra-fogueres-en-la-nit-de-sant-joan-nomes-en-dos-zones-delimitades-de-llevant-i-gran-platja\\\/#primaryimage\"},\"thumbnailUrl\":\"https:\\\/\\\/santapola.es\\\/wp-content\\\/uploads\\\/2024\\\/06\\\/plano-noche-san-juan.jpeg\",\"datePublished\":\"2024-06-21T10:06:46+00:00\",\"author\":{\"@id\":\"https:\\\/\\\/santapola.es\\\/ca\\\/#\\\/schema\\\/person\\\/ad1d67403707b58350c7be5e8dbc442d\"},\"breadcrumb\":{\"@id\":\"https:\\\/\\\/santapola.es\\\/ca\\\/santa-pola-permetra-fogueres-en-la-nit-de-sant-joan-nomes-en-dos-zones-delimitades-de-llevant-i-gran-platja\\\/#breadcrumb\"},\"inLanguage\":\"ca\",\"potentialAction\":[{\"@type\":\"ReadAction\",\"target\":[\"https:\\\/\\\/santapola.es\\\/ca\\\/santa-pola-permetra-fogueres-en-la-nit-de-sant-joan-nomes-en-dos-zones-delimitades-de-llevant-i-gran-platja\\\/\"]}]},{\"@type\":\"ImageObject\",\"inLanguage\":\"ca\",\"@id\":\"https:\\\/\\\/santapola.es\\\/ca\\\/santa-pola-permetra-fogueres-en-la-nit-de-sant-joan-nomes-en-dos-zones-delimitades-de-llevant-i-gran-platja\\\/#primaryimage\",\"url\":\"https:\\\/\\\/santapola.es\\\/wp-content\\\/uploads\\\/2024\\\/06\\\/plano-noche-san-juan.jpeg\",\"contentUrl\":\"https:\\\/\\\/santapola.es\\\/wp-content\\\/uploads\\\/2024\\\/06\\\/plano-noche-san-juan.jpeg\",\"width\":1358,\"height\":960},{\"@type\":\"BreadcrumbList\",\"@id\":\"https:\\\/\\\/santapola.es\\\/ca\\\/santa-pola-permetra-fogueres-en-la-nit-de-sant-joan-nomes-en-dos-zones-delimitades-de-llevant-i-gran-platja\\\/#breadcrumb\",\"itemListElement\":[{\"@type\":\"ListItem\",\"position\":1,\"name\":\"Inici\",\"item\":\"https:\\\/\\\/santapola.es\\\/ca\\\/\"},{\"@type\":\"ListItem\",\"position\":2,\"name\":\"Santa Pola permetr\u00e0 fogueres en la nit de Sant Joan nom\u00e9s en dos zones delimitades de Llevant i Gran Platja\"}]},{\"@type\":\"WebSite\",\"@id\":\"https:\\\/\\\/santapola.es\\\/ca\\\/#website\",\"url\":\"https:\\\/\\\/santapola.es\\\/ca\\\/\",\"name\":\"Ayuntamiento de Santa Pola\",\"description\":\"Web de l'Ajuntament de Santa Pola\",\"potentialAction\":[{\"@type\":\"SearchAction\",\"target\":{\"@type\":\"EntryPoint\",\"urlTemplate\":\"https:\\\/\\\/santapola.es\\\/ca\\\/?s={search_term_string}\"},\"query-input\":{\"@type\":\"PropertyValueSpecification\",\"valueRequired\":true,\"valueName\":\"search_term_string\"}}],\"inLanguage\":\"ca\"},{\"@type\":\"Person\",\"@id\":\"https:\\\/\\\/santapola.es\\\/ca\\\/#\\\/schema\\\/person\\\/ad1d67403707b58350c7be5e8dbc442d\",\"name\":\"Jos\u00e9 Juan L\u00f3pez Lafuente\"}]}<\/script>\n<!-- \/ Yoast SEO plugin. -->","yoast_head_json":{"title":"Santa Pola permetr\u00e0 fogueres en la nit de Sant Joan nom\u00e9s en dos zones delimitades de Llevant i Gran Platja - Ajuntament de Santa Pola","robots":{"index":"index","follow":"follow","max-snippet":"max-snippet:-1","max-image-preview":"max-image-preview:large","max-video-preview":"max-video-preview:-1"},"canonical":"https:\/\/santapola.es\/ca\/santa-pola-permetra-fogueres-en-la-nit-de-sant-joan-nomes-en-dos-zones-delimitades-de-llevant-i-gran-platja\/","og_locale":"ca_ES","og_type":"article","og_title":"Santa Pola permetr\u00e0 fogueres en la nit de Sant Joan nom\u00e9s en dos zones delimitades de Llevant i Gran Platja - Ajuntament de Santa Pola","og_description":"L&#8217;Ajuntament de Santa Pola habilita \u00e0rees delimitades en dos platges, Llevant i Gran Platja, com a \u00fanics punts on es podr\u00e0 fer fogueres en tot el terme municipal i baix estrictes mesures de seguretat. No es permetr\u00e0 el consum de begudes alcoh\u00f2liques ni cuinar amb brases. La regidoria de Platges ha informat del dispositiu que [&hellip;]","og_url":"https:\/\/santapola.es\/ca\/santa-pola-permetra-fogueres-en-la-nit-de-sant-joan-nomes-en-dos-zones-delimitades-de-llevant-i-gran-platja\/","og_site_name":"Ajuntament de Santa Pola","article_publisher":"https:\/\/www.facebook.com\/AyuntamientoSantaPola\/","article_published_time":"2024-06-21T10:06:46+00:00","og_image":[{"width":1358,"height":960,"url":"https:\/\/santapola.es\/wp-content\/uploads\/2024\/06\/plano-noche-san-juan.jpeg","type":"image\/jpeg"}],"author":"Jos\u00e9 Juan L\u00f3pez Lafuente","twitter_card":"summary_large_image","twitter_creator":"@SantaPolaAyunt","twitter_site":"@SantaPolaAyunt","schema":{"@context":"https:\/\/schema.org","@graph":[{"@type":"Article","@id":"https:\/\/santapola.es\/ca\/santa-pola-permetra-fogueres-en-la-nit-de-sant-joan-nomes-en-dos-zones-delimitades-de-llevant-i-gran-platja\/#article","isPartOf":{"@id":"https:\/\/santapola.es\/ca\/santa-pola-permetra-fogueres-en-la-nit-de-sant-joan-nomes-en-dos-zones-delimitades-de-llevant-i-gran-platja\/"},"author":{"name":"Jos\u00e9 Juan L\u00f3pez Lafuente","@id":"https:\/\/santapola.es\/ca\/#\/schema\/person\/ad1d67403707b58350c7be5e8dbc442d"},"headline":"Santa Pola permetr\u00e0 fogueres en la nit de Sant Joan nom\u00e9s en dos zones delimitades de Llevant i Gran Platja","datePublished":"2024-06-21T10:06:46+00:00","mainEntityOfPage":{"@id":"https:\/\/santapola.es\/ca\/santa-pola-permetra-fogueres-en-la-nit-de-sant-joan-nomes-en-dos-zones-delimitades-de-llevant-i-gran-platja\/"},"wordCount":253,"image":{"@id":"https:\/\/santapola.es\/ca\/santa-pola-permetra-fogueres-en-la-nit-de-sant-joan-nomes-en-dos-zones-delimitades-de-llevant-i-gran-platja\/#primaryimage"},"thumbnailUrl":"https:\/\/santapola.es\/wp-content\/uploads\/2024\/06\/plano-noche-san-juan.jpeg","keywords":["Nit de Sant Joan"],"articleSection":["Festes","Platjes"],"inLanguage":"ca"},{"@type":"WebPage","@id":"https:\/\/santapola.es\/ca\/santa-pola-permetra-fogueres-en-la-nit-de-sant-joan-nomes-en-dos-zones-delimitades-de-llevant-i-gran-platja\/","url":"https:\/\/santapola.es\/ca\/santa-pola-permetra-fogueres-en-la-nit-de-sant-joan-nomes-en-dos-zones-delimitades-de-llevant-i-gran-platja\/","name":"Santa Pola permetr\u00e0 fogueres en la nit de Sant Joan nom\u00e9s en dos zones delimitades de Llevant i Gran Platja - Ajuntament de Santa Pola","isPartOf":{"@id":"https:\/\/santapola.es\/ca\/#website"},"primaryImageOfPage":{"@id":"https:\/\/santapola.es\/ca\/santa-pola-permetra-fogueres-en-la-nit-de-sant-joan-nomes-en-dos-zones-delimitades-de-llevant-i-gran-platja\/#primaryimage"},"image":{"@id":"https:\/\/santapola.es\/ca\/santa-pola-permetra-fogueres-en-la-nit-de-sant-joan-nomes-en-dos-zones-delimitades-de-llevant-i-gran-platja\/#primaryimage"},"thumbnailUrl":"https:\/\/santapola.es\/wp-content\/uploads\/2024\/06\/plano-noche-san-juan.jpeg","datePublished":"2024-06-21T10:06:46+00:00","author":{"@id":"https:\/\/santapola.es\/ca\/#\/schema\/person\/ad1d67403707b58350c7be5e8dbc442d"},"breadcrumb":{"@id":"https:\/\/santapola.es\/ca\/santa-pola-permetra-fogueres-en-la-nit-de-sant-joan-nomes-en-dos-zones-delimitades-de-llevant-i-gran-platja\/#breadcrumb"},"inLanguage":"ca","potentialAction":[{"@type":"ReadAction","target":["https:\/\/santapola.es\/ca\/santa-pola-permetra-fogueres-en-la-nit-de-sant-joan-nomes-en-dos-zones-delimitades-de-llevant-i-gran-platja\/"]}]},{"@type":"ImageObject","inLanguage":"ca","@id":"https:\/\/santapola.es\/ca\/santa-pola-permetra-fogueres-en-la-nit-de-sant-joan-nomes-en-dos-zones-delimitades-de-llevant-i-gran-platja\/#primaryimage","url":"https:\/\/santapola.es\/wp-content\/uploads\/2024\/06\/plano-noche-san-juan.jpeg","contentUrl":"https:\/\/santapola.es\/wp-content\/uploads\/2024\/06\/plano-noche-san-juan.jpeg","width":1358,"height":960},{"@type":"BreadcrumbList","@id":"https:\/\/santapola.es\/ca\/santa-pola-permetra-fogueres-en-la-nit-de-sant-joan-nomes-en-dos-zones-delimitades-de-llevant-i-gran-platja\/#breadcrumb","itemListElement":[{"@type":"ListItem","position":1,"name":"Inici","item":"https:\/\/santapola.es\/ca\/"},{"@type":"ListItem","position":2,"name":"Santa Pola permetr\u00e0 fogueres en la nit de Sant Joan nom\u00e9s en dos zones delimitades de Llevant i Gran Platja"}]},{"@type":"WebSite","@id":"https:\/\/santapola.es\/ca\/#website","url":"https:\/\/santapola.es\/ca\/","name":"Ayuntamiento de Santa Pola","description":"Web de l'Ajuntament de Santa Pola","potentialAction":[{"@type":"SearchAction","target":{"@type":"EntryPoint","urlTemplate":"https:\/\/santapola.es\/ca\/?s={search_term_string}"},"query-input":{"@type":"PropertyValueSpecification","valueRequired":true,"valueName":"search_term_string"}}],"inLanguage":"ca"},{"@type":"Person","@id":"https:\/\/santapola.es\/ca\/#\/schema\/person\/ad1d67403707b58350c7be5e8dbc442d","name":"Jos\u00e9 Juan L\u00f3pez Lafuente"}]}},"_links":{"self":[{"href":"https:\/\/santapola.es\/ca\/wp-json\/wp\/v2\/posts\/37558","targetHints":{"allow":["GET"]}}],"collection":[{"href":"https:\/\/santapola.es\/ca\/wp-json\/wp\/v2\/posts"}],"about":[{"href":"https:\/\/santapola.es\/ca\/wp-json\/wp\/v2\/types\/post"}],"author":[{"embeddable":true,"href":"https:\/\/santapola.es\/ca\/wp-json\/wp\/v2\/users\/96"}],"replies":[{"embeddable":true,"href":"https:\/\/santapola.es\/ca\/wp-json\/wp\/v2\/comments?post=37558"}],"version-history":[{"count":0,"href":"https:\/\/santapola.es\/ca\/wp-json\/wp\/v2\/posts\/37558\/revisions"}],"wp:featuredmedia":[{"embeddable":true,"href":"https:\/\/santapola.es\/ca\/wp-json\/wp\/v2\/media\/37560"}],"wp:attachment":[{"href":"https:\/\/santapola.es\/ca\/wp-json\/wp\/v2\/media?parent=37558"}],"wp:term":[{"taxonomy":"category","embeddable":true,"href":"https:\/\/santapola.es\/ca\/wp-json\/wp\/v2\/categories?post=37558"},{"taxonomy":"post_tag","embeddable":true,"href":"https:\/\/santapola.es\/ca\/wp-json\/wp\/v2\/tags?post=37558"}],"curies":[{"name":"wp","href":"https:\/\/api.w.org\/{rel}","templated":true}]}}