{"id":37491,"date":"2024-06-20T13:11:10","date_gmt":"2024-06-20T11:11:10","guid":{"rendered":"https:\/\/santapola.es\/?p=37491"},"modified":"2024-06-20T13:11:10","modified_gmt":"2024-06-20T11:11:10","slug":"clausura-del-curso-en-la-escuela-de-adultos-jose-garcia-el-mestre","status":"publish","type":"post","link":"https:\/\/santapola.es\/ca\/clausura-del-curso-en-la-escuela-de-adultos-jose-garcia-el-mestre\/","title":{"rendered":"Clausura del curso en la Escuela de Adultos Jos\u00e9 Garc\u00eda \u201cEl Mestre\u201d"},"content":{"rendered":"<p><b>Ayer tuvo lugar el acto de clausura del curso 2023-24 y entrega de diplomas a los alumnos, m\u00e1s de 200 que han participado en las clases de alfabetizaci\u00f3n, neolectores, educaci\u00f3n de base, graduado en Educaci\u00f3n Secundaria, espa\u00f1ol para extranjeros y necesidades educativas especiales.<\/b><\/p>\n<p><span style=\"font-weight: 400;\">El Centro C\u00edvico y Social acogi\u00f3 el acto de entrega de diplomas al alumnado del Centro P\u00fablico de Formaci\u00f3n de Personas Adultas Municipal Jos\u00e9 Garc\u00eda \u201cEl Mestre\u201d, al que asistieron el concejal de Educaci\u00f3n, \u00d3scar Valenzuela, y las ediles Gela Roche y Encarni Ram\u00edrez.<\/span><\/p>\n<p><span style=\"font-weight: 400;\">En la Escuela de Adultos la matriculaci\u00f3n supera los 200 alumnos cada curso escolar, en el que se imparten diversas formaciones: un primer ciclo con tres niveles que incluyen alfabetizaci\u00f3n, neolectores y educaci\u00f3n de base; un segundo ciclo de graduado en Educaci\u00f3n Secundaria; curso de preparaci\u00f3n para las pruebas libres de obtenci\u00f3n del graduado en Educaci\u00f3n Secundaria; espa\u00f1ol para extranjeros en 3 niveles y alumnos con necesidades educativas especiales.<\/span><\/p>\n<p><span style=\"font-weight: 400;\">Adem\u00e1s de esta oferta formativa, realizan diversas actividades extraescolares y complementarias con gran participaci\u00f3n del alumnado, en colaboraci\u00f3n y coordinaci\u00f3n con los distintos agentes del entorno de Santa Pola.<\/span><\/p>\n<p><span style=\"font-weight: 400;\">En este \u00e1mbito se incluyen charlas sobre inclusi\u00f3n e igualdad de g\u00e9nero, visitas guiadas a lugares de inter\u00e9s de la localidad (lonja, museos, castillo, ruinas romanas&#8230;), eventos de convivencia para celebrar d\u00edas festivos y conmemorativos (D\u00eda de la Paz, D\u00eda de la Mujer, Carnaval, D\u00eda del Cartucho\u2026), asistencia a exposiciones, obras de teatro, presentaci\u00f3n de libros&#8230;<\/span><\/p>\n<p><b>Matriculaci\u00f3n para el curso 2024-25<\/b><\/p>\n<p><span style=\"font-weight: 400;\">El 1 de julio se abre el per\u00edodo de matriculaci\u00f3n para el pr\u00f3ximo curso hasta el 26 de julio, en el Centro C\u00edvico y Social y en horario de 10:00 a 12:00 horas. El segundo per\u00edodo de inscripci\u00f3n ser\u00e1 entre el 9 y el 13 de septiembre, para iniciar el curso el 16 de septiembre.\u00a0<\/span><\/p>\n","protected":false},"excerpt":{"rendered":"<p>Ayer tuvo lugar el acto de clausura del curso 2023-24 y entrega de diplomas a los alumnos, m\u00e1s de 200 que han participado en las clases de alfabetizaci\u00f3n, neolectores, educaci\u00f3n de base, graduado en Educaci\u00f3n Secundaria, espa\u00f1ol para extranjeros y necesidades educativas especiales. El Centro C\u00edvico y Social acogi\u00f3 el acto de entrega de diplomas [&hellip;]<\/p>\n","protected":false},"author":96,"featured_media":37497,"comment_status":"closed","ping_status":"closed","sticky":false,"template":"","format":"standard","meta":{"_et_pb_use_builder":"","_et_pb_old_content":"","_et_gb_content_width":"","footnotes":""},"categories":[116],"tags":[262,909,162,148],"class_list":["post-37491","post","type-post","status-publish","format-standard","has-post-thumbnail","hentry","category-educacion","tag-encarni-ramirez","tag-escuela-de-adultos-jose-garcia-el-mestre","tag-gela-roche","tag-oscar-valenzuela"],"yoast_head":"<!-- This site is optimized with the Yoast SEO plugin v27.4 - https:\/\/yoast.com\/product\/yoast-seo-wordpress\/ -->\n<title>Clausura del curso en la Escuela de Adultos Jos\u00e9 Garc\u00eda \u201cEl Mestre\u201d - Ajuntament de Santa Pola<\/title>\n<meta name=\"robots\" content=\"index, follow, max-snippet:-1, max-image-preview:large, max-video-preview:-1\" \/>\n<link rel=\"canonical\" href=\"https:\/\/santapola.es\/ca\/clausura-del-curso-en-la-escuela-de-adultos-jose-garcia-el-mestre\/\" \/>\n<meta property=\"og:locale\" content=\"ca_ES\" \/>\n<meta property=\"og:type\" content=\"article\" \/>\n<meta property=\"og:title\" content=\"Clausura del curso en la Escuela de Adultos Jos\u00e9 Garc\u00eda \u201cEl Mestre\u201d - Ajuntament de Santa Pola\" \/>\n<meta property=\"og:description\" content=\"Ayer tuvo lugar el acto de clausura del curso 2023-24 y entrega de diplomas a los alumnos, m\u00e1s de 200 que han participado en las clases de alfabetizaci\u00f3n, neolectores, educaci\u00f3n de base, graduado en Educaci\u00f3n Secundaria, espa\u00f1ol para extranjeros y necesidades educativas especiales. El Centro C\u00edvico y Social acogi\u00f3 el acto de entrega de diplomas [&hellip;]\" \/>\n<meta property=\"og:url\" content=\"https:\/\/santapola.es\/ca\/clausura-del-curso-en-la-escuela-de-adultos-jose-garcia-el-mestre\/\" \/>\n<meta property=\"og:site_name\" content=\"Ajuntament de Santa Pola\" \/>\n<meta property=\"article:publisher\" content=\"https:\/\/www.facebook.com\/AyuntamientoSantaPola\/\" \/>\n<meta property=\"article:published_time\" content=\"2024-06-20T11:11:10+00:00\" \/>\n<meta property=\"og:image\" content=\"https:\/\/santapola.es\/wp-content\/uploads\/2024\/06\/IMG_2954.jpeg\" \/>\n\t<meta property=\"og:image:width\" content=\"3227\" \/>\n\t<meta property=\"og:image:height\" content=\"2211\" \/>\n\t<meta property=\"og:image:type\" content=\"image\/jpeg\" \/>\n<meta name=\"author\" content=\"Jos\u00e9 Juan L\u00f3pez Lafuente\" \/>\n<meta name=\"twitter:card\" content=\"summary_large_image\" \/>\n<meta name=\"twitter:creator\" content=\"@SantaPolaAyunt\" \/>\n<meta name=\"twitter:site\" content=\"@SantaPolaAyunt\" \/>\n<script type=\"application\/ld+json\" class=\"yoast-schema-graph\">{\"@context\":\"https:\\\/\\\/schema.org\",\"@graph\":[{\"@type\":\"Article\",\"@id\":\"https:\\\/\\\/santapola.es\\\/ca\\\/clausura-del-curso-en-la-escuela-de-adultos-jose-garcia-el-mestre\\\/#article\",\"isPartOf\":{\"@id\":\"https:\\\/\\\/santapola.es\\\/ca\\\/clausura-del-curso-en-la-escuela-de-adultos-jose-garcia-el-mestre\\\/\"},\"author\":{\"name\":\"Jos\u00e9 Juan L\u00f3pez Lafuente\",\"@id\":\"https:\\\/\\\/santapola.es\\\/ca\\\/#\\\/schema\\\/person\\\/ad1d67403707b58350c7be5e8dbc442d\"},\"headline\":\"Clausura del curso en la Escuela de Adultos Jos\u00e9 Garc\u00eda \u201cEl Mestre\u201d\",\"datePublished\":\"2024-06-20T11:11:10+00:00\",\"mainEntityOfPage\":{\"@id\":\"https:\\\/\\\/santapola.es\\\/ca\\\/clausura-del-curso-en-la-escuela-de-adultos-jose-garcia-el-mestre\\\/\"},\"wordCount\":342,\"image\":{\"@id\":\"https:\\\/\\\/santapola.es\\\/ca\\\/clausura-del-curso-en-la-escuela-de-adultos-jose-garcia-el-mestre\\\/#primaryimage\"},\"thumbnailUrl\":\"https:\\\/\\\/santapola.es\\\/wp-content\\\/uploads\\\/2024\\\/06\\\/IMG_2954.jpeg\",\"keywords\":[\"Encarni Ram\u00edrez\",\"Escuela de Adultos Jos\u00e9 Garc\u00eda \\\"El Mestre\\\"\",\"Gela Roche\",\"\u00d3scar Valenzuela\"],\"articleSection\":[\"Educaci\u00f3n\"],\"inLanguage\":\"ca\"},{\"@type\":\"WebPage\",\"@id\":\"https:\\\/\\\/santapola.es\\\/ca\\\/clausura-del-curso-en-la-escuela-de-adultos-jose-garcia-el-mestre\\\/\",\"url\":\"https:\\\/\\\/santapola.es\\\/ca\\\/clausura-del-curso-en-la-escuela-de-adultos-jose-garcia-el-mestre\\\/\",\"name\":\"Clausura del curso en la Escuela de Adultos Jos\u00e9 Garc\u00eda \u201cEl Mestre\u201d - Ajuntament de Santa Pola\",\"isPartOf\":{\"@id\":\"https:\\\/\\\/santapola.es\\\/ca\\\/#website\"},\"primaryImageOfPage\":{\"@id\":\"https:\\\/\\\/santapola.es\\\/ca\\\/clausura-del-curso-en-la-escuela-de-adultos-jose-garcia-el-mestre\\\/#primaryimage\"},\"image\":{\"@id\":\"https:\\\/\\\/santapola.es\\\/ca\\\/clausura-del-curso-en-la-escuela-de-adultos-jose-garcia-el-mestre\\\/#primaryimage\"},\"thumbnailUrl\":\"https:\\\/\\\/santapola.es\\\/wp-content\\\/uploads\\\/2024\\\/06\\\/IMG_2954.jpeg\",\"datePublished\":\"2024-06-20T11:11:10+00:00\",\"author\":{\"@id\":\"https:\\\/\\\/santapola.es\\\/ca\\\/#\\\/schema\\\/person\\\/ad1d67403707b58350c7be5e8dbc442d\"},\"breadcrumb\":{\"@id\":\"https:\\\/\\\/santapola.es\\\/ca\\\/clausura-del-curso-en-la-escuela-de-adultos-jose-garcia-el-mestre\\\/#breadcrumb\"},\"inLanguage\":\"ca\",\"potentialAction\":[{\"@type\":\"ReadAction\",\"target\":[\"https:\\\/\\\/santapola.es\\\/ca\\\/clausura-del-curso-en-la-escuela-de-adultos-jose-garcia-el-mestre\\\/\"]}]},{\"@type\":\"ImageObject\",\"inLanguage\":\"ca\",\"@id\":\"https:\\\/\\\/santapola.es\\\/ca\\\/clausura-del-curso-en-la-escuela-de-adultos-jose-garcia-el-mestre\\\/#primaryimage\",\"url\":\"https:\\\/\\\/santapola.es\\\/wp-content\\\/uploads\\\/2024\\\/06\\\/IMG_2954.jpeg\",\"contentUrl\":\"https:\\\/\\\/santapola.es\\\/wp-content\\\/uploads\\\/2024\\\/06\\\/IMG_2954.jpeg\",\"width\":3000,\"height\":2055},{\"@type\":\"BreadcrumbList\",\"@id\":\"https:\\\/\\\/santapola.es\\\/ca\\\/clausura-del-curso-en-la-escuela-de-adultos-jose-garcia-el-mestre\\\/#breadcrumb\",\"itemListElement\":[{\"@type\":\"ListItem\",\"position\":1,\"name\":\"Inici\",\"item\":\"https:\\\/\\\/santapola.es\\\/ca\\\/\"},{\"@type\":\"ListItem\",\"position\":2,\"name\":\"Clausura del curso en la Escuela de Adultos Jos\u00e9 Garc\u00eda \u201cEl Mestre\u201d\"}]},{\"@type\":\"WebSite\",\"@id\":\"https:\\\/\\\/santapola.es\\\/ca\\\/#website\",\"url\":\"https:\\\/\\\/santapola.es\\\/ca\\\/\",\"name\":\"Ayuntamiento de Santa Pola\",\"description\":\"Web de l'Ajuntament de Santa Pola\",\"potentialAction\":[{\"@type\":\"SearchAction\",\"target\":{\"@type\":\"EntryPoint\",\"urlTemplate\":\"https:\\\/\\\/santapola.es\\\/ca\\\/?s={search_term_string}\"},\"query-input\":{\"@type\":\"PropertyValueSpecification\",\"valueRequired\":true,\"valueName\":\"search_term_string\"}}],\"inLanguage\":\"ca\"},{\"@type\":\"Person\",\"@id\":\"https:\\\/\\\/santapola.es\\\/ca\\\/#\\\/schema\\\/person\\\/ad1d67403707b58350c7be5e8dbc442d\",\"name\":\"Jos\u00e9 Juan L\u00f3pez Lafuente\"}]}<\/script>\n<!-- \/ Yoast SEO plugin. -->","yoast_head_json":{"title":"Clausura del curso en la Escuela de Adultos Jos\u00e9 Garc\u00eda \u201cEl Mestre\u201d - Ajuntament de Santa Pola","robots":{"index":"index","follow":"follow","max-snippet":"max-snippet:-1","max-image-preview":"max-image-preview:large","max-video-preview":"max-video-preview:-1"},"canonical":"https:\/\/santapola.es\/ca\/clausura-del-curso-en-la-escuela-de-adultos-jose-garcia-el-mestre\/","og_locale":"ca_ES","og_type":"article","og_title":"Clausura del curso en la Escuela de Adultos Jos\u00e9 Garc\u00eda \u201cEl Mestre\u201d - Ajuntament de Santa Pola","og_description":"Ayer tuvo lugar el acto de clausura del curso 2023-24 y entrega de diplomas a los alumnos, m\u00e1s de 200 que han participado en las clases de alfabetizaci\u00f3n, neolectores, educaci\u00f3n de base, graduado en Educaci\u00f3n Secundaria, espa\u00f1ol para extranjeros y necesidades educativas especiales. El Centro C\u00edvico y Social acogi\u00f3 el acto de entrega de diplomas [&hellip;]","og_url":"https:\/\/santapola.es\/ca\/clausura-del-curso-en-la-escuela-de-adultos-jose-garcia-el-mestre\/","og_site_name":"Ajuntament de Santa Pola","article_publisher":"https:\/\/www.facebook.com\/AyuntamientoSantaPola\/","article_published_time":"2024-06-20T11:11:10+00:00","og_image":[{"width":3227,"height":2211,"url":"https:\/\/santapola.es\/wp-content\/uploads\/2024\/06\/IMG_2954.jpeg","type":"image\/jpeg"}],"author":"Jos\u00e9 Juan L\u00f3pez Lafuente","twitter_card":"summary_large_image","twitter_creator":"@SantaPolaAyunt","twitter_site":"@SantaPolaAyunt","schema":{"@context":"https:\/\/schema.org","@graph":[{"@type":"Article","@id":"https:\/\/santapola.es\/ca\/clausura-del-curso-en-la-escuela-de-adultos-jose-garcia-el-mestre\/#article","isPartOf":{"@id":"https:\/\/santapola.es\/ca\/clausura-del-curso-en-la-escuela-de-adultos-jose-garcia-el-mestre\/"},"author":{"name":"Jos\u00e9 Juan L\u00f3pez Lafuente","@id":"https:\/\/santapola.es\/ca\/#\/schema\/person\/ad1d67403707b58350c7be5e8dbc442d"},"headline":"Clausura del curso en la Escuela de Adultos Jos\u00e9 Garc\u00eda \u201cEl Mestre\u201d","datePublished":"2024-06-20T11:11:10+00:00","mainEntityOfPage":{"@id":"https:\/\/santapola.es\/ca\/clausura-del-curso-en-la-escuela-de-adultos-jose-garcia-el-mestre\/"},"wordCount":342,"image":{"@id":"https:\/\/santapola.es\/ca\/clausura-del-curso-en-la-escuela-de-adultos-jose-garcia-el-mestre\/#primaryimage"},"thumbnailUrl":"https:\/\/santapola.es\/wp-content\/uploads\/2024\/06\/IMG_2954.jpeg","keywords":["Encarni Ram\u00edrez","Escuela de Adultos Jos\u00e9 Garc\u00eda \"El Mestre\"","Gela Roche","\u00d3scar Valenzuela"],"articleSection":["Educaci\u00f3n"],"inLanguage":"ca"},{"@type":"WebPage","@id":"https:\/\/santapola.es\/ca\/clausura-del-curso-en-la-escuela-de-adultos-jose-garcia-el-mestre\/","url":"https:\/\/santapola.es\/ca\/clausura-del-curso-en-la-escuela-de-adultos-jose-garcia-el-mestre\/","name":"Clausura del curso en la Escuela de Adultos Jos\u00e9 Garc\u00eda \u201cEl Mestre\u201d - Ajuntament de Santa Pola","isPartOf":{"@id":"https:\/\/santapola.es\/ca\/#website"},"primaryImageOfPage":{"@id":"https:\/\/santapola.es\/ca\/clausura-del-curso-en-la-escuela-de-adultos-jose-garcia-el-mestre\/#primaryimage"},"image":{"@id":"https:\/\/santapola.es\/ca\/clausura-del-curso-en-la-escuela-de-adultos-jose-garcia-el-mestre\/#primaryimage"},"thumbnailUrl":"https:\/\/santapola.es\/wp-content\/uploads\/2024\/06\/IMG_2954.jpeg","datePublished":"2024-06-20T11:11:10+00:00","author":{"@id":"https:\/\/santapola.es\/ca\/#\/schema\/person\/ad1d67403707b58350c7be5e8dbc442d"},"breadcrumb":{"@id":"https:\/\/santapola.es\/ca\/clausura-del-curso-en-la-escuela-de-adultos-jose-garcia-el-mestre\/#breadcrumb"},"inLanguage":"ca","potentialAction":[{"@type":"ReadAction","target":["https:\/\/santapola.es\/ca\/clausura-del-curso-en-la-escuela-de-adultos-jose-garcia-el-mestre\/"]}]},{"@type":"ImageObject","inLanguage":"ca","@id":"https:\/\/santapola.es\/ca\/clausura-del-curso-en-la-escuela-de-adultos-jose-garcia-el-mestre\/#primaryimage","url":"https:\/\/santapola.es\/wp-content\/uploads\/2024\/06\/IMG_2954.jpeg","contentUrl":"https:\/\/santapola.es\/wp-content\/uploads\/2024\/06\/IMG_2954.jpeg","width":3000,"height":2055},{"@type":"BreadcrumbList","@id":"https:\/\/santapola.es\/ca\/clausura-del-curso-en-la-escuela-de-adultos-jose-garcia-el-mestre\/#breadcrumb","itemListElement":[{"@type":"ListItem","position":1,"name":"Inici","item":"https:\/\/santapola.es\/ca\/"},{"@type":"ListItem","position":2,"name":"Clausura del curso en la Escuela de Adultos Jos\u00e9 Garc\u00eda \u201cEl Mestre\u201d"}]},{"@type":"WebSite","@id":"https:\/\/santapola.es\/ca\/#website","url":"https:\/\/santapola.es\/ca\/","name":"Ayuntamiento de Santa Pola","description":"Web de l'Ajuntament de Santa Pola","potentialAction":[{"@type":"SearchAction","target":{"@type":"EntryPoint","urlTemplate":"https:\/\/santapola.es\/ca\/?s={search_term_string}"},"query-input":{"@type":"PropertyValueSpecification","valueRequired":true,"valueName":"search_term_string"}}],"inLanguage":"ca"},{"@type":"Person","@id":"https:\/\/santapola.es\/ca\/#\/schema\/person\/ad1d67403707b58350c7be5e8dbc442d","name":"Jos\u00e9 Juan L\u00f3pez Lafuente"}]}},"_links":{"self":[{"href":"https:\/\/santapola.es\/ca\/wp-json\/wp\/v2\/posts\/37491","targetHints":{"allow":["GET"]}}],"collection":[{"href":"https:\/\/santapola.es\/ca\/wp-json\/wp\/v2\/posts"}],"about":[{"href":"https:\/\/santapola.es\/ca\/wp-json\/wp\/v2\/types\/post"}],"author":[{"embeddable":true,"href":"https:\/\/santapola.es\/ca\/wp-json\/wp\/v2\/users\/96"}],"replies":[{"embeddable":true,"href":"https:\/\/santapola.es\/ca\/wp-json\/wp\/v2\/comments?post=37491"}],"version-history":[{"count":0,"href":"https:\/\/santapola.es\/ca\/wp-json\/wp\/v2\/posts\/37491\/revisions"}],"wp:featuredmedia":[{"embeddable":true,"href":"https:\/\/santapola.es\/ca\/wp-json\/wp\/v2\/media\/37497"}],"wp:attachment":[{"href":"https:\/\/santapola.es\/ca\/wp-json\/wp\/v2\/media?parent=37491"}],"wp:term":[{"taxonomy":"category","embeddable":true,"href":"https:\/\/santapola.es\/ca\/wp-json\/wp\/v2\/categories?post=37491"},{"taxonomy":"post_tag","embeddable":true,"href":"https:\/\/santapola.es\/ca\/wp-json\/wp\/v2\/tags?post=37491"}],"curies":[{"name":"wp","href":"https:\/\/api.w.org\/{rel}","templated":true}]}}