{"id":37480,"date":"2024-06-20T12:15:13","date_gmt":"2024-06-20T10:15:13","guid":{"rendered":"https:\/\/santapola.es\/?p=37480"},"modified":"2024-06-20T12:24:03","modified_gmt":"2024-06-20T10:24:03","slug":"santa-pola-organitza-al-setembre-un-pla-teatral-danti-envelliment-amb-majors-a-escena","status":"publish","type":"post","link":"https:\/\/santapola.es\/ca\/santa-pola-organitza-al-setembre-un-pla-teatral-danti-envelliment-amb-majors-a-escena\/","title":{"rendered":"Santa Pola organitza al setembre un pla teatral d&#8217;anti envelliment amb \u201cMajors a Escena\u201d"},"content":{"rendered":"<p><strong>La Casa de Cultura ser\u00e0 escenari del 19 al 28 de setembre de la quinta edici\u00f3 de Majors a Escena, certamen de teatre en el qual participaran cinc companyies de Santa Pola, B\u00e9tera, Madrid, Gumiel de Mercado i Ibi. Seran els espectadors els qui faran de jurat i nominaran al grup guanyador en la gala de clausura.<\/strong><\/p>\n<p>Nely Baile, regidora de Cultura, va recordar \u201cel suport que des de l&#8217;Ajuntament de Santa Pola oferim a la cultura local i especialment als majors que compartixen la seua afici\u00f3 al teatre, juntament amb la regidoria de Persones Majors. Esta \u00e9s la quinta edici\u00f3 del certamen Majors a Escena i no deixa de sorprendre&#8217;ns el fet que els participants s\u00f3n grups de teatre aficionats per\u00f2 amb una qualitat que s&#8217;acosta al professional, amb molta qualitat. Santa Pola oferix una gran varietat d&#8217;atractius de tota mena i la cultura est\u00e0 en primer pla\u201d.<\/p>\n<p>Gonzalo Fern\u00e1ndez \u00e9s el director art\u00edstic de la Companyia Internacional Teatre Rayuela i organitzador d&#8217;este esdeveniment: \u201chem rebut 44 candidatures de grups de tota Espanya i ens han fet treballar molt per a fer la selecci\u00f3, perqu\u00e8 m\u00e9s que aficionats s\u00f3n artistes que fan teatre. La finalitat de Majors a Escena \u00e9s que tinguen un pla d&#8217;envelliment actiu a trav\u00e9s del teatre, gr\u00e0cies al suport de la Casa de Cultura i l&#8217;Ajuntament que ens ajuden a crear un referent a Espanya\u201d.<\/p>\n<p><strong>Cinc obres seleccionades<\/strong><\/p>\n<p>Esta quinta edici\u00f3 del MAE es desenvolupar\u00e0 durant dos caps de setmana, del 19 al 21 i del 26 al 28 de setembre, sempre a les 20.00 hores, tenint com a escenari la sala d&#8217;actes de la Casa de Cultura.<\/p>\n<p>La jornada inaugural del dijous 19 ser\u00e0 a c\u00e0rrec del grup local Nou Ressorgir que tamb\u00e9 dirigix Gonzalo Fern\u00e1ndez, amb l&#8217;obra \u201cLa funci\u00f3 no est\u00e0 cancel\u00b7lada\u201d. Emilia Belmonte, una de les components del grup, va recordar que \u201cdes de Nou Ressorgir comencem amb un projecte xicotet els dos primers anys per\u00f2 ens venia massa gran, va ser una sort coincidir amb Gonzalo i des de llavors es van fer c\u00e0rrec d&#8217;este esdeveniment que t\u00e9 tres potes: l&#8217;Ajuntament, Nou Ressorgir i Teatre Rayuela\u201d.<\/p>\n<p>El divendres 20 ser\u00e0 el torn de Zorongo Teatre, de B\u00e9tera (Val\u00e8ncia), que sota la direcci\u00f3 de D\u00eddac Moreno representaran \u201cEscriu-me a la terra\u201d, una visi\u00f3 de les cartes de Miguel Hern\u00e1ndez des de la visi\u00f3 de la seua esposa Josefina Manresa.<\/p>\n<p>El dissabte 21 actuar\u00e0 La Far\u00e0ndula de Sant Gin\u00e9s de Madrid amb \u201c\u00d1aque &#8211; o de polls i actors\u201d, una obra escrita en el segle XXI amb el llenguatge del Segle d&#8217;Or per Jos\u00e9 Sanchis Sinisterra i dirigida per Luis Gil-Delgado.<\/p>\n<p>El dijous 26 ser\u00e0 el torn de El Duende Teatre que venen des de Gumiel de Mercado (Burgos) amb l&#8217;obra \u201cConverses amb mam\u00e0\u201d, de Santiago Carlos Oves, i que ens recorda que tots som cures o cuidadors.<\/p>\n<p>El divendres 27 actuar\u00e0 l&#8217;\u00faltima companyia, Ayusteatro d&#8217;Ibi, posant en escena \u201cParany per a ocells\u201d de J.L. Alonso de Santos i dirigida per Tere Cerd\u00e0, una al\u00b7legoria a estos temps en els quals el vell no acaba de morir i el nou no acaba de n\u00e0ixer.<\/p>\n<p><strong>Clausura i lliurament de premis<\/strong><\/p>\n<p>La jornada final ser\u00e0 el dissabte 28 de setembre amb la gala de clausura i lliurament de premis, que amenitzar\u00e0 el grup local Nou Ressorgir amb l&#8217;espectacle \u201cEl millor\u201d.<\/p>\n<p>Gonzalo Fern\u00e1ndez ha recordat que \u201cser\u00e0 el jurat popular qui trie als premiats, tots els grups estaran representats en esta gala de clausura i hi ha una gran expectaci\u00f3, molta gent ens est\u00e0 preguntant ja per les entrades. Santa Pola tamb\u00e9 \u00e9s cultura perqu\u00e8 la gent gaudix de molt bons espectacles i des d&#8217;ac\u00ed cal agrair-ho a l&#8217;Ajuntament\u201d.<\/p>\n<p><img loading=\"lazy\" decoding=\"async\" class=\"aligncenter size-large wp-image-37478\" src=\"https:\/\/santapola.es\/wp-content\/uploads\/2024\/06\/MAE-cartel-general-724x1024.jpeg\" alt=\"\" width=\"724\" height=\"1024\" \/><\/p>\n","protected":false},"excerpt":{"rendered":"<p>La Casa de Cultura ser\u00e0 escenari del 19 al 28 de setembre de la quinta edici\u00f3 de Majors a Escena, certamen de teatre en el qual participaran cinc companyies de Santa Pola, B\u00e9tera, Madrid, Gumiel de Mercado i Ibi. Seran els espectadors els qui faran de jurat i nominaran al grup guanyador en la gala [&hellip;]<\/p>\n","protected":false},"author":96,"featured_media":37476,"comment_status":"closed","ping_status":"closed","sticky":false,"template":"","format":"standard","meta":{"_et_pb_use_builder":"","_et_pb_old_content":"","_et_gb_content_width":"","footnotes":""},"categories":[433],"tags":[907,511,908],"class_list":["post-37480","post","type-post","status-publish","format-standard","has-post-thumbnail","hentry","category-cultura-ca","tag-grup-de-teatre-nou-ressorgir","tag-nely-baile-ca","tag-teatre-rayuela"],"yoast_head":"<!-- This site is optimized with the Yoast SEO plugin v27.4 - https:\/\/yoast.com\/product\/yoast-seo-wordpress\/ -->\n<title>Santa Pola organitza al setembre un pla teatral d&#039;anti envelliment amb \u201cMajors a Escena\u201d - Ajuntament de Santa Pola<\/title>\n<meta name=\"robots\" content=\"index, follow, max-snippet:-1, max-image-preview:large, max-video-preview:-1\" \/>\n<link rel=\"canonical\" href=\"https:\/\/santapola.es\/ca\/santa-pola-organitza-al-setembre-un-pla-teatral-danti-envelliment-amb-majors-a-escena\/\" \/>\n<meta property=\"og:locale\" content=\"ca_ES\" \/>\n<meta property=\"og:type\" content=\"article\" \/>\n<meta property=\"og:title\" content=\"Santa Pola organitza al setembre un pla teatral d&#039;anti envelliment amb \u201cMajors a Escena\u201d - Ajuntament de Santa Pola\" \/>\n<meta property=\"og:description\" content=\"La Casa de Cultura ser\u00e0 escenari del 19 al 28 de setembre de la quinta edici\u00f3 de Majors a Escena, certamen de teatre en el qual participaran cinc companyies de Santa Pola, B\u00e9tera, Madrid, Gumiel de Mercado i Ibi. Seran els espectadors els qui faran de jurat i nominaran al grup guanyador en la gala [&hellip;]\" \/>\n<meta property=\"og:url\" content=\"https:\/\/santapola.es\/ca\/santa-pola-organitza-al-setembre-un-pla-teatral-danti-envelliment-amb-majors-a-escena\/\" \/>\n<meta property=\"og:site_name\" content=\"Ajuntament de Santa Pola\" \/>\n<meta property=\"article:publisher\" content=\"https:\/\/www.facebook.com\/AyuntamientoSantaPola\/\" \/>\n<meta property=\"article:published_time\" content=\"2024-06-20T10:15:13+00:00\" \/>\n<meta property=\"article:modified_time\" content=\"2024-06-20T10:24:03+00:00\" \/>\n<meta property=\"og:image\" content=\"https:\/\/santapola.es\/wp-content\/uploads\/2024\/06\/2024-06-20-Mayores-a-Escena-w.jpg\" \/>\n\t<meta property=\"og:image:width\" content=\"1920\" \/>\n\t<meta property=\"og:image:height\" content=\"1205\" \/>\n\t<meta property=\"og:image:type\" content=\"image\/jpeg\" \/>\n<meta name=\"author\" content=\"Jos\u00e9 Juan L\u00f3pez Lafuente\" \/>\n<meta name=\"twitter:card\" content=\"summary_large_image\" \/>\n<meta name=\"twitter:creator\" content=\"@SantaPolaAyunt\" \/>\n<meta name=\"twitter:site\" content=\"@SantaPolaAyunt\" \/>\n<script type=\"application\/ld+json\" class=\"yoast-schema-graph\">{\"@context\":\"https:\\\/\\\/schema.org\",\"@graph\":[{\"@type\":\"Article\",\"@id\":\"https:\\\/\\\/santapola.es\\\/ca\\\/santa-pola-organitza-al-setembre-un-pla-teatral-danti-envelliment-amb-majors-a-escena\\\/#article\",\"isPartOf\":{\"@id\":\"https:\\\/\\\/santapola.es\\\/ca\\\/santa-pola-organitza-al-setembre-un-pla-teatral-danti-envelliment-amb-majors-a-escena\\\/\"},\"author\":{\"name\":\"Jos\u00e9 Juan L\u00f3pez Lafuente\",\"@id\":\"https:\\\/\\\/santapola.es\\\/ca\\\/#\\\/schema\\\/person\\\/ad1d67403707b58350c7be5e8dbc442d\"},\"headline\":\"Santa Pola organitza al setembre un pla teatral d&#8217;anti envelliment amb \u201cMajors a Escena\u201d\",\"datePublished\":\"2024-06-20T10:15:13+00:00\",\"dateModified\":\"2024-06-20T10:24:03+00:00\",\"mainEntityOfPage\":{\"@id\":\"https:\\\/\\\/santapola.es\\\/ca\\\/santa-pola-organitza-al-setembre-un-pla-teatral-danti-envelliment-amb-majors-a-escena\\\/\"},\"wordCount\":654,\"image\":{\"@id\":\"https:\\\/\\\/santapola.es\\\/ca\\\/santa-pola-organitza-al-setembre-un-pla-teatral-danti-envelliment-amb-majors-a-escena\\\/#primaryimage\"},\"thumbnailUrl\":\"https:\\\/\\\/santapola.es\\\/wp-content\\\/uploads\\\/2024\\\/06\\\/2024-06-20-Mayores-a-Escena-w.jpg\",\"keywords\":[\"Grup de Teatre Nou Ressorgir\",\"Nely Baile\",\"Teatre Rayuela\"],\"articleSection\":[\"Cultura\"],\"inLanguage\":\"ca\"},{\"@type\":\"WebPage\",\"@id\":\"https:\\\/\\\/santapola.es\\\/ca\\\/santa-pola-organitza-al-setembre-un-pla-teatral-danti-envelliment-amb-majors-a-escena\\\/\",\"url\":\"https:\\\/\\\/santapola.es\\\/ca\\\/santa-pola-organitza-al-setembre-un-pla-teatral-danti-envelliment-amb-majors-a-escena\\\/\",\"name\":\"Santa Pola organitza al setembre un pla teatral d'anti envelliment amb \u201cMajors a Escena\u201d - Ajuntament de Santa Pola\",\"isPartOf\":{\"@id\":\"https:\\\/\\\/santapola.es\\\/ca\\\/#website\"},\"primaryImageOfPage\":{\"@id\":\"https:\\\/\\\/santapola.es\\\/ca\\\/santa-pola-organitza-al-setembre-un-pla-teatral-danti-envelliment-amb-majors-a-escena\\\/#primaryimage\"},\"image\":{\"@id\":\"https:\\\/\\\/santapola.es\\\/ca\\\/santa-pola-organitza-al-setembre-un-pla-teatral-danti-envelliment-amb-majors-a-escena\\\/#primaryimage\"},\"thumbnailUrl\":\"https:\\\/\\\/santapola.es\\\/wp-content\\\/uploads\\\/2024\\\/06\\\/2024-06-20-Mayores-a-Escena-w.jpg\",\"datePublished\":\"2024-06-20T10:15:13+00:00\",\"dateModified\":\"2024-06-20T10:24:03+00:00\",\"author\":{\"@id\":\"https:\\\/\\\/santapola.es\\\/ca\\\/#\\\/schema\\\/person\\\/ad1d67403707b58350c7be5e8dbc442d\"},\"breadcrumb\":{\"@id\":\"https:\\\/\\\/santapola.es\\\/ca\\\/santa-pola-organitza-al-setembre-un-pla-teatral-danti-envelliment-amb-majors-a-escena\\\/#breadcrumb\"},\"inLanguage\":\"ca\",\"potentialAction\":[{\"@type\":\"ReadAction\",\"target\":[\"https:\\\/\\\/santapola.es\\\/ca\\\/santa-pola-organitza-al-setembre-un-pla-teatral-danti-envelliment-amb-majors-a-escena\\\/\"]}]},{\"@type\":\"ImageObject\",\"inLanguage\":\"ca\",\"@id\":\"https:\\\/\\\/santapola.es\\\/ca\\\/santa-pola-organitza-al-setembre-un-pla-teatral-danti-envelliment-amb-majors-a-escena\\\/#primaryimage\",\"url\":\"https:\\\/\\\/santapola.es\\\/wp-content\\\/uploads\\\/2024\\\/06\\\/2024-06-20-Mayores-a-Escena-w.jpg\",\"contentUrl\":\"https:\\\/\\\/santapola.es\\\/wp-content\\\/uploads\\\/2024\\\/06\\\/2024-06-20-Mayores-a-Escena-w.jpg\",\"width\":1920,\"height\":1205},{\"@type\":\"BreadcrumbList\",\"@id\":\"https:\\\/\\\/santapola.es\\\/ca\\\/santa-pola-organitza-al-setembre-un-pla-teatral-danti-envelliment-amb-majors-a-escena\\\/#breadcrumb\",\"itemListElement\":[{\"@type\":\"ListItem\",\"position\":1,\"name\":\"Inici\",\"item\":\"https:\\\/\\\/santapola.es\\\/ca\\\/\"},{\"@type\":\"ListItem\",\"position\":2,\"name\":\"Santa Pola organitza al setembre un pla teatral d&#8217;anti envelliment amb \u201cMajors a Escena\u201d\"}]},{\"@type\":\"WebSite\",\"@id\":\"https:\\\/\\\/santapola.es\\\/ca\\\/#website\",\"url\":\"https:\\\/\\\/santapola.es\\\/ca\\\/\",\"name\":\"Ayuntamiento de Santa Pola\",\"description\":\"Web de l'Ajuntament de Santa Pola\",\"potentialAction\":[{\"@type\":\"SearchAction\",\"target\":{\"@type\":\"EntryPoint\",\"urlTemplate\":\"https:\\\/\\\/santapola.es\\\/ca\\\/?s={search_term_string}\"},\"query-input\":{\"@type\":\"PropertyValueSpecification\",\"valueRequired\":true,\"valueName\":\"search_term_string\"}}],\"inLanguage\":\"ca\"},{\"@type\":\"Person\",\"@id\":\"https:\\\/\\\/santapola.es\\\/ca\\\/#\\\/schema\\\/person\\\/ad1d67403707b58350c7be5e8dbc442d\",\"name\":\"Jos\u00e9 Juan L\u00f3pez Lafuente\"}]}<\/script>\n<!-- \/ Yoast SEO plugin. -->","yoast_head_json":{"title":"Santa Pola organitza al setembre un pla teatral d'anti envelliment amb \u201cMajors a Escena\u201d - Ajuntament de Santa Pola","robots":{"index":"index","follow":"follow","max-snippet":"max-snippet:-1","max-image-preview":"max-image-preview:large","max-video-preview":"max-video-preview:-1"},"canonical":"https:\/\/santapola.es\/ca\/santa-pola-organitza-al-setembre-un-pla-teatral-danti-envelliment-amb-majors-a-escena\/","og_locale":"ca_ES","og_type":"article","og_title":"Santa Pola organitza al setembre un pla teatral d'anti envelliment amb \u201cMajors a Escena\u201d - Ajuntament de Santa Pola","og_description":"La Casa de Cultura ser\u00e0 escenari del 19 al 28 de setembre de la quinta edici\u00f3 de Majors a Escena, certamen de teatre en el qual participaran cinc companyies de Santa Pola, B\u00e9tera, Madrid, Gumiel de Mercado i Ibi. Seran els espectadors els qui faran de jurat i nominaran al grup guanyador en la gala [&hellip;]","og_url":"https:\/\/santapola.es\/ca\/santa-pola-organitza-al-setembre-un-pla-teatral-danti-envelliment-amb-majors-a-escena\/","og_site_name":"Ajuntament de Santa Pola","article_publisher":"https:\/\/www.facebook.com\/AyuntamientoSantaPola\/","article_published_time":"2024-06-20T10:15:13+00:00","article_modified_time":"2024-06-20T10:24:03+00:00","og_image":[{"width":1920,"height":1205,"url":"https:\/\/santapola.es\/wp-content\/uploads\/2024\/06\/2024-06-20-Mayores-a-Escena-w.jpg","type":"image\/jpeg"}],"author":"Jos\u00e9 Juan L\u00f3pez Lafuente","twitter_card":"summary_large_image","twitter_creator":"@SantaPolaAyunt","twitter_site":"@SantaPolaAyunt","schema":{"@context":"https:\/\/schema.org","@graph":[{"@type":"Article","@id":"https:\/\/santapola.es\/ca\/santa-pola-organitza-al-setembre-un-pla-teatral-danti-envelliment-amb-majors-a-escena\/#article","isPartOf":{"@id":"https:\/\/santapola.es\/ca\/santa-pola-organitza-al-setembre-un-pla-teatral-danti-envelliment-amb-majors-a-escena\/"},"author":{"name":"Jos\u00e9 Juan L\u00f3pez Lafuente","@id":"https:\/\/santapola.es\/ca\/#\/schema\/person\/ad1d67403707b58350c7be5e8dbc442d"},"headline":"Santa Pola organitza al setembre un pla teatral d&#8217;anti envelliment amb \u201cMajors a Escena\u201d","datePublished":"2024-06-20T10:15:13+00:00","dateModified":"2024-06-20T10:24:03+00:00","mainEntityOfPage":{"@id":"https:\/\/santapola.es\/ca\/santa-pola-organitza-al-setembre-un-pla-teatral-danti-envelliment-amb-majors-a-escena\/"},"wordCount":654,"image":{"@id":"https:\/\/santapola.es\/ca\/santa-pola-organitza-al-setembre-un-pla-teatral-danti-envelliment-amb-majors-a-escena\/#primaryimage"},"thumbnailUrl":"https:\/\/santapola.es\/wp-content\/uploads\/2024\/06\/2024-06-20-Mayores-a-Escena-w.jpg","keywords":["Grup de Teatre Nou Ressorgir","Nely Baile","Teatre Rayuela"],"articleSection":["Cultura"],"inLanguage":"ca"},{"@type":"WebPage","@id":"https:\/\/santapola.es\/ca\/santa-pola-organitza-al-setembre-un-pla-teatral-danti-envelliment-amb-majors-a-escena\/","url":"https:\/\/santapola.es\/ca\/santa-pola-organitza-al-setembre-un-pla-teatral-danti-envelliment-amb-majors-a-escena\/","name":"Santa Pola organitza al setembre un pla teatral d'anti envelliment amb \u201cMajors a Escena\u201d - Ajuntament de Santa Pola","isPartOf":{"@id":"https:\/\/santapola.es\/ca\/#website"},"primaryImageOfPage":{"@id":"https:\/\/santapola.es\/ca\/santa-pola-organitza-al-setembre-un-pla-teatral-danti-envelliment-amb-majors-a-escena\/#primaryimage"},"image":{"@id":"https:\/\/santapola.es\/ca\/santa-pola-organitza-al-setembre-un-pla-teatral-danti-envelliment-amb-majors-a-escena\/#primaryimage"},"thumbnailUrl":"https:\/\/santapola.es\/wp-content\/uploads\/2024\/06\/2024-06-20-Mayores-a-Escena-w.jpg","datePublished":"2024-06-20T10:15:13+00:00","dateModified":"2024-06-20T10:24:03+00:00","author":{"@id":"https:\/\/santapola.es\/ca\/#\/schema\/person\/ad1d67403707b58350c7be5e8dbc442d"},"breadcrumb":{"@id":"https:\/\/santapola.es\/ca\/santa-pola-organitza-al-setembre-un-pla-teatral-danti-envelliment-amb-majors-a-escena\/#breadcrumb"},"inLanguage":"ca","potentialAction":[{"@type":"ReadAction","target":["https:\/\/santapola.es\/ca\/santa-pola-organitza-al-setembre-un-pla-teatral-danti-envelliment-amb-majors-a-escena\/"]}]},{"@type":"ImageObject","inLanguage":"ca","@id":"https:\/\/santapola.es\/ca\/santa-pola-organitza-al-setembre-un-pla-teatral-danti-envelliment-amb-majors-a-escena\/#primaryimage","url":"https:\/\/santapola.es\/wp-content\/uploads\/2024\/06\/2024-06-20-Mayores-a-Escena-w.jpg","contentUrl":"https:\/\/santapola.es\/wp-content\/uploads\/2024\/06\/2024-06-20-Mayores-a-Escena-w.jpg","width":1920,"height":1205},{"@type":"BreadcrumbList","@id":"https:\/\/santapola.es\/ca\/santa-pola-organitza-al-setembre-un-pla-teatral-danti-envelliment-amb-majors-a-escena\/#breadcrumb","itemListElement":[{"@type":"ListItem","position":1,"name":"Inici","item":"https:\/\/santapola.es\/ca\/"},{"@type":"ListItem","position":2,"name":"Santa Pola organitza al setembre un pla teatral d&#8217;anti envelliment amb \u201cMajors a Escena\u201d"}]},{"@type":"WebSite","@id":"https:\/\/santapola.es\/ca\/#website","url":"https:\/\/santapola.es\/ca\/","name":"Ayuntamiento de Santa Pola","description":"Web de l'Ajuntament de Santa Pola","potentialAction":[{"@type":"SearchAction","target":{"@type":"EntryPoint","urlTemplate":"https:\/\/santapola.es\/ca\/?s={search_term_string}"},"query-input":{"@type":"PropertyValueSpecification","valueRequired":true,"valueName":"search_term_string"}}],"inLanguage":"ca"},{"@type":"Person","@id":"https:\/\/santapola.es\/ca\/#\/schema\/person\/ad1d67403707b58350c7be5e8dbc442d","name":"Jos\u00e9 Juan L\u00f3pez Lafuente"}]}},"_links":{"self":[{"href":"https:\/\/santapola.es\/ca\/wp-json\/wp\/v2\/posts\/37480","targetHints":{"allow":["GET"]}}],"collection":[{"href":"https:\/\/santapola.es\/ca\/wp-json\/wp\/v2\/posts"}],"about":[{"href":"https:\/\/santapola.es\/ca\/wp-json\/wp\/v2\/types\/post"}],"author":[{"embeddable":true,"href":"https:\/\/santapola.es\/ca\/wp-json\/wp\/v2\/users\/96"}],"replies":[{"embeddable":true,"href":"https:\/\/santapola.es\/ca\/wp-json\/wp\/v2\/comments?post=37480"}],"version-history":[{"count":0,"href":"https:\/\/santapola.es\/ca\/wp-json\/wp\/v2\/posts\/37480\/revisions"}],"wp:featuredmedia":[{"embeddable":true,"href":"https:\/\/santapola.es\/ca\/wp-json\/wp\/v2\/media\/37476"}],"wp:attachment":[{"href":"https:\/\/santapola.es\/ca\/wp-json\/wp\/v2\/media?parent=37480"}],"wp:term":[{"taxonomy":"category","embeddable":true,"href":"https:\/\/santapola.es\/ca\/wp-json\/wp\/v2\/categories?post=37480"},{"taxonomy":"post_tag","embeddable":true,"href":"https:\/\/santapola.es\/ca\/wp-json\/wp\/v2\/tags?post=37480"}],"curies":[{"name":"wp","href":"https:\/\/api.w.org\/{rel}","templated":true}]}}