{"id":37467,"date":"2024-06-19T18:33:07","date_gmt":"2024-06-19T16:33:07","guid":{"rendered":"https:\/\/santapola.es\/?p=37467"},"modified":"2024-06-19T18:42:57","modified_gmt":"2024-06-19T16:42:57","slug":"solnhofen-diari-dun-viatge-disabel-carralero-lexposicio-de-lestiu-en-el-museu-de-la-mar","status":"publish","type":"post","link":"https:\/\/santapola.es\/ca\/solnhofen-diari-dun-viatge-disabel-carralero-lexposicio-de-lestiu-en-el-museu-de-la-mar\/","title":{"rendered":"\u201cSolnhofen, diari d&#8217;un viatge\u201d d&#8217;Isabel Carralero, l&#8217;exposici\u00f3 de l&#8217;estiu en el Museu de la Mar"},"content":{"rendered":"<p><strong>El 29 de juny s&#8217;inaugura la mostra d&#8217;Isabel Carralero com a homenatge al paisatge de pedra calc\u00e0ria d&#8217;esta zona de Baviera, composta per material escult\u00f2ric, gr\u00e0fic i audiovisual. Es podr\u00e0 veure durant tota la temporada estival fins al 8 de setembre.<\/strong><\/p>\n<p>Solnhofen \u00e9s un municipi de Baviera, Alemanya, situat a la vall del riu Altmu\u0308hl, una zona coneguda per la seua pedra calc\u00e0ria d&#8217;origen mar\u00ed de per\u00edode jur\u00e0sic (uns cent cinquanta milions d&#8217;anys). La pedra de Solnhofen s&#8217;utilitza des del segle XVIII per a l&#8217;elaboracio\u0301 de matrius litogr\u00e0fiques a causa de la seua densitat, duresa i qualitat del gra.<\/p>\n<p>La litografi\u0301a, inventada per Alois Senefelder en 1796, va permetre la reproducci\u00f3 d&#8217;imatges i documents de forma m\u00e9s r\u00e0pida i econ\u00f2mica que amb altres mitjans utilitzats fins a la data, com ho van ser el gravat en relleu o el gravat calcogr\u00e0fic.<\/p>\n<p>Al juliol de 2019 l&#8217;autora va iniciar un viatge cap a les pedreres de pedra litogr\u00e0fica de Solnhofen a la recerca d&#8217;un paisatge que fora subjecte i, alhora, matriu de les seues imatges. El recorregut es va convertir en una experi\u00e8ncia este\u0301tica el panorama del qual superava totes les imatges que els seus ulls gr\u00e0fics havien vist fins a la data, un paisatge en negatiu que es projectava en les seues retines com la imatge fantasma d&#8217;una pedra litogr\u00e0fica.<\/p>\n<p>Este projecte arreplega la produccio\u0301 arti\u0301stica realitzada a trave\u0301s d&#8217;este viatge en una s\u00e8rie d&#8217;instal\u00b7lacions compostes tant per material esculto\u0301ric, aixi com *gr\u00e0fic i audiovisual, una esp\u00e8cie d&#8217;homenatge als paisatges marginals, a la litografi\u0301a i a les roques del per\u00edode jura\u0301sic.<\/p>\n<p>L&#8217;inauguraci\u00f3 tindr\u00e0 lloc dissabte que ve 29 de juny a les 19.00 en el Baluard del Duc i la mostra romandr\u00e0 exposada a les sales del Museu de la Mar fins al 8 de setembre, comissariada per Pablo D\u00edaz Guti\u00e9rrez.<\/p>\n","protected":false},"excerpt":{"rendered":"<p>El 29 de juny s&#8217;inaugura la mostra d&#8217;Isabel Carralero com a homenatge al paisatge de pedra calc\u00e0ria d&#8217;esta zona de Baviera, composta per material escult\u00f2ric, gr\u00e0fic i audiovisual. Es podr\u00e0 veure durant tota la temporada estival fins al 8 de setembre. Solnhofen \u00e9s un municipi de Baviera, Alemanya, situat a la vall del riu Altmu\u0308hl, [&hellip;]<\/p>\n","protected":false},"author":96,"featured_media":37465,"comment_status":"closed","ping_status":"closed","sticky":false,"template":"","format":"standard","meta":{"_et_pb_use_builder":"","_et_pb_old_content":"","_et_gb_content_width":"","footnotes":""},"categories":[433],"tags":[803,517],"class_list":["post-37467","post","type-post","status-publish","format-standard","has-post-thumbnail","hentry","category-cultura-ca","tag-exposicion-ca","tag-museu-de-la-mar"],"yoast_head":"<!-- This site is optimized with the Yoast SEO plugin v27.4 - https:\/\/yoast.com\/product\/yoast-seo-wordpress\/ -->\n<title>\u201cSolnhofen, diari d&#039;un viatge\u201d d&#039;Isabel Carralero, l&#039;exposici\u00f3 de l&#039;estiu en el Museu de la Mar - Ajuntament de Santa Pola<\/title>\n<meta name=\"robots\" content=\"index, follow, max-snippet:-1, max-image-preview:large, max-video-preview:-1\" \/>\n<link rel=\"canonical\" href=\"https:\/\/santapola.es\/ca\/solnhofen-diari-dun-viatge-disabel-carralero-lexposicio-de-lestiu-en-el-museu-de-la-mar\/\" \/>\n<meta property=\"og:locale\" content=\"ca_ES\" \/>\n<meta property=\"og:type\" content=\"article\" \/>\n<meta property=\"og:title\" content=\"\u201cSolnhofen, diari d&#039;un viatge\u201d d&#039;Isabel Carralero, l&#039;exposici\u00f3 de l&#039;estiu en el Museu de la Mar - Ajuntament de Santa Pola\" \/>\n<meta property=\"og:description\" content=\"El 29 de juny s&#8217;inaugura la mostra d&#8217;Isabel Carralero com a homenatge al paisatge de pedra calc\u00e0ria d&#8217;esta zona de Baviera, composta per material escult\u00f2ric, gr\u00e0fic i audiovisual. Es podr\u00e0 veure durant tota la temporada estival fins al 8 de setembre. Solnhofen \u00e9s un municipi de Baviera, Alemanya, situat a la vall del riu Altmu\u0308hl, [&hellip;]\" \/>\n<meta property=\"og:url\" content=\"https:\/\/santapola.es\/ca\/solnhofen-diari-dun-viatge-disabel-carralero-lexposicio-de-lestiu-en-el-museu-de-la-mar\/\" \/>\n<meta property=\"og:site_name\" content=\"Ajuntament de Santa Pola\" \/>\n<meta property=\"article:publisher\" content=\"https:\/\/www.facebook.com\/AyuntamientoSantaPola\/\" \/>\n<meta property=\"article:published_time\" content=\"2024-06-19T16:33:07+00:00\" \/>\n<meta property=\"article:modified_time\" content=\"2024-06-19T16:42:57+00:00\" \/>\n<meta property=\"og:image\" content=\"https:\/\/santapola.es\/wp-content\/uploads\/2024\/06\/banner_solnhofen_MURO.png\" \/>\n\t<meta property=\"og:image:width\" content=\"1080\" \/>\n\t<meta property=\"og:image:height\" content=\"1080\" \/>\n\t<meta property=\"og:image:type\" content=\"image\/png\" \/>\n<meta name=\"author\" content=\"Jos\u00e9 Juan L\u00f3pez Lafuente\" \/>\n<meta name=\"twitter:card\" content=\"summary_large_image\" \/>\n<meta name=\"twitter:creator\" content=\"@SantaPolaAyunt\" \/>\n<meta name=\"twitter:site\" content=\"@SantaPolaAyunt\" \/>\n<script type=\"application\/ld+json\" class=\"yoast-schema-graph\">{\"@context\":\"https:\\\/\\\/schema.org\",\"@graph\":[{\"@type\":\"Article\",\"@id\":\"https:\\\/\\\/santapola.es\\\/ca\\\/solnhofen-diari-dun-viatge-disabel-carralero-lexposicio-de-lestiu-en-el-museu-de-la-mar\\\/#article\",\"isPartOf\":{\"@id\":\"https:\\\/\\\/santapola.es\\\/ca\\\/solnhofen-diari-dun-viatge-disabel-carralero-lexposicio-de-lestiu-en-el-museu-de-la-mar\\\/\"},\"author\":{\"name\":\"Jos\u00e9 Juan L\u00f3pez Lafuente\",\"@id\":\"https:\\\/\\\/santapola.es\\\/ca\\\/#\\\/schema\\\/person\\\/ad1d67403707b58350c7be5e8dbc442d\"},\"headline\":\"\u201cSolnhofen, diari d&#8217;un viatge\u201d d&#8217;Isabel Carralero, l&#8217;exposici\u00f3 de l&#8217;estiu en el Museu de la Mar\",\"datePublished\":\"2024-06-19T16:33:07+00:00\",\"dateModified\":\"2024-06-19T16:42:57+00:00\",\"mainEntityOfPage\":{\"@id\":\"https:\\\/\\\/santapola.es\\\/ca\\\/solnhofen-diari-dun-viatge-disabel-carralero-lexposicio-de-lestiu-en-el-museu-de-la-mar\\\/\"},\"wordCount\":358,\"image\":{\"@id\":\"https:\\\/\\\/santapola.es\\\/ca\\\/solnhofen-diari-dun-viatge-disabel-carralero-lexposicio-de-lestiu-en-el-museu-de-la-mar\\\/#primaryimage\"},\"thumbnailUrl\":\"https:\\\/\\\/santapola.es\\\/wp-content\\\/uploads\\\/2024\\\/06\\\/banner_solnhofen_MURO.png\",\"keywords\":[\"Exposici\u00f3n\",\"Museu de la Mar\"],\"articleSection\":[\"Cultura\"],\"inLanguage\":\"ca\"},{\"@type\":\"WebPage\",\"@id\":\"https:\\\/\\\/santapola.es\\\/ca\\\/solnhofen-diari-dun-viatge-disabel-carralero-lexposicio-de-lestiu-en-el-museu-de-la-mar\\\/\",\"url\":\"https:\\\/\\\/santapola.es\\\/ca\\\/solnhofen-diari-dun-viatge-disabel-carralero-lexposicio-de-lestiu-en-el-museu-de-la-mar\\\/\",\"name\":\"\u201cSolnhofen, diari d'un viatge\u201d d'Isabel Carralero, l'exposici\u00f3 de l'estiu en el Museu de la Mar - Ajuntament de Santa Pola\",\"isPartOf\":{\"@id\":\"https:\\\/\\\/santapola.es\\\/ca\\\/#website\"},\"primaryImageOfPage\":{\"@id\":\"https:\\\/\\\/santapola.es\\\/ca\\\/solnhofen-diari-dun-viatge-disabel-carralero-lexposicio-de-lestiu-en-el-museu-de-la-mar\\\/#primaryimage\"},\"image\":{\"@id\":\"https:\\\/\\\/santapola.es\\\/ca\\\/solnhofen-diari-dun-viatge-disabel-carralero-lexposicio-de-lestiu-en-el-museu-de-la-mar\\\/#primaryimage\"},\"thumbnailUrl\":\"https:\\\/\\\/santapola.es\\\/wp-content\\\/uploads\\\/2024\\\/06\\\/banner_solnhofen_MURO.png\",\"datePublished\":\"2024-06-19T16:33:07+00:00\",\"dateModified\":\"2024-06-19T16:42:57+00:00\",\"author\":{\"@id\":\"https:\\\/\\\/santapola.es\\\/ca\\\/#\\\/schema\\\/person\\\/ad1d67403707b58350c7be5e8dbc442d\"},\"breadcrumb\":{\"@id\":\"https:\\\/\\\/santapola.es\\\/ca\\\/solnhofen-diari-dun-viatge-disabel-carralero-lexposicio-de-lestiu-en-el-museu-de-la-mar\\\/#breadcrumb\"},\"inLanguage\":\"ca\",\"potentialAction\":[{\"@type\":\"ReadAction\",\"target\":[\"https:\\\/\\\/santapola.es\\\/ca\\\/solnhofen-diari-dun-viatge-disabel-carralero-lexposicio-de-lestiu-en-el-museu-de-la-mar\\\/\"]}]},{\"@type\":\"ImageObject\",\"inLanguage\":\"ca\",\"@id\":\"https:\\\/\\\/santapola.es\\\/ca\\\/solnhofen-diari-dun-viatge-disabel-carralero-lexposicio-de-lestiu-en-el-museu-de-la-mar\\\/#primaryimage\",\"url\":\"https:\\\/\\\/santapola.es\\\/wp-content\\\/uploads\\\/2024\\\/06\\\/banner_solnhofen_MURO.png\",\"contentUrl\":\"https:\\\/\\\/santapola.es\\\/wp-content\\\/uploads\\\/2024\\\/06\\\/banner_solnhofen_MURO.png\",\"width\":1080,\"height\":1080},{\"@type\":\"BreadcrumbList\",\"@id\":\"https:\\\/\\\/santapola.es\\\/ca\\\/solnhofen-diari-dun-viatge-disabel-carralero-lexposicio-de-lestiu-en-el-museu-de-la-mar\\\/#breadcrumb\",\"itemListElement\":[{\"@type\":\"ListItem\",\"position\":1,\"name\":\"Inici\",\"item\":\"https:\\\/\\\/santapola.es\\\/ca\\\/\"},{\"@type\":\"ListItem\",\"position\":2,\"name\":\"\u201cSolnhofen, diari d&#8217;un viatge\u201d d&#8217;Isabel Carralero, l&#8217;exposici\u00f3 de l&#8217;estiu en el Museu de la Mar\"}]},{\"@type\":\"WebSite\",\"@id\":\"https:\\\/\\\/santapola.es\\\/ca\\\/#website\",\"url\":\"https:\\\/\\\/santapola.es\\\/ca\\\/\",\"name\":\"Ayuntamiento de Santa Pola\",\"description\":\"Web de l'Ajuntament de Santa Pola\",\"potentialAction\":[{\"@type\":\"SearchAction\",\"target\":{\"@type\":\"EntryPoint\",\"urlTemplate\":\"https:\\\/\\\/santapola.es\\\/ca\\\/?s={search_term_string}\"},\"query-input\":{\"@type\":\"PropertyValueSpecification\",\"valueRequired\":true,\"valueName\":\"search_term_string\"}}],\"inLanguage\":\"ca\"},{\"@type\":\"Person\",\"@id\":\"https:\\\/\\\/santapola.es\\\/ca\\\/#\\\/schema\\\/person\\\/ad1d67403707b58350c7be5e8dbc442d\",\"name\":\"Jos\u00e9 Juan L\u00f3pez Lafuente\"}]}<\/script>\n<!-- \/ Yoast SEO plugin. -->","yoast_head_json":{"title":"\u201cSolnhofen, diari d'un viatge\u201d d'Isabel Carralero, l'exposici\u00f3 de l'estiu en el Museu de la Mar - Ajuntament de Santa Pola","robots":{"index":"index","follow":"follow","max-snippet":"max-snippet:-1","max-image-preview":"max-image-preview:large","max-video-preview":"max-video-preview:-1"},"canonical":"https:\/\/santapola.es\/ca\/solnhofen-diari-dun-viatge-disabel-carralero-lexposicio-de-lestiu-en-el-museu-de-la-mar\/","og_locale":"ca_ES","og_type":"article","og_title":"\u201cSolnhofen, diari d'un viatge\u201d d'Isabel Carralero, l'exposici\u00f3 de l'estiu en el Museu de la Mar - Ajuntament de Santa Pola","og_description":"El 29 de juny s&#8217;inaugura la mostra d&#8217;Isabel Carralero com a homenatge al paisatge de pedra calc\u00e0ria d&#8217;esta zona de Baviera, composta per material escult\u00f2ric, gr\u00e0fic i audiovisual. Es podr\u00e0 veure durant tota la temporada estival fins al 8 de setembre. Solnhofen \u00e9s un municipi de Baviera, Alemanya, situat a la vall del riu Altmu\u0308hl, [&hellip;]","og_url":"https:\/\/santapola.es\/ca\/solnhofen-diari-dun-viatge-disabel-carralero-lexposicio-de-lestiu-en-el-museu-de-la-mar\/","og_site_name":"Ajuntament de Santa Pola","article_publisher":"https:\/\/www.facebook.com\/AyuntamientoSantaPola\/","article_published_time":"2024-06-19T16:33:07+00:00","article_modified_time":"2024-06-19T16:42:57+00:00","og_image":[{"width":1080,"height":1080,"url":"https:\/\/santapola.es\/wp-content\/uploads\/2024\/06\/banner_solnhofen_MURO.png","type":"image\/png"}],"author":"Jos\u00e9 Juan L\u00f3pez Lafuente","twitter_card":"summary_large_image","twitter_creator":"@SantaPolaAyunt","twitter_site":"@SantaPolaAyunt","schema":{"@context":"https:\/\/schema.org","@graph":[{"@type":"Article","@id":"https:\/\/santapola.es\/ca\/solnhofen-diari-dun-viatge-disabel-carralero-lexposicio-de-lestiu-en-el-museu-de-la-mar\/#article","isPartOf":{"@id":"https:\/\/santapola.es\/ca\/solnhofen-diari-dun-viatge-disabel-carralero-lexposicio-de-lestiu-en-el-museu-de-la-mar\/"},"author":{"name":"Jos\u00e9 Juan L\u00f3pez Lafuente","@id":"https:\/\/santapola.es\/ca\/#\/schema\/person\/ad1d67403707b58350c7be5e8dbc442d"},"headline":"\u201cSolnhofen, diari d&#8217;un viatge\u201d d&#8217;Isabel Carralero, l&#8217;exposici\u00f3 de l&#8217;estiu en el Museu de la Mar","datePublished":"2024-06-19T16:33:07+00:00","dateModified":"2024-06-19T16:42:57+00:00","mainEntityOfPage":{"@id":"https:\/\/santapola.es\/ca\/solnhofen-diari-dun-viatge-disabel-carralero-lexposicio-de-lestiu-en-el-museu-de-la-mar\/"},"wordCount":358,"image":{"@id":"https:\/\/santapola.es\/ca\/solnhofen-diari-dun-viatge-disabel-carralero-lexposicio-de-lestiu-en-el-museu-de-la-mar\/#primaryimage"},"thumbnailUrl":"https:\/\/santapola.es\/wp-content\/uploads\/2024\/06\/banner_solnhofen_MURO.png","keywords":["Exposici\u00f3n","Museu de la Mar"],"articleSection":["Cultura"],"inLanguage":"ca"},{"@type":"WebPage","@id":"https:\/\/santapola.es\/ca\/solnhofen-diari-dun-viatge-disabel-carralero-lexposicio-de-lestiu-en-el-museu-de-la-mar\/","url":"https:\/\/santapola.es\/ca\/solnhofen-diari-dun-viatge-disabel-carralero-lexposicio-de-lestiu-en-el-museu-de-la-mar\/","name":"\u201cSolnhofen, diari d'un viatge\u201d d'Isabel Carralero, l'exposici\u00f3 de l'estiu en el Museu de la Mar - Ajuntament de Santa Pola","isPartOf":{"@id":"https:\/\/santapola.es\/ca\/#website"},"primaryImageOfPage":{"@id":"https:\/\/santapola.es\/ca\/solnhofen-diari-dun-viatge-disabel-carralero-lexposicio-de-lestiu-en-el-museu-de-la-mar\/#primaryimage"},"image":{"@id":"https:\/\/santapola.es\/ca\/solnhofen-diari-dun-viatge-disabel-carralero-lexposicio-de-lestiu-en-el-museu-de-la-mar\/#primaryimage"},"thumbnailUrl":"https:\/\/santapola.es\/wp-content\/uploads\/2024\/06\/banner_solnhofen_MURO.png","datePublished":"2024-06-19T16:33:07+00:00","dateModified":"2024-06-19T16:42:57+00:00","author":{"@id":"https:\/\/santapola.es\/ca\/#\/schema\/person\/ad1d67403707b58350c7be5e8dbc442d"},"breadcrumb":{"@id":"https:\/\/santapola.es\/ca\/solnhofen-diari-dun-viatge-disabel-carralero-lexposicio-de-lestiu-en-el-museu-de-la-mar\/#breadcrumb"},"inLanguage":"ca","potentialAction":[{"@type":"ReadAction","target":["https:\/\/santapola.es\/ca\/solnhofen-diari-dun-viatge-disabel-carralero-lexposicio-de-lestiu-en-el-museu-de-la-mar\/"]}]},{"@type":"ImageObject","inLanguage":"ca","@id":"https:\/\/santapola.es\/ca\/solnhofen-diari-dun-viatge-disabel-carralero-lexposicio-de-lestiu-en-el-museu-de-la-mar\/#primaryimage","url":"https:\/\/santapola.es\/wp-content\/uploads\/2024\/06\/banner_solnhofen_MURO.png","contentUrl":"https:\/\/santapola.es\/wp-content\/uploads\/2024\/06\/banner_solnhofen_MURO.png","width":1080,"height":1080},{"@type":"BreadcrumbList","@id":"https:\/\/santapola.es\/ca\/solnhofen-diari-dun-viatge-disabel-carralero-lexposicio-de-lestiu-en-el-museu-de-la-mar\/#breadcrumb","itemListElement":[{"@type":"ListItem","position":1,"name":"Inici","item":"https:\/\/santapola.es\/ca\/"},{"@type":"ListItem","position":2,"name":"\u201cSolnhofen, diari d&#8217;un viatge\u201d d&#8217;Isabel Carralero, l&#8217;exposici\u00f3 de l&#8217;estiu en el Museu de la Mar"}]},{"@type":"WebSite","@id":"https:\/\/santapola.es\/ca\/#website","url":"https:\/\/santapola.es\/ca\/","name":"Ayuntamiento de Santa Pola","description":"Web de l'Ajuntament de Santa Pola","potentialAction":[{"@type":"SearchAction","target":{"@type":"EntryPoint","urlTemplate":"https:\/\/santapola.es\/ca\/?s={search_term_string}"},"query-input":{"@type":"PropertyValueSpecification","valueRequired":true,"valueName":"search_term_string"}}],"inLanguage":"ca"},{"@type":"Person","@id":"https:\/\/santapola.es\/ca\/#\/schema\/person\/ad1d67403707b58350c7be5e8dbc442d","name":"Jos\u00e9 Juan L\u00f3pez Lafuente"}]}},"_links":{"self":[{"href":"https:\/\/santapola.es\/ca\/wp-json\/wp\/v2\/posts\/37467","targetHints":{"allow":["GET"]}}],"collection":[{"href":"https:\/\/santapola.es\/ca\/wp-json\/wp\/v2\/posts"}],"about":[{"href":"https:\/\/santapola.es\/ca\/wp-json\/wp\/v2\/types\/post"}],"author":[{"embeddable":true,"href":"https:\/\/santapola.es\/ca\/wp-json\/wp\/v2\/users\/96"}],"replies":[{"embeddable":true,"href":"https:\/\/santapola.es\/ca\/wp-json\/wp\/v2\/comments?post=37467"}],"version-history":[{"count":0,"href":"https:\/\/santapola.es\/ca\/wp-json\/wp\/v2\/posts\/37467\/revisions"}],"wp:featuredmedia":[{"embeddable":true,"href":"https:\/\/santapola.es\/ca\/wp-json\/wp\/v2\/media\/37465"}],"wp:attachment":[{"href":"https:\/\/santapola.es\/ca\/wp-json\/wp\/v2\/media?parent=37467"}],"wp:term":[{"taxonomy":"category","embeddable":true,"href":"https:\/\/santapola.es\/ca\/wp-json\/wp\/v2\/categories?post=37467"},{"taxonomy":"post_tag","embeddable":true,"href":"https:\/\/santapola.es\/ca\/wp-json\/wp\/v2\/tags?post=37467"}],"curies":[{"name":"wp","href":"https:\/\/api.w.org\/{rel}","templated":true}]}}