{"id":37436,"date":"2024-06-19T14:21:37","date_gmt":"2024-06-19T12:21:37","guid":{"rendered":"https:\/\/santapola.es\/?p=37436"},"modified":"2024-06-21T19:53:03","modified_gmt":"2024-06-21T17:53:03","slug":"les-festes-de-platja-llisa-i-tamarit-oferixen-quatre-dies-despectacles-per-a-totes-les-edats-i-gustos","status":"publish","type":"post","link":"https:\/\/santapola.es\/ca\/les-festes-de-platja-llisa-i-tamarit-oferixen-quatre-dies-despectacles-per-a-totes-les-edats-i-gustos\/","title":{"rendered":"Les festes de Platja Llisa i Tamarit oferixen quatre dies d&#8217;espectacles per a totes les edats i gustos"},"content":{"rendered":"<p><strong>Santa Pola arrancar\u00e0 les seues festes d&#8217;estiu amb les ja tradicionals celebracions que organitza l&#8217;Associaci\u00f3 de Ve\u00efns de Platja Llisa i Tamarit i que enguany trasllada la seua ubicaci\u00f3 al costat de la seua seu.\u00a0Del 4 al 7 de juliol tindrem una programaci\u00f3 intensa amb concerts, espectacles infantils, ball, fira i tradicions.<\/strong><\/p>\n<p>Les festes de Platja Llisa i Tamarit s&#8217;han convertit en els \u00faltims anys en un dels esdeveniments m\u00e9s concorreguts de la programaci\u00f3 d&#8217;estiu a Santa Pola. L&#8217;Associaci\u00f3 de Ve\u00efns del popular barri que cada vegada t\u00e9 m\u00e9s residents aprofita l&#8217;arribada dels estiuejants per a celebrar quatre jornades en les quals, segons la regidor de Festes Nely Baile \u201cno hi ha moment de descans, s\u00f3n unes festes molt ben organitzades en les quals col\u00b7labora l&#8217;Ajuntament, per\u00f2 vull agrair-vos el gran nivell d&#8217;organitzaci\u00f3\u201d.<\/p>\n<p>La gran novetat d&#8217;esta edici\u00f3 \u00e9s la nova ubicaci\u00f3, en la mateixa avinguda de Ronda per\u00f2 a la cantonada de l&#8217;avinguda Verge del Pilar, al costat de la seu de l&#8217;associaci\u00f3. Segons la seua presidenta Mar\u00eda Torres, \u201chem preparat un programa d&#8217;activitats amb actuacions i espectacles per a totes les edats, en el qual el primer dia els protagonistes seran els nostres ve\u00efns integrats en els tallers de guitarra, balls de sal\u00f3 i sevillanes, i acabarem amb el grup Candela\u201d.<\/p>\n<p>Les tres seg\u00fcents vesprades comen\u00e7aran a les 20.30 amb espectacles infantils a c\u00e0rrec del Mag Cachinocheve, La Carreta Teatre i el Pallasso Edy.<\/p>\n<p>En horari de 21.30 hi haur\u00e0 varietat amb el grup de jazz i bossa Blue Llime, l&#8217;escola de ball Fem Dansa i el diumenge Adonay i Mamen, que amenitzaran el popular sopar de cabasset.<\/p>\n<p>I les nits, a partir de les 23.00, tindran el seu zenit amb una bona oferta de concerts de rock amb Mr. Hyde, els incombustibles Blacknight i Garatge Rock Band, grup fundat en Platja Llisa que enguany tancaran les festes.<\/p>\n<p>Entre els actes m\u00e9s tradicionals destaquen els matins del dissabte 6 amb la festa de l&#8217;aigua i la fruita, un divertit i refrescant cercaviles pel barri, i el diumenge 7 amb la romeria amb la Verge de la Rosada i la missa rociera amb el Cor Els Romers.<\/p>\n<p><strong>Programa d&#8217;activitats<\/strong><\/p>\n<p><strong>Dijous 4 de juliol\u00a0<\/strong><\/p>\n<p>20.30 h. Inauguraci\u00f3 i preg\u00f3 a c\u00e0rrec de Sr. Fernando Vidal Rubio.<\/p>\n<p>21.00 h. Actuaci\u00f3 del Grup de Guitarres de l&#8217;Associaci\u00f3 de Ve\u00efns\/es. Dirigix: Luis C\u00e0ceres.<\/p>\n<p>21.30 h. Actuaci\u00f3 del Grup de Balls de Sal\u00f3 de l&#8217;Associaci\u00f3 de Ve\u00efns\/es. Dirigix: Primitivo i Manoli.<\/p>\n<p>22.00 h. Actuaci\u00f3 del Grup de Sevillanes de l&#8217;Associaci\u00f3 de Ve\u00efns\/es. Dirigix: Joaquina S\u00e1nchez.<\/p>\n<p>23.30 h Actuaci\u00f3 del grup \u201cCandela\u201d.<\/p>\n<p><strong>Divendres 5 de juliol<\/strong><\/p>\n<p>20.30 h. Actuaci\u00f3 del mag \u00a8*eCachinocheve\u201d<\/p>\n<p>21.30 h. Actuaci\u00f3 del grup de jazz, bossa, soul, latin \u201cBlue Llime\u201d.<\/p>\n<p>23.00 h. Actuaci\u00f3 del grup de pop rock \u201cMr. Hyde\u201d.<\/p>\n<p><strong>Dissabte 6 de juliol<\/strong><\/p>\n<p>11.00 h. Cercaviles festa de l&#8217;aigua i la fruita. Des de la seu de l&#8217;AV Platja Lisa i Tamarit en Av. de Ronda, Av. Verge del Pilar, Av. Blasco Ib\u00e1\u00f1ez, carrer Consueta i volta per Av. de Ronda fins a la seu de l&#8217;Associaci\u00f3 de Ve\u00efns\/es.<\/p>\n<p>20.30 h. Espectacle infantil a c\u00e0rrec de \u201cLa Carreta Teatre\u201d.<\/p>\n<p>21.30 h. Actuaci\u00f3 de l&#8217;Escola de Ball \u201cFem *Dansa\u201d.<\/p>\n<p>23.00 h. Actuaci\u00f3 del grup de rock \u201cBlacknight\u201d.<\/p>\n<p><strong>Diumenge 7 de juliol<\/strong><\/p>\n<p>9.00 h. Romeria. S&#8217;emporta la imatge de la Verge del Roc\u00edo en andes des de la seu de l&#8217;AV Platja Lisa i Tamarit en Av. de Ronda, Av. Verge del Pilar, Av. Blasco Ib\u00e1\u00f1ez, carrer Consueta i volta per Av. de Ronda fins a la parr\u00f2quia de Sant Antoni de P\u00e0dua.<\/p>\n<p>10.00 h. Missa rociera en la parr\u00f2quia de Sant Antoni de P\u00e0dua acompanyada pel Cor \u201cEls Romers\u201d.<\/p>\n<p>20.30 h. Actuaci\u00f3 de \u201cEl pallasso Edy\u201d.<\/p>\n<p>21.30 h. aprox. Esta nit tindr\u00e0 lloc el sopar de cabasset per a tots\/as els socis\/as i els ve\u00efns\/as de Platja Llisa i Tamarit que tinguen el gust d&#8217;acompanyar-nos. Durant el sopar actuaran els cantants \u201cAdonay i Mamen\u201d.<\/p>\n<p>23.00 h. Actuaci\u00f3 del grup \u201cGaratge Rock Band\u201d.<\/p>\n<p><img loading=\"lazy\" decoding=\"async\" class=\"aligncenter size-large wp-image-37434\" src=\"https:\/\/santapola.es\/wp-content\/uploads\/2024\/06\/Cartel-fiestas-PL-2024-724x1024.jpeg\" alt=\"\" width=\"724\" height=\"1024\" \/><\/p>\n","protected":false},"excerpt":{"rendered":"<p>Santa Pola arrancar\u00e0 les seues festes d&#8217;estiu amb les ja tradicionals celebracions que organitza l&#8217;Associaci\u00f3 de Ve\u00efns de Platja Llisa i Tamarit i que enguany trasllada la seua ubicaci\u00f3 al costat de la seua seu.\u00a0Del 4 al 7 de juliol tindrem una programaci\u00f3 intensa amb concerts, espectacles infantils, ball, fira i tradicions. Les festes de [&hellip;]<\/p>\n","protected":false},"author":96,"featured_media":37432,"comment_status":"closed","ping_status":"closed","sticky":false,"template":"","format":"standard","meta":{"_et_pb_use_builder":"","_et_pb_old_content":"","_et_gb_content_width":"","footnotes":""},"categories":[434,903],"tags":[904,511],"class_list":["post-37436","post","type-post","status-publish","format-standard","has-post-thumbnail","hentry","category-festes","category-platja-llisa-i-tamarit","tag-festes-de-platja-llisa-i-tamarit","tag-nely-baile-ca"],"yoast_head":"<!-- This site is optimized with the Yoast SEO plugin v27.4 - https:\/\/yoast.com\/product\/yoast-seo-wordpress\/ -->\n<title>Les festes de Platja Llisa i Tamarit oferixen quatre dies d&#039;espectacles per a totes les edats i gustos - Ajuntament de Santa Pola<\/title>\n<meta name=\"robots\" content=\"index, follow, max-snippet:-1, max-image-preview:large, max-video-preview:-1\" \/>\n<link rel=\"canonical\" href=\"https:\/\/santapola.es\/ca\/les-festes-de-platja-llisa-i-tamarit-oferixen-quatre-dies-despectacles-per-a-totes-les-edats-i-gustos\/\" \/>\n<meta property=\"og:locale\" content=\"ca_ES\" \/>\n<meta property=\"og:type\" content=\"article\" \/>\n<meta property=\"og:title\" content=\"Les festes de Platja Llisa i Tamarit oferixen quatre dies d&#039;espectacles per a totes les edats i gustos - Ajuntament de Santa Pola\" \/>\n<meta property=\"og:description\" content=\"Santa Pola arrancar\u00e0 les seues festes d&#8217;estiu amb les ja tradicionals celebracions que organitza l&#8217;Associaci\u00f3 de Ve\u00efns de Platja Llisa i Tamarit i que enguany trasllada la seua ubicaci\u00f3 al costat de la seua seu.\u00a0Del 4 al 7 de juliol tindrem una programaci\u00f3 intensa amb concerts, espectacles infantils, ball, fira i tradicions. Les festes de [&hellip;]\" \/>\n<meta property=\"og:url\" content=\"https:\/\/santapola.es\/ca\/les-festes-de-platja-llisa-i-tamarit-oferixen-quatre-dies-despectacles-per-a-totes-les-edats-i-gustos\/\" \/>\n<meta property=\"og:site_name\" content=\"Ajuntament de Santa Pola\" \/>\n<meta property=\"article:publisher\" content=\"https:\/\/www.facebook.com\/AyuntamientoSantaPola\/\" \/>\n<meta property=\"article:published_time\" content=\"2024-06-19T12:21:37+00:00\" \/>\n<meta property=\"article:modified_time\" content=\"2024-06-21T17:53:03+00:00\" \/>\n<meta property=\"og:image\" content=\"https:\/\/santapola.es\/wp-content\/uploads\/2024\/06\/2024-06-19-fiestas-Playa-Lisa-w.jpg\" \/>\n\t<meta property=\"og:image:width\" content=\"1920\" \/>\n\t<meta property=\"og:image:height\" content=\"1373\" \/>\n\t<meta property=\"og:image:type\" content=\"image\/jpeg\" \/>\n<meta name=\"author\" content=\"Jos\u00e9 Juan L\u00f3pez Lafuente\" \/>\n<meta name=\"twitter:card\" content=\"summary_large_image\" \/>\n<meta name=\"twitter:creator\" content=\"@SantaPolaAyunt\" \/>\n<meta name=\"twitter:site\" content=\"@SantaPolaAyunt\" \/>\n<script type=\"application\/ld+json\" class=\"yoast-schema-graph\">{\"@context\":\"https:\\\/\\\/schema.org\",\"@graph\":[{\"@type\":\"Article\",\"@id\":\"https:\\\/\\\/santapola.es\\\/ca\\\/les-festes-de-platja-llisa-i-tamarit-oferixen-quatre-dies-despectacles-per-a-totes-les-edats-i-gustos\\\/#article\",\"isPartOf\":{\"@id\":\"https:\\\/\\\/santapola.es\\\/ca\\\/les-festes-de-platja-llisa-i-tamarit-oferixen-quatre-dies-despectacles-per-a-totes-les-edats-i-gustos\\\/\"},\"author\":{\"name\":\"Jos\u00e9 Juan L\u00f3pez Lafuente\",\"@id\":\"https:\\\/\\\/santapola.es\\\/ca\\\/#\\\/schema\\\/person\\\/ad1d67403707b58350c7be5e8dbc442d\"},\"headline\":\"Les festes de Platja Llisa i Tamarit oferixen quatre dies d&#8217;espectacles per a totes les edats i gustos\",\"datePublished\":\"2024-06-19T12:21:37+00:00\",\"dateModified\":\"2024-06-21T17:53:03+00:00\",\"mainEntityOfPage\":{\"@id\":\"https:\\\/\\\/santapola.es\\\/ca\\\/les-festes-de-platja-llisa-i-tamarit-oferixen-quatre-dies-despectacles-per-a-totes-les-edats-i-gustos\\\/\"},\"wordCount\":713,\"image\":{\"@id\":\"https:\\\/\\\/santapola.es\\\/ca\\\/les-festes-de-platja-llisa-i-tamarit-oferixen-quatre-dies-despectacles-per-a-totes-les-edats-i-gustos\\\/#primaryimage\"},\"thumbnailUrl\":\"https:\\\/\\\/santapola.es\\\/wp-content\\\/uploads\\\/2024\\\/06\\\/2024-06-19-fiestas-Playa-Lisa-w.jpg\",\"keywords\":[\"Festes de Platja Llisa i Tamarit\",\"Nely Baile\"],\"articleSection\":[\"Festes\",\"Platja Llisa i Tamarit\"],\"inLanguage\":\"ca\"},{\"@type\":\"WebPage\",\"@id\":\"https:\\\/\\\/santapola.es\\\/ca\\\/les-festes-de-platja-llisa-i-tamarit-oferixen-quatre-dies-despectacles-per-a-totes-les-edats-i-gustos\\\/\",\"url\":\"https:\\\/\\\/santapola.es\\\/ca\\\/les-festes-de-platja-llisa-i-tamarit-oferixen-quatre-dies-despectacles-per-a-totes-les-edats-i-gustos\\\/\",\"name\":\"Les festes de Platja Llisa i Tamarit oferixen quatre dies d'espectacles per a totes les edats i gustos - Ajuntament de Santa Pola\",\"isPartOf\":{\"@id\":\"https:\\\/\\\/santapola.es\\\/ca\\\/#website\"},\"primaryImageOfPage\":{\"@id\":\"https:\\\/\\\/santapola.es\\\/ca\\\/les-festes-de-platja-llisa-i-tamarit-oferixen-quatre-dies-despectacles-per-a-totes-les-edats-i-gustos\\\/#primaryimage\"},\"image\":{\"@id\":\"https:\\\/\\\/santapola.es\\\/ca\\\/les-festes-de-platja-llisa-i-tamarit-oferixen-quatre-dies-despectacles-per-a-totes-les-edats-i-gustos\\\/#primaryimage\"},\"thumbnailUrl\":\"https:\\\/\\\/santapola.es\\\/wp-content\\\/uploads\\\/2024\\\/06\\\/2024-06-19-fiestas-Playa-Lisa-w.jpg\",\"datePublished\":\"2024-06-19T12:21:37+00:00\",\"dateModified\":\"2024-06-21T17:53:03+00:00\",\"author\":{\"@id\":\"https:\\\/\\\/santapola.es\\\/ca\\\/#\\\/schema\\\/person\\\/ad1d67403707b58350c7be5e8dbc442d\"},\"breadcrumb\":{\"@id\":\"https:\\\/\\\/santapola.es\\\/ca\\\/les-festes-de-platja-llisa-i-tamarit-oferixen-quatre-dies-despectacles-per-a-totes-les-edats-i-gustos\\\/#breadcrumb\"},\"inLanguage\":\"ca\",\"potentialAction\":[{\"@type\":\"ReadAction\",\"target\":[\"https:\\\/\\\/santapola.es\\\/ca\\\/les-festes-de-platja-llisa-i-tamarit-oferixen-quatre-dies-despectacles-per-a-totes-les-edats-i-gustos\\\/\"]}]},{\"@type\":\"ImageObject\",\"inLanguage\":\"ca\",\"@id\":\"https:\\\/\\\/santapola.es\\\/ca\\\/les-festes-de-platja-llisa-i-tamarit-oferixen-quatre-dies-despectacles-per-a-totes-les-edats-i-gustos\\\/#primaryimage\",\"url\":\"https:\\\/\\\/santapola.es\\\/wp-content\\\/uploads\\\/2024\\\/06\\\/2024-06-19-fiestas-Playa-Lisa-w.jpg\",\"contentUrl\":\"https:\\\/\\\/santapola.es\\\/wp-content\\\/uploads\\\/2024\\\/06\\\/2024-06-19-fiestas-Playa-Lisa-w.jpg\",\"width\":1920,\"height\":1373},{\"@type\":\"BreadcrumbList\",\"@id\":\"https:\\\/\\\/santapola.es\\\/ca\\\/les-festes-de-platja-llisa-i-tamarit-oferixen-quatre-dies-despectacles-per-a-totes-les-edats-i-gustos\\\/#breadcrumb\",\"itemListElement\":[{\"@type\":\"ListItem\",\"position\":1,\"name\":\"Inici\",\"item\":\"https:\\\/\\\/santapola.es\\\/ca\\\/\"},{\"@type\":\"ListItem\",\"position\":2,\"name\":\"Les festes de Platja Llisa i Tamarit oferixen quatre dies d&#8217;espectacles per a totes les edats i gustos\"}]},{\"@type\":\"WebSite\",\"@id\":\"https:\\\/\\\/santapola.es\\\/ca\\\/#website\",\"url\":\"https:\\\/\\\/santapola.es\\\/ca\\\/\",\"name\":\"Ayuntamiento de Santa Pola\",\"description\":\"Web de l'Ajuntament de Santa Pola\",\"potentialAction\":[{\"@type\":\"SearchAction\",\"target\":{\"@type\":\"EntryPoint\",\"urlTemplate\":\"https:\\\/\\\/santapola.es\\\/ca\\\/?s={search_term_string}\"},\"query-input\":{\"@type\":\"PropertyValueSpecification\",\"valueRequired\":true,\"valueName\":\"search_term_string\"}}],\"inLanguage\":\"ca\"},{\"@type\":\"Person\",\"@id\":\"https:\\\/\\\/santapola.es\\\/ca\\\/#\\\/schema\\\/person\\\/ad1d67403707b58350c7be5e8dbc442d\",\"name\":\"Jos\u00e9 Juan L\u00f3pez Lafuente\"}]}<\/script>\n<!-- \/ Yoast SEO plugin. -->","yoast_head_json":{"title":"Les festes de Platja Llisa i Tamarit oferixen quatre dies d'espectacles per a totes les edats i gustos - Ajuntament de Santa Pola","robots":{"index":"index","follow":"follow","max-snippet":"max-snippet:-1","max-image-preview":"max-image-preview:large","max-video-preview":"max-video-preview:-1"},"canonical":"https:\/\/santapola.es\/ca\/les-festes-de-platja-llisa-i-tamarit-oferixen-quatre-dies-despectacles-per-a-totes-les-edats-i-gustos\/","og_locale":"ca_ES","og_type":"article","og_title":"Les festes de Platja Llisa i Tamarit oferixen quatre dies d'espectacles per a totes les edats i gustos - Ajuntament de Santa Pola","og_description":"Santa Pola arrancar\u00e0 les seues festes d&#8217;estiu amb les ja tradicionals celebracions que organitza l&#8217;Associaci\u00f3 de Ve\u00efns de Platja Llisa i Tamarit i que enguany trasllada la seua ubicaci\u00f3 al costat de la seua seu.\u00a0Del 4 al 7 de juliol tindrem una programaci\u00f3 intensa amb concerts, espectacles infantils, ball, fira i tradicions. Les festes de [&hellip;]","og_url":"https:\/\/santapola.es\/ca\/les-festes-de-platja-llisa-i-tamarit-oferixen-quatre-dies-despectacles-per-a-totes-les-edats-i-gustos\/","og_site_name":"Ajuntament de Santa Pola","article_publisher":"https:\/\/www.facebook.com\/AyuntamientoSantaPola\/","article_published_time":"2024-06-19T12:21:37+00:00","article_modified_time":"2024-06-21T17:53:03+00:00","og_image":[{"width":1920,"height":1373,"url":"https:\/\/santapola.es\/wp-content\/uploads\/2024\/06\/2024-06-19-fiestas-Playa-Lisa-w.jpg","type":"image\/jpeg"}],"author":"Jos\u00e9 Juan L\u00f3pez Lafuente","twitter_card":"summary_large_image","twitter_creator":"@SantaPolaAyunt","twitter_site":"@SantaPolaAyunt","schema":{"@context":"https:\/\/schema.org","@graph":[{"@type":"Article","@id":"https:\/\/santapola.es\/ca\/les-festes-de-platja-llisa-i-tamarit-oferixen-quatre-dies-despectacles-per-a-totes-les-edats-i-gustos\/#article","isPartOf":{"@id":"https:\/\/santapola.es\/ca\/les-festes-de-platja-llisa-i-tamarit-oferixen-quatre-dies-despectacles-per-a-totes-les-edats-i-gustos\/"},"author":{"name":"Jos\u00e9 Juan L\u00f3pez Lafuente","@id":"https:\/\/santapola.es\/ca\/#\/schema\/person\/ad1d67403707b58350c7be5e8dbc442d"},"headline":"Les festes de Platja Llisa i Tamarit oferixen quatre dies d&#8217;espectacles per a totes les edats i gustos","datePublished":"2024-06-19T12:21:37+00:00","dateModified":"2024-06-21T17:53:03+00:00","mainEntityOfPage":{"@id":"https:\/\/santapola.es\/ca\/les-festes-de-platja-llisa-i-tamarit-oferixen-quatre-dies-despectacles-per-a-totes-les-edats-i-gustos\/"},"wordCount":713,"image":{"@id":"https:\/\/santapola.es\/ca\/les-festes-de-platja-llisa-i-tamarit-oferixen-quatre-dies-despectacles-per-a-totes-les-edats-i-gustos\/#primaryimage"},"thumbnailUrl":"https:\/\/santapola.es\/wp-content\/uploads\/2024\/06\/2024-06-19-fiestas-Playa-Lisa-w.jpg","keywords":["Festes de Platja Llisa i Tamarit","Nely Baile"],"articleSection":["Festes","Platja Llisa i Tamarit"],"inLanguage":"ca"},{"@type":"WebPage","@id":"https:\/\/santapola.es\/ca\/les-festes-de-platja-llisa-i-tamarit-oferixen-quatre-dies-despectacles-per-a-totes-les-edats-i-gustos\/","url":"https:\/\/santapola.es\/ca\/les-festes-de-platja-llisa-i-tamarit-oferixen-quatre-dies-despectacles-per-a-totes-les-edats-i-gustos\/","name":"Les festes de Platja Llisa i Tamarit oferixen quatre dies d'espectacles per a totes les edats i gustos - Ajuntament de Santa Pola","isPartOf":{"@id":"https:\/\/santapola.es\/ca\/#website"},"primaryImageOfPage":{"@id":"https:\/\/santapola.es\/ca\/les-festes-de-platja-llisa-i-tamarit-oferixen-quatre-dies-despectacles-per-a-totes-les-edats-i-gustos\/#primaryimage"},"image":{"@id":"https:\/\/santapola.es\/ca\/les-festes-de-platja-llisa-i-tamarit-oferixen-quatre-dies-despectacles-per-a-totes-les-edats-i-gustos\/#primaryimage"},"thumbnailUrl":"https:\/\/santapola.es\/wp-content\/uploads\/2024\/06\/2024-06-19-fiestas-Playa-Lisa-w.jpg","datePublished":"2024-06-19T12:21:37+00:00","dateModified":"2024-06-21T17:53:03+00:00","author":{"@id":"https:\/\/santapola.es\/ca\/#\/schema\/person\/ad1d67403707b58350c7be5e8dbc442d"},"breadcrumb":{"@id":"https:\/\/santapola.es\/ca\/les-festes-de-platja-llisa-i-tamarit-oferixen-quatre-dies-despectacles-per-a-totes-les-edats-i-gustos\/#breadcrumb"},"inLanguage":"ca","potentialAction":[{"@type":"ReadAction","target":["https:\/\/santapola.es\/ca\/les-festes-de-platja-llisa-i-tamarit-oferixen-quatre-dies-despectacles-per-a-totes-les-edats-i-gustos\/"]}]},{"@type":"ImageObject","inLanguage":"ca","@id":"https:\/\/santapola.es\/ca\/les-festes-de-platja-llisa-i-tamarit-oferixen-quatre-dies-despectacles-per-a-totes-les-edats-i-gustos\/#primaryimage","url":"https:\/\/santapola.es\/wp-content\/uploads\/2024\/06\/2024-06-19-fiestas-Playa-Lisa-w.jpg","contentUrl":"https:\/\/santapola.es\/wp-content\/uploads\/2024\/06\/2024-06-19-fiestas-Playa-Lisa-w.jpg","width":1920,"height":1373},{"@type":"BreadcrumbList","@id":"https:\/\/santapola.es\/ca\/les-festes-de-platja-llisa-i-tamarit-oferixen-quatre-dies-despectacles-per-a-totes-les-edats-i-gustos\/#breadcrumb","itemListElement":[{"@type":"ListItem","position":1,"name":"Inici","item":"https:\/\/santapola.es\/ca\/"},{"@type":"ListItem","position":2,"name":"Les festes de Platja Llisa i Tamarit oferixen quatre dies d&#8217;espectacles per a totes les edats i gustos"}]},{"@type":"WebSite","@id":"https:\/\/santapola.es\/ca\/#website","url":"https:\/\/santapola.es\/ca\/","name":"Ayuntamiento de Santa Pola","description":"Web de l'Ajuntament de Santa Pola","potentialAction":[{"@type":"SearchAction","target":{"@type":"EntryPoint","urlTemplate":"https:\/\/santapola.es\/ca\/?s={search_term_string}"},"query-input":{"@type":"PropertyValueSpecification","valueRequired":true,"valueName":"search_term_string"}}],"inLanguage":"ca"},{"@type":"Person","@id":"https:\/\/santapola.es\/ca\/#\/schema\/person\/ad1d67403707b58350c7be5e8dbc442d","name":"Jos\u00e9 Juan L\u00f3pez Lafuente"}]}},"_links":{"self":[{"href":"https:\/\/santapola.es\/ca\/wp-json\/wp\/v2\/posts\/37436","targetHints":{"allow":["GET"]}}],"collection":[{"href":"https:\/\/santapola.es\/ca\/wp-json\/wp\/v2\/posts"}],"about":[{"href":"https:\/\/santapola.es\/ca\/wp-json\/wp\/v2\/types\/post"}],"author":[{"embeddable":true,"href":"https:\/\/santapola.es\/ca\/wp-json\/wp\/v2\/users\/96"}],"replies":[{"embeddable":true,"href":"https:\/\/santapola.es\/ca\/wp-json\/wp\/v2\/comments?post=37436"}],"version-history":[{"count":0,"href":"https:\/\/santapola.es\/ca\/wp-json\/wp\/v2\/posts\/37436\/revisions"}],"wp:featuredmedia":[{"embeddable":true,"href":"https:\/\/santapola.es\/ca\/wp-json\/wp\/v2\/media\/37432"}],"wp:attachment":[{"href":"https:\/\/santapola.es\/ca\/wp-json\/wp\/v2\/media?parent=37436"}],"wp:term":[{"taxonomy":"category","embeddable":true,"href":"https:\/\/santapola.es\/ca\/wp-json\/wp\/v2\/categories?post=37436"},{"taxonomy":"post_tag","embeddable":true,"href":"https:\/\/santapola.es\/ca\/wp-json\/wp\/v2\/tags?post=37436"}],"curies":[{"name":"wp","href":"https:\/\/api.w.org\/{rel}","templated":true}]}}