{"id":37206,"date":"2024-06-12T19:24:14","date_gmt":"2024-06-12T17:24:14","guid":{"rendered":"https:\/\/santapola.es\/?p=37206"},"modified":"2024-06-12T19:27:15","modified_gmt":"2024-06-12T17:27:15","slug":"santa-pola-participa-en-lassemblea-general-de-la-xarxa-espanyola-de-ciutats-pel-clima","status":"publish","type":"post","link":"https:\/\/santapola.es\/ca\/santa-pola-participa-en-lassemblea-general-de-la-xarxa-espanyola-de-ciutats-pel-clima\/","title":{"rendered":"Santa Pola participa en l&#8217;assemblea general de la Xarxa Espanyola de Ciutats pel Clima"},"content":{"rendered":"<p><strong>L&#8217;Ajuntament de Santa Pola ha sigut present en la XVI Assemblea General de la Xarxa Espanyola de Ciutats pel Clima celebrada a Sevilla, representat per l&#8217;alcaldessa Loreto Serrano i la t\u00e8cnica municipal de medi ambient. Entre altres iniciatives de lluita contra el canvi clim\u00e0tic, s&#8217;ha presentat una guia per a l&#8217;elaboraci\u00f3 de les pol\u00edtiques municipals i plans locals actuaci\u00f3 davant altes temperatures.<\/strong><\/p>\n<p>La Xarxa Espanyola de Ciutats pel Clima, RECC, va celebrar ahir en el recinte de la Fundaci\u00f3 Cajasol, de Sevilla la seua XVI Assemblea General, una trobada en el qual esta Xarxa de la FEMP, en la qual s&#8217;integren 368 governs locals que porten a les seues pol\u00edtiques i projectes el comprom\u00eds enfront del canvi clim\u00e0tic, ha establit les bases constituents per a un nou per\u00edode d&#8217;activitat. L&#8217;Assemblea ha sigut el punt principal d&#8217;un acte en la inauguraci\u00f3 del qual han participat la Presidenta de la FEMP, Mar\u00eda Jos\u00e9 Garc\u00eda-Pelayo; la Directora General de l&#8217;Oficina Espanyola de Canvi Clim\u00e0tic, Valvanera Ulargui; i el President i els Vicepresidents la RECC, els Alcaldes de Sevilla, Jos\u00e9 Luis Sanz, i de Rota i Castelldefels, Jos\u00e9 Javier Ruiz i Manuel Reyes, respectivament.<\/p>\n<p>En la seua intervenci\u00f3, la Presidenta de la FEMP s&#8217;ha referit a la Xarxa com a \u201cinstrument de suport t\u00e8cnic\u201d i com la \u201cprincipal ferramenta per a traslladar els objectius de la pol\u00edtica nacional de canvi clim\u00e0tic i gesti\u00f3 de l&#8217;energia a escala local\u201d. I en este sentit, ha afegit que per a complir amb els reptes i compromisos adquirits a nivell internacional per a reduir el consum energ\u00e8tic \u00e9s necessari que \u201cdes dels Governs Locals, en col\u00b7laboraci\u00f3 amb les diferents Administracions, impulsem mesures que contribu\u00efsquen a aconseguir-los\u201d. En este sentit ha subratllat la necessitat de comptar amb les compet\u00e8ncies i recursos econ\u00f2mics necessaris per a poder abordar eixos compromisos, i ha assenyalat que, malgrat tot \u201csom ac\u00ed, i sempre donarem la cara enfront del canvi clim\u00e0tic i pel medi ambient, per\u00f2 si comptem amb les compet\u00e8ncies i mitjans precisos, ser\u00e0 molt m\u00e9s f\u00e0cil\u201d.<\/p>\n<p>Valvanera Ulargui, per part seua, tamb\u00e9 s&#8217;ha referit a la import\u00e0ncia de comptar amb els recursos necessaris i ha fet al\u00b7lusi\u00f3 a les infraestructures resilients que han de comen\u00e7ar a construir-se i que \u201ctenen el gran valor afegit que evitaran grans costos en els pressupostos p\u00fablics dels seg\u00fcents anys i, al mateix temps generen un nou n\u00ednxol de treball per a les empreses de les nostres localitats\u201d. I ha apostat perqu\u00e8 els pressupostos p\u00fablics vagen en l\u00ednia amb els objectius de mitigaci\u00f3 i adaptaci\u00f3 al canvi clim\u00e0tic. La Xarxa, ha destacat, t\u00e9 \u201cl&#8217;enorme potencial per a generar sinergies positives, bones pr\u00e0ctiques que puguen ser aplicades i finan\u00e7ades tant amb els pressupostos de la Uni\u00f3 Europea com de l&#8217;Administraci\u00f3 General de l&#8217;Estat; per a aix\u00f2 necessitem ser transparents i tindre objectius ambiciosos en les pol\u00edtiques p\u00fabliques\u201d.<\/p>\n<p><strong>XVI Assemblea de la Xarxa<\/strong><\/p>\n<p>En el marc de l&#8217;Assemblea General s&#8217;ha donat a con\u00e9ixer la relaci\u00f3 de nous membres de la Xarxa i s&#8217;ha sotm\u00e9s a aprovaci\u00f3 el Pla de Treball per a enguany, aix\u00ed com la relaci\u00f3 de membres que, juntament amb el President i els Vicepresidents, completaran com a Vocals el Consell de Govern durant el mandat. Es tracta de:<\/p>\n<p>Alba Barnusell Ortu\u00f1o, Alcaldessa de Granollers (Barcelona)<br \/>\nJoaquim Bartolom\u00e9 Capdevila, Tinenta d&#8217;Alcalde del Prat de Llobregat (Barcelona)<br \/>\nJavier Figueredo Soto, Alcalde del Espinar<br \/>\nMiguel \u00c1ngel Gallardo Miranda, President de la Diputaci\u00f3 de Badajoz<br \/>\nFulgencio Gil J\u00f3dar, Alcalde de Lorca<br \/>\nAdolfo Gonz\u00e1lez P\u00e9rez-Siverio, Alcalde dels Realejos<br \/>\nSandra Izquierdo Fern\u00e1ndez, Alcaldessa de Tacoronte (Santa Cruz de Tenerife)<br \/>\nJes\u00fas Mart\u00edn Rodr\u00edguez, Alcalde de Valdepe\u00f1as (Ciudad Real)<br \/>\nCarlos Mart\u00ednez Carrillo, Alcalde de Vedra<br \/>\nCarlos Mart\u00ednez M\u00ednguez, Alcalde de S\u00f2ria<br \/>\nLorena Orduna Pons, Alcaldessa d&#8217;Huesca<br \/>\nMar\u00eda Loreto Serrano Pomares, Alcaldessa de Santa Pola<br \/>\nLeopoldo-Jer\u00f3nimo Sierra Gallardo, Alcalde de Daimiel<\/p>\n<p>L&#8217;Assemblea, a m\u00e9s, ha aprovat la convocat\u00f2ria del X Premi a les Bones Pr\u00e0ctiques Locals pel Clima. Estos guardons, que tenen com a objectiu recopilar i difondre les actuacions desenvolupades per les Entitats Locals en el camp de la mitigaci\u00f3 i adaptaci\u00f3 al canvi clim\u00e0tic, ve a recon\u00e9ixer en cada convocat\u00f2ria els esfor\u00e7os de les Entitats Locals de la Xarxa en este \u00e0mbit. Cinc s\u00f3n les categories a les quals les Entitats Locals RECC poden conc\u00f3rrer amb les seues bones pr\u00e0ctiques: Gesti\u00f3 de la mobilitat, Adaptaci\u00f3 al canvi clim\u00e0tic i solucions basades en la Naturalesa, Economia Circular, Sensibilitzaci\u00f3, conscienciaci\u00f3 i participaci\u00f3 ciutadana, i Transici\u00f3 energ\u00e8tica, regeneraci\u00f3 i renovaci\u00f3 urbana.<\/p>\n<p><strong>\u201cPremi\u201d als m\u00e9s premiats<\/strong><\/p>\n<p>Una vegada finalitzada l&#8217;Assemblea, s&#8217;ha desenvolupat l&#8217;acte de reconeixement a nou Governs Locals per la seua traject\u00f2ria el llarg de les diferents edicions dels Premis a les Bones Pr\u00e0ctiques Locals pel Clima. Els Governs Locals reconeguts han sigut Els Ajuntaments de la Corunya, *Donostia\/Sant Sebasti\u00e0, M\u00e0laga, Pamplona, Rivas *Vaciamadrid, Santander i Sevilla, i les Diputacions de Cadis i Ja\u00e9n.<\/p>\n<p>El lliurament de reconeixements ha sigut a c\u00e0rrec del President i els dos Vicepresidents de la Xarxa i de la Directora General de l&#8217;Oficina Espanyola de Canvi Clim\u00e0tic.<\/p>\n<p><strong>Actuaci\u00f3 davant les altes temperatures<\/strong><\/p>\n<p>El Programa del mat\u00ed s&#8217;ha completat amb la presentaci\u00f3 d&#8217;una Guia per a l&#8217;elaboraci\u00f3 de les pol\u00edtiques municipals i plans locals actuaci\u00f3 davant altes temperatures. La presentaci\u00f3 ha estat acompanyada de les intervencions de representants dels Ajuntaments de Sevilla, que han explicat les seues actuacions locals enfront de temperatures extremes, i de Barcelona, que s&#8217;ha referit a la Xarxa de Refugis Clim\u00e0tics de la Ciutat. Des de la Diputaci\u00f3 de Cadis i el Col\u00b7legi de Metges de la prov\u00edncia s&#8217;han donat a con\u00e9ixer a m\u00e9s les actuacions enfront de temperatures extremes onades de calor en este territori.<\/p>\n","protected":false},"excerpt":{"rendered":"<p>L&#8217;Ajuntament de Santa Pola ha sigut present en la XVI Assemblea General de la Xarxa Espanyola de Ciutats pel Clima celebrada a Sevilla, representat per l&#8217;alcaldessa Loreto Serrano i la t\u00e8cnica municipal de medi ambient. Entre altres iniciatives de lluita contra el canvi clim\u00e0tic, s&#8217;ha presentat una guia per a l&#8217;elaboraci\u00f3 de les pol\u00edtiques municipals [&hellip;]<\/p>\n","protected":false},"author":96,"featured_media":37204,"comment_status":"closed","ping_status":"closed","sticky":false,"template":"","format":"standard","meta":{"_et_pb_use_builder":"","_et_pb_old_content":"","_et_gb_content_width":"","footnotes":""},"categories":[546],"tags":[487,896],"class_list":["post-37206","post","type-post","status-publish","format-standard","has-post-thumbnail","hentry","category-medi-ambient","tag-loreto-serrano-ca","tag-xarxa-espanyola-de-ciutats-pel-clima"],"yoast_head":"<!-- This site is optimized with the Yoast SEO plugin v27.4 - https:\/\/yoast.com\/product\/yoast-seo-wordpress\/ -->\n<title>Santa Pola participa en l&#039;assemblea general de la Xarxa Espanyola de Ciutats pel Clima - Ajuntament de Santa Pola<\/title>\n<meta name=\"robots\" content=\"index, follow, max-snippet:-1, max-image-preview:large, max-video-preview:-1\" \/>\n<link rel=\"canonical\" href=\"https:\/\/santapola.es\/ca\/santa-pola-participa-en-lassemblea-general-de-la-xarxa-espanyola-de-ciutats-pel-clima\/\" \/>\n<meta property=\"og:locale\" content=\"ca_ES\" \/>\n<meta property=\"og:type\" content=\"article\" \/>\n<meta property=\"og:title\" content=\"Santa Pola participa en l&#039;assemblea general de la Xarxa Espanyola de Ciutats pel Clima - Ajuntament de Santa Pola\" \/>\n<meta property=\"og:description\" content=\"L&#8217;Ajuntament de Santa Pola ha sigut present en la XVI Assemblea General de la Xarxa Espanyola de Ciutats pel Clima celebrada a Sevilla, representat per l&#8217;alcaldessa Loreto Serrano i la t\u00e8cnica municipal de medi ambient. Entre altres iniciatives de lluita contra el canvi clim\u00e0tic, s&#8217;ha presentat una guia per a l&#8217;elaboraci\u00f3 de les pol\u00edtiques municipals [&hellip;]\" \/>\n<meta property=\"og:url\" content=\"https:\/\/santapola.es\/ca\/santa-pola-participa-en-lassemblea-general-de-la-xarxa-espanyola-de-ciutats-pel-clima\/\" \/>\n<meta property=\"og:site_name\" content=\"Ajuntament de Santa Pola\" \/>\n<meta property=\"article:publisher\" content=\"https:\/\/www.facebook.com\/AyuntamientoSantaPola\/\" \/>\n<meta property=\"article:published_time\" content=\"2024-06-12T17:24:14+00:00\" \/>\n<meta property=\"article:modified_time\" content=\"2024-06-12T17:27:15+00:00\" \/>\n<meta property=\"og:image\" content=\"https:\/\/santapola.es\/wp-content\/uploads\/2024\/06\/IMG_9297.jpeg\" \/>\n\t<meta property=\"og:image:width\" content=\"590\" \/>\n\t<meta property=\"og:image:height\" content=\"402\" \/>\n\t<meta property=\"og:image:type\" content=\"image\/jpeg\" \/>\n<meta name=\"author\" content=\"Jos\u00e9 Juan L\u00f3pez Lafuente\" \/>\n<meta name=\"twitter:card\" content=\"summary_large_image\" \/>\n<meta name=\"twitter:creator\" content=\"@SantaPolaAyunt\" \/>\n<meta name=\"twitter:site\" content=\"@SantaPolaAyunt\" \/>\n<script type=\"application\/ld+json\" class=\"yoast-schema-graph\">{\"@context\":\"https:\\\/\\\/schema.org\",\"@graph\":[{\"@type\":\"Article\",\"@id\":\"https:\\\/\\\/santapola.es\\\/ca\\\/santa-pola-participa-en-lassemblea-general-de-la-xarxa-espanyola-de-ciutats-pel-clima\\\/#article\",\"isPartOf\":{\"@id\":\"https:\\\/\\\/santapola.es\\\/ca\\\/santa-pola-participa-en-lassemblea-general-de-la-xarxa-espanyola-de-ciutats-pel-clima\\\/\"},\"author\":{\"name\":\"Jos\u00e9 Juan L\u00f3pez Lafuente\",\"@id\":\"https:\\\/\\\/santapola.es\\\/ca\\\/#\\\/schema\\\/person\\\/ad1d67403707b58350c7be5e8dbc442d\"},\"headline\":\"Santa Pola participa en l&#8217;assemblea general de la Xarxa Espanyola de Ciutats pel Clima\",\"datePublished\":\"2024-06-12T17:24:14+00:00\",\"dateModified\":\"2024-06-12T17:27:15+00:00\",\"mainEntityOfPage\":{\"@id\":\"https:\\\/\\\/santapola.es\\\/ca\\\/santa-pola-participa-en-lassemblea-general-de-la-xarxa-espanyola-de-ciutats-pel-clima\\\/\"},\"wordCount\":1050,\"image\":{\"@id\":\"https:\\\/\\\/santapola.es\\\/ca\\\/santa-pola-participa-en-lassemblea-general-de-la-xarxa-espanyola-de-ciutats-pel-clima\\\/#primaryimage\"},\"thumbnailUrl\":\"https:\\\/\\\/santapola.es\\\/wp-content\\\/uploads\\\/2024\\\/06\\\/IMG_9297.jpeg\",\"keywords\":[\"Loreto Serrano\",\"Xarxa Espanyola de Ciutats pel Clima\"],\"articleSection\":[\"Medi Ambient\"],\"inLanguage\":\"ca\"},{\"@type\":\"WebPage\",\"@id\":\"https:\\\/\\\/santapola.es\\\/ca\\\/santa-pola-participa-en-lassemblea-general-de-la-xarxa-espanyola-de-ciutats-pel-clima\\\/\",\"url\":\"https:\\\/\\\/santapola.es\\\/ca\\\/santa-pola-participa-en-lassemblea-general-de-la-xarxa-espanyola-de-ciutats-pel-clima\\\/\",\"name\":\"Santa Pola participa en l'assemblea general de la Xarxa Espanyola de Ciutats pel Clima - Ajuntament de Santa Pola\",\"isPartOf\":{\"@id\":\"https:\\\/\\\/santapola.es\\\/ca\\\/#website\"},\"primaryImageOfPage\":{\"@id\":\"https:\\\/\\\/santapola.es\\\/ca\\\/santa-pola-participa-en-lassemblea-general-de-la-xarxa-espanyola-de-ciutats-pel-clima\\\/#primaryimage\"},\"image\":{\"@id\":\"https:\\\/\\\/santapola.es\\\/ca\\\/santa-pola-participa-en-lassemblea-general-de-la-xarxa-espanyola-de-ciutats-pel-clima\\\/#primaryimage\"},\"thumbnailUrl\":\"https:\\\/\\\/santapola.es\\\/wp-content\\\/uploads\\\/2024\\\/06\\\/IMG_9297.jpeg\",\"datePublished\":\"2024-06-12T17:24:14+00:00\",\"dateModified\":\"2024-06-12T17:27:15+00:00\",\"author\":{\"@id\":\"https:\\\/\\\/santapola.es\\\/ca\\\/#\\\/schema\\\/person\\\/ad1d67403707b58350c7be5e8dbc442d\"},\"breadcrumb\":{\"@id\":\"https:\\\/\\\/santapola.es\\\/ca\\\/santa-pola-participa-en-lassemblea-general-de-la-xarxa-espanyola-de-ciutats-pel-clima\\\/#breadcrumb\"},\"inLanguage\":\"ca\",\"potentialAction\":[{\"@type\":\"ReadAction\",\"target\":[\"https:\\\/\\\/santapola.es\\\/ca\\\/santa-pola-participa-en-lassemblea-general-de-la-xarxa-espanyola-de-ciutats-pel-clima\\\/\"]}]},{\"@type\":\"ImageObject\",\"inLanguage\":\"ca\",\"@id\":\"https:\\\/\\\/santapola.es\\\/ca\\\/santa-pola-participa-en-lassemblea-general-de-la-xarxa-espanyola-de-ciutats-pel-clima\\\/#primaryimage\",\"url\":\"https:\\\/\\\/santapola.es\\\/wp-content\\\/uploads\\\/2024\\\/06\\\/IMG_9297.jpeg\",\"contentUrl\":\"https:\\\/\\\/santapola.es\\\/wp-content\\\/uploads\\\/2024\\\/06\\\/IMG_9297.jpeg\",\"width\":590,\"height\":402},{\"@type\":\"BreadcrumbList\",\"@id\":\"https:\\\/\\\/santapola.es\\\/ca\\\/santa-pola-participa-en-lassemblea-general-de-la-xarxa-espanyola-de-ciutats-pel-clima\\\/#breadcrumb\",\"itemListElement\":[{\"@type\":\"ListItem\",\"position\":1,\"name\":\"Inici\",\"item\":\"https:\\\/\\\/santapola.es\\\/ca\\\/\"},{\"@type\":\"ListItem\",\"position\":2,\"name\":\"Santa Pola participa en l&#8217;assemblea general de la Xarxa Espanyola de Ciutats pel Clima\"}]},{\"@type\":\"WebSite\",\"@id\":\"https:\\\/\\\/santapola.es\\\/ca\\\/#website\",\"url\":\"https:\\\/\\\/santapola.es\\\/ca\\\/\",\"name\":\"Ayuntamiento de Santa Pola\",\"description\":\"Web de l'Ajuntament de Santa Pola\",\"potentialAction\":[{\"@type\":\"SearchAction\",\"target\":{\"@type\":\"EntryPoint\",\"urlTemplate\":\"https:\\\/\\\/santapola.es\\\/ca\\\/?s={search_term_string}\"},\"query-input\":{\"@type\":\"PropertyValueSpecification\",\"valueRequired\":true,\"valueName\":\"search_term_string\"}}],\"inLanguage\":\"ca\"},{\"@type\":\"Person\",\"@id\":\"https:\\\/\\\/santapola.es\\\/ca\\\/#\\\/schema\\\/person\\\/ad1d67403707b58350c7be5e8dbc442d\",\"name\":\"Jos\u00e9 Juan L\u00f3pez Lafuente\"}]}<\/script>\n<!-- \/ Yoast SEO plugin. -->","yoast_head_json":{"title":"Santa Pola participa en l'assemblea general de la Xarxa Espanyola de Ciutats pel Clima - Ajuntament de Santa Pola","robots":{"index":"index","follow":"follow","max-snippet":"max-snippet:-1","max-image-preview":"max-image-preview:large","max-video-preview":"max-video-preview:-1"},"canonical":"https:\/\/santapola.es\/ca\/santa-pola-participa-en-lassemblea-general-de-la-xarxa-espanyola-de-ciutats-pel-clima\/","og_locale":"ca_ES","og_type":"article","og_title":"Santa Pola participa en l'assemblea general de la Xarxa Espanyola de Ciutats pel Clima - Ajuntament de Santa Pola","og_description":"L&#8217;Ajuntament de Santa Pola ha sigut present en la XVI Assemblea General de la Xarxa Espanyola de Ciutats pel Clima celebrada a Sevilla, representat per l&#8217;alcaldessa Loreto Serrano i la t\u00e8cnica municipal de medi ambient. Entre altres iniciatives de lluita contra el canvi clim\u00e0tic, s&#8217;ha presentat una guia per a l&#8217;elaboraci\u00f3 de les pol\u00edtiques municipals [&hellip;]","og_url":"https:\/\/santapola.es\/ca\/santa-pola-participa-en-lassemblea-general-de-la-xarxa-espanyola-de-ciutats-pel-clima\/","og_site_name":"Ajuntament de Santa Pola","article_publisher":"https:\/\/www.facebook.com\/AyuntamientoSantaPola\/","article_published_time":"2024-06-12T17:24:14+00:00","article_modified_time":"2024-06-12T17:27:15+00:00","og_image":[{"width":590,"height":402,"url":"https:\/\/santapola.es\/wp-content\/uploads\/2024\/06\/IMG_9297.jpeg","type":"image\/jpeg"}],"author":"Jos\u00e9 Juan L\u00f3pez Lafuente","twitter_card":"summary_large_image","twitter_creator":"@SantaPolaAyunt","twitter_site":"@SantaPolaAyunt","schema":{"@context":"https:\/\/schema.org","@graph":[{"@type":"Article","@id":"https:\/\/santapola.es\/ca\/santa-pola-participa-en-lassemblea-general-de-la-xarxa-espanyola-de-ciutats-pel-clima\/#article","isPartOf":{"@id":"https:\/\/santapola.es\/ca\/santa-pola-participa-en-lassemblea-general-de-la-xarxa-espanyola-de-ciutats-pel-clima\/"},"author":{"name":"Jos\u00e9 Juan L\u00f3pez Lafuente","@id":"https:\/\/santapola.es\/ca\/#\/schema\/person\/ad1d67403707b58350c7be5e8dbc442d"},"headline":"Santa Pola participa en l&#8217;assemblea general de la Xarxa Espanyola de Ciutats pel Clima","datePublished":"2024-06-12T17:24:14+00:00","dateModified":"2024-06-12T17:27:15+00:00","mainEntityOfPage":{"@id":"https:\/\/santapola.es\/ca\/santa-pola-participa-en-lassemblea-general-de-la-xarxa-espanyola-de-ciutats-pel-clima\/"},"wordCount":1050,"image":{"@id":"https:\/\/santapola.es\/ca\/santa-pola-participa-en-lassemblea-general-de-la-xarxa-espanyola-de-ciutats-pel-clima\/#primaryimage"},"thumbnailUrl":"https:\/\/santapola.es\/wp-content\/uploads\/2024\/06\/IMG_9297.jpeg","keywords":["Loreto Serrano","Xarxa Espanyola de Ciutats pel Clima"],"articleSection":["Medi Ambient"],"inLanguage":"ca"},{"@type":"WebPage","@id":"https:\/\/santapola.es\/ca\/santa-pola-participa-en-lassemblea-general-de-la-xarxa-espanyola-de-ciutats-pel-clima\/","url":"https:\/\/santapola.es\/ca\/santa-pola-participa-en-lassemblea-general-de-la-xarxa-espanyola-de-ciutats-pel-clima\/","name":"Santa Pola participa en l'assemblea general de la Xarxa Espanyola de Ciutats pel Clima - Ajuntament de Santa Pola","isPartOf":{"@id":"https:\/\/santapola.es\/ca\/#website"},"primaryImageOfPage":{"@id":"https:\/\/santapola.es\/ca\/santa-pola-participa-en-lassemblea-general-de-la-xarxa-espanyola-de-ciutats-pel-clima\/#primaryimage"},"image":{"@id":"https:\/\/santapola.es\/ca\/santa-pola-participa-en-lassemblea-general-de-la-xarxa-espanyola-de-ciutats-pel-clima\/#primaryimage"},"thumbnailUrl":"https:\/\/santapola.es\/wp-content\/uploads\/2024\/06\/IMG_9297.jpeg","datePublished":"2024-06-12T17:24:14+00:00","dateModified":"2024-06-12T17:27:15+00:00","author":{"@id":"https:\/\/santapola.es\/ca\/#\/schema\/person\/ad1d67403707b58350c7be5e8dbc442d"},"breadcrumb":{"@id":"https:\/\/santapola.es\/ca\/santa-pola-participa-en-lassemblea-general-de-la-xarxa-espanyola-de-ciutats-pel-clima\/#breadcrumb"},"inLanguage":"ca","potentialAction":[{"@type":"ReadAction","target":["https:\/\/santapola.es\/ca\/santa-pola-participa-en-lassemblea-general-de-la-xarxa-espanyola-de-ciutats-pel-clima\/"]}]},{"@type":"ImageObject","inLanguage":"ca","@id":"https:\/\/santapola.es\/ca\/santa-pola-participa-en-lassemblea-general-de-la-xarxa-espanyola-de-ciutats-pel-clima\/#primaryimage","url":"https:\/\/santapola.es\/wp-content\/uploads\/2024\/06\/IMG_9297.jpeg","contentUrl":"https:\/\/santapola.es\/wp-content\/uploads\/2024\/06\/IMG_9297.jpeg","width":590,"height":402},{"@type":"BreadcrumbList","@id":"https:\/\/santapola.es\/ca\/santa-pola-participa-en-lassemblea-general-de-la-xarxa-espanyola-de-ciutats-pel-clima\/#breadcrumb","itemListElement":[{"@type":"ListItem","position":1,"name":"Inici","item":"https:\/\/santapola.es\/ca\/"},{"@type":"ListItem","position":2,"name":"Santa Pola participa en l&#8217;assemblea general de la Xarxa Espanyola de Ciutats pel Clima"}]},{"@type":"WebSite","@id":"https:\/\/santapola.es\/ca\/#website","url":"https:\/\/santapola.es\/ca\/","name":"Ayuntamiento de Santa Pola","description":"Web de l'Ajuntament de Santa Pola","potentialAction":[{"@type":"SearchAction","target":{"@type":"EntryPoint","urlTemplate":"https:\/\/santapola.es\/ca\/?s={search_term_string}"},"query-input":{"@type":"PropertyValueSpecification","valueRequired":true,"valueName":"search_term_string"}}],"inLanguage":"ca"},{"@type":"Person","@id":"https:\/\/santapola.es\/ca\/#\/schema\/person\/ad1d67403707b58350c7be5e8dbc442d","name":"Jos\u00e9 Juan L\u00f3pez Lafuente"}]}},"_links":{"self":[{"href":"https:\/\/santapola.es\/ca\/wp-json\/wp\/v2\/posts\/37206","targetHints":{"allow":["GET"]}}],"collection":[{"href":"https:\/\/santapola.es\/ca\/wp-json\/wp\/v2\/posts"}],"about":[{"href":"https:\/\/santapola.es\/ca\/wp-json\/wp\/v2\/types\/post"}],"author":[{"embeddable":true,"href":"https:\/\/santapola.es\/ca\/wp-json\/wp\/v2\/users\/96"}],"replies":[{"embeddable":true,"href":"https:\/\/santapola.es\/ca\/wp-json\/wp\/v2\/comments?post=37206"}],"version-history":[{"count":0,"href":"https:\/\/santapola.es\/ca\/wp-json\/wp\/v2\/posts\/37206\/revisions"}],"wp:featuredmedia":[{"embeddable":true,"href":"https:\/\/santapola.es\/ca\/wp-json\/wp\/v2\/media\/37204"}],"wp:attachment":[{"href":"https:\/\/santapola.es\/ca\/wp-json\/wp\/v2\/media?parent=37206"}],"wp:term":[{"taxonomy":"category","embeddable":true,"href":"https:\/\/santapola.es\/ca\/wp-json\/wp\/v2\/categories?post=37206"},{"taxonomy":"post_tag","embeddable":true,"href":"https:\/\/santapola.es\/ca\/wp-json\/wp\/v2\/tags?post=37206"}],"curies":[{"name":"wp","href":"https:\/\/api.w.org\/{rel}","templated":true}]}}