{"id":37169,"date":"2024-06-10T12:07:32","date_gmt":"2024-06-10T10:07:32","guid":{"rendered":"https:\/\/santapola.es\/?p=37169"},"modified":"2024-06-10T12:10:06","modified_gmt":"2024-06-10T10:10:06","slug":"lajuntament-de-santa-pola-i-adecco-learning-consulting-oferixen-cursos-gratuits-per-a-millorar-les-competencies-digitals-dels-seus-ciutadans","status":"publish","type":"post","link":"https:\/\/santapola.es\/ca\/lajuntament-de-santa-pola-i-adecco-learning-consulting-oferixen-cursos-gratuits-per-a-millorar-les-competencies-digitals-dels-seus-ciutadans\/","title":{"rendered":"L&#8217;Ajuntament de Santa Pola i Adecco Learning &#038; Consulting oferixen cursos gratu\u00efts per a millorar les compet\u00e8ncies digitals dels seus ciutadans"},"content":{"rendered":"<p><strong>Estos cursos formen part d&#8217;un programa de la Conselleria d&#8217;Innovaci\u00f3, Ind\u00fastria, Comer\u00e7 i Turisme per a formar a prop de 74.000 persones a la Comunitat Valenciana. L&#8217;objectiu principal de les formacions \u00e9s reduir la bretxa digital, especialment entre els col\u00b7lectius m\u00e9s desfavorits.<\/strong><\/p>\n<p>L&#8217;Ajuntament de Santa Pola, en col\u00b7laboraci\u00f3 amb Adecco Learning &amp; Consulting, la consultora d&#8217;estrat\u00e8gia i transformaci\u00f3 del Grup Adecco, ha firmat un conveni de col\u00b7laboraci\u00f3 dirigit a oferir cursos gratu\u00efts per a millorar les compet\u00e8ncies digitals de la ciutadania. Estes formacions estan dirigides a totes les persones a partir de 14 anys que estiguen empadronades a Santa Pola, independentment de si es troben en actiu o aturats.<\/p>\n<p>Amb l&#8217;objectiu principal de reduir la bretxa digital, especialment entre els col\u00b7lectius m\u00e9s desfavorits, els cursos abastaran diferents \u00e0mbits. D&#8217;esta manera, poden ser d&#8217;utilitat tant per a associacions i col\u00b7lectius socials com per a empreses que desitgen formar als seus empleats en compet\u00e8ncies digitals. Entre les tem\u00e0tiques es troben com trobar informaci\u00f3 en internet, un \u00fas del m\u00f2bil operatiu, com realitzar gestions des de casa, caracter\u00edstiques de l&#8217;era de les xarxes socials, com detectar not\u00edcies falses, troba ocupaci\u00f3 per internet, fonaments de ciberseguretat o intel\u00b7lig\u00e8ncia artificial aplicacions m\u00e9s utilitzades.<\/p>\n<p>Esta iniciativa, forma part d&#8217;un programa de la Conselleria d&#8217;Innovaci\u00f3, Ind\u00fastria, Comer\u00e7 i Turisme que, a trav\u00e9s de la direcci\u00f3 general d&#8217;Innovaci\u00f3, ha firmat un contracte amb Adecco Learning &amp; Consulting per a formar a prop de 74.000 persones en compet\u00e8ncies digitals. El contracte, vigent fins al segon semestre de 2026, t\u00e9 un pressupost de 9,1 milions d&#8217;euros dels quals el 82% procedixen de Fons Next Generation en el marc del Programa Mecanisme de Recuperaci\u00f3 i Resili\u00e8ncia (*MRR) i la resta dels fons s\u00f3n propis de la Generalitat.<\/p>\n<p>Amb este acord, l&#8217;Ajuntament de Santa Pola i Adecco Learning &amp; Consulting perseguixen garantir la inclusi\u00f3 social i avan\u00e7ar en el desenvolupament de compet\u00e8ncies b\u00e0siques perqu\u00e8 totes les persones puguen comunicar-se, comprar, realitzar transaccions o relacionar-se amb les administracions utilitzant les tecnologies amb autonomia i sufici\u00e8ncia.<\/p>\n<p>\u201cVolem agrair l&#8217;excel\u00b7lent acolliment que estem tenint per part dels ajuntaments i entitats socials de la Comunitat Valenciana i la confian\u00e7a que ens ha brindat la Conselleria d&#8217;Innovaci\u00f3, Ind\u00fastria, Turisme i Comer\u00e7 per a reduir la bretxa digital a trav\u00e9s de la formaci\u00f3. Aix\u00ed podem treballar per a donar l&#8217;oportunitat a m\u00e9s persones d&#8217;incorporar-se al mercat laboral amb millors compet\u00e8ncies\u201d ha expressat Elena S\u00e1nchez Fuentes, Directora d&#8217;Operacions de Canal P\u00fablic d&#8217;Adecco Learning &amp; Consulting.<\/p>\n<p>Per la seua part l&#8217;Alcaldessa de Santa Pola, Loreto Serrano Pomares, ha manifestat la seua satisfacci\u00f3 per l&#8217;oportunitat de poder col\u00b7laborar amb un projecte d&#8217;estes caracter\u00edstiques que, sens dubte,\u00a0 beneficiar\u00e0 a les persones que vulguen millorar el seu nivell de formaci\u00f3 en compet\u00e8ncies digitals en el municipi.<\/p>\n<p>La planificaci\u00f3 formativa del programa engloba a 542 municipis de la Comunitat Valenciana amb metodologia presencial (entre 15 i 20 alumnes) i en l\u00ednia i els continguts s&#8217;emmarquen dins del Marc Valenci\u00e0 de Compet\u00e8ncies Digitals.<\/p>\n","protected":false},"excerpt":{"rendered":"<p>Estos cursos formen part d&#8217;un programa de la Conselleria d&#8217;Innovaci\u00f3, Ind\u00fastria, Comer\u00e7 i Turisme per a formar a prop de 74.000 persones a la Comunitat Valenciana. L&#8217;objectiu principal de les formacions \u00e9s reduir la bretxa digital, especialment entre els col\u00b7lectius m\u00e9s desfavorits. L&#8217;Ajuntament de Santa Pola, en col\u00b7laboraci\u00f3 amb Adecco Learning &amp; Consulting, la consultora [&hellip;]<\/p>\n","protected":false},"author":96,"featured_media":37166,"comment_status":"closed","ping_status":"closed","sticky":false,"template":"","format":"standard","meta":{"_et_pb_use_builder":"","_et_pb_old_content":"","_et_gb_content_width":"","footnotes":""},"categories":[496],"tags":[889,888],"class_list":["post-37169","post","type-post","status-publish","format-standard","has-post-thumbnail","hentry","category-formacio","tag-adecco-ca","tag-bretxa-digital"],"yoast_head":"<!-- This site is optimized with the Yoast SEO plugin v27.4 - https:\/\/yoast.com\/product\/yoast-seo-wordpress\/ -->\n<title>L&#039;Ajuntament de Santa Pola i Adecco Learning &amp; Consulting oferixen cursos gratu\u00efts per a millorar les compet\u00e8ncies digitals dels seus ciutadans - Ajuntament de Santa Pola<\/title>\n<meta name=\"robots\" content=\"index, follow, max-snippet:-1, max-image-preview:large, max-video-preview:-1\" \/>\n<link rel=\"canonical\" href=\"https:\/\/santapola.es\/ca\/lajuntament-de-santa-pola-i-adecco-learning-consulting-oferixen-cursos-gratuits-per-a-millorar-les-competencies-digitals-dels-seus-ciutadans\/\" \/>\n<meta property=\"og:locale\" content=\"ca_ES\" \/>\n<meta property=\"og:type\" content=\"article\" \/>\n<meta property=\"og:title\" content=\"L&#039;Ajuntament de Santa Pola i Adecco Learning &amp; Consulting oferixen cursos gratu\u00efts per a millorar les compet\u00e8ncies digitals dels seus ciutadans - Ajuntament de Santa Pola\" \/>\n<meta property=\"og:description\" content=\"Estos cursos formen part d&#8217;un programa de la Conselleria d&#8217;Innovaci\u00f3, Ind\u00fastria, Comer\u00e7 i Turisme per a formar a prop de 74.000 persones a la Comunitat Valenciana. L&#8217;objectiu principal de les formacions \u00e9s reduir la bretxa digital, especialment entre els col\u00b7lectius m\u00e9s desfavorits. L&#8217;Ajuntament de Santa Pola, en col\u00b7laboraci\u00f3 amb Adecco Learning &amp; Consulting, la consultora [&hellip;]\" \/>\n<meta property=\"og:url\" content=\"https:\/\/santapola.es\/ca\/lajuntament-de-santa-pola-i-adecco-learning-consulting-oferixen-cursos-gratuits-per-a-millorar-les-competencies-digitals-dels-seus-ciutadans\/\" \/>\n<meta property=\"og:site_name\" content=\"Ajuntament de Santa Pola\" \/>\n<meta property=\"article:publisher\" content=\"https:\/\/www.facebook.com\/AyuntamientoSantaPola\/\" \/>\n<meta property=\"article:published_time\" content=\"2024-06-10T10:07:32+00:00\" \/>\n<meta property=\"article:modified_time\" content=\"2024-06-10T10:10:06+00:00\" \/>\n<meta property=\"og:image\" content=\"https:\/\/santapola.es\/wp-content\/uploads\/2024\/06\/tecnologia-educacion-virtual-570x363-1.jpg\" \/>\n\t<meta property=\"og:image:width\" content=\"570\" \/>\n\t<meta property=\"og:image:height\" content=\"363\" \/>\n\t<meta property=\"og:image:type\" content=\"image\/jpeg\" \/>\n<meta name=\"author\" content=\"Jos\u00e9 Juan L\u00f3pez Lafuente\" \/>\n<meta name=\"twitter:card\" content=\"summary_large_image\" \/>\n<meta name=\"twitter:creator\" content=\"@SantaPolaAyunt\" \/>\n<meta name=\"twitter:site\" content=\"@SantaPolaAyunt\" \/>\n<script type=\"application\/ld+json\" class=\"yoast-schema-graph\">{\"@context\":\"https:\\\/\\\/schema.org\",\"@graph\":[{\"@type\":\"Article\",\"@id\":\"https:\\\/\\\/santapola.es\\\/ca\\\/lajuntament-de-santa-pola-i-adecco-learning-consulting-oferixen-cursos-gratuits-per-a-millorar-les-competencies-digitals-dels-seus-ciutadans\\\/#article\",\"isPartOf\":{\"@id\":\"https:\\\/\\\/santapola.es\\\/ca\\\/lajuntament-de-santa-pola-i-adecco-learning-consulting-oferixen-cursos-gratuits-per-a-millorar-les-competencies-digitals-dels-seus-ciutadans\\\/\"},\"author\":{\"name\":\"Jos\u00e9 Juan L\u00f3pez Lafuente\",\"@id\":\"https:\\\/\\\/santapola.es\\\/ca\\\/#\\\/schema\\\/person\\\/ad1d67403707b58350c7be5e8dbc442d\"},\"headline\":\"L&#8217;Ajuntament de Santa Pola i Adecco Learning &#038; Consulting oferixen cursos gratu\u00efts per a millorar les compet\u00e8ncies digitals dels seus ciutadans\",\"datePublished\":\"2024-06-10T10:07:32+00:00\",\"dateModified\":\"2024-06-10T10:10:06+00:00\",\"mainEntityOfPage\":{\"@id\":\"https:\\\/\\\/santapola.es\\\/ca\\\/lajuntament-de-santa-pola-i-adecco-learning-consulting-oferixen-cursos-gratuits-per-a-millorar-les-competencies-digitals-dels-seus-ciutadans\\\/\"},\"wordCount\":567,\"image\":{\"@id\":\"https:\\\/\\\/santapola.es\\\/ca\\\/lajuntament-de-santa-pola-i-adecco-learning-consulting-oferixen-cursos-gratuits-per-a-millorar-les-competencies-digitals-dels-seus-ciutadans\\\/#primaryimage\"},\"thumbnailUrl\":\"https:\\\/\\\/santapola.es\\\/wp-content\\\/uploads\\\/2024\\\/06\\\/tecnologia-educacion-virtual-570x363-1.jpg\",\"keywords\":[\"ADECCO\",\"bretxa digital\"],\"articleSection\":[\"Formaci\u00f3\"],\"inLanguage\":\"ca\"},{\"@type\":\"WebPage\",\"@id\":\"https:\\\/\\\/santapola.es\\\/ca\\\/lajuntament-de-santa-pola-i-adecco-learning-consulting-oferixen-cursos-gratuits-per-a-millorar-les-competencies-digitals-dels-seus-ciutadans\\\/\",\"url\":\"https:\\\/\\\/santapola.es\\\/ca\\\/lajuntament-de-santa-pola-i-adecco-learning-consulting-oferixen-cursos-gratuits-per-a-millorar-les-competencies-digitals-dels-seus-ciutadans\\\/\",\"name\":\"L'Ajuntament de Santa Pola i Adecco Learning & Consulting oferixen cursos gratu\u00efts per a millorar les compet\u00e8ncies digitals dels seus ciutadans - Ajuntament de Santa Pola\",\"isPartOf\":{\"@id\":\"https:\\\/\\\/santapola.es\\\/ca\\\/#website\"},\"primaryImageOfPage\":{\"@id\":\"https:\\\/\\\/santapola.es\\\/ca\\\/lajuntament-de-santa-pola-i-adecco-learning-consulting-oferixen-cursos-gratuits-per-a-millorar-les-competencies-digitals-dels-seus-ciutadans\\\/#primaryimage\"},\"image\":{\"@id\":\"https:\\\/\\\/santapola.es\\\/ca\\\/lajuntament-de-santa-pola-i-adecco-learning-consulting-oferixen-cursos-gratuits-per-a-millorar-les-competencies-digitals-dels-seus-ciutadans\\\/#primaryimage\"},\"thumbnailUrl\":\"https:\\\/\\\/santapola.es\\\/wp-content\\\/uploads\\\/2024\\\/06\\\/tecnologia-educacion-virtual-570x363-1.jpg\",\"datePublished\":\"2024-06-10T10:07:32+00:00\",\"dateModified\":\"2024-06-10T10:10:06+00:00\",\"author\":{\"@id\":\"https:\\\/\\\/santapola.es\\\/ca\\\/#\\\/schema\\\/person\\\/ad1d67403707b58350c7be5e8dbc442d\"},\"breadcrumb\":{\"@id\":\"https:\\\/\\\/santapola.es\\\/ca\\\/lajuntament-de-santa-pola-i-adecco-learning-consulting-oferixen-cursos-gratuits-per-a-millorar-les-competencies-digitals-dels-seus-ciutadans\\\/#breadcrumb\"},\"inLanguage\":\"ca\",\"potentialAction\":[{\"@type\":\"ReadAction\",\"target\":[\"https:\\\/\\\/santapola.es\\\/ca\\\/lajuntament-de-santa-pola-i-adecco-learning-consulting-oferixen-cursos-gratuits-per-a-millorar-les-competencies-digitals-dels-seus-ciutadans\\\/\"]}]},{\"@type\":\"ImageObject\",\"inLanguage\":\"ca\",\"@id\":\"https:\\\/\\\/santapola.es\\\/ca\\\/lajuntament-de-santa-pola-i-adecco-learning-consulting-oferixen-cursos-gratuits-per-a-millorar-les-competencies-digitals-dels-seus-ciutadans\\\/#primaryimage\",\"url\":\"https:\\\/\\\/santapola.es\\\/wp-content\\\/uploads\\\/2024\\\/06\\\/tecnologia-educacion-virtual-570x363-1.jpg\",\"contentUrl\":\"https:\\\/\\\/santapola.es\\\/wp-content\\\/uploads\\\/2024\\\/06\\\/tecnologia-educacion-virtual-570x363-1.jpg\",\"width\":570,\"height\":363},{\"@type\":\"BreadcrumbList\",\"@id\":\"https:\\\/\\\/santapola.es\\\/ca\\\/lajuntament-de-santa-pola-i-adecco-learning-consulting-oferixen-cursos-gratuits-per-a-millorar-les-competencies-digitals-dels-seus-ciutadans\\\/#breadcrumb\",\"itemListElement\":[{\"@type\":\"ListItem\",\"position\":1,\"name\":\"Inici\",\"item\":\"https:\\\/\\\/santapola.es\\\/ca\\\/\"},{\"@type\":\"ListItem\",\"position\":2,\"name\":\"L&#8217;Ajuntament de Santa Pola i Adecco Learning &#038; Consulting oferixen cursos gratu\u00efts per a millorar les compet\u00e8ncies digitals dels seus ciutadans\"}]},{\"@type\":\"WebSite\",\"@id\":\"https:\\\/\\\/santapola.es\\\/ca\\\/#website\",\"url\":\"https:\\\/\\\/santapola.es\\\/ca\\\/\",\"name\":\"Ayuntamiento de Santa Pola\",\"description\":\"Web de l'Ajuntament de Santa Pola\",\"potentialAction\":[{\"@type\":\"SearchAction\",\"target\":{\"@type\":\"EntryPoint\",\"urlTemplate\":\"https:\\\/\\\/santapola.es\\\/ca\\\/?s={search_term_string}\"},\"query-input\":{\"@type\":\"PropertyValueSpecification\",\"valueRequired\":true,\"valueName\":\"search_term_string\"}}],\"inLanguage\":\"ca\"},{\"@type\":\"Person\",\"@id\":\"https:\\\/\\\/santapola.es\\\/ca\\\/#\\\/schema\\\/person\\\/ad1d67403707b58350c7be5e8dbc442d\",\"name\":\"Jos\u00e9 Juan L\u00f3pez Lafuente\"}]}<\/script>\n<!-- \/ Yoast SEO plugin. -->","yoast_head_json":{"title":"L'Ajuntament de Santa Pola i Adecco Learning & Consulting oferixen cursos gratu\u00efts per a millorar les compet\u00e8ncies digitals dels seus ciutadans - Ajuntament de Santa Pola","robots":{"index":"index","follow":"follow","max-snippet":"max-snippet:-1","max-image-preview":"max-image-preview:large","max-video-preview":"max-video-preview:-1"},"canonical":"https:\/\/santapola.es\/ca\/lajuntament-de-santa-pola-i-adecco-learning-consulting-oferixen-cursos-gratuits-per-a-millorar-les-competencies-digitals-dels-seus-ciutadans\/","og_locale":"ca_ES","og_type":"article","og_title":"L'Ajuntament de Santa Pola i Adecco Learning & Consulting oferixen cursos gratu\u00efts per a millorar les compet\u00e8ncies digitals dels seus ciutadans - Ajuntament de Santa Pola","og_description":"Estos cursos formen part d&#8217;un programa de la Conselleria d&#8217;Innovaci\u00f3, Ind\u00fastria, Comer\u00e7 i Turisme per a formar a prop de 74.000 persones a la Comunitat Valenciana. L&#8217;objectiu principal de les formacions \u00e9s reduir la bretxa digital, especialment entre els col\u00b7lectius m\u00e9s desfavorits. L&#8217;Ajuntament de Santa Pola, en col\u00b7laboraci\u00f3 amb Adecco Learning &amp; Consulting, la consultora [&hellip;]","og_url":"https:\/\/santapola.es\/ca\/lajuntament-de-santa-pola-i-adecco-learning-consulting-oferixen-cursos-gratuits-per-a-millorar-les-competencies-digitals-dels-seus-ciutadans\/","og_site_name":"Ajuntament de Santa Pola","article_publisher":"https:\/\/www.facebook.com\/AyuntamientoSantaPola\/","article_published_time":"2024-06-10T10:07:32+00:00","article_modified_time":"2024-06-10T10:10:06+00:00","og_image":[{"width":570,"height":363,"url":"https:\/\/santapola.es\/wp-content\/uploads\/2024\/06\/tecnologia-educacion-virtual-570x363-1.jpg","type":"image\/jpeg"}],"author":"Jos\u00e9 Juan L\u00f3pez Lafuente","twitter_card":"summary_large_image","twitter_creator":"@SantaPolaAyunt","twitter_site":"@SantaPolaAyunt","schema":{"@context":"https:\/\/schema.org","@graph":[{"@type":"Article","@id":"https:\/\/santapola.es\/ca\/lajuntament-de-santa-pola-i-adecco-learning-consulting-oferixen-cursos-gratuits-per-a-millorar-les-competencies-digitals-dels-seus-ciutadans\/#article","isPartOf":{"@id":"https:\/\/santapola.es\/ca\/lajuntament-de-santa-pola-i-adecco-learning-consulting-oferixen-cursos-gratuits-per-a-millorar-les-competencies-digitals-dels-seus-ciutadans\/"},"author":{"name":"Jos\u00e9 Juan L\u00f3pez Lafuente","@id":"https:\/\/santapola.es\/ca\/#\/schema\/person\/ad1d67403707b58350c7be5e8dbc442d"},"headline":"L&#8217;Ajuntament de Santa Pola i Adecco Learning &#038; Consulting oferixen cursos gratu\u00efts per a millorar les compet\u00e8ncies digitals dels seus ciutadans","datePublished":"2024-06-10T10:07:32+00:00","dateModified":"2024-06-10T10:10:06+00:00","mainEntityOfPage":{"@id":"https:\/\/santapola.es\/ca\/lajuntament-de-santa-pola-i-adecco-learning-consulting-oferixen-cursos-gratuits-per-a-millorar-les-competencies-digitals-dels-seus-ciutadans\/"},"wordCount":567,"image":{"@id":"https:\/\/santapola.es\/ca\/lajuntament-de-santa-pola-i-adecco-learning-consulting-oferixen-cursos-gratuits-per-a-millorar-les-competencies-digitals-dels-seus-ciutadans\/#primaryimage"},"thumbnailUrl":"https:\/\/santapola.es\/wp-content\/uploads\/2024\/06\/tecnologia-educacion-virtual-570x363-1.jpg","keywords":["ADECCO","bretxa digital"],"articleSection":["Formaci\u00f3"],"inLanguage":"ca"},{"@type":"WebPage","@id":"https:\/\/santapola.es\/ca\/lajuntament-de-santa-pola-i-adecco-learning-consulting-oferixen-cursos-gratuits-per-a-millorar-les-competencies-digitals-dels-seus-ciutadans\/","url":"https:\/\/santapola.es\/ca\/lajuntament-de-santa-pola-i-adecco-learning-consulting-oferixen-cursos-gratuits-per-a-millorar-les-competencies-digitals-dels-seus-ciutadans\/","name":"L'Ajuntament de Santa Pola i Adecco Learning & Consulting oferixen cursos gratu\u00efts per a millorar les compet\u00e8ncies digitals dels seus ciutadans - Ajuntament de Santa Pola","isPartOf":{"@id":"https:\/\/santapola.es\/ca\/#website"},"primaryImageOfPage":{"@id":"https:\/\/santapola.es\/ca\/lajuntament-de-santa-pola-i-adecco-learning-consulting-oferixen-cursos-gratuits-per-a-millorar-les-competencies-digitals-dels-seus-ciutadans\/#primaryimage"},"image":{"@id":"https:\/\/santapola.es\/ca\/lajuntament-de-santa-pola-i-adecco-learning-consulting-oferixen-cursos-gratuits-per-a-millorar-les-competencies-digitals-dels-seus-ciutadans\/#primaryimage"},"thumbnailUrl":"https:\/\/santapola.es\/wp-content\/uploads\/2024\/06\/tecnologia-educacion-virtual-570x363-1.jpg","datePublished":"2024-06-10T10:07:32+00:00","dateModified":"2024-06-10T10:10:06+00:00","author":{"@id":"https:\/\/santapola.es\/ca\/#\/schema\/person\/ad1d67403707b58350c7be5e8dbc442d"},"breadcrumb":{"@id":"https:\/\/santapola.es\/ca\/lajuntament-de-santa-pola-i-adecco-learning-consulting-oferixen-cursos-gratuits-per-a-millorar-les-competencies-digitals-dels-seus-ciutadans\/#breadcrumb"},"inLanguage":"ca","potentialAction":[{"@type":"ReadAction","target":["https:\/\/santapola.es\/ca\/lajuntament-de-santa-pola-i-adecco-learning-consulting-oferixen-cursos-gratuits-per-a-millorar-les-competencies-digitals-dels-seus-ciutadans\/"]}]},{"@type":"ImageObject","inLanguage":"ca","@id":"https:\/\/santapola.es\/ca\/lajuntament-de-santa-pola-i-adecco-learning-consulting-oferixen-cursos-gratuits-per-a-millorar-les-competencies-digitals-dels-seus-ciutadans\/#primaryimage","url":"https:\/\/santapola.es\/wp-content\/uploads\/2024\/06\/tecnologia-educacion-virtual-570x363-1.jpg","contentUrl":"https:\/\/santapola.es\/wp-content\/uploads\/2024\/06\/tecnologia-educacion-virtual-570x363-1.jpg","width":570,"height":363},{"@type":"BreadcrumbList","@id":"https:\/\/santapola.es\/ca\/lajuntament-de-santa-pola-i-adecco-learning-consulting-oferixen-cursos-gratuits-per-a-millorar-les-competencies-digitals-dels-seus-ciutadans\/#breadcrumb","itemListElement":[{"@type":"ListItem","position":1,"name":"Inici","item":"https:\/\/santapola.es\/ca\/"},{"@type":"ListItem","position":2,"name":"L&#8217;Ajuntament de Santa Pola i Adecco Learning &#038; Consulting oferixen cursos gratu\u00efts per a millorar les compet\u00e8ncies digitals dels seus ciutadans"}]},{"@type":"WebSite","@id":"https:\/\/santapola.es\/ca\/#website","url":"https:\/\/santapola.es\/ca\/","name":"Ayuntamiento de Santa Pola","description":"Web de l'Ajuntament de Santa Pola","potentialAction":[{"@type":"SearchAction","target":{"@type":"EntryPoint","urlTemplate":"https:\/\/santapola.es\/ca\/?s={search_term_string}"},"query-input":{"@type":"PropertyValueSpecification","valueRequired":true,"valueName":"search_term_string"}}],"inLanguage":"ca"},{"@type":"Person","@id":"https:\/\/santapola.es\/ca\/#\/schema\/person\/ad1d67403707b58350c7be5e8dbc442d","name":"Jos\u00e9 Juan L\u00f3pez Lafuente"}]}},"_links":{"self":[{"href":"https:\/\/santapola.es\/ca\/wp-json\/wp\/v2\/posts\/37169","targetHints":{"allow":["GET"]}}],"collection":[{"href":"https:\/\/santapola.es\/ca\/wp-json\/wp\/v2\/posts"}],"about":[{"href":"https:\/\/santapola.es\/ca\/wp-json\/wp\/v2\/types\/post"}],"author":[{"embeddable":true,"href":"https:\/\/santapola.es\/ca\/wp-json\/wp\/v2\/users\/96"}],"replies":[{"embeddable":true,"href":"https:\/\/santapola.es\/ca\/wp-json\/wp\/v2\/comments?post=37169"}],"version-history":[{"count":0,"href":"https:\/\/santapola.es\/ca\/wp-json\/wp\/v2\/posts\/37169\/revisions"}],"wp:featuredmedia":[{"embeddable":true,"href":"https:\/\/santapola.es\/ca\/wp-json\/wp\/v2\/media\/37166"}],"wp:attachment":[{"href":"https:\/\/santapola.es\/ca\/wp-json\/wp\/v2\/media?parent=37169"}],"wp:term":[{"taxonomy":"category","embeddable":true,"href":"https:\/\/santapola.es\/ca\/wp-json\/wp\/v2\/categories?post=37169"},{"taxonomy":"post_tag","embeddable":true,"href":"https:\/\/santapola.es\/ca\/wp-json\/wp\/v2\/tags?post=37169"}],"curies":[{"name":"wp","href":"https:\/\/api.w.org\/{rel}","templated":true}]}}