{"id":37154,"date":"2024-06-07T19:44:04","date_gmt":"2024-06-07T17:44:04","guid":{"rendered":"https:\/\/santapola.es\/?p=37154"},"modified":"2024-06-07T19:49:49","modified_gmt":"2024-06-07T17:49:49","slug":"les-tretze-platges-de-santa-pola-obtenen-la-bandera-qualitur","status":"publish","type":"post","link":"https:\/\/santapola.es\/ca\/les-tretze-platges-de-santa-pola-obtenen-la-bandera-qualitur\/","title":{"rendered":"Les tretze platges de Santa Pola obtenen la Bandera Qualitur"},"content":{"rendered":"<p><strong>Els regidors de Platges, \u00c1ngel Piedecausa, i d&#8217;Infraestructures, Trini Ortiz, han arreplegat este mat\u00ed a Altea les banderes Qualitur que atorga la Conselleria de Turisme per a les 13 platges urbanes i naturals del nostre municipi. Santa Pola \u00e9s la segona ciutat de la Comunitat Valenciana amb m\u00e9s platges certificades.<\/strong><\/p>\n<p>Turisme Comunitat Valenciana ha concedit la Bandera Qualitur 2024 a un total de 204 platges i cales de 39 municipis de la Comunitat Valenciana, que disposen de certificats de qualitat, medi ambient o accessibilitat, avalant aix\u00ed l&#8217;excel\u00b7l\u00e8ncia d&#8217;este recurs tur\u00edstic costaner. Els municipis amb m\u00e9s platges certificades s\u00f3n El Campello (15), Santa Pola (13) i Pilar de la Horadada (11).<\/p>\n<p>La Bandera Qualitur reconeix l&#8217;esfor\u00e7 dels municipis que oferixen platges amb aig\u00fces netes i arenes cuidades, mesures de vigil\u00e0ncia, servicis higi\u00e8nics, equipaments l\u00fadics, mesures de protecci\u00f3 ambiental i la garantia de la seua accessibilitat universal. Els models d&#8217;excel\u00b7l\u00e8ncia que es reconeixen s\u00f3n: ISO 9001 i Q Qualitat Tur\u00edstica en mat\u00e8ria de qualitat; ISO 14001, Reglament EMAs i S de Sostenibilitat en medi ambient; i en accessibilitat la Norma UNE 170001.<\/p>\n<p>La consellera d&#8217;Innovaci\u00f3, Ind\u00fastria, Comer\u00e7 i Turisme, Nuria Montes, ha entregat hui a Altea, acompanyada pel director general de Turisme, Jos\u00e9 Manuel Camarero, els reconeixements a 39 municipis de la Comunitat Valenciana.<\/p>\n<p>Durant la seua intervenci\u00f3 en l&#8217;acte, Montes ha destacat que \u201ccada bandera que oneja a les nostres platges \u00e9s un s\u00edmbol d&#8217;orgull i pertinen\u00e7a\u201d; i ha felicitat a tots els municipis de la Comunitat Valenciana que des de hui hissaran la bandera Qualitur a les seues platges, agraint aix\u00ed \u201cel seu treball, la seua aposta per l&#8217;excel\u00b7l\u00e8ncia i per entendre que la uni\u00f3 d&#8217;esfor\u00e7os ens permet oferir el millor de nosaltres mateixos als qui ens visiten\u201d, ha afegit.<\/p>\n","protected":false},"excerpt":{"rendered":"<p>Els regidors de Platges, \u00c1ngel Piedecausa, i d&#8217;Infraestructures, Trini Ortiz, han arreplegat este mat\u00ed a Altea les banderes Qualitur que atorga la Conselleria de Turisme per a les 13 platges urbanes i naturals del nostre municipi. Santa Pola \u00e9s la segona ciutat de la Comunitat Valenciana amb m\u00e9s platges certificades. Turisme Comunitat Valenciana ha concedit [&hellip;]<\/p>\n","protected":false},"author":96,"featured_media":37152,"comment_status":"closed","ping_status":"closed","sticky":false,"template":"","format":"standard","meta":{"_et_pb_use_builder":"","_et_pb_old_content":"","_et_gb_content_width":"","footnotes":""},"categories":[574],"tags":[581,885,486],"class_list":["post-37154","post","type-post","status-publish","format-standard","has-post-thumbnail","hentry","category-platjes","tag-angel-piedecausa-ca","tag-banderes-qualitur","tag-trini-ortiz-ca"],"yoast_head":"<!-- This site is optimized with the Yoast SEO plugin v27.4 - https:\/\/yoast.com\/product\/yoast-seo-wordpress\/ -->\n<title>Les tretze platges de Santa Pola obtenen la Bandera Qualitur - Ajuntament de Santa Pola<\/title>\n<meta name=\"robots\" content=\"index, follow, max-snippet:-1, max-image-preview:large, max-video-preview:-1\" \/>\n<link rel=\"canonical\" href=\"https:\/\/santapola.es\/ca\/les-tretze-platges-de-santa-pola-obtenen-la-bandera-qualitur\/\" \/>\n<meta property=\"og:locale\" content=\"ca_ES\" \/>\n<meta property=\"og:type\" content=\"article\" \/>\n<meta property=\"og:title\" content=\"Les tretze platges de Santa Pola obtenen la Bandera Qualitur - Ajuntament de Santa Pola\" \/>\n<meta property=\"og:description\" content=\"Els regidors de Platges, \u00c1ngel Piedecausa, i d&#8217;Infraestructures, Trini Ortiz, han arreplegat este mat\u00ed a Altea les banderes Qualitur que atorga la Conselleria de Turisme per a les 13 platges urbanes i naturals del nostre municipi. Santa Pola \u00e9s la segona ciutat de la Comunitat Valenciana amb m\u00e9s platges certificades. Turisme Comunitat Valenciana ha concedit [&hellip;]\" \/>\n<meta property=\"og:url\" content=\"https:\/\/santapola.es\/ca\/les-tretze-platges-de-santa-pola-obtenen-la-bandera-qualitur\/\" \/>\n<meta property=\"og:site_name\" content=\"Ajuntament de Santa Pola\" \/>\n<meta property=\"article:publisher\" content=\"https:\/\/www.facebook.com\/AyuntamientoSantaPola\/\" \/>\n<meta property=\"article:published_time\" content=\"2024-06-07T17:44:04+00:00\" \/>\n<meta property=\"article:modified_time\" content=\"2024-06-07T17:49:49+00:00\" \/>\n<meta property=\"og:image\" content=\"https:\/\/santapola.es\/wp-content\/uploads\/2024\/06\/playas.jpeg\" \/>\n\t<meta property=\"og:image:width\" content=\"1316\" \/>\n\t<meta property=\"og:image:height\" content=\"816\" \/>\n\t<meta property=\"og:image:type\" content=\"image\/jpeg\" \/>\n<meta name=\"author\" content=\"Jos\u00e9 Juan L\u00f3pez Lafuente\" \/>\n<meta name=\"twitter:card\" content=\"summary_large_image\" \/>\n<meta name=\"twitter:creator\" content=\"@SantaPolaAyunt\" \/>\n<meta name=\"twitter:site\" content=\"@SantaPolaAyunt\" \/>\n<script type=\"application\/ld+json\" class=\"yoast-schema-graph\">{\"@context\":\"https:\\\/\\\/schema.org\",\"@graph\":[{\"@type\":\"Article\",\"@id\":\"https:\\\/\\\/santapola.es\\\/ca\\\/les-tretze-platges-de-santa-pola-obtenen-la-bandera-qualitur\\\/#article\",\"isPartOf\":{\"@id\":\"https:\\\/\\\/santapola.es\\\/ca\\\/les-tretze-platges-de-santa-pola-obtenen-la-bandera-qualitur\\\/\"},\"author\":{\"name\":\"Jos\u00e9 Juan L\u00f3pez Lafuente\",\"@id\":\"https:\\\/\\\/santapola.es\\\/ca\\\/#\\\/schema\\\/person\\\/ad1d67403707b58350c7be5e8dbc442d\"},\"headline\":\"Les tretze platges de Santa Pola obtenen la Bandera Qualitur\",\"datePublished\":\"2024-06-07T17:44:04+00:00\",\"dateModified\":\"2024-06-07T17:49:49+00:00\",\"mainEntityOfPage\":{\"@id\":\"https:\\\/\\\/santapola.es\\\/ca\\\/les-tretze-platges-de-santa-pola-obtenen-la-bandera-qualitur\\\/\"},\"wordCount\":320,\"image\":{\"@id\":\"https:\\\/\\\/santapola.es\\\/ca\\\/les-tretze-platges-de-santa-pola-obtenen-la-bandera-qualitur\\\/#primaryimage\"},\"thumbnailUrl\":\"https:\\\/\\\/santapola.es\\\/wp-content\\\/uploads\\\/2024\\\/06\\\/playas.jpeg\",\"keywords\":[\"\u00c1ngel Piedecausa\",\"Banderes Qualitur\",\"Trini Ortiz\"],\"articleSection\":[\"Platjes\"],\"inLanguage\":\"ca\"},{\"@type\":\"WebPage\",\"@id\":\"https:\\\/\\\/santapola.es\\\/ca\\\/les-tretze-platges-de-santa-pola-obtenen-la-bandera-qualitur\\\/\",\"url\":\"https:\\\/\\\/santapola.es\\\/ca\\\/les-tretze-platges-de-santa-pola-obtenen-la-bandera-qualitur\\\/\",\"name\":\"Les tretze platges de Santa Pola obtenen la Bandera Qualitur - Ajuntament de Santa Pola\",\"isPartOf\":{\"@id\":\"https:\\\/\\\/santapola.es\\\/ca\\\/#website\"},\"primaryImageOfPage\":{\"@id\":\"https:\\\/\\\/santapola.es\\\/ca\\\/les-tretze-platges-de-santa-pola-obtenen-la-bandera-qualitur\\\/#primaryimage\"},\"image\":{\"@id\":\"https:\\\/\\\/santapola.es\\\/ca\\\/les-tretze-platges-de-santa-pola-obtenen-la-bandera-qualitur\\\/#primaryimage\"},\"thumbnailUrl\":\"https:\\\/\\\/santapola.es\\\/wp-content\\\/uploads\\\/2024\\\/06\\\/playas.jpeg\",\"datePublished\":\"2024-06-07T17:44:04+00:00\",\"dateModified\":\"2024-06-07T17:49:49+00:00\",\"author\":{\"@id\":\"https:\\\/\\\/santapola.es\\\/ca\\\/#\\\/schema\\\/person\\\/ad1d67403707b58350c7be5e8dbc442d\"},\"breadcrumb\":{\"@id\":\"https:\\\/\\\/santapola.es\\\/ca\\\/les-tretze-platges-de-santa-pola-obtenen-la-bandera-qualitur\\\/#breadcrumb\"},\"inLanguage\":\"ca\",\"potentialAction\":[{\"@type\":\"ReadAction\",\"target\":[\"https:\\\/\\\/santapola.es\\\/ca\\\/les-tretze-platges-de-santa-pola-obtenen-la-bandera-qualitur\\\/\"]}]},{\"@type\":\"ImageObject\",\"inLanguage\":\"ca\",\"@id\":\"https:\\\/\\\/santapola.es\\\/ca\\\/les-tretze-platges-de-santa-pola-obtenen-la-bandera-qualitur\\\/#primaryimage\",\"url\":\"https:\\\/\\\/santapola.es\\\/wp-content\\\/uploads\\\/2024\\\/06\\\/playas.jpeg\",\"contentUrl\":\"https:\\\/\\\/santapola.es\\\/wp-content\\\/uploads\\\/2024\\\/06\\\/playas.jpeg\",\"width\":1316,\"height\":816},{\"@type\":\"BreadcrumbList\",\"@id\":\"https:\\\/\\\/santapola.es\\\/ca\\\/les-tretze-platges-de-santa-pola-obtenen-la-bandera-qualitur\\\/#breadcrumb\",\"itemListElement\":[{\"@type\":\"ListItem\",\"position\":1,\"name\":\"Inici\",\"item\":\"https:\\\/\\\/santapola.es\\\/ca\\\/\"},{\"@type\":\"ListItem\",\"position\":2,\"name\":\"Les tretze platges de Santa Pola obtenen la Bandera Qualitur\"}]},{\"@type\":\"WebSite\",\"@id\":\"https:\\\/\\\/santapola.es\\\/ca\\\/#website\",\"url\":\"https:\\\/\\\/santapola.es\\\/ca\\\/\",\"name\":\"Ayuntamiento de Santa Pola\",\"description\":\"Web de l'Ajuntament de Santa Pola\",\"potentialAction\":[{\"@type\":\"SearchAction\",\"target\":{\"@type\":\"EntryPoint\",\"urlTemplate\":\"https:\\\/\\\/santapola.es\\\/ca\\\/?s={search_term_string}\"},\"query-input\":{\"@type\":\"PropertyValueSpecification\",\"valueRequired\":true,\"valueName\":\"search_term_string\"}}],\"inLanguage\":\"ca\"},{\"@type\":\"Person\",\"@id\":\"https:\\\/\\\/santapola.es\\\/ca\\\/#\\\/schema\\\/person\\\/ad1d67403707b58350c7be5e8dbc442d\",\"name\":\"Jos\u00e9 Juan L\u00f3pez Lafuente\"}]}<\/script>\n<!-- \/ Yoast SEO plugin. -->","yoast_head_json":{"title":"Les tretze platges de Santa Pola obtenen la Bandera Qualitur - Ajuntament de Santa Pola","robots":{"index":"index","follow":"follow","max-snippet":"max-snippet:-1","max-image-preview":"max-image-preview:large","max-video-preview":"max-video-preview:-1"},"canonical":"https:\/\/santapola.es\/ca\/les-tretze-platges-de-santa-pola-obtenen-la-bandera-qualitur\/","og_locale":"ca_ES","og_type":"article","og_title":"Les tretze platges de Santa Pola obtenen la Bandera Qualitur - Ajuntament de Santa Pola","og_description":"Els regidors de Platges, \u00c1ngel Piedecausa, i d&#8217;Infraestructures, Trini Ortiz, han arreplegat este mat\u00ed a Altea les banderes Qualitur que atorga la Conselleria de Turisme per a les 13 platges urbanes i naturals del nostre municipi. Santa Pola \u00e9s la segona ciutat de la Comunitat Valenciana amb m\u00e9s platges certificades. Turisme Comunitat Valenciana ha concedit [&hellip;]","og_url":"https:\/\/santapola.es\/ca\/les-tretze-platges-de-santa-pola-obtenen-la-bandera-qualitur\/","og_site_name":"Ajuntament de Santa Pola","article_publisher":"https:\/\/www.facebook.com\/AyuntamientoSantaPola\/","article_published_time":"2024-06-07T17:44:04+00:00","article_modified_time":"2024-06-07T17:49:49+00:00","og_image":[{"width":1316,"height":816,"url":"https:\/\/santapola.es\/wp-content\/uploads\/2024\/06\/playas.jpeg","type":"image\/jpeg"}],"author":"Jos\u00e9 Juan L\u00f3pez Lafuente","twitter_card":"summary_large_image","twitter_creator":"@SantaPolaAyunt","twitter_site":"@SantaPolaAyunt","schema":{"@context":"https:\/\/schema.org","@graph":[{"@type":"Article","@id":"https:\/\/santapola.es\/ca\/les-tretze-platges-de-santa-pola-obtenen-la-bandera-qualitur\/#article","isPartOf":{"@id":"https:\/\/santapola.es\/ca\/les-tretze-platges-de-santa-pola-obtenen-la-bandera-qualitur\/"},"author":{"name":"Jos\u00e9 Juan L\u00f3pez Lafuente","@id":"https:\/\/santapola.es\/ca\/#\/schema\/person\/ad1d67403707b58350c7be5e8dbc442d"},"headline":"Les tretze platges de Santa Pola obtenen la Bandera Qualitur","datePublished":"2024-06-07T17:44:04+00:00","dateModified":"2024-06-07T17:49:49+00:00","mainEntityOfPage":{"@id":"https:\/\/santapola.es\/ca\/les-tretze-platges-de-santa-pola-obtenen-la-bandera-qualitur\/"},"wordCount":320,"image":{"@id":"https:\/\/santapola.es\/ca\/les-tretze-platges-de-santa-pola-obtenen-la-bandera-qualitur\/#primaryimage"},"thumbnailUrl":"https:\/\/santapola.es\/wp-content\/uploads\/2024\/06\/playas.jpeg","keywords":["\u00c1ngel Piedecausa","Banderes Qualitur","Trini Ortiz"],"articleSection":["Platjes"],"inLanguage":"ca"},{"@type":"WebPage","@id":"https:\/\/santapola.es\/ca\/les-tretze-platges-de-santa-pola-obtenen-la-bandera-qualitur\/","url":"https:\/\/santapola.es\/ca\/les-tretze-platges-de-santa-pola-obtenen-la-bandera-qualitur\/","name":"Les tretze platges de Santa Pola obtenen la Bandera Qualitur - Ajuntament de Santa Pola","isPartOf":{"@id":"https:\/\/santapola.es\/ca\/#website"},"primaryImageOfPage":{"@id":"https:\/\/santapola.es\/ca\/les-tretze-platges-de-santa-pola-obtenen-la-bandera-qualitur\/#primaryimage"},"image":{"@id":"https:\/\/santapola.es\/ca\/les-tretze-platges-de-santa-pola-obtenen-la-bandera-qualitur\/#primaryimage"},"thumbnailUrl":"https:\/\/santapola.es\/wp-content\/uploads\/2024\/06\/playas.jpeg","datePublished":"2024-06-07T17:44:04+00:00","dateModified":"2024-06-07T17:49:49+00:00","author":{"@id":"https:\/\/santapola.es\/ca\/#\/schema\/person\/ad1d67403707b58350c7be5e8dbc442d"},"breadcrumb":{"@id":"https:\/\/santapola.es\/ca\/les-tretze-platges-de-santa-pola-obtenen-la-bandera-qualitur\/#breadcrumb"},"inLanguage":"ca","potentialAction":[{"@type":"ReadAction","target":["https:\/\/santapola.es\/ca\/les-tretze-platges-de-santa-pola-obtenen-la-bandera-qualitur\/"]}]},{"@type":"ImageObject","inLanguage":"ca","@id":"https:\/\/santapola.es\/ca\/les-tretze-platges-de-santa-pola-obtenen-la-bandera-qualitur\/#primaryimage","url":"https:\/\/santapola.es\/wp-content\/uploads\/2024\/06\/playas.jpeg","contentUrl":"https:\/\/santapola.es\/wp-content\/uploads\/2024\/06\/playas.jpeg","width":1316,"height":816},{"@type":"BreadcrumbList","@id":"https:\/\/santapola.es\/ca\/les-tretze-platges-de-santa-pola-obtenen-la-bandera-qualitur\/#breadcrumb","itemListElement":[{"@type":"ListItem","position":1,"name":"Inici","item":"https:\/\/santapola.es\/ca\/"},{"@type":"ListItem","position":2,"name":"Les tretze platges de Santa Pola obtenen la Bandera Qualitur"}]},{"@type":"WebSite","@id":"https:\/\/santapola.es\/ca\/#website","url":"https:\/\/santapola.es\/ca\/","name":"Ayuntamiento de Santa Pola","description":"Web de l'Ajuntament de Santa Pola","potentialAction":[{"@type":"SearchAction","target":{"@type":"EntryPoint","urlTemplate":"https:\/\/santapola.es\/ca\/?s={search_term_string}"},"query-input":{"@type":"PropertyValueSpecification","valueRequired":true,"valueName":"search_term_string"}}],"inLanguage":"ca"},{"@type":"Person","@id":"https:\/\/santapola.es\/ca\/#\/schema\/person\/ad1d67403707b58350c7be5e8dbc442d","name":"Jos\u00e9 Juan L\u00f3pez Lafuente"}]}},"_links":{"self":[{"href":"https:\/\/santapola.es\/ca\/wp-json\/wp\/v2\/posts\/37154","targetHints":{"allow":["GET"]}}],"collection":[{"href":"https:\/\/santapola.es\/ca\/wp-json\/wp\/v2\/posts"}],"about":[{"href":"https:\/\/santapola.es\/ca\/wp-json\/wp\/v2\/types\/post"}],"author":[{"embeddable":true,"href":"https:\/\/santapola.es\/ca\/wp-json\/wp\/v2\/users\/96"}],"replies":[{"embeddable":true,"href":"https:\/\/santapola.es\/ca\/wp-json\/wp\/v2\/comments?post=37154"}],"version-history":[{"count":0,"href":"https:\/\/santapola.es\/ca\/wp-json\/wp\/v2\/posts\/37154\/revisions"}],"wp:featuredmedia":[{"embeddable":true,"href":"https:\/\/santapola.es\/ca\/wp-json\/wp\/v2\/media\/37152"}],"wp:attachment":[{"href":"https:\/\/santapola.es\/ca\/wp-json\/wp\/v2\/media?parent=37154"}],"wp:term":[{"taxonomy":"category","embeddable":true,"href":"https:\/\/santapola.es\/ca\/wp-json\/wp\/v2\/categories?post=37154"},{"taxonomy":"post_tag","embeddable":true,"href":"https:\/\/santapola.es\/ca\/wp-json\/wp\/v2\/tags?post=37154"}],"curies":[{"name":"wp","href":"https:\/\/api.w.org\/{rel}","templated":true}]}}