{"id":37052,"date":"2024-06-05T13:43:07","date_gmt":"2024-06-05T11:43:07","guid":{"rendered":"https:\/\/santapola.es\/?p=37052"},"modified":"2024-06-05T14:38:02","modified_gmt":"2024-06-05T12:38:02","slug":"santa-pola-arreplega-el-segell-infoparticipa-2023-per-complir-els-indicadors-de-transparencia-i-participacio","status":"publish","type":"post","link":"https:\/\/santapola.es\/ca\/santa-pola-arreplega-el-segell-infoparticipa-2023-per-complir-els-indicadors-de-transparencia-i-participacio\/","title":{"rendered":"Santa Pola, en el &#8220;top&#8221; d&#8217;ajuntaments m\u00e9s transparents de la Comunitat Valenciana"},"content":{"rendered":"<p><strong>Nom\u00e9s set de 542 Ajuntaments i les tres Diputacions Provincials ho han obtingut a la Comunitat Valenciana. L&#8217;Ajuntament de Santa Pola rep el reconeixement dels investigadors independents de l&#8217;Observatori de Governan\u00e7a, Transpar\u00e8ncia i RSC de la CEU UCH que apliquen la metodologia del Mapa Infoparticipa.<\/strong><\/p>\n<p>Ahir es van entregar en la Universitat CEU Cardenal Herrera els Segells Infoparticipa a la transpar\u00e8ncia i participaci\u00f3 en la comunicaci\u00f3 p\u00fablica local a la Comunitat Valenciana corresponents a l&#8217;any 2023. Els ajuntaments d&#8217;Onda, Val\u00e8ncia, Elx, Gandia, D\u00e9nia, Santa Pola i Rafelbunyol, aix\u00ed com les tres Diputacions d&#8217;Alacant, Val\u00e8ncia i Castell\u00f3 han complit durant l&#8217;\u00faltim any amb els indicadors requerits per a la concessi\u00f3 d&#8217;estos reconeixements a la transpar\u00e8ncia, aplicant la metodologia del Mapa Infoparticipa.<\/p>\n<p>Jos\u00e9 Pedro Mart\u00ednez, vicealcalde i regidor de Transpar\u00e8ncia, va ser l&#8217;encarregat de representar a l&#8217;Ajuntament de Santa Pola en la recepci\u00f3 del guard\u00f3: \u201cper segon any consecutiu el nostre ajuntament torna a estar entre els set millors de la Comunitat Valenciana en els r\u00e0tios de compliment de transpar\u00e8ncia i bon govern, la qual cosa suposa un orgull per a nosaltres perqu\u00e8 reflectix la nostra realitat mesurada per una entitat totalment independent. L&#8217;equip de govern i este regidor estan obstinats a continuar millorant cada any els nostres \u00edndexs de transpar\u00e8ncia i participaci\u00f3 en benefici dels ciutadans de Santa Pola\u201d.<\/p>\n<p>El rector de la CEU UCH, Higinio Mar\u00edn, el director general de Transpar\u00e8ncia i Participaci\u00f3 de la Generalitat Valenciana, Jos\u00e9 Salvador T\u00e1rrega, i el director en funcions de la Ag\u00e8ncia Valenciana Antifrau, Anselm Bodoque, han presidit l&#8217;acte i entregat els Segells, en el Paranimf de la Universitat.<\/p>\n<p>Els Segells Infoparticipa s\u00f3n concedits a la Comunitat Valenciana per l&#8217;Observatori de Governan\u00e7a, Transpar\u00e8ncia i RSC de la CEU UCH, al costat del Grup d&#8217;Investigaci\u00f3 ComSET de la Universitat Aut\u00f2noma de Barcelona (UAB), seguint la metodologia del Mapa Infoparticipa.<\/p>\n<p><strong>Transpar\u00e8ncia i participaci\u00f3 en la web municipal<\/strong><\/p>\n<p>Utilitzant 52 indicadors de transpar\u00e8ncia i participaci\u00f3 en les p\u00e0gines web dels 542 ajuntaments i les tres diputacions provincials de la Comunitat Valenciana, sabem si es troba a la disposici\u00f3 de la ciutadania tot un conjunt d&#8217;informaci\u00f3 relativa als representants pol\u00edtics, la gesti\u00f3 dels recursos col\u00b7lectius, la situaci\u00f3 dels recursos econ\u00f2mics (pressupostos, salaris, contractacions\u2026) o les ferramentes per a la participaci\u00f3 ciutadana, entre altres.<\/p>\n<p>La p\u00e0gina de transpar\u00e8ncia de l&#8217;Ajuntament de Santa Pola es pot consultar p\u00fablicament en <a href=\"https:\/\/gobiernoabierto.santapola.es\/t\">https:\/\/gobiernoabierto.santapola.es\/t<\/a><\/p>\n<p><em>Esta an\u00e0lisi d&#8217;indicadors de transpar\u00e8ncia en les webs de les entitats locals valencianes, realitzat anualment per investigadors de la *CEU *UCH, forma part del Projecte d&#8217;I+D+i del Ministeri de Ci\u00e8ncia, Innovaci\u00f3 i Universitats titulat \u00ab\u00c8tica i Autoregulaci\u00f3 de la Comunicaci\u00f3 Social: An\u00e0lisi de contingut dels Codis \u00c8tics de 2a Generaci\u00f3 i elaboraci\u00f3 de Protocols i Guies per a la seua implementaci\u00f3 *CETICOM-2G\u00bb (Ref. PID2021-124969NB-I00).<\/em><\/p>\n","protected":false},"excerpt":{"rendered":"<p>Nom\u00e9s set de 542 Ajuntaments i les tres Diputacions Provincials ho han obtingut a la Comunitat Valenciana. L&#8217;Ajuntament de Santa Pola rep el reconeixement dels investigadors independents de l&#8217;Observatori de Governan\u00e7a, Transpar\u00e8ncia i RSC de la CEU UCH que apliquen la metodologia del Mapa Infoparticipa. Ahir es van entregar en la Universitat CEU Cardenal Herrera [&hellip;]<\/p>\n","protected":false},"author":96,"featured_media":37050,"comment_status":"closed","ping_status":"closed","sticky":false,"template":"","format":"standard","meta":{"_et_pb_use_builder":"","_et_pb_old_content":"","_et_gb_content_width":"","footnotes":""},"categories":[851],"tags":[636,862],"class_list":["post-37052","post","type-post","status-publish","format-standard","has-post-thumbnail","hentry","category-participacio-ciutadana-transparencia","tag-jose-pedro-martinez-ca","tag-segell-infoparticipa"],"yoast_head":"<!-- This site is optimized with the Yoast SEO plugin v27.4 - https:\/\/yoast.com\/product\/yoast-seo-wordpress\/ -->\n<title>Santa Pola, en el &quot;top&quot; d&#039;ajuntaments m\u00e9s transparents de la Comunitat Valenciana - Ajuntament de Santa Pola<\/title>\n<meta name=\"robots\" content=\"index, follow, max-snippet:-1, max-image-preview:large, max-video-preview:-1\" \/>\n<link rel=\"canonical\" href=\"https:\/\/santapola.es\/ca\/santa-pola-arreplega-el-segell-infoparticipa-2023-per-complir-els-indicadors-de-transparencia-i-participacio\/\" \/>\n<meta property=\"og:locale\" content=\"ca_ES\" \/>\n<meta property=\"og:type\" content=\"article\" \/>\n<meta property=\"og:title\" content=\"Santa Pola, en el &quot;top&quot; d&#039;ajuntaments m\u00e9s transparents de la Comunitat Valenciana - Ajuntament de Santa Pola\" \/>\n<meta property=\"og:description\" content=\"Nom\u00e9s set de 542 Ajuntaments i les tres Diputacions Provincials ho han obtingut a la Comunitat Valenciana. L&#8217;Ajuntament de Santa Pola rep el reconeixement dels investigadors independents de l&#8217;Observatori de Governan\u00e7a, Transpar\u00e8ncia i RSC de la CEU UCH que apliquen la metodologia del Mapa Infoparticipa. Ahir es van entregar en la Universitat CEU Cardenal Herrera [&hellip;]\" \/>\n<meta property=\"og:url\" content=\"https:\/\/santapola.es\/ca\/santa-pola-arreplega-el-segell-infoparticipa-2023-per-complir-els-indicadors-de-transparencia-i-participacio\/\" \/>\n<meta property=\"og:site_name\" content=\"Ajuntament de Santa Pola\" \/>\n<meta property=\"article:publisher\" content=\"https:\/\/www.facebook.com\/AyuntamientoSantaPola\/\" \/>\n<meta property=\"article:published_time\" content=\"2024-06-05T11:43:07+00:00\" \/>\n<meta property=\"article:modified_time\" content=\"2024-06-05T12:38:02+00:00\" \/>\n<meta property=\"og:image\" content=\"https:\/\/santapola.es\/wp-content\/uploads\/2024\/06\/53767808047_136b3bd098_o.jpg\" \/>\n\t<meta property=\"og:image:width\" content=\"2048\" \/>\n\t<meta property=\"og:image:height\" content=\"1362\" \/>\n\t<meta property=\"og:image:type\" content=\"image\/jpeg\" \/>\n<meta name=\"author\" content=\"Jos\u00e9 Juan L\u00f3pez Lafuente\" \/>\n<meta name=\"twitter:card\" content=\"summary_large_image\" \/>\n<meta name=\"twitter:creator\" content=\"@SantaPolaAyunt\" \/>\n<meta name=\"twitter:site\" content=\"@SantaPolaAyunt\" \/>\n<script type=\"application\/ld+json\" class=\"yoast-schema-graph\">{\"@context\":\"https:\\\/\\\/schema.org\",\"@graph\":[{\"@type\":\"Article\",\"@id\":\"https:\\\/\\\/santapola.es\\\/ca\\\/santa-pola-arreplega-el-segell-infoparticipa-2023-per-complir-els-indicadors-de-transparencia-i-participacio\\\/#article\",\"isPartOf\":{\"@id\":\"https:\\\/\\\/santapola.es\\\/ca\\\/santa-pola-arreplega-el-segell-infoparticipa-2023-per-complir-els-indicadors-de-transparencia-i-participacio\\\/\"},\"author\":{\"name\":\"Jos\u00e9 Juan L\u00f3pez Lafuente\",\"@id\":\"https:\\\/\\\/santapola.es\\\/ca\\\/#\\\/schema\\\/person\\\/ad1d67403707b58350c7be5e8dbc442d\"},\"headline\":\"Santa Pola, en el &#8220;top&#8221; d&#8217;ajuntaments m\u00e9s transparents de la Comunitat Valenciana\",\"datePublished\":\"2024-06-05T11:43:07+00:00\",\"dateModified\":\"2024-06-05T12:38:02+00:00\",\"mainEntityOfPage\":{\"@id\":\"https:\\\/\\\/santapola.es\\\/ca\\\/santa-pola-arreplega-el-segell-infoparticipa-2023-per-complir-els-indicadors-de-transparencia-i-participacio\\\/\"},\"wordCount\":525,\"image\":{\"@id\":\"https:\\\/\\\/santapola.es\\\/ca\\\/santa-pola-arreplega-el-segell-infoparticipa-2023-per-complir-els-indicadors-de-transparencia-i-participacio\\\/#primaryimage\"},\"thumbnailUrl\":\"https:\\\/\\\/santapola.es\\\/wp-content\\\/uploads\\\/2024\\\/06\\\/53767808047_136b3bd098_o.jpg\",\"keywords\":[\"Jos\u00e9 Pedro Mart\u00ednez\",\"Segell Infoparticipa\"],\"articleSection\":[\"Participaci\u00f3 Ciutadana \\\/ Transpar\u00e8ncia\"],\"inLanguage\":\"ca\"},{\"@type\":\"WebPage\",\"@id\":\"https:\\\/\\\/santapola.es\\\/ca\\\/santa-pola-arreplega-el-segell-infoparticipa-2023-per-complir-els-indicadors-de-transparencia-i-participacio\\\/\",\"url\":\"https:\\\/\\\/santapola.es\\\/ca\\\/santa-pola-arreplega-el-segell-infoparticipa-2023-per-complir-els-indicadors-de-transparencia-i-participacio\\\/\",\"name\":\"Santa Pola, en el \\\"top\\\" d'ajuntaments m\u00e9s transparents de la Comunitat Valenciana - Ajuntament de Santa Pola\",\"isPartOf\":{\"@id\":\"https:\\\/\\\/santapola.es\\\/ca\\\/#website\"},\"primaryImageOfPage\":{\"@id\":\"https:\\\/\\\/santapola.es\\\/ca\\\/santa-pola-arreplega-el-segell-infoparticipa-2023-per-complir-els-indicadors-de-transparencia-i-participacio\\\/#primaryimage\"},\"image\":{\"@id\":\"https:\\\/\\\/santapola.es\\\/ca\\\/santa-pola-arreplega-el-segell-infoparticipa-2023-per-complir-els-indicadors-de-transparencia-i-participacio\\\/#primaryimage\"},\"thumbnailUrl\":\"https:\\\/\\\/santapola.es\\\/wp-content\\\/uploads\\\/2024\\\/06\\\/53767808047_136b3bd098_o.jpg\",\"datePublished\":\"2024-06-05T11:43:07+00:00\",\"dateModified\":\"2024-06-05T12:38:02+00:00\",\"author\":{\"@id\":\"https:\\\/\\\/santapola.es\\\/ca\\\/#\\\/schema\\\/person\\\/ad1d67403707b58350c7be5e8dbc442d\"},\"breadcrumb\":{\"@id\":\"https:\\\/\\\/santapola.es\\\/ca\\\/santa-pola-arreplega-el-segell-infoparticipa-2023-per-complir-els-indicadors-de-transparencia-i-participacio\\\/#breadcrumb\"},\"inLanguage\":\"ca\",\"potentialAction\":[{\"@type\":\"ReadAction\",\"target\":[\"https:\\\/\\\/santapola.es\\\/ca\\\/santa-pola-arreplega-el-segell-infoparticipa-2023-per-complir-els-indicadors-de-transparencia-i-participacio\\\/\"]}]},{\"@type\":\"ImageObject\",\"inLanguage\":\"ca\",\"@id\":\"https:\\\/\\\/santapola.es\\\/ca\\\/santa-pola-arreplega-el-segell-infoparticipa-2023-per-complir-els-indicadors-de-transparencia-i-participacio\\\/#primaryimage\",\"url\":\"https:\\\/\\\/santapola.es\\\/wp-content\\\/uploads\\\/2024\\\/06\\\/53767808047_136b3bd098_o.jpg\",\"contentUrl\":\"https:\\\/\\\/santapola.es\\\/wp-content\\\/uploads\\\/2024\\\/06\\\/53767808047_136b3bd098_o.jpg\",\"width\":2048,\"height\":1362},{\"@type\":\"BreadcrumbList\",\"@id\":\"https:\\\/\\\/santapola.es\\\/ca\\\/santa-pola-arreplega-el-segell-infoparticipa-2023-per-complir-els-indicadors-de-transparencia-i-participacio\\\/#breadcrumb\",\"itemListElement\":[{\"@type\":\"ListItem\",\"position\":1,\"name\":\"Inici\",\"item\":\"https:\\\/\\\/santapola.es\\\/ca\\\/\"},{\"@type\":\"ListItem\",\"position\":2,\"name\":\"Santa Pola, en el &#8220;top&#8221; d&#8217;ajuntaments m\u00e9s transparents de la Comunitat Valenciana\"}]},{\"@type\":\"WebSite\",\"@id\":\"https:\\\/\\\/santapola.es\\\/ca\\\/#website\",\"url\":\"https:\\\/\\\/santapola.es\\\/ca\\\/\",\"name\":\"Ayuntamiento de Santa Pola\",\"description\":\"Web de l'Ajuntament de Santa Pola\",\"potentialAction\":[{\"@type\":\"SearchAction\",\"target\":{\"@type\":\"EntryPoint\",\"urlTemplate\":\"https:\\\/\\\/santapola.es\\\/ca\\\/?s={search_term_string}\"},\"query-input\":{\"@type\":\"PropertyValueSpecification\",\"valueRequired\":true,\"valueName\":\"search_term_string\"}}],\"inLanguage\":\"ca\"},{\"@type\":\"Person\",\"@id\":\"https:\\\/\\\/santapola.es\\\/ca\\\/#\\\/schema\\\/person\\\/ad1d67403707b58350c7be5e8dbc442d\",\"name\":\"Jos\u00e9 Juan L\u00f3pez Lafuente\"}]}<\/script>\n<!-- \/ Yoast SEO plugin. -->","yoast_head_json":{"title":"Santa Pola, en el \"top\" d'ajuntaments m\u00e9s transparents de la Comunitat Valenciana - Ajuntament de Santa Pola","robots":{"index":"index","follow":"follow","max-snippet":"max-snippet:-1","max-image-preview":"max-image-preview:large","max-video-preview":"max-video-preview:-1"},"canonical":"https:\/\/santapola.es\/ca\/santa-pola-arreplega-el-segell-infoparticipa-2023-per-complir-els-indicadors-de-transparencia-i-participacio\/","og_locale":"ca_ES","og_type":"article","og_title":"Santa Pola, en el \"top\" d'ajuntaments m\u00e9s transparents de la Comunitat Valenciana - Ajuntament de Santa Pola","og_description":"Nom\u00e9s set de 542 Ajuntaments i les tres Diputacions Provincials ho han obtingut a la Comunitat Valenciana. L&#8217;Ajuntament de Santa Pola rep el reconeixement dels investigadors independents de l&#8217;Observatori de Governan\u00e7a, Transpar\u00e8ncia i RSC de la CEU UCH que apliquen la metodologia del Mapa Infoparticipa. Ahir es van entregar en la Universitat CEU Cardenal Herrera [&hellip;]","og_url":"https:\/\/santapola.es\/ca\/santa-pola-arreplega-el-segell-infoparticipa-2023-per-complir-els-indicadors-de-transparencia-i-participacio\/","og_site_name":"Ajuntament de Santa Pola","article_publisher":"https:\/\/www.facebook.com\/AyuntamientoSantaPola\/","article_published_time":"2024-06-05T11:43:07+00:00","article_modified_time":"2024-06-05T12:38:02+00:00","og_image":[{"width":2048,"height":1362,"url":"https:\/\/santapola.es\/wp-content\/uploads\/2024\/06\/53767808047_136b3bd098_o.jpg","type":"image\/jpeg"}],"author":"Jos\u00e9 Juan L\u00f3pez Lafuente","twitter_card":"summary_large_image","twitter_creator":"@SantaPolaAyunt","twitter_site":"@SantaPolaAyunt","schema":{"@context":"https:\/\/schema.org","@graph":[{"@type":"Article","@id":"https:\/\/santapola.es\/ca\/santa-pola-arreplega-el-segell-infoparticipa-2023-per-complir-els-indicadors-de-transparencia-i-participacio\/#article","isPartOf":{"@id":"https:\/\/santapola.es\/ca\/santa-pola-arreplega-el-segell-infoparticipa-2023-per-complir-els-indicadors-de-transparencia-i-participacio\/"},"author":{"name":"Jos\u00e9 Juan L\u00f3pez Lafuente","@id":"https:\/\/santapola.es\/ca\/#\/schema\/person\/ad1d67403707b58350c7be5e8dbc442d"},"headline":"Santa Pola, en el &#8220;top&#8221; d&#8217;ajuntaments m\u00e9s transparents de la Comunitat Valenciana","datePublished":"2024-06-05T11:43:07+00:00","dateModified":"2024-06-05T12:38:02+00:00","mainEntityOfPage":{"@id":"https:\/\/santapola.es\/ca\/santa-pola-arreplega-el-segell-infoparticipa-2023-per-complir-els-indicadors-de-transparencia-i-participacio\/"},"wordCount":525,"image":{"@id":"https:\/\/santapola.es\/ca\/santa-pola-arreplega-el-segell-infoparticipa-2023-per-complir-els-indicadors-de-transparencia-i-participacio\/#primaryimage"},"thumbnailUrl":"https:\/\/santapola.es\/wp-content\/uploads\/2024\/06\/53767808047_136b3bd098_o.jpg","keywords":["Jos\u00e9 Pedro Mart\u00ednez","Segell Infoparticipa"],"articleSection":["Participaci\u00f3 Ciutadana \/ Transpar\u00e8ncia"],"inLanguage":"ca"},{"@type":"WebPage","@id":"https:\/\/santapola.es\/ca\/santa-pola-arreplega-el-segell-infoparticipa-2023-per-complir-els-indicadors-de-transparencia-i-participacio\/","url":"https:\/\/santapola.es\/ca\/santa-pola-arreplega-el-segell-infoparticipa-2023-per-complir-els-indicadors-de-transparencia-i-participacio\/","name":"Santa Pola, en el \"top\" d'ajuntaments m\u00e9s transparents de la Comunitat Valenciana - Ajuntament de Santa Pola","isPartOf":{"@id":"https:\/\/santapola.es\/ca\/#website"},"primaryImageOfPage":{"@id":"https:\/\/santapola.es\/ca\/santa-pola-arreplega-el-segell-infoparticipa-2023-per-complir-els-indicadors-de-transparencia-i-participacio\/#primaryimage"},"image":{"@id":"https:\/\/santapola.es\/ca\/santa-pola-arreplega-el-segell-infoparticipa-2023-per-complir-els-indicadors-de-transparencia-i-participacio\/#primaryimage"},"thumbnailUrl":"https:\/\/santapola.es\/wp-content\/uploads\/2024\/06\/53767808047_136b3bd098_o.jpg","datePublished":"2024-06-05T11:43:07+00:00","dateModified":"2024-06-05T12:38:02+00:00","author":{"@id":"https:\/\/santapola.es\/ca\/#\/schema\/person\/ad1d67403707b58350c7be5e8dbc442d"},"breadcrumb":{"@id":"https:\/\/santapola.es\/ca\/santa-pola-arreplega-el-segell-infoparticipa-2023-per-complir-els-indicadors-de-transparencia-i-participacio\/#breadcrumb"},"inLanguage":"ca","potentialAction":[{"@type":"ReadAction","target":["https:\/\/santapola.es\/ca\/santa-pola-arreplega-el-segell-infoparticipa-2023-per-complir-els-indicadors-de-transparencia-i-participacio\/"]}]},{"@type":"ImageObject","inLanguage":"ca","@id":"https:\/\/santapola.es\/ca\/santa-pola-arreplega-el-segell-infoparticipa-2023-per-complir-els-indicadors-de-transparencia-i-participacio\/#primaryimage","url":"https:\/\/santapola.es\/wp-content\/uploads\/2024\/06\/53767808047_136b3bd098_o.jpg","contentUrl":"https:\/\/santapola.es\/wp-content\/uploads\/2024\/06\/53767808047_136b3bd098_o.jpg","width":2048,"height":1362},{"@type":"BreadcrumbList","@id":"https:\/\/santapola.es\/ca\/santa-pola-arreplega-el-segell-infoparticipa-2023-per-complir-els-indicadors-de-transparencia-i-participacio\/#breadcrumb","itemListElement":[{"@type":"ListItem","position":1,"name":"Inici","item":"https:\/\/santapola.es\/ca\/"},{"@type":"ListItem","position":2,"name":"Santa Pola, en el &#8220;top&#8221; d&#8217;ajuntaments m\u00e9s transparents de la Comunitat Valenciana"}]},{"@type":"WebSite","@id":"https:\/\/santapola.es\/ca\/#website","url":"https:\/\/santapola.es\/ca\/","name":"Ayuntamiento de Santa Pola","description":"Web de l'Ajuntament de Santa Pola","potentialAction":[{"@type":"SearchAction","target":{"@type":"EntryPoint","urlTemplate":"https:\/\/santapola.es\/ca\/?s={search_term_string}"},"query-input":{"@type":"PropertyValueSpecification","valueRequired":true,"valueName":"search_term_string"}}],"inLanguage":"ca"},{"@type":"Person","@id":"https:\/\/santapola.es\/ca\/#\/schema\/person\/ad1d67403707b58350c7be5e8dbc442d","name":"Jos\u00e9 Juan L\u00f3pez Lafuente"}]}},"_links":{"self":[{"href":"https:\/\/santapola.es\/ca\/wp-json\/wp\/v2\/posts\/37052","targetHints":{"allow":["GET"]}}],"collection":[{"href":"https:\/\/santapola.es\/ca\/wp-json\/wp\/v2\/posts"}],"about":[{"href":"https:\/\/santapola.es\/ca\/wp-json\/wp\/v2\/types\/post"}],"author":[{"embeddable":true,"href":"https:\/\/santapola.es\/ca\/wp-json\/wp\/v2\/users\/96"}],"replies":[{"embeddable":true,"href":"https:\/\/santapola.es\/ca\/wp-json\/wp\/v2\/comments?post=37052"}],"version-history":[{"count":0,"href":"https:\/\/santapola.es\/ca\/wp-json\/wp\/v2\/posts\/37052\/revisions"}],"wp:featuredmedia":[{"embeddable":true,"href":"https:\/\/santapola.es\/ca\/wp-json\/wp\/v2\/media\/37050"}],"wp:attachment":[{"href":"https:\/\/santapola.es\/ca\/wp-json\/wp\/v2\/media?parent=37052"}],"wp:term":[{"taxonomy":"category","embeddable":true,"href":"https:\/\/santapola.es\/ca\/wp-json\/wp\/v2\/categories?post=37052"},{"taxonomy":"post_tag","embeddable":true,"href":"https:\/\/santapola.es\/ca\/wp-json\/wp\/v2\/tags?post=37052"}],"curies":[{"name":"wp","href":"https:\/\/api.w.org\/{rel}","templated":true}]}}