{"id":36969,"date":"2024-06-03T10:04:27","date_gmt":"2024-06-03T08:04:27","guid":{"rendered":"https:\/\/santapola.es\/?p=36969"},"modified":"2024-06-03T11:23:32","modified_gmt":"2024-06-03T09:23:32","slug":"oberta-la-convocatoria-de-3-llocs-de-treball-en-jardineria-i-lampisteria","status":"publish","type":"post","link":"https:\/\/santapola.es\/ca\/oberta-la-convocatoria-de-3-llocs-de-treball-en-jardineria-i-lampisteria\/","title":{"rendered":"Oberta la convocat\u00f2ria de 3 llocs de treball en jardineria i lampisteria"},"content":{"rendered":"<p><strong>L&#8217;Ajuntament de Santa Pola cobrir\u00e0 una pla\u00e7a d&#8217;oficial de lampisteria i dos d&#8217;operari de jardineria, una d&#8217;elles per a persones amb discapacitat. El termini de presentaci\u00f3 d&#8217;inst\u00e0ncies s&#8217;obri hui i finalitza l&#8217;1 de juliol en <a href=\"https:\/\/santapola.es\/ca\/arees\/ocupacio-publica\/convocatories\/\" target=\"_blank\" rel=\"noopener\">https:\/\/santapola.es\/areas-municipales\/empleo-publico\/convocatorias\/<\/a><\/strong><\/p>\n<p>Hui s&#8217;ha obert oficialment el termini de presentaci\u00f3 d&#8217;inst\u00e0ncies per a participar en l&#8217;oferta d&#8217;una pla\u00e7a d&#8217;oficial de lampisteria, funcionari de carrera, mitjan\u00e7ant concurs oposici\u00f3 per torn lliure, aix\u00ed com dos places d&#8217;operari de jardineria com a personal laboral fix, mitjan\u00e7ant concurs oposici\u00f3, de les quals una ser\u00e0 per torn lliure i una altra per torn de discapacitat. Les bases s&#8217;han publicat en la p\u00e0gina web de l&#8217;Ajuntament de Santa Pola <a href=\"https:\/\/santapola.es\/ca\/arees\/ocupacio-publica\/convocatories\/\" target=\"_blank\" rel=\"noopener\">https:\/\/santapola.es\/areas-municipales\/empleo-publico\/convocatorias\/<\/a><\/p>\n","protected":false},"excerpt":{"rendered":"<p>L&#8217;Ajuntament de Santa Pola cobrir\u00e0 una pla\u00e7a d&#8217;oficial de lampisteria i dos d&#8217;operari de jardineria, una d&#8217;elles per a persones amb discapacitat. El termini de presentaci\u00f3 d&#8217;inst\u00e0ncies s&#8217;obri hui i finalitza l&#8217;1 de juliol en https:\/\/santapola.es\/areas-municipales\/empleo-publico\/convocatorias\/ Hui s&#8217;ha obert oficialment el termini de presentaci\u00f3 d&#8217;inst\u00e0ncies per a participar en l&#8217;oferta d&#8217;una pla\u00e7a d&#8217;oficial de lampisteria, [&hellip;]<\/p>\n","protected":false},"author":96,"featured_media":36967,"comment_status":"closed","ping_status":"closed","sticky":false,"template":"","format":"standard","meta":{"_et_pb_use_builder":"","_et_pb_old_content":"","_et_gb_content_width":"","footnotes":""},"categories":[516,478],"tags":[870],"class_list":["post-36969","post","type-post","status-publish","format-standard","has-post-thumbnail","hentry","category-avisos-ca","category-ocupacio","tag-oferta-docupacio"],"yoast_head":"<!-- This site is optimized with the Yoast SEO plugin v27.4 - https:\/\/yoast.com\/product\/yoast-seo-wordpress\/ -->\n<title>Oberta la convocat\u00f2ria de 3 llocs de treball en jardineria i lampisteria - Ajuntament de Santa Pola<\/title>\n<meta name=\"robots\" content=\"index, follow, max-snippet:-1, max-image-preview:large, max-video-preview:-1\" \/>\n<link rel=\"canonical\" href=\"https:\/\/santapola.es\/ca\/oberta-la-convocatoria-de-3-llocs-de-treball-en-jardineria-i-lampisteria\/\" \/>\n<meta property=\"og:locale\" content=\"ca_ES\" \/>\n<meta property=\"og:type\" content=\"article\" \/>\n<meta property=\"og:title\" content=\"Oberta la convocat\u00f2ria de 3 llocs de treball en jardineria i lampisteria - Ajuntament de Santa Pola\" \/>\n<meta property=\"og:description\" content=\"L&#8217;Ajuntament de Santa Pola cobrir\u00e0 una pla\u00e7a d&#8217;oficial de lampisteria i dos d&#8217;operari de jardineria, una d&#8217;elles per a persones amb discapacitat. El termini de presentaci\u00f3 d&#8217;inst\u00e0ncies s&#8217;obri hui i finalitza l&#8217;1 de juliol en https:\/\/santapola.es\/areas-municipales\/empleo-publico\/convocatorias\/ Hui s&#8217;ha obert oficialment el termini de presentaci\u00f3 d&#8217;inst\u00e0ncies per a participar en l&#8217;oferta d&#8217;una pla\u00e7a d&#8217;oficial de lampisteria, [&hellip;]\" \/>\n<meta property=\"og:url\" content=\"https:\/\/santapola.es\/ca\/oberta-la-convocatoria-de-3-llocs-de-treball-en-jardineria-i-lampisteria\/\" \/>\n<meta property=\"og:site_name\" content=\"Ajuntament de Santa Pola\" \/>\n<meta property=\"article:publisher\" content=\"https:\/\/www.facebook.com\/AyuntamientoSantaPola\/\" \/>\n<meta property=\"article:published_time\" content=\"2024-06-03T08:04:27+00:00\" \/>\n<meta property=\"article:modified_time\" content=\"2024-06-03T09:23:32+00:00\" \/>\n<meta property=\"og:image\" content=\"https:\/\/santapola.es\/wp-content\/uploads\/2024\/06\/Oferta-de-empleo.jpg\" \/>\n\t<meta property=\"og:image:width\" content=\"1920\" \/>\n\t<meta property=\"og:image:height\" content=\"1080\" \/>\n\t<meta property=\"og:image:type\" content=\"image\/jpeg\" \/>\n<meta name=\"author\" content=\"Jos\u00e9 Juan L\u00f3pez Lafuente\" \/>\n<meta name=\"twitter:card\" content=\"summary_large_image\" \/>\n<meta name=\"twitter:creator\" content=\"@SantaPolaAyunt\" \/>\n<meta name=\"twitter:site\" content=\"@SantaPolaAyunt\" \/>\n<script type=\"application\/ld+json\" class=\"yoast-schema-graph\">{\"@context\":\"https:\\\/\\\/schema.org\",\"@graph\":[{\"@type\":\"Article\",\"@id\":\"https:\\\/\\\/santapola.es\\\/ca\\\/oberta-la-convocatoria-de-3-llocs-de-treball-en-jardineria-i-lampisteria\\\/#article\",\"isPartOf\":{\"@id\":\"https:\\\/\\\/santapola.es\\\/ca\\\/oberta-la-convocatoria-de-3-llocs-de-treball-en-jardineria-i-lampisteria\\\/\"},\"author\":{\"name\":\"Jos\u00e9 Juan L\u00f3pez Lafuente\",\"@id\":\"https:\\\/\\\/santapola.es\\\/ca\\\/#\\\/schema\\\/person\\\/ad1d67403707b58350c7be5e8dbc442d\"},\"headline\":\"Oberta la convocat\u00f2ria de 3 llocs de treball en jardineria i lampisteria\",\"datePublished\":\"2024-06-03T08:04:27+00:00\",\"dateModified\":\"2024-06-03T09:23:32+00:00\",\"mainEntityOfPage\":{\"@id\":\"https:\\\/\\\/santapola.es\\\/ca\\\/oberta-la-convocatoria-de-3-llocs-de-treball-en-jardineria-i-lampisteria\\\/\"},\"wordCount\":151,\"image\":{\"@id\":\"https:\\\/\\\/santapola.es\\\/ca\\\/oberta-la-convocatoria-de-3-llocs-de-treball-en-jardineria-i-lampisteria\\\/#primaryimage\"},\"thumbnailUrl\":\"https:\\\/\\\/santapola.es\\\/wp-content\\\/uploads\\\/2024\\\/06\\\/Oferta-de-empleo.jpg\",\"keywords\":[\"oferta d'ocupaci\u00f3\"],\"articleSection\":[\"Avisos\",\"Ocupaci\u00f3\"],\"inLanguage\":\"ca\"},{\"@type\":\"WebPage\",\"@id\":\"https:\\\/\\\/santapola.es\\\/ca\\\/oberta-la-convocatoria-de-3-llocs-de-treball-en-jardineria-i-lampisteria\\\/\",\"url\":\"https:\\\/\\\/santapola.es\\\/ca\\\/oberta-la-convocatoria-de-3-llocs-de-treball-en-jardineria-i-lampisteria\\\/\",\"name\":\"Oberta la convocat\u00f2ria de 3 llocs de treball en jardineria i lampisteria - Ajuntament de Santa Pola\",\"isPartOf\":{\"@id\":\"https:\\\/\\\/santapola.es\\\/ca\\\/#website\"},\"primaryImageOfPage\":{\"@id\":\"https:\\\/\\\/santapola.es\\\/ca\\\/oberta-la-convocatoria-de-3-llocs-de-treball-en-jardineria-i-lampisteria\\\/#primaryimage\"},\"image\":{\"@id\":\"https:\\\/\\\/santapola.es\\\/ca\\\/oberta-la-convocatoria-de-3-llocs-de-treball-en-jardineria-i-lampisteria\\\/#primaryimage\"},\"thumbnailUrl\":\"https:\\\/\\\/santapola.es\\\/wp-content\\\/uploads\\\/2024\\\/06\\\/Oferta-de-empleo.jpg\",\"datePublished\":\"2024-06-03T08:04:27+00:00\",\"dateModified\":\"2024-06-03T09:23:32+00:00\",\"author\":{\"@id\":\"https:\\\/\\\/santapola.es\\\/ca\\\/#\\\/schema\\\/person\\\/ad1d67403707b58350c7be5e8dbc442d\"},\"breadcrumb\":{\"@id\":\"https:\\\/\\\/santapola.es\\\/ca\\\/oberta-la-convocatoria-de-3-llocs-de-treball-en-jardineria-i-lampisteria\\\/#breadcrumb\"},\"inLanguage\":\"ca\",\"potentialAction\":[{\"@type\":\"ReadAction\",\"target\":[\"https:\\\/\\\/santapola.es\\\/ca\\\/oberta-la-convocatoria-de-3-llocs-de-treball-en-jardineria-i-lampisteria\\\/\"]}]},{\"@type\":\"ImageObject\",\"inLanguage\":\"ca\",\"@id\":\"https:\\\/\\\/santapola.es\\\/ca\\\/oberta-la-convocatoria-de-3-llocs-de-treball-en-jardineria-i-lampisteria\\\/#primaryimage\",\"url\":\"https:\\\/\\\/santapola.es\\\/wp-content\\\/uploads\\\/2024\\\/06\\\/Oferta-de-empleo.jpg\",\"contentUrl\":\"https:\\\/\\\/santapola.es\\\/wp-content\\\/uploads\\\/2024\\\/06\\\/Oferta-de-empleo.jpg\",\"width\":1920,\"height\":1080},{\"@type\":\"BreadcrumbList\",\"@id\":\"https:\\\/\\\/santapola.es\\\/ca\\\/oberta-la-convocatoria-de-3-llocs-de-treball-en-jardineria-i-lampisteria\\\/#breadcrumb\",\"itemListElement\":[{\"@type\":\"ListItem\",\"position\":1,\"name\":\"Inici\",\"item\":\"https:\\\/\\\/santapola.es\\\/ca\\\/\"},{\"@type\":\"ListItem\",\"position\":2,\"name\":\"Oberta la convocat\u00f2ria de 3 llocs de treball en jardineria i lampisteria\"}]},{\"@type\":\"WebSite\",\"@id\":\"https:\\\/\\\/santapola.es\\\/ca\\\/#website\",\"url\":\"https:\\\/\\\/santapola.es\\\/ca\\\/\",\"name\":\"Ayuntamiento de Santa Pola\",\"description\":\"Web de l'Ajuntament de Santa Pola\",\"potentialAction\":[{\"@type\":\"SearchAction\",\"target\":{\"@type\":\"EntryPoint\",\"urlTemplate\":\"https:\\\/\\\/santapola.es\\\/ca\\\/?s={search_term_string}\"},\"query-input\":{\"@type\":\"PropertyValueSpecification\",\"valueRequired\":true,\"valueName\":\"search_term_string\"}}],\"inLanguage\":\"ca\"},{\"@type\":\"Person\",\"@id\":\"https:\\\/\\\/santapola.es\\\/ca\\\/#\\\/schema\\\/person\\\/ad1d67403707b58350c7be5e8dbc442d\",\"name\":\"Jos\u00e9 Juan L\u00f3pez Lafuente\"}]}<\/script>\n<!-- \/ Yoast SEO plugin. -->","yoast_head_json":{"title":"Oberta la convocat\u00f2ria de 3 llocs de treball en jardineria i lampisteria - Ajuntament de Santa Pola","robots":{"index":"index","follow":"follow","max-snippet":"max-snippet:-1","max-image-preview":"max-image-preview:large","max-video-preview":"max-video-preview:-1"},"canonical":"https:\/\/santapola.es\/ca\/oberta-la-convocatoria-de-3-llocs-de-treball-en-jardineria-i-lampisteria\/","og_locale":"ca_ES","og_type":"article","og_title":"Oberta la convocat\u00f2ria de 3 llocs de treball en jardineria i lampisteria - Ajuntament de Santa Pola","og_description":"L&#8217;Ajuntament de Santa Pola cobrir\u00e0 una pla\u00e7a d&#8217;oficial de lampisteria i dos d&#8217;operari de jardineria, una d&#8217;elles per a persones amb discapacitat. El termini de presentaci\u00f3 d&#8217;inst\u00e0ncies s&#8217;obri hui i finalitza l&#8217;1 de juliol en https:\/\/santapola.es\/areas-municipales\/empleo-publico\/convocatorias\/ Hui s&#8217;ha obert oficialment el termini de presentaci\u00f3 d&#8217;inst\u00e0ncies per a participar en l&#8217;oferta d&#8217;una pla\u00e7a d&#8217;oficial de lampisteria, [&hellip;]","og_url":"https:\/\/santapola.es\/ca\/oberta-la-convocatoria-de-3-llocs-de-treball-en-jardineria-i-lampisteria\/","og_site_name":"Ajuntament de Santa Pola","article_publisher":"https:\/\/www.facebook.com\/AyuntamientoSantaPola\/","article_published_time":"2024-06-03T08:04:27+00:00","article_modified_time":"2024-06-03T09:23:32+00:00","og_image":[{"width":1920,"height":1080,"url":"https:\/\/santapola.es\/wp-content\/uploads\/2024\/06\/Oferta-de-empleo.jpg","type":"image\/jpeg"}],"author":"Jos\u00e9 Juan L\u00f3pez Lafuente","twitter_card":"summary_large_image","twitter_creator":"@SantaPolaAyunt","twitter_site":"@SantaPolaAyunt","schema":{"@context":"https:\/\/schema.org","@graph":[{"@type":"Article","@id":"https:\/\/santapola.es\/ca\/oberta-la-convocatoria-de-3-llocs-de-treball-en-jardineria-i-lampisteria\/#article","isPartOf":{"@id":"https:\/\/santapola.es\/ca\/oberta-la-convocatoria-de-3-llocs-de-treball-en-jardineria-i-lampisteria\/"},"author":{"name":"Jos\u00e9 Juan L\u00f3pez Lafuente","@id":"https:\/\/santapola.es\/ca\/#\/schema\/person\/ad1d67403707b58350c7be5e8dbc442d"},"headline":"Oberta la convocat\u00f2ria de 3 llocs de treball en jardineria i lampisteria","datePublished":"2024-06-03T08:04:27+00:00","dateModified":"2024-06-03T09:23:32+00:00","mainEntityOfPage":{"@id":"https:\/\/santapola.es\/ca\/oberta-la-convocatoria-de-3-llocs-de-treball-en-jardineria-i-lampisteria\/"},"wordCount":151,"image":{"@id":"https:\/\/santapola.es\/ca\/oberta-la-convocatoria-de-3-llocs-de-treball-en-jardineria-i-lampisteria\/#primaryimage"},"thumbnailUrl":"https:\/\/santapola.es\/wp-content\/uploads\/2024\/06\/Oferta-de-empleo.jpg","keywords":["oferta d'ocupaci\u00f3"],"articleSection":["Avisos","Ocupaci\u00f3"],"inLanguage":"ca"},{"@type":"WebPage","@id":"https:\/\/santapola.es\/ca\/oberta-la-convocatoria-de-3-llocs-de-treball-en-jardineria-i-lampisteria\/","url":"https:\/\/santapola.es\/ca\/oberta-la-convocatoria-de-3-llocs-de-treball-en-jardineria-i-lampisteria\/","name":"Oberta la convocat\u00f2ria de 3 llocs de treball en jardineria i lampisteria - Ajuntament de Santa Pola","isPartOf":{"@id":"https:\/\/santapola.es\/ca\/#website"},"primaryImageOfPage":{"@id":"https:\/\/santapola.es\/ca\/oberta-la-convocatoria-de-3-llocs-de-treball-en-jardineria-i-lampisteria\/#primaryimage"},"image":{"@id":"https:\/\/santapola.es\/ca\/oberta-la-convocatoria-de-3-llocs-de-treball-en-jardineria-i-lampisteria\/#primaryimage"},"thumbnailUrl":"https:\/\/santapola.es\/wp-content\/uploads\/2024\/06\/Oferta-de-empleo.jpg","datePublished":"2024-06-03T08:04:27+00:00","dateModified":"2024-06-03T09:23:32+00:00","author":{"@id":"https:\/\/santapola.es\/ca\/#\/schema\/person\/ad1d67403707b58350c7be5e8dbc442d"},"breadcrumb":{"@id":"https:\/\/santapola.es\/ca\/oberta-la-convocatoria-de-3-llocs-de-treball-en-jardineria-i-lampisteria\/#breadcrumb"},"inLanguage":"ca","potentialAction":[{"@type":"ReadAction","target":["https:\/\/santapola.es\/ca\/oberta-la-convocatoria-de-3-llocs-de-treball-en-jardineria-i-lampisteria\/"]}]},{"@type":"ImageObject","inLanguage":"ca","@id":"https:\/\/santapola.es\/ca\/oberta-la-convocatoria-de-3-llocs-de-treball-en-jardineria-i-lampisteria\/#primaryimage","url":"https:\/\/santapola.es\/wp-content\/uploads\/2024\/06\/Oferta-de-empleo.jpg","contentUrl":"https:\/\/santapola.es\/wp-content\/uploads\/2024\/06\/Oferta-de-empleo.jpg","width":1920,"height":1080},{"@type":"BreadcrumbList","@id":"https:\/\/santapola.es\/ca\/oberta-la-convocatoria-de-3-llocs-de-treball-en-jardineria-i-lampisteria\/#breadcrumb","itemListElement":[{"@type":"ListItem","position":1,"name":"Inici","item":"https:\/\/santapola.es\/ca\/"},{"@type":"ListItem","position":2,"name":"Oberta la convocat\u00f2ria de 3 llocs de treball en jardineria i lampisteria"}]},{"@type":"WebSite","@id":"https:\/\/santapola.es\/ca\/#website","url":"https:\/\/santapola.es\/ca\/","name":"Ayuntamiento de Santa Pola","description":"Web de l'Ajuntament de Santa Pola","potentialAction":[{"@type":"SearchAction","target":{"@type":"EntryPoint","urlTemplate":"https:\/\/santapola.es\/ca\/?s={search_term_string}"},"query-input":{"@type":"PropertyValueSpecification","valueRequired":true,"valueName":"search_term_string"}}],"inLanguage":"ca"},{"@type":"Person","@id":"https:\/\/santapola.es\/ca\/#\/schema\/person\/ad1d67403707b58350c7be5e8dbc442d","name":"Jos\u00e9 Juan L\u00f3pez Lafuente"}]}},"_links":{"self":[{"href":"https:\/\/santapola.es\/ca\/wp-json\/wp\/v2\/posts\/36969","targetHints":{"allow":["GET"]}}],"collection":[{"href":"https:\/\/santapola.es\/ca\/wp-json\/wp\/v2\/posts"}],"about":[{"href":"https:\/\/santapola.es\/ca\/wp-json\/wp\/v2\/types\/post"}],"author":[{"embeddable":true,"href":"https:\/\/santapola.es\/ca\/wp-json\/wp\/v2\/users\/96"}],"replies":[{"embeddable":true,"href":"https:\/\/santapola.es\/ca\/wp-json\/wp\/v2\/comments?post=36969"}],"version-history":[{"count":0,"href":"https:\/\/santapola.es\/ca\/wp-json\/wp\/v2\/posts\/36969\/revisions"}],"wp:featuredmedia":[{"embeddable":true,"href":"https:\/\/santapola.es\/ca\/wp-json\/wp\/v2\/media\/36967"}],"wp:attachment":[{"href":"https:\/\/santapola.es\/ca\/wp-json\/wp\/v2\/media?parent=36969"}],"wp:term":[{"taxonomy":"category","embeddable":true,"href":"https:\/\/santapola.es\/ca\/wp-json\/wp\/v2\/categories?post=36969"},{"taxonomy":"post_tag","embeddable":true,"href":"https:\/\/santapola.es\/ca\/wp-json\/wp\/v2\/tags?post=36969"}],"curies":[{"name":"wp","href":"https:\/\/api.w.org\/{rel}","templated":true}]}}