{"id":36679,"date":"2024-05-22T13:45:30","date_gmt":"2024-05-22T11:45:30","guid":{"rendered":"https:\/\/santapola.es\/?p=36679"},"modified":"2024-05-22T14:10:02","modified_gmt":"2024-05-22T12:10:02","slug":"living-together-lies-gran-alacant-connecta-amb-el-barri-a-traves-de-projectes-culturals","status":"publish","type":"post","link":"https:\/\/santapola.es\/ca\/living-together-lies-gran-alacant-connecta-amb-el-barri-a-traves-de-projectes-culturals\/","title":{"rendered":"&#8220;Living together&#8221;: l&#8217;IES Gran Alacant connecta amb el barri a trav\u00e9s de projectes culturals"},"content":{"rendered":"<p><strong>L&#8217;IES Gran Alacant, des de la seua inauguraci\u00f3 el setembre passat, est\u00e0 en moviment. S&#8217;ha proposat convertir l&#8217;acci\u00f3 cultural juvenil en el seu eix d&#8217;identitat, connectant amb la realitat diversa del barri i de l&#8217;entorn, apostant a m\u00e9s pels projectes intercentre i la col\u00b7laboraci\u00f3 amb institucions locals, nacionals i internacionals, accions totes que contribu\u00efsquen a la formaci\u00f3 integral de l&#8217;alumnat i a la conviv\u00e8ncia en positiu a trav\u00e9s del seu programa PASOC:\u00a0 &#8220;Living together&#8221;.<\/strong><\/p>\n<p>N\u00e0ixer com a centre educatiu de secund\u00e0ria en el barri de Gran Alacant t\u00e9 molts significats. Respon no sols a l&#8217;imperatiu i comprom\u00eds d&#8217;oferir un acc\u00e9s, pr\u00f2xim i de qualitat, als estudis d&#8217;educaci\u00f3 secund\u00e0ria, sin\u00f3, inseparablement, a ser focus sociocultural per a la joventut de la zona. L&#8217;impuls a la iniciativa i el voluntariat juvenil, aix\u00ed com l&#8217;emprenedoria sociocultural, s\u00f3n claus.<\/p>\n<p>La cultura de centre de l&#8217;IES Gran Alacant es focalitza a fomentar una ciutadania cr\u00edtica i un alumnat amb capacitat de situar-se en el m\u00f3n, a trav\u00e9s de les lleng\u00fces i la connexi\u00f3 interpersonal. Per a connectar-se amb la comunitat ve\u00efnal a la qual pertany, el nou IES desenvolupa un programa d&#8217;accions culturals (PASOC) que tenen com a horitz\u00f3 la integraci\u00f3 cultural i social de tota la comunitat.<\/p>\n<p>Des de m\u00faltiples projectes intercentres, alguns dels quals procedixen tamb\u00e9 de la iniciativa de l&#8217;alumnat i de l&#8217;Associaci\u00f3 de Fam\u00edlies d&#8217;Alumnat, AFA, d&#8217;este IES, s&#8217;obri la comunitat educativa del barri al municipi de Santa Pola i a la resta de la prov\u00edncia. Per a aix\u00f2 s&#8217;han fomentat, des del principi, la iniciativa estudiantil i diferents accions educatives informals dirigides a refor\u00e7ar aspectes socials i c\u00edvics. El sentir del centre \u00e9s que es pot realitzar esta labor en un centre en formaci\u00f3. No fa falta esperar a disposar de grans infraestructures per a mobilitzar el potencial hum\u00e0 de la seua comunitat educativa. Eixe, ja ho tenen.<\/p>\n<p>En esta l\u00ednia, pel car\u00e0cter internacional de la poblaci\u00f3 del barri, molts dels projectes empresos han utilitzat diferents lleng\u00fces. Amb aix\u00f2, la cultura de centre, basada en el multiling\u00fcisme, connecta l&#8217;alumnat de diferents cultures, presents en el barri, amb els coneixements de l&#8217;Educaci\u00f3 Secund\u00e0ria que s&#8217;impartixen en el desenvolupament de les classes.<\/p>\n<p>Des d&#8217;inici de curs, l&#8217;IES ha empr\u00e9s diverses accions que promouen estos fins. En este segon trimestre del curs, s&#8217;ha aprofundit en esta labor que ha perm\u00e9s consolidar una l\u00ednia de treball definida en mat\u00e8ria d&#8217;acci\u00f3 sociocultural.<\/p>\n<p>Gener es va configurar com la porta a un nou any comprom\u00e9s per fomentar la Pau, la No Viol\u00e8ncia i la Conviv\u00e8ncia. La setmana cultural per la Pau va integrar una performance del grup de Teatre, una intervenci\u00f3 art\u00edstica col\u00b7lectiva per la conviv\u00e8ncia i uns jocs cooperatius, que van tindre com a clausura la creaci\u00f3 col\u00b7lectiva entre tota la comunitat educativa del s\u00edmbol de pau i del terme en diverses lleng\u00fces. Empatia, comprom\u00eds i solidaritat enfront de les guerres, en suport de les persones refugiades i de la seua integraci\u00f3 i desenvolupament. Tota una foto grupal com a declaraci\u00f3 d&#8217;intencions i mostra d&#8217;un comprom\u00eds conjunt.<\/p>\n<p><strong>Imatge 1.\u00a0 Conviv\u00e8ncia sobre el Dia de la Pau i la No viol\u00e8ncia en l&#8217;IES Gran Alacant.<\/strong><\/p>\n<p>Febrer, es va vertebrar des de tres eixos. Com el mes del treball de la Igualtat efectiva, de l&#8217;impuls de les vocacions cient\u00edfiques i una aproximaci\u00f3 real a les professions cient\u00edfiques a trav\u00e9s de la participaci\u00f3 en un projecte intercentres promogut per la Biblioteca municipal de Santa Pola Mesa Redona de Dones i Ci\u00e8ncia\u201d, i la inauguraci\u00f3 de dos exposicions en el centre \u201cLes xiques s\u00f3n Guerreres i tamb\u00e9 matem\u00e0tiques\u201d del CSIC, i \u201cCient\u00edfiques de Lletres\u201d de la UA. Com a mes de l&#8217;amor i l&#8217;amistat, es va promoure la b\u00fastia de cartes multiling\u00fce per Sant Valent\u00ed. I, per a la preparaci\u00f3 de la Setmana del Carnestoltes, es va organitzar una *performance col\u00b7lectiva que els va permetre realitzar l&#8217;I Enterrament de la Sardina amb un concurs de disfresses.<\/p>\n<p><strong>Imatge 2. \u201cDetall de la Sardina creada per l&#8217;alumnat per a celebrar l&#8217;I Carnestoltes d&#8217;IES Gran Alacant\u201d<\/strong><\/p>\n<p>Mar\u00e7, punt d&#8217;inflexi\u00f3 i final de segon trimestre, es va conformar com un mes dedicat a la coeducaci\u00f3 i a la visibilitat de la Dona. L&#8217;IES va participar en els esdeveniments organitzats a nivell municipal, i es va realitzar un muntatge col\u00b7lectiu per a crear una exposici\u00f3 sobre dones i esport dins de la Setmana de la Dona, incorporant un fotoreclam de les \u201cAdolescents en l&#8217;esport\u201d i realitzant una lectura col\u00b7lectiva sobre la import\u00e0ncia de la igualtat efectiva. Es va tancar el trimestre amb la celebraci\u00f3 d&#8217;esdeveniment, que va ser punt d&#8217;inflexi\u00f3 en la implicaci\u00f3 de l&#8217;IES amb la comunitat. Es tracta de realitzar el Spring Break de l&#8217;IES GA, enfocat a impulsar la benvinguda a la primavera, i el comprom\u00eds social i c\u00edvic, a trav\u00e9s d&#8217;accions solid\u00e0ries i educatives. En elles inaugurem la I Marxa solid\u00e0ria col\u00b7lectiva de tota comunitat educativa, aix\u00ed com tallers educatius i l\u00fadics, i com a fermall final un esdeveniment esportiu col\u00b7lectiu en les instal\u00b7lacions del Poliesportiu Jos\u00e9 Antonio Alemany.<\/p>\n<p><strong>Imatge 3. Celebrant el Dia de la Dona 2024, La Dona en l&#8217;Esport. Alumnes esportistes en l&#8217;IES Gran Alacant.<\/strong><\/p>\n<p><strong>Imatge 4. Celebraci\u00f3 de la I Marxa solid\u00e0ria i Jornada de Conviv\u00e8ncia \u201cSpring Break\u201d en el Gran Alacant i el seu entorn.\u00a0<\/strong><\/p>\n<p>Viure un centre, tamb\u00e9 \u00e9s dinamitzar els moments no lectius. Per a oferir oportunitats d&#8217;oci als patis es va crear al setembre el Programa Patis ACTIUS, on alumnat i professorat proposen tallers diversos (matem\u00e0tics, art\u00edstics, esportius, teatrals) i l&#8217;Associaci\u00f3 d&#8217;Escacs de l&#8217;IES GA i el seu I Torneig local d&#8217;Escacs. el seu I Torneig d&#8217;Escacs. Totes les iniciatives tenen un doble component l\u00fadic, social i d&#8217;educaci\u00f3 informal, destacant la iniciativa estudiantil de molts, com el taller de teatre i expressi\u00f3.<\/p>\n<p>Un altre puntal de la PASOC \u00e9s promoure la iniciativa juvenil i l&#8217;oci saludable en temps no lectius. Per a aix\u00f2 s&#8217;ha contactat amb el Rac\u00f3 Jove de Santa Pola, i amb les Regidories de Joventut i d&#8217;Igualtat, Participaci\u00f3 ciutadana i Migracions, aix\u00ed mateix, amb la Biblioteca Internacional de Gran Alacant, la Xarxa de Biblioteques i la Casa de la Cultura de Santa Pola, a fi de convertir en poc temps el centre en un focus d&#8217;activitat cultural juvenil en el barri. El primer programa d&#8217;accions impulsat pel IES Gran Alacant, amb la col\u00b7laboraci\u00f3 de la AFA de l&#8217;institut i altres institucions municipals, es denomina \u201cEls Divendres de l&#8217;IES GA\u201d, en els quals es desenvoluparan activitats l\u00fadiques, aix\u00ed com realitzar tallers juvenils de jocs de taula, i especialment, un Taller de dibuix, impulsat des de CASOC, Comissi\u00f3 d&#8217;Acci\u00f3 Sociocultural de l&#8217;IES Gran Alacant i nostre AFA.<\/p>\n<p>Este cam\u00ed, iniciat per una instituci\u00f3 d&#8217;ensenyament secundari tan necess\u00e0ria en el nostre barri, \u00e9s un comprom\u00eds empr\u00e9s de llarg recorregut. No obstant aix\u00f2, tota la comunitat educativa est\u00e0 molt implicada i il\u00b7lusionada en ell. Com sempre, el claustre de l&#8217;IES Gran Alacant, juntament amb la resta de la comunitat educativa, tots i totes naturals de la localitat i del barri, caminen junts per a millorar la integraci\u00f3 i la construcci\u00f3 d&#8217;una ciutadania juvenil compromesa amb el seu entorn, per a fomentar una identitat oberta pr\u00f2pia del ve\u00efnat que abans no tenia. Aix\u00ed, des de l&#8217;IES Gran Alacant, es constru\u00efx comunitat i identitat ve\u00efnal d&#8217;un barri essencialment multicultural.<\/p>\n<p><img loading=\"lazy\" decoding=\"async\" class=\"aligncenter size-large wp-image-36677\" src=\"https:\/\/santapola.es\/wp-content\/uploads\/2024\/05\/IESGAFoto-PAZ-1024x768.jpg\" alt=\"\" width=\"1024\" height=\"768\" srcset=\"https:\/\/santapola.es\/wp-content\/uploads\/2024\/05\/IESGAFoto-PAZ-980x735.jpg 980w, https:\/\/santapola.es\/wp-content\/uploads\/2024\/05\/IESGAFoto-PAZ-480x360.jpg 480w\" sizes=\"(min-width: 0px) and (max-width: 480px) 480px, (min-width: 481px) and (max-width: 980px) 980px, (min-width: 981px) 1024px, 100vw\" \/> <img loading=\"lazy\" decoding=\"async\" class=\"aligncenter size-large wp-image-36673\" src=\"https:\/\/santapola.es\/wp-content\/uploads\/2024\/05\/IESGA-Sardina-1024x461.jpg\" alt=\"\" width=\"1024\" height=\"461\" srcset=\"https:\/\/santapola.es\/wp-content\/uploads\/2024\/05\/IESGA-Sardina-980x442.jpg 980w, https:\/\/santapola.es\/wp-content\/uploads\/2024\/05\/IESGA-Sardina-480x216.jpg 480w\" sizes=\"(min-width: 0px) and (max-width: 480px) 480px, (min-width: 481px) and (max-width: 980px) 980px, (min-width: 981px) 1024px, 100vw\" \/> <img loading=\"lazy\" decoding=\"async\" class=\"aligncenter size-large wp-image-36671\" src=\"https:\/\/santapola.es\/wp-content\/uploads\/2024\/05\/IESGA-Dones-Sport-771x1024.jpg\" alt=\"\" width=\"771\" height=\"1024\" \/><\/p>\n<p><img loading=\"lazy\" decoding=\"async\" class=\"aligncenter size-large wp-image-36675\" src=\"https:\/\/santapola.es\/wp-content\/uploads\/2024\/05\/IESGA-SpringBreak-pasarela-1024x768.jpg\" alt=\"\" width=\"1024\" height=\"768\" srcset=\"https:\/\/santapola.es\/wp-content\/uploads\/2024\/05\/IESGA-SpringBreak-pasarela-980x735.jpg 980w, https:\/\/santapola.es\/wp-content\/uploads\/2024\/05\/IESGA-SpringBreak-pasarela-480x360.jpg 480w\" sizes=\"(min-width: 0px) and (max-width: 480px) 480px, (min-width: 481px) and (max-width: 980px) 980px, (min-width: 981px) 1024px, 100vw\" \/><\/p>\n","protected":false},"excerpt":{"rendered":"<p>L&#8217;IES Gran Alacant, des de la seua inauguraci\u00f3 el setembre passat, est\u00e0 en moviment. S&#8217;ha proposat convertir l&#8217;acci\u00f3 cultural juvenil en el seu eix d&#8217;identitat, connectant amb la realitat diversa del barri i de l&#8217;entorn, apostant a m\u00e9s pels projectes intercentre i la col\u00b7laboraci\u00f3 amb institucions locals, nacionals i internacionals, accions totes que contribu\u00efsquen a [&hellip;]<\/p>\n","protected":false},"author":96,"featured_media":36677,"comment_status":"closed","ping_status":"closed","sticky":false,"template":"","format":"standard","meta":{"_et_pb_use_builder":"","_et_pb_old_content":"","_et_gb_content_width":"","footnotes":""},"categories":[474],"tags":[720],"class_list":["post-36679","post","type-post","status-publish","format-standard","has-post-thumbnail","hentry","category-educacio","tag-ies-gran-alacant-ca"],"yoast_head":"<!-- This site is optimized with the Yoast SEO plugin v27.4 - https:\/\/yoast.com\/product\/yoast-seo-wordpress\/ -->\n<title>&quot;Living together&quot;: l&#039;IES Gran Alacant connecta amb el barri a trav\u00e9s de projectes culturals - Ajuntament de Santa Pola<\/title>\n<meta name=\"robots\" content=\"index, follow, max-snippet:-1, max-image-preview:large, max-video-preview:-1\" \/>\n<link rel=\"canonical\" href=\"https:\/\/santapola.es\/ca\/living-together-lies-gran-alacant-connecta-amb-el-barri-a-traves-de-projectes-culturals\/\" \/>\n<meta property=\"og:locale\" content=\"ca_ES\" \/>\n<meta property=\"og:type\" content=\"article\" \/>\n<meta property=\"og:title\" content=\"&quot;Living together&quot;: l&#039;IES Gran Alacant connecta amb el barri a trav\u00e9s de projectes culturals - Ajuntament de Santa Pola\" \/>\n<meta property=\"og:description\" content=\"L&#8217;IES Gran Alacant, des de la seua inauguraci\u00f3 el setembre passat, est\u00e0 en moviment. S&#8217;ha proposat convertir l&#8217;acci\u00f3 cultural juvenil en el seu eix d&#8217;identitat, connectant amb la realitat diversa del barri i de l&#8217;entorn, apostant a m\u00e9s pels projectes intercentre i la col\u00b7laboraci\u00f3 amb institucions locals, nacionals i internacionals, accions totes que contribu\u00efsquen a [&hellip;]\" \/>\n<meta property=\"og:url\" content=\"https:\/\/santapola.es\/ca\/living-together-lies-gran-alacant-connecta-amb-el-barri-a-traves-de-projectes-culturals\/\" \/>\n<meta property=\"og:site_name\" content=\"Ajuntament de Santa Pola\" \/>\n<meta property=\"article:publisher\" content=\"https:\/\/www.facebook.com\/AyuntamientoSantaPola\/\" \/>\n<meta property=\"article:published_time\" content=\"2024-05-22T11:45:30+00:00\" \/>\n<meta property=\"article:modified_time\" content=\"2024-05-22T12:10:02+00:00\" \/>\n<meta property=\"og:image\" content=\"https:\/\/santapola.es\/wp-content\/uploads\/2024\/05\/IESGAFoto-PAZ.jpg\" \/>\n\t<meta property=\"og:image:width\" content=\"2048\" \/>\n\t<meta property=\"og:image:height\" content=\"1536\" \/>\n\t<meta property=\"og:image:type\" content=\"image\/jpeg\" \/>\n<meta name=\"author\" content=\"Jos\u00e9 Juan L\u00f3pez Lafuente\" \/>\n<meta name=\"twitter:card\" content=\"summary_large_image\" \/>\n<meta name=\"twitter:creator\" content=\"@SantaPolaAyunt\" \/>\n<meta name=\"twitter:site\" content=\"@SantaPolaAyunt\" \/>\n<script type=\"application\/ld+json\" class=\"yoast-schema-graph\">{\"@context\":\"https:\\\/\\\/schema.org\",\"@graph\":[{\"@type\":\"Article\",\"@id\":\"https:\\\/\\\/santapola.es\\\/ca\\\/living-together-lies-gran-alacant-connecta-amb-el-barri-a-traves-de-projectes-culturals\\\/#article\",\"isPartOf\":{\"@id\":\"https:\\\/\\\/santapola.es\\\/ca\\\/living-together-lies-gran-alacant-connecta-amb-el-barri-a-traves-de-projectes-culturals\\\/\"},\"author\":{\"name\":\"Jos\u00e9 Juan L\u00f3pez Lafuente\",\"@id\":\"https:\\\/\\\/santapola.es\\\/ca\\\/#\\\/schema\\\/person\\\/ad1d67403707b58350c7be5e8dbc442d\"},\"headline\":\"&#8220;Living together&#8221;: l&#8217;IES Gran Alacant connecta amb el barri a trav\u00e9s de projectes culturals\",\"datePublished\":\"2024-05-22T11:45:30+00:00\",\"dateModified\":\"2024-05-22T12:10:02+00:00\",\"mainEntityOfPage\":{\"@id\":\"https:\\\/\\\/santapola.es\\\/ca\\\/living-together-lies-gran-alacant-connecta-amb-el-barri-a-traves-de-projectes-culturals\\\/\"},\"wordCount\":1363,\"image\":{\"@id\":\"https:\\\/\\\/santapola.es\\\/ca\\\/living-together-lies-gran-alacant-connecta-amb-el-barri-a-traves-de-projectes-culturals\\\/#primaryimage\"},\"thumbnailUrl\":\"https:\\\/\\\/santapola.es\\\/wp-content\\\/uploads\\\/2024\\\/05\\\/IESGAFoto-PAZ.jpg\",\"keywords\":[\"IES Gran Alacant\"],\"articleSection\":[\"Educaci\u00f3\"],\"inLanguage\":\"ca\"},{\"@type\":\"WebPage\",\"@id\":\"https:\\\/\\\/santapola.es\\\/ca\\\/living-together-lies-gran-alacant-connecta-amb-el-barri-a-traves-de-projectes-culturals\\\/\",\"url\":\"https:\\\/\\\/santapola.es\\\/ca\\\/living-together-lies-gran-alacant-connecta-amb-el-barri-a-traves-de-projectes-culturals\\\/\",\"name\":\"\\\"Living together\\\": l'IES Gran Alacant connecta amb el barri a trav\u00e9s de projectes culturals - Ajuntament de Santa Pola\",\"isPartOf\":{\"@id\":\"https:\\\/\\\/santapola.es\\\/ca\\\/#website\"},\"primaryImageOfPage\":{\"@id\":\"https:\\\/\\\/santapola.es\\\/ca\\\/living-together-lies-gran-alacant-connecta-amb-el-barri-a-traves-de-projectes-culturals\\\/#primaryimage\"},\"image\":{\"@id\":\"https:\\\/\\\/santapola.es\\\/ca\\\/living-together-lies-gran-alacant-connecta-amb-el-barri-a-traves-de-projectes-culturals\\\/#primaryimage\"},\"thumbnailUrl\":\"https:\\\/\\\/santapola.es\\\/wp-content\\\/uploads\\\/2024\\\/05\\\/IESGAFoto-PAZ.jpg\",\"datePublished\":\"2024-05-22T11:45:30+00:00\",\"dateModified\":\"2024-05-22T12:10:02+00:00\",\"author\":{\"@id\":\"https:\\\/\\\/santapola.es\\\/ca\\\/#\\\/schema\\\/person\\\/ad1d67403707b58350c7be5e8dbc442d\"},\"breadcrumb\":{\"@id\":\"https:\\\/\\\/santapola.es\\\/ca\\\/living-together-lies-gran-alacant-connecta-amb-el-barri-a-traves-de-projectes-culturals\\\/#breadcrumb\"},\"inLanguage\":\"ca\",\"potentialAction\":[{\"@type\":\"ReadAction\",\"target\":[\"https:\\\/\\\/santapola.es\\\/ca\\\/living-together-lies-gran-alacant-connecta-amb-el-barri-a-traves-de-projectes-culturals\\\/\"]}]},{\"@type\":\"ImageObject\",\"inLanguage\":\"ca\",\"@id\":\"https:\\\/\\\/santapola.es\\\/ca\\\/living-together-lies-gran-alacant-connecta-amb-el-barri-a-traves-de-projectes-culturals\\\/#primaryimage\",\"url\":\"https:\\\/\\\/santapola.es\\\/wp-content\\\/uploads\\\/2024\\\/05\\\/IESGAFoto-PAZ.jpg\",\"contentUrl\":\"https:\\\/\\\/santapola.es\\\/wp-content\\\/uploads\\\/2024\\\/05\\\/IESGAFoto-PAZ.jpg\",\"width\":2048,\"height\":1536},{\"@type\":\"BreadcrumbList\",\"@id\":\"https:\\\/\\\/santapola.es\\\/ca\\\/living-together-lies-gran-alacant-connecta-amb-el-barri-a-traves-de-projectes-culturals\\\/#breadcrumb\",\"itemListElement\":[{\"@type\":\"ListItem\",\"position\":1,\"name\":\"Inici\",\"item\":\"https:\\\/\\\/santapola.es\\\/ca\\\/\"},{\"@type\":\"ListItem\",\"position\":2,\"name\":\"&#8220;Living together&#8221;: l&#8217;IES Gran Alacant connecta amb el barri a trav\u00e9s de projectes culturals\"}]},{\"@type\":\"WebSite\",\"@id\":\"https:\\\/\\\/santapola.es\\\/ca\\\/#website\",\"url\":\"https:\\\/\\\/santapola.es\\\/ca\\\/\",\"name\":\"Ayuntamiento de Santa Pola\",\"description\":\"Web de l'Ajuntament de Santa Pola\",\"potentialAction\":[{\"@type\":\"SearchAction\",\"target\":{\"@type\":\"EntryPoint\",\"urlTemplate\":\"https:\\\/\\\/santapola.es\\\/ca\\\/?s={search_term_string}\"},\"query-input\":{\"@type\":\"PropertyValueSpecification\",\"valueRequired\":true,\"valueName\":\"search_term_string\"}}],\"inLanguage\":\"ca\"},{\"@type\":\"Person\",\"@id\":\"https:\\\/\\\/santapola.es\\\/ca\\\/#\\\/schema\\\/person\\\/ad1d67403707b58350c7be5e8dbc442d\",\"name\":\"Jos\u00e9 Juan L\u00f3pez Lafuente\"}]}<\/script>\n<!-- \/ Yoast SEO plugin. -->","yoast_head_json":{"title":"\"Living together\": l'IES Gran Alacant connecta amb el barri a trav\u00e9s de projectes culturals - Ajuntament de Santa Pola","robots":{"index":"index","follow":"follow","max-snippet":"max-snippet:-1","max-image-preview":"max-image-preview:large","max-video-preview":"max-video-preview:-1"},"canonical":"https:\/\/santapola.es\/ca\/living-together-lies-gran-alacant-connecta-amb-el-barri-a-traves-de-projectes-culturals\/","og_locale":"ca_ES","og_type":"article","og_title":"\"Living together\": l'IES Gran Alacant connecta amb el barri a trav\u00e9s de projectes culturals - Ajuntament de Santa Pola","og_description":"L&#8217;IES Gran Alacant, des de la seua inauguraci\u00f3 el setembre passat, est\u00e0 en moviment. S&#8217;ha proposat convertir l&#8217;acci\u00f3 cultural juvenil en el seu eix d&#8217;identitat, connectant amb la realitat diversa del barri i de l&#8217;entorn, apostant a m\u00e9s pels projectes intercentre i la col\u00b7laboraci\u00f3 amb institucions locals, nacionals i internacionals, accions totes que contribu\u00efsquen a [&hellip;]","og_url":"https:\/\/santapola.es\/ca\/living-together-lies-gran-alacant-connecta-amb-el-barri-a-traves-de-projectes-culturals\/","og_site_name":"Ajuntament de Santa Pola","article_publisher":"https:\/\/www.facebook.com\/AyuntamientoSantaPola\/","article_published_time":"2024-05-22T11:45:30+00:00","article_modified_time":"2024-05-22T12:10:02+00:00","og_image":[{"width":2048,"height":1536,"url":"https:\/\/santapola.es\/wp-content\/uploads\/2024\/05\/IESGAFoto-PAZ.jpg","type":"image\/jpeg"}],"author":"Jos\u00e9 Juan L\u00f3pez Lafuente","twitter_card":"summary_large_image","twitter_creator":"@SantaPolaAyunt","twitter_site":"@SantaPolaAyunt","schema":{"@context":"https:\/\/schema.org","@graph":[{"@type":"Article","@id":"https:\/\/santapola.es\/ca\/living-together-lies-gran-alacant-connecta-amb-el-barri-a-traves-de-projectes-culturals\/#article","isPartOf":{"@id":"https:\/\/santapola.es\/ca\/living-together-lies-gran-alacant-connecta-amb-el-barri-a-traves-de-projectes-culturals\/"},"author":{"name":"Jos\u00e9 Juan L\u00f3pez Lafuente","@id":"https:\/\/santapola.es\/ca\/#\/schema\/person\/ad1d67403707b58350c7be5e8dbc442d"},"headline":"&#8220;Living together&#8221;: l&#8217;IES Gran Alacant connecta amb el barri a trav\u00e9s de projectes culturals","datePublished":"2024-05-22T11:45:30+00:00","dateModified":"2024-05-22T12:10:02+00:00","mainEntityOfPage":{"@id":"https:\/\/santapola.es\/ca\/living-together-lies-gran-alacant-connecta-amb-el-barri-a-traves-de-projectes-culturals\/"},"wordCount":1363,"image":{"@id":"https:\/\/santapola.es\/ca\/living-together-lies-gran-alacant-connecta-amb-el-barri-a-traves-de-projectes-culturals\/#primaryimage"},"thumbnailUrl":"https:\/\/santapola.es\/wp-content\/uploads\/2024\/05\/IESGAFoto-PAZ.jpg","keywords":["IES Gran Alacant"],"articleSection":["Educaci\u00f3"],"inLanguage":"ca"},{"@type":"WebPage","@id":"https:\/\/santapola.es\/ca\/living-together-lies-gran-alacant-connecta-amb-el-barri-a-traves-de-projectes-culturals\/","url":"https:\/\/santapola.es\/ca\/living-together-lies-gran-alacant-connecta-amb-el-barri-a-traves-de-projectes-culturals\/","name":"\"Living together\": l'IES Gran Alacant connecta amb el barri a trav\u00e9s de projectes culturals - Ajuntament de Santa Pola","isPartOf":{"@id":"https:\/\/santapola.es\/ca\/#website"},"primaryImageOfPage":{"@id":"https:\/\/santapola.es\/ca\/living-together-lies-gran-alacant-connecta-amb-el-barri-a-traves-de-projectes-culturals\/#primaryimage"},"image":{"@id":"https:\/\/santapola.es\/ca\/living-together-lies-gran-alacant-connecta-amb-el-barri-a-traves-de-projectes-culturals\/#primaryimage"},"thumbnailUrl":"https:\/\/santapola.es\/wp-content\/uploads\/2024\/05\/IESGAFoto-PAZ.jpg","datePublished":"2024-05-22T11:45:30+00:00","dateModified":"2024-05-22T12:10:02+00:00","author":{"@id":"https:\/\/santapola.es\/ca\/#\/schema\/person\/ad1d67403707b58350c7be5e8dbc442d"},"breadcrumb":{"@id":"https:\/\/santapola.es\/ca\/living-together-lies-gran-alacant-connecta-amb-el-barri-a-traves-de-projectes-culturals\/#breadcrumb"},"inLanguage":"ca","potentialAction":[{"@type":"ReadAction","target":["https:\/\/santapola.es\/ca\/living-together-lies-gran-alacant-connecta-amb-el-barri-a-traves-de-projectes-culturals\/"]}]},{"@type":"ImageObject","inLanguage":"ca","@id":"https:\/\/santapola.es\/ca\/living-together-lies-gran-alacant-connecta-amb-el-barri-a-traves-de-projectes-culturals\/#primaryimage","url":"https:\/\/santapola.es\/wp-content\/uploads\/2024\/05\/IESGAFoto-PAZ.jpg","contentUrl":"https:\/\/santapola.es\/wp-content\/uploads\/2024\/05\/IESGAFoto-PAZ.jpg","width":2048,"height":1536},{"@type":"BreadcrumbList","@id":"https:\/\/santapola.es\/ca\/living-together-lies-gran-alacant-connecta-amb-el-barri-a-traves-de-projectes-culturals\/#breadcrumb","itemListElement":[{"@type":"ListItem","position":1,"name":"Inici","item":"https:\/\/santapola.es\/ca\/"},{"@type":"ListItem","position":2,"name":"&#8220;Living together&#8221;: l&#8217;IES Gran Alacant connecta amb el barri a trav\u00e9s de projectes culturals"}]},{"@type":"WebSite","@id":"https:\/\/santapola.es\/ca\/#website","url":"https:\/\/santapola.es\/ca\/","name":"Ayuntamiento de Santa Pola","description":"Web de l'Ajuntament de Santa Pola","potentialAction":[{"@type":"SearchAction","target":{"@type":"EntryPoint","urlTemplate":"https:\/\/santapola.es\/ca\/?s={search_term_string}"},"query-input":{"@type":"PropertyValueSpecification","valueRequired":true,"valueName":"search_term_string"}}],"inLanguage":"ca"},{"@type":"Person","@id":"https:\/\/santapola.es\/ca\/#\/schema\/person\/ad1d67403707b58350c7be5e8dbc442d","name":"Jos\u00e9 Juan L\u00f3pez Lafuente"}]}},"_links":{"self":[{"href":"https:\/\/santapola.es\/ca\/wp-json\/wp\/v2\/posts\/36679","targetHints":{"allow":["GET"]}}],"collection":[{"href":"https:\/\/santapola.es\/ca\/wp-json\/wp\/v2\/posts"}],"about":[{"href":"https:\/\/santapola.es\/ca\/wp-json\/wp\/v2\/types\/post"}],"author":[{"embeddable":true,"href":"https:\/\/santapola.es\/ca\/wp-json\/wp\/v2\/users\/96"}],"replies":[{"embeddable":true,"href":"https:\/\/santapola.es\/ca\/wp-json\/wp\/v2\/comments?post=36679"}],"version-history":[{"count":0,"href":"https:\/\/santapola.es\/ca\/wp-json\/wp\/v2\/posts\/36679\/revisions"}],"wp:featuredmedia":[{"embeddable":true,"href":"https:\/\/santapola.es\/ca\/wp-json\/wp\/v2\/media\/36677"}],"wp:attachment":[{"href":"https:\/\/santapola.es\/ca\/wp-json\/wp\/v2\/media?parent=36679"}],"wp:term":[{"taxonomy":"category","embeddable":true,"href":"https:\/\/santapola.es\/ca\/wp-json\/wp\/v2\/categories?post=36679"},{"taxonomy":"post_tag","embeddable":true,"href":"https:\/\/santapola.es\/ca\/wp-json\/wp\/v2\/tags?post=36679"}],"curies":[{"name":"wp","href":"https:\/\/api.w.org\/{rel}","templated":true}]}}