{"id":36635,"date":"2024-05-21T14:00:56","date_gmt":"2024-05-21T12:00:56","guid":{"rendered":"https:\/\/santapola.es\/?p=36635"},"modified":"2024-05-21T14:02:18","modified_gmt":"2024-05-21T12:02:18","slug":"curs-intensiu-despanyol-per-a-estrangers","status":"publish","type":"post","link":"https:\/\/santapola.es\/ca\/curs-intensiu-despanyol-per-a-estrangers\/","title":{"rendered":"Curs intensiu d&#8217;espanyol per a estrangers"},"content":{"rendered":"<p><strong>La Biblioteca Central llan\u00e7a un curs intensiu d&#8217;espanyol a nivell inicial durant tot el mes de juny amb una inscripci\u00f3 de 5 euros.<\/strong><\/p>\n<p>A causa del bon funcionament dels cursos d&#8217;espanyol per a estrangers gratu\u00efts, que van comen\u00e7ar com una experi\u00e8ncia d&#8217;espanyol per a ucra\u00efnesos impartit per voluntaris del Club de Lectura, i com que a l&#8217;estiu finalitzen estos i els que s&#8217;impartixen en el Centre C\u00edvic, la Biblioteca Central oferta un curs intensiu el mes de juny.<\/p>\n<p>Es desenvolupar\u00e0 des de l&#8217;1 fins al 30 de juny, de dilluns a divendres i en horari de 19 a 21 hores, i la inscripci\u00f3 tindr\u00e0 un cost de 5 euros.<\/p>\n","protected":false},"excerpt":{"rendered":"<p>La Biblioteca Central llan\u00e7a un curs intensiu d&#8217;espanyol a nivell inicial durant tot el mes de juny amb una inscripci\u00f3 de 5 euros. A causa del bon funcionament dels cursos d&#8217;espanyol per a estrangers gratu\u00efts, que van comen\u00e7ar com una experi\u00e8ncia d&#8217;espanyol per a ucra\u00efnesos impartit per voluntaris del Club de Lectura, i com que [&hellip;]<\/p>\n","protected":false},"author":96,"featured_media":36633,"comment_status":"closed","ping_status":"closed","sticky":false,"template":"","format":"standard","meta":{"_et_pb_use_builder":"","_et_pb_old_content":"","_et_gb_content_width":"","footnotes":""},"categories":[433],"tags":[762,849],"class_list":["post-36635","post","type-post","status-publish","format-standard","has-post-thumbnail","hentry","category-cultura-ca","tag-biblioteca-central-ca","tag-curs-despanyol"],"yoast_head":"<!-- This site is optimized with the Yoast SEO plugin v27.4 - https:\/\/yoast.com\/product\/yoast-seo-wordpress\/ -->\n<title>Curs intensiu d&#039;espanyol per a estrangers - Ajuntament de Santa Pola<\/title>\n<meta name=\"robots\" content=\"index, follow, max-snippet:-1, max-image-preview:large, max-video-preview:-1\" \/>\n<link rel=\"canonical\" href=\"https:\/\/santapola.es\/ca\/curs-intensiu-despanyol-per-a-estrangers\/\" \/>\n<meta property=\"og:locale\" content=\"ca_ES\" \/>\n<meta property=\"og:type\" content=\"article\" \/>\n<meta property=\"og:title\" content=\"Curs intensiu d&#039;espanyol per a estrangers - Ajuntament de Santa Pola\" \/>\n<meta property=\"og:description\" content=\"La Biblioteca Central llan\u00e7a un curs intensiu d&#8217;espanyol a nivell inicial durant tot el mes de juny amb una inscripci\u00f3 de 5 euros. A causa del bon funcionament dels cursos d&#8217;espanyol per a estrangers gratu\u00efts, que van comen\u00e7ar com una experi\u00e8ncia d&#8217;espanyol per a ucra\u00efnesos impartit per voluntaris del Club de Lectura, i com que [&hellip;]\" \/>\n<meta property=\"og:url\" content=\"https:\/\/santapola.es\/ca\/curs-intensiu-despanyol-per-a-estrangers\/\" \/>\n<meta property=\"og:site_name\" content=\"Ajuntament de Santa Pola\" \/>\n<meta property=\"article:publisher\" content=\"https:\/\/www.facebook.com\/AyuntamientoSantaPola\/\" \/>\n<meta property=\"article:published_time\" content=\"2024-05-21T12:00:56+00:00\" \/>\n<meta property=\"article:modified_time\" content=\"2024-05-21T12:02:18+00:00\" \/>\n<meta property=\"og:image\" content=\"https:\/\/santapola.es\/wp-content\/uploads\/2024\/05\/Curso-intensivo-espanol.jpg\" \/>\n\t<meta property=\"og:image:width\" content=\"1080\" \/>\n\t<meta property=\"og:image:height\" content=\"1080\" \/>\n\t<meta property=\"og:image:type\" content=\"image\/jpeg\" \/>\n<meta name=\"author\" content=\"Jos\u00e9 Juan L\u00f3pez Lafuente\" \/>\n<meta name=\"twitter:card\" content=\"summary_large_image\" \/>\n<meta name=\"twitter:creator\" content=\"@SantaPolaAyunt\" \/>\n<meta name=\"twitter:site\" content=\"@SantaPolaAyunt\" \/>\n<script type=\"application\/ld+json\" class=\"yoast-schema-graph\">{\"@context\":\"https:\\\/\\\/schema.org\",\"@graph\":[{\"@type\":\"Article\",\"@id\":\"https:\\\/\\\/santapola.es\\\/ca\\\/curs-intensiu-despanyol-per-a-estrangers\\\/#article\",\"isPartOf\":{\"@id\":\"https:\\\/\\\/santapola.es\\\/ca\\\/curs-intensiu-despanyol-per-a-estrangers\\\/\"},\"author\":{\"name\":\"Jos\u00e9 Juan L\u00f3pez Lafuente\",\"@id\":\"https:\\\/\\\/santapola.es\\\/ca\\\/#\\\/schema\\\/person\\\/ad1d67403707b58350c7be5e8dbc442d\"},\"headline\":\"Curs intensiu d&#8217;espanyol per a estrangers\",\"datePublished\":\"2024-05-21T12:00:56+00:00\",\"dateModified\":\"2024-05-21T12:02:18+00:00\",\"mainEntityOfPage\":{\"@id\":\"https:\\\/\\\/santapola.es\\\/ca\\\/curs-intensiu-despanyol-per-a-estrangers\\\/\"},\"wordCount\":122,\"image\":{\"@id\":\"https:\\\/\\\/santapola.es\\\/ca\\\/curs-intensiu-despanyol-per-a-estrangers\\\/#primaryimage\"},\"thumbnailUrl\":\"https:\\\/\\\/santapola.es\\\/wp-content\\\/uploads\\\/2024\\\/05\\\/Curso-intensivo-espanol.jpg\",\"keywords\":[\"Biblioteca Central\",\"curs d'espanyol\"],\"articleSection\":[\"Cultura\"],\"inLanguage\":\"ca\"},{\"@type\":\"WebPage\",\"@id\":\"https:\\\/\\\/santapola.es\\\/ca\\\/curs-intensiu-despanyol-per-a-estrangers\\\/\",\"url\":\"https:\\\/\\\/santapola.es\\\/ca\\\/curs-intensiu-despanyol-per-a-estrangers\\\/\",\"name\":\"Curs intensiu d'espanyol per a estrangers - Ajuntament de Santa Pola\",\"isPartOf\":{\"@id\":\"https:\\\/\\\/santapola.es\\\/ca\\\/#website\"},\"primaryImageOfPage\":{\"@id\":\"https:\\\/\\\/santapola.es\\\/ca\\\/curs-intensiu-despanyol-per-a-estrangers\\\/#primaryimage\"},\"image\":{\"@id\":\"https:\\\/\\\/santapola.es\\\/ca\\\/curs-intensiu-despanyol-per-a-estrangers\\\/#primaryimage\"},\"thumbnailUrl\":\"https:\\\/\\\/santapola.es\\\/wp-content\\\/uploads\\\/2024\\\/05\\\/Curso-intensivo-espanol.jpg\",\"datePublished\":\"2024-05-21T12:00:56+00:00\",\"dateModified\":\"2024-05-21T12:02:18+00:00\",\"author\":{\"@id\":\"https:\\\/\\\/santapola.es\\\/ca\\\/#\\\/schema\\\/person\\\/ad1d67403707b58350c7be5e8dbc442d\"},\"breadcrumb\":{\"@id\":\"https:\\\/\\\/santapola.es\\\/ca\\\/curs-intensiu-despanyol-per-a-estrangers\\\/#breadcrumb\"},\"inLanguage\":\"ca\",\"potentialAction\":[{\"@type\":\"ReadAction\",\"target\":[\"https:\\\/\\\/santapola.es\\\/ca\\\/curs-intensiu-despanyol-per-a-estrangers\\\/\"]}]},{\"@type\":\"ImageObject\",\"inLanguage\":\"ca\",\"@id\":\"https:\\\/\\\/santapola.es\\\/ca\\\/curs-intensiu-despanyol-per-a-estrangers\\\/#primaryimage\",\"url\":\"https:\\\/\\\/santapola.es\\\/wp-content\\\/uploads\\\/2024\\\/05\\\/Curso-intensivo-espanol.jpg\",\"contentUrl\":\"https:\\\/\\\/santapola.es\\\/wp-content\\\/uploads\\\/2024\\\/05\\\/Curso-intensivo-espanol.jpg\",\"width\":1080,\"height\":1080},{\"@type\":\"BreadcrumbList\",\"@id\":\"https:\\\/\\\/santapola.es\\\/ca\\\/curs-intensiu-despanyol-per-a-estrangers\\\/#breadcrumb\",\"itemListElement\":[{\"@type\":\"ListItem\",\"position\":1,\"name\":\"Inici\",\"item\":\"https:\\\/\\\/santapola.es\\\/ca\\\/\"},{\"@type\":\"ListItem\",\"position\":2,\"name\":\"Curs intensiu d&#8217;espanyol per a estrangers\"}]},{\"@type\":\"WebSite\",\"@id\":\"https:\\\/\\\/santapola.es\\\/ca\\\/#website\",\"url\":\"https:\\\/\\\/santapola.es\\\/ca\\\/\",\"name\":\"Ayuntamiento de Santa Pola\",\"description\":\"Web de l'Ajuntament de Santa Pola\",\"potentialAction\":[{\"@type\":\"SearchAction\",\"target\":{\"@type\":\"EntryPoint\",\"urlTemplate\":\"https:\\\/\\\/santapola.es\\\/ca\\\/?s={search_term_string}\"},\"query-input\":{\"@type\":\"PropertyValueSpecification\",\"valueRequired\":true,\"valueName\":\"search_term_string\"}}],\"inLanguage\":\"ca\"},{\"@type\":\"Person\",\"@id\":\"https:\\\/\\\/santapola.es\\\/ca\\\/#\\\/schema\\\/person\\\/ad1d67403707b58350c7be5e8dbc442d\",\"name\":\"Jos\u00e9 Juan L\u00f3pez Lafuente\"}]}<\/script>\n<!-- \/ Yoast SEO plugin. -->","yoast_head_json":{"title":"Curs intensiu d'espanyol per a estrangers - Ajuntament de Santa Pola","robots":{"index":"index","follow":"follow","max-snippet":"max-snippet:-1","max-image-preview":"max-image-preview:large","max-video-preview":"max-video-preview:-1"},"canonical":"https:\/\/santapola.es\/ca\/curs-intensiu-despanyol-per-a-estrangers\/","og_locale":"ca_ES","og_type":"article","og_title":"Curs intensiu d'espanyol per a estrangers - Ajuntament de Santa Pola","og_description":"La Biblioteca Central llan\u00e7a un curs intensiu d&#8217;espanyol a nivell inicial durant tot el mes de juny amb una inscripci\u00f3 de 5 euros. A causa del bon funcionament dels cursos d&#8217;espanyol per a estrangers gratu\u00efts, que van comen\u00e7ar com una experi\u00e8ncia d&#8217;espanyol per a ucra\u00efnesos impartit per voluntaris del Club de Lectura, i com que [&hellip;]","og_url":"https:\/\/santapola.es\/ca\/curs-intensiu-despanyol-per-a-estrangers\/","og_site_name":"Ajuntament de Santa Pola","article_publisher":"https:\/\/www.facebook.com\/AyuntamientoSantaPola\/","article_published_time":"2024-05-21T12:00:56+00:00","article_modified_time":"2024-05-21T12:02:18+00:00","og_image":[{"width":1080,"height":1080,"url":"https:\/\/santapola.es\/wp-content\/uploads\/2024\/05\/Curso-intensivo-espanol.jpg","type":"image\/jpeg"}],"author":"Jos\u00e9 Juan L\u00f3pez Lafuente","twitter_card":"summary_large_image","twitter_creator":"@SantaPolaAyunt","twitter_site":"@SantaPolaAyunt","schema":{"@context":"https:\/\/schema.org","@graph":[{"@type":"Article","@id":"https:\/\/santapola.es\/ca\/curs-intensiu-despanyol-per-a-estrangers\/#article","isPartOf":{"@id":"https:\/\/santapola.es\/ca\/curs-intensiu-despanyol-per-a-estrangers\/"},"author":{"name":"Jos\u00e9 Juan L\u00f3pez Lafuente","@id":"https:\/\/santapola.es\/ca\/#\/schema\/person\/ad1d67403707b58350c7be5e8dbc442d"},"headline":"Curs intensiu d&#8217;espanyol per a estrangers","datePublished":"2024-05-21T12:00:56+00:00","dateModified":"2024-05-21T12:02:18+00:00","mainEntityOfPage":{"@id":"https:\/\/santapola.es\/ca\/curs-intensiu-despanyol-per-a-estrangers\/"},"wordCount":122,"image":{"@id":"https:\/\/santapola.es\/ca\/curs-intensiu-despanyol-per-a-estrangers\/#primaryimage"},"thumbnailUrl":"https:\/\/santapola.es\/wp-content\/uploads\/2024\/05\/Curso-intensivo-espanol.jpg","keywords":["Biblioteca Central","curs d'espanyol"],"articleSection":["Cultura"],"inLanguage":"ca"},{"@type":"WebPage","@id":"https:\/\/santapola.es\/ca\/curs-intensiu-despanyol-per-a-estrangers\/","url":"https:\/\/santapola.es\/ca\/curs-intensiu-despanyol-per-a-estrangers\/","name":"Curs intensiu d'espanyol per a estrangers - Ajuntament de Santa Pola","isPartOf":{"@id":"https:\/\/santapola.es\/ca\/#website"},"primaryImageOfPage":{"@id":"https:\/\/santapola.es\/ca\/curs-intensiu-despanyol-per-a-estrangers\/#primaryimage"},"image":{"@id":"https:\/\/santapola.es\/ca\/curs-intensiu-despanyol-per-a-estrangers\/#primaryimage"},"thumbnailUrl":"https:\/\/santapola.es\/wp-content\/uploads\/2024\/05\/Curso-intensivo-espanol.jpg","datePublished":"2024-05-21T12:00:56+00:00","dateModified":"2024-05-21T12:02:18+00:00","author":{"@id":"https:\/\/santapola.es\/ca\/#\/schema\/person\/ad1d67403707b58350c7be5e8dbc442d"},"breadcrumb":{"@id":"https:\/\/santapola.es\/ca\/curs-intensiu-despanyol-per-a-estrangers\/#breadcrumb"},"inLanguage":"ca","potentialAction":[{"@type":"ReadAction","target":["https:\/\/santapola.es\/ca\/curs-intensiu-despanyol-per-a-estrangers\/"]}]},{"@type":"ImageObject","inLanguage":"ca","@id":"https:\/\/santapola.es\/ca\/curs-intensiu-despanyol-per-a-estrangers\/#primaryimage","url":"https:\/\/santapola.es\/wp-content\/uploads\/2024\/05\/Curso-intensivo-espanol.jpg","contentUrl":"https:\/\/santapola.es\/wp-content\/uploads\/2024\/05\/Curso-intensivo-espanol.jpg","width":1080,"height":1080},{"@type":"BreadcrumbList","@id":"https:\/\/santapola.es\/ca\/curs-intensiu-despanyol-per-a-estrangers\/#breadcrumb","itemListElement":[{"@type":"ListItem","position":1,"name":"Inici","item":"https:\/\/santapola.es\/ca\/"},{"@type":"ListItem","position":2,"name":"Curs intensiu d&#8217;espanyol per a estrangers"}]},{"@type":"WebSite","@id":"https:\/\/santapola.es\/ca\/#website","url":"https:\/\/santapola.es\/ca\/","name":"Ayuntamiento de Santa Pola","description":"Web de l'Ajuntament de Santa Pola","potentialAction":[{"@type":"SearchAction","target":{"@type":"EntryPoint","urlTemplate":"https:\/\/santapola.es\/ca\/?s={search_term_string}"},"query-input":{"@type":"PropertyValueSpecification","valueRequired":true,"valueName":"search_term_string"}}],"inLanguage":"ca"},{"@type":"Person","@id":"https:\/\/santapola.es\/ca\/#\/schema\/person\/ad1d67403707b58350c7be5e8dbc442d","name":"Jos\u00e9 Juan L\u00f3pez Lafuente"}]}},"_links":{"self":[{"href":"https:\/\/santapola.es\/ca\/wp-json\/wp\/v2\/posts\/36635","targetHints":{"allow":["GET"]}}],"collection":[{"href":"https:\/\/santapola.es\/ca\/wp-json\/wp\/v2\/posts"}],"about":[{"href":"https:\/\/santapola.es\/ca\/wp-json\/wp\/v2\/types\/post"}],"author":[{"embeddable":true,"href":"https:\/\/santapola.es\/ca\/wp-json\/wp\/v2\/users\/96"}],"replies":[{"embeddable":true,"href":"https:\/\/santapola.es\/ca\/wp-json\/wp\/v2\/comments?post=36635"}],"version-history":[{"count":0,"href":"https:\/\/santapola.es\/ca\/wp-json\/wp\/v2\/posts\/36635\/revisions"}],"wp:featuredmedia":[{"embeddable":true,"href":"https:\/\/santapola.es\/ca\/wp-json\/wp\/v2\/media\/36633"}],"wp:attachment":[{"href":"https:\/\/santapola.es\/ca\/wp-json\/wp\/v2\/media?parent=36635"}],"wp:term":[{"taxonomy":"category","embeddable":true,"href":"https:\/\/santapola.es\/ca\/wp-json\/wp\/v2\/categories?post=36635"},{"taxonomy":"post_tag","embeddable":true,"href":"https:\/\/santapola.es\/ca\/wp-json\/wp\/v2\/tags?post=36635"}],"curies":[{"name":"wp","href":"https:\/\/api.w.org\/{rel}","templated":true}]}}