{"id":36595,"date":"2024-01-10T14:55:49","date_gmt":"2024-01-10T13:55:49","guid":{"rendered":"https:\/\/santapola.es\/?p=36595"},"modified":"2024-05-21T09:25:23","modified_gmt":"2024-05-21T07:25:23","slug":"el-museu-de-la-mar-de-santa-pola-bat-tots-els-records-en-2023-amb-mes-de-132-000-visites","status":"publish","type":"post","link":"https:\/\/santapola.es\/ca\/el-museu-de-la-mar-de-santa-pola-bat-tots-els-records-en-2023-amb-mes-de-132-000-visites\/","title":{"rendered":"El Museu de la Mar de Santa Pola bat tots els r\u00e8cords en 2023 amb m\u00e9s de 132.000 visites"},"content":{"rendered":"<p><strong>Quasi la meitat corresponen a l&#8217;Aquarium Municipal despr\u00e9s de la seua reobertura este estiu i la resta a les zones museogr\u00e0fiques i esdeveniments al Castell-Fortalesa, aix\u00ed com al lloc arqueol\u00f2gic del Portus Ilicitanus. Estes xifres confirmen al Museu de la Mar com un extraordinari recurs tur\u00edstic i cultural de la vila.<\/strong><\/p>\n<p>2023 ha sigut un any molt intens, per\u00f2 alhora tremendament satisfactori per al Museu de la Mar de Santa Pola. Com resa el text de benvinguda en la seua p\u00e0gina web, \u201cAmb seu central al Castell-Fortalesa, el Museu de la Mar \u00e9s el lloc on es conserva i protegix la mem\u00f2ria d&#8217;este poble mariner. La Fortalesa, que continua complint el seu paper de defensa, ens defensa de l&#8217;oblit. Hui \u00e9s, com sempre va ser, lloc de trobada i centre f\u00edsic i espiritual d&#8217;esta urbs marinera\u201d.<\/p>\n<p>Este centre cultural es repartix en diverses seus, la principal entre les muralles del Castell Fortalesa de Santa Pola. All\u00ed podem trobar diferents \u00e0rees museogr\u00e0fiques: l&#8217;exposici\u00f3 permanent d&#8217;hist\u00f2ria i etnografia de la mar i la pesca, la d&#8217;hist\u00f2ria i arqueologia local, i finalment la d&#8217;etnografia de la m\u00fasica i la mar. Tamb\u00e9 al Castell se situa el Baluard del Duc d&#8217;Arcs, un espai molt especial per a la celebraci\u00f3 d&#8217;esdeveniments de tota mena.<\/p>\n<p>Una altra de les seus \u00e9s el jaciment arqueol\u00f2gic del Portus Ilicitanus, l&#8217;antic port de la ciutat romana de *Ilici, que es pot rec\u00f3rrer a trav\u00e9s de les visites guiades.<\/p>\n<p>El Vaixell Museu Esteban Gonz\u00e1lez, nau de pesca d&#8217;arrossegament de finals del segle passat que recrea la vida dels homes de la mar en eixa \u00e8poca, es troba tancat temporalment per treballs de rehabilitaci\u00f3.<\/p>\n<p>I enguany s\u00f3n novetat altres dues seus. D&#8217;una banda els magatzems del Museu, situats al costat de l&#8217;estaci\u00f3 d&#8217;autobusos, que a m\u00e9s de dep\u00f2sit arqueol\u00f2gic ha estrenat el seu \u00fas com a taller d&#8217;artistes i fins i tot seu per a la celebraci\u00f3 d&#8217;esdeveniments culturals.<\/p>\n<p>I finalment el 28 de juliol va tindre lloc la reobertura de l&#8217;Aquarium Municipal, el m\u00e9s veter\u00e0 de la Comunitat Valenciana que ha complit 40 anys i que ha registrat en tot just 5 mesos el 45% de totes les visites del complex muse\u00edstic santapoler.<\/p>\n<p><strong>Quasi 133.000 visitants en 2023<\/strong><\/p>\n<p>Una vegada tancat el curs 2023, s&#8217;han comptabilitzat un total de 132.808 visitants, una xifra que bat tots els r\u00e8cords d&#8217;anys anteriors. D&#8217;ells, 59.492 corresponen a l&#8217;Aquarium, que ha sigut el gran revulsiu enguany, i la resta a les seus del Castell i el Portus Ilicitanus.<\/p>\n<p>S&#8217;han realitzat 44 esdeveniments organitzats pel Museu i s&#8217;ha at\u00e9s en el Baluard 110 actes d&#8217;altres departaments municipals i esdeveniments privats. Entre la producci\u00f3 pr\u00f2pia destaquen 19 exposicions locals i internacionals, moltes d&#8217;elles unides a tallers participatius i performances, o la gravaci\u00f3 de 21 audiovisuals de contingut etnogr\u00e0fic amb entrevistes a persones vinculades amb la cultura marinera que es poden visualitzar en el seu canal de Youtube.<\/p>\n<p>El treball de comunicaci\u00f3 de l&#8217;equip del Museu de la Mar en el seu web i en xarxes socials va ser mereixedor del guard\u00f3 atorgat per Onda Cero en els seus premis anuals. A m\u00e9s es va renovar la Q de Qualitat Tur\u00edstica per a Museus i Llocs Arqueol\u00f2gics.<\/p>\n<p><strong>Recuperaci\u00f3 del patrimoni local<\/strong><\/p>\n<p>Finalment cal destacar els 20 projectes d&#8217;intervenci\u00f3 en el patrimoni material de Santa Pola, entre els quals podem ressenyar la restauraci\u00f3 del rellotge i les portes hist\u00f2riques del Castell Fortalesa, la recuperaci\u00f3 de l&#8217;Aljub de La Picola, renovaci\u00f3 del mobiliari de la Casa de Don Gabino, excavacions en el Portus Ilicitanus, redacci\u00f3 del Pla Director del BIC de la Picola, el recondicionament del Vaixell Pesquer Esteban Gonz\u00e1lez per a la seua posada en funcionament en 2024 o la ja ressenyada reobertura de l&#8217;Aquarium Municipal, entre altres.<\/p>\n","protected":false},"excerpt":{"rendered":"<p>Quasi la meitat corresponen a l&#8217;Aquarium Municipal despr\u00e9s de la seua reobertura este estiu i la resta a les zones museogr\u00e0fiques i esdeveniments al Castell-Fortalesa, aix\u00ed com al lloc arqueol\u00f2gic del Portus Ilicitanus. Estes xifres confirmen al Museu de la Mar com un extraordinari recurs tur\u00edstic i cultural de la vila. 2023 ha sigut un [&hellip;]<\/p>\n","protected":false},"author":96,"featured_media":36593,"comment_status":"closed","ping_status":"closed","sticky":false,"template":"","format":"standard","meta":{"_et_pb_use_builder":"","_et_pb_old_content":"","_et_gb_content_width":"","footnotes":""},"categories":[433],"tags":[844,517,585],"class_list":["post-36595","post","type-post","status-publish","format-standard","has-post-thumbnail","hentry","category-cultura-ca","tag-aquarium-ca","tag-museu-de-la-mar","tag-portus-illicitanus"],"yoast_head":"<!-- This site is optimized with the Yoast SEO plugin v27.4 - https:\/\/yoast.com\/product\/yoast-seo-wordpress\/ -->\n<title>El Museu de la Mar de Santa Pola bat tots els r\u00e8cords en 2023 amb m\u00e9s de 132.000 visites - Ajuntament de Santa Pola<\/title>\n<meta name=\"robots\" content=\"index, follow, max-snippet:-1, max-image-preview:large, max-video-preview:-1\" \/>\n<link rel=\"canonical\" href=\"https:\/\/santapola.es\/ca\/el-museu-de-la-mar-de-santa-pola-bat-tots-els-records-en-2023-amb-mes-de-132-000-visites\/\" \/>\n<meta property=\"og:locale\" content=\"ca_ES\" \/>\n<meta property=\"og:type\" content=\"article\" \/>\n<meta property=\"og:title\" content=\"El Museu de la Mar de Santa Pola bat tots els r\u00e8cords en 2023 amb m\u00e9s de 132.000 visites - Ajuntament de Santa Pola\" \/>\n<meta property=\"og:description\" content=\"Quasi la meitat corresponen a l&#8217;Aquarium Municipal despr\u00e9s de la seua reobertura este estiu i la resta a les zones museogr\u00e0fiques i esdeveniments al Castell-Fortalesa, aix\u00ed com al lloc arqueol\u00f2gic del Portus Ilicitanus. Estes xifres confirmen al Museu de la Mar com un extraordinari recurs tur\u00edstic i cultural de la vila. 2023 ha sigut un [&hellip;]\" \/>\n<meta property=\"og:url\" content=\"https:\/\/santapola.es\/ca\/el-museu-de-la-mar-de-santa-pola-bat-tots-els-records-en-2023-amb-mes-de-132-000-visites\/\" \/>\n<meta property=\"og:site_name\" content=\"Ajuntament de Santa Pola\" \/>\n<meta property=\"article:publisher\" content=\"https:\/\/www.facebook.com\/AyuntamientoSantaPola\/\" \/>\n<meta property=\"article:published_time\" content=\"2024-01-10T13:55:49+00:00\" \/>\n<meta property=\"article:modified_time\" content=\"2024-05-21T07:25:23+00:00\" \/>\n<meta property=\"og:image\" content=\"https:\/\/santapola.es\/wp-content\/uploads\/2024\/05\/photo_2024-01-10_14-44-26.jpg\" \/>\n\t<meta property=\"og:image:width\" content=\"813\" \/>\n\t<meta property=\"og:image:height\" content=\"466\" \/>\n\t<meta property=\"og:image:type\" content=\"image\/jpeg\" \/>\n<meta name=\"author\" content=\"Jos\u00e9 Juan L\u00f3pez Lafuente\" \/>\n<meta name=\"twitter:card\" content=\"summary_large_image\" \/>\n<meta name=\"twitter:creator\" content=\"@SantaPolaAyunt\" \/>\n<meta name=\"twitter:site\" content=\"@SantaPolaAyunt\" \/>\n<script type=\"application\/ld+json\" class=\"yoast-schema-graph\">{\"@context\":\"https:\\\/\\\/schema.org\",\"@graph\":[{\"@type\":\"Article\",\"@id\":\"https:\\\/\\\/santapola.es\\\/ca\\\/el-museu-de-la-mar-de-santa-pola-bat-tots-els-records-en-2023-amb-mes-de-132-000-visites\\\/#article\",\"isPartOf\":{\"@id\":\"https:\\\/\\\/santapola.es\\\/ca\\\/el-museu-de-la-mar-de-santa-pola-bat-tots-els-records-en-2023-amb-mes-de-132-000-visites\\\/\"},\"author\":{\"name\":\"Jos\u00e9 Juan L\u00f3pez Lafuente\",\"@id\":\"https:\\\/\\\/santapola.es\\\/ca\\\/#\\\/schema\\\/person\\\/ad1d67403707b58350c7be5e8dbc442d\"},\"headline\":\"El Museu de la Mar de Santa Pola bat tots els r\u00e8cords en 2023 amb m\u00e9s de 132.000 visites\",\"datePublished\":\"2024-01-10T13:55:49+00:00\",\"dateModified\":\"2024-05-21T07:25:23+00:00\",\"mainEntityOfPage\":{\"@id\":\"https:\\\/\\\/santapola.es\\\/ca\\\/el-museu-de-la-mar-de-santa-pola-bat-tots-els-records-en-2023-amb-mes-de-132-000-visites\\\/\"},\"wordCount\":683,\"image\":{\"@id\":\"https:\\\/\\\/santapola.es\\\/ca\\\/el-museu-de-la-mar-de-santa-pola-bat-tots-els-records-en-2023-amb-mes-de-132-000-visites\\\/#primaryimage\"},\"thumbnailUrl\":\"https:\\\/\\\/santapola.es\\\/wp-content\\\/uploads\\\/2024\\\/05\\\/photo_2024-01-10_14-44-26.jpg\",\"keywords\":[\"Aquarium\",\"Museu de la Mar\",\"Portus Illicitanus\"],\"articleSection\":[\"Cultura\"],\"inLanguage\":\"ca\"},{\"@type\":\"WebPage\",\"@id\":\"https:\\\/\\\/santapola.es\\\/ca\\\/el-museu-de-la-mar-de-santa-pola-bat-tots-els-records-en-2023-amb-mes-de-132-000-visites\\\/\",\"url\":\"https:\\\/\\\/santapola.es\\\/ca\\\/el-museu-de-la-mar-de-santa-pola-bat-tots-els-records-en-2023-amb-mes-de-132-000-visites\\\/\",\"name\":\"El Museu de la Mar de Santa Pola bat tots els r\u00e8cords en 2023 amb m\u00e9s de 132.000 visites - Ajuntament de Santa Pola\",\"isPartOf\":{\"@id\":\"https:\\\/\\\/santapola.es\\\/ca\\\/#website\"},\"primaryImageOfPage\":{\"@id\":\"https:\\\/\\\/santapola.es\\\/ca\\\/el-museu-de-la-mar-de-santa-pola-bat-tots-els-records-en-2023-amb-mes-de-132-000-visites\\\/#primaryimage\"},\"image\":{\"@id\":\"https:\\\/\\\/santapola.es\\\/ca\\\/el-museu-de-la-mar-de-santa-pola-bat-tots-els-records-en-2023-amb-mes-de-132-000-visites\\\/#primaryimage\"},\"thumbnailUrl\":\"https:\\\/\\\/santapola.es\\\/wp-content\\\/uploads\\\/2024\\\/05\\\/photo_2024-01-10_14-44-26.jpg\",\"datePublished\":\"2024-01-10T13:55:49+00:00\",\"dateModified\":\"2024-05-21T07:25:23+00:00\",\"author\":{\"@id\":\"https:\\\/\\\/santapola.es\\\/ca\\\/#\\\/schema\\\/person\\\/ad1d67403707b58350c7be5e8dbc442d\"},\"breadcrumb\":{\"@id\":\"https:\\\/\\\/santapola.es\\\/ca\\\/el-museu-de-la-mar-de-santa-pola-bat-tots-els-records-en-2023-amb-mes-de-132-000-visites\\\/#breadcrumb\"},\"inLanguage\":\"ca\",\"potentialAction\":[{\"@type\":\"ReadAction\",\"target\":[\"https:\\\/\\\/santapola.es\\\/ca\\\/el-museu-de-la-mar-de-santa-pola-bat-tots-els-records-en-2023-amb-mes-de-132-000-visites\\\/\"]}]},{\"@type\":\"ImageObject\",\"inLanguage\":\"ca\",\"@id\":\"https:\\\/\\\/santapola.es\\\/ca\\\/el-museu-de-la-mar-de-santa-pola-bat-tots-els-records-en-2023-amb-mes-de-132-000-visites\\\/#primaryimage\",\"url\":\"https:\\\/\\\/santapola.es\\\/wp-content\\\/uploads\\\/2024\\\/05\\\/photo_2024-01-10_14-44-26.jpg\",\"contentUrl\":\"https:\\\/\\\/santapola.es\\\/wp-content\\\/uploads\\\/2024\\\/05\\\/photo_2024-01-10_14-44-26.jpg\",\"width\":813,\"height\":466},{\"@type\":\"BreadcrumbList\",\"@id\":\"https:\\\/\\\/santapola.es\\\/ca\\\/el-museu-de-la-mar-de-santa-pola-bat-tots-els-records-en-2023-amb-mes-de-132-000-visites\\\/#breadcrumb\",\"itemListElement\":[{\"@type\":\"ListItem\",\"position\":1,\"name\":\"Inici\",\"item\":\"https:\\\/\\\/santapola.es\\\/ca\\\/\"},{\"@type\":\"ListItem\",\"position\":2,\"name\":\"El Museu de la Mar de Santa Pola bat tots els r\u00e8cords en 2023 amb m\u00e9s de 132.000 visites\"}]},{\"@type\":\"WebSite\",\"@id\":\"https:\\\/\\\/santapola.es\\\/ca\\\/#website\",\"url\":\"https:\\\/\\\/santapola.es\\\/ca\\\/\",\"name\":\"Ayuntamiento de Santa Pola\",\"description\":\"Web de l'Ajuntament de Santa Pola\",\"potentialAction\":[{\"@type\":\"SearchAction\",\"target\":{\"@type\":\"EntryPoint\",\"urlTemplate\":\"https:\\\/\\\/santapola.es\\\/ca\\\/?s={search_term_string}\"},\"query-input\":{\"@type\":\"PropertyValueSpecification\",\"valueRequired\":true,\"valueName\":\"search_term_string\"}}],\"inLanguage\":\"ca\"},{\"@type\":\"Person\",\"@id\":\"https:\\\/\\\/santapola.es\\\/ca\\\/#\\\/schema\\\/person\\\/ad1d67403707b58350c7be5e8dbc442d\",\"name\":\"Jos\u00e9 Juan L\u00f3pez Lafuente\"}]}<\/script>\n<!-- \/ Yoast SEO plugin. -->","yoast_head_json":{"title":"El Museu de la Mar de Santa Pola bat tots els r\u00e8cords en 2023 amb m\u00e9s de 132.000 visites - Ajuntament de Santa Pola","robots":{"index":"index","follow":"follow","max-snippet":"max-snippet:-1","max-image-preview":"max-image-preview:large","max-video-preview":"max-video-preview:-1"},"canonical":"https:\/\/santapola.es\/ca\/el-museu-de-la-mar-de-santa-pola-bat-tots-els-records-en-2023-amb-mes-de-132-000-visites\/","og_locale":"ca_ES","og_type":"article","og_title":"El Museu de la Mar de Santa Pola bat tots els r\u00e8cords en 2023 amb m\u00e9s de 132.000 visites - Ajuntament de Santa Pola","og_description":"Quasi la meitat corresponen a l&#8217;Aquarium Municipal despr\u00e9s de la seua reobertura este estiu i la resta a les zones museogr\u00e0fiques i esdeveniments al Castell-Fortalesa, aix\u00ed com al lloc arqueol\u00f2gic del Portus Ilicitanus. Estes xifres confirmen al Museu de la Mar com un extraordinari recurs tur\u00edstic i cultural de la vila. 2023 ha sigut un [&hellip;]","og_url":"https:\/\/santapola.es\/ca\/el-museu-de-la-mar-de-santa-pola-bat-tots-els-records-en-2023-amb-mes-de-132-000-visites\/","og_site_name":"Ajuntament de Santa Pola","article_publisher":"https:\/\/www.facebook.com\/AyuntamientoSantaPola\/","article_published_time":"2024-01-10T13:55:49+00:00","article_modified_time":"2024-05-21T07:25:23+00:00","og_image":[{"width":813,"height":466,"url":"https:\/\/santapola.es\/wp-content\/uploads\/2024\/05\/photo_2024-01-10_14-44-26.jpg","type":"image\/jpeg"}],"author":"Jos\u00e9 Juan L\u00f3pez Lafuente","twitter_card":"summary_large_image","twitter_creator":"@SantaPolaAyunt","twitter_site":"@SantaPolaAyunt","schema":{"@context":"https:\/\/schema.org","@graph":[{"@type":"Article","@id":"https:\/\/santapola.es\/ca\/el-museu-de-la-mar-de-santa-pola-bat-tots-els-records-en-2023-amb-mes-de-132-000-visites\/#article","isPartOf":{"@id":"https:\/\/santapola.es\/ca\/el-museu-de-la-mar-de-santa-pola-bat-tots-els-records-en-2023-amb-mes-de-132-000-visites\/"},"author":{"name":"Jos\u00e9 Juan L\u00f3pez Lafuente","@id":"https:\/\/santapola.es\/ca\/#\/schema\/person\/ad1d67403707b58350c7be5e8dbc442d"},"headline":"El Museu de la Mar de Santa Pola bat tots els r\u00e8cords en 2023 amb m\u00e9s de 132.000 visites","datePublished":"2024-01-10T13:55:49+00:00","dateModified":"2024-05-21T07:25:23+00:00","mainEntityOfPage":{"@id":"https:\/\/santapola.es\/ca\/el-museu-de-la-mar-de-santa-pola-bat-tots-els-records-en-2023-amb-mes-de-132-000-visites\/"},"wordCount":683,"image":{"@id":"https:\/\/santapola.es\/ca\/el-museu-de-la-mar-de-santa-pola-bat-tots-els-records-en-2023-amb-mes-de-132-000-visites\/#primaryimage"},"thumbnailUrl":"https:\/\/santapola.es\/wp-content\/uploads\/2024\/05\/photo_2024-01-10_14-44-26.jpg","keywords":["Aquarium","Museu de la Mar","Portus Illicitanus"],"articleSection":["Cultura"],"inLanguage":"ca"},{"@type":"WebPage","@id":"https:\/\/santapola.es\/ca\/el-museu-de-la-mar-de-santa-pola-bat-tots-els-records-en-2023-amb-mes-de-132-000-visites\/","url":"https:\/\/santapola.es\/ca\/el-museu-de-la-mar-de-santa-pola-bat-tots-els-records-en-2023-amb-mes-de-132-000-visites\/","name":"El Museu de la Mar de Santa Pola bat tots els r\u00e8cords en 2023 amb m\u00e9s de 132.000 visites - Ajuntament de Santa Pola","isPartOf":{"@id":"https:\/\/santapola.es\/ca\/#website"},"primaryImageOfPage":{"@id":"https:\/\/santapola.es\/ca\/el-museu-de-la-mar-de-santa-pola-bat-tots-els-records-en-2023-amb-mes-de-132-000-visites\/#primaryimage"},"image":{"@id":"https:\/\/santapola.es\/ca\/el-museu-de-la-mar-de-santa-pola-bat-tots-els-records-en-2023-amb-mes-de-132-000-visites\/#primaryimage"},"thumbnailUrl":"https:\/\/santapola.es\/wp-content\/uploads\/2024\/05\/photo_2024-01-10_14-44-26.jpg","datePublished":"2024-01-10T13:55:49+00:00","dateModified":"2024-05-21T07:25:23+00:00","author":{"@id":"https:\/\/santapola.es\/ca\/#\/schema\/person\/ad1d67403707b58350c7be5e8dbc442d"},"breadcrumb":{"@id":"https:\/\/santapola.es\/ca\/el-museu-de-la-mar-de-santa-pola-bat-tots-els-records-en-2023-amb-mes-de-132-000-visites\/#breadcrumb"},"inLanguage":"ca","potentialAction":[{"@type":"ReadAction","target":["https:\/\/santapola.es\/ca\/el-museu-de-la-mar-de-santa-pola-bat-tots-els-records-en-2023-amb-mes-de-132-000-visites\/"]}]},{"@type":"ImageObject","inLanguage":"ca","@id":"https:\/\/santapola.es\/ca\/el-museu-de-la-mar-de-santa-pola-bat-tots-els-records-en-2023-amb-mes-de-132-000-visites\/#primaryimage","url":"https:\/\/santapola.es\/wp-content\/uploads\/2024\/05\/photo_2024-01-10_14-44-26.jpg","contentUrl":"https:\/\/santapola.es\/wp-content\/uploads\/2024\/05\/photo_2024-01-10_14-44-26.jpg","width":813,"height":466},{"@type":"BreadcrumbList","@id":"https:\/\/santapola.es\/ca\/el-museu-de-la-mar-de-santa-pola-bat-tots-els-records-en-2023-amb-mes-de-132-000-visites\/#breadcrumb","itemListElement":[{"@type":"ListItem","position":1,"name":"Inici","item":"https:\/\/santapola.es\/ca\/"},{"@type":"ListItem","position":2,"name":"El Museu de la Mar de Santa Pola bat tots els r\u00e8cords en 2023 amb m\u00e9s de 132.000 visites"}]},{"@type":"WebSite","@id":"https:\/\/santapola.es\/ca\/#website","url":"https:\/\/santapola.es\/ca\/","name":"Ayuntamiento de Santa Pola","description":"Web de l'Ajuntament de Santa Pola","potentialAction":[{"@type":"SearchAction","target":{"@type":"EntryPoint","urlTemplate":"https:\/\/santapola.es\/ca\/?s={search_term_string}"},"query-input":{"@type":"PropertyValueSpecification","valueRequired":true,"valueName":"search_term_string"}}],"inLanguage":"ca"},{"@type":"Person","@id":"https:\/\/santapola.es\/ca\/#\/schema\/person\/ad1d67403707b58350c7be5e8dbc442d","name":"Jos\u00e9 Juan L\u00f3pez Lafuente"}]}},"_links":{"self":[{"href":"https:\/\/santapola.es\/ca\/wp-json\/wp\/v2\/posts\/36595","targetHints":{"allow":["GET"]}}],"collection":[{"href":"https:\/\/santapola.es\/ca\/wp-json\/wp\/v2\/posts"}],"about":[{"href":"https:\/\/santapola.es\/ca\/wp-json\/wp\/v2\/types\/post"}],"author":[{"embeddable":true,"href":"https:\/\/santapola.es\/ca\/wp-json\/wp\/v2\/users\/96"}],"replies":[{"embeddable":true,"href":"https:\/\/santapola.es\/ca\/wp-json\/wp\/v2\/comments?post=36595"}],"version-history":[{"count":0,"href":"https:\/\/santapola.es\/ca\/wp-json\/wp\/v2\/posts\/36595\/revisions"}],"wp:featuredmedia":[{"embeddable":true,"href":"https:\/\/santapola.es\/ca\/wp-json\/wp\/v2\/media\/36593"}],"wp:attachment":[{"href":"https:\/\/santapola.es\/ca\/wp-json\/wp\/v2\/media?parent=36595"}],"wp:term":[{"taxonomy":"category","embeddable":true,"href":"https:\/\/santapola.es\/ca\/wp-json\/wp\/v2\/categories?post=36595"},{"taxonomy":"post_tag","embeddable":true,"href":"https:\/\/santapola.es\/ca\/wp-json\/wp\/v2\/tags?post=36595"}],"curies":[{"name":"wp","href":"https:\/\/api.w.org\/{rel}","templated":true}]}}