{"id":36525,"date":"2024-01-19T13:49:22","date_gmt":"2024-01-19T12:49:22","guid":{"rendered":"https:\/\/santapola.es\/?p=36525"},"modified":"2024-05-20T13:42:25","modified_gmt":"2024-05-20T11:42:25","slug":"els-reptes-per-a-millorar-la-sanitat-valenciana-i-aconseguir-una-excel%c2%b7lencia-de-qualitat","status":"publish","type":"post","link":"https:\/\/santapola.es\/ca\/els-reptes-per-a-millorar-la-sanitat-valenciana-i-aconseguir-una-excel%c2%b7lencia-de-qualitat\/","title":{"rendered":"Els reptes per a millorar la sanitat valenciana i aconseguir una excel\u00b7l\u00e8ncia de qualitat"},"content":{"rendered":"<p><strong>El regidor de Sanitat, Borja Merino, ha qualificat de \u201cmolt positiva i amb compromisos clars\u201d la intervenci\u00f3 del conseller de Sanitat, Marciano G\u00f3mez, en el F\u00f2rum Alacant que ha organitzat el Club Informaci\u00f3 sota el t\u00edtol \u201cEl repte d&#8217;aconseguir una excel\u00b7l\u00e8ncia de qualitat\u201d.<\/strong><\/p>\n<p>L&#8217;edil de Sanitat de Santa Pola ha assistit a l&#8217;acte en el qual tamb\u00e9 han estat el *president de la Generalitat Valenciana, Carlos Maz\u00f3n, el president de la Diputaci\u00f3 d&#8217;Alacant, Toni P\u00e9rez, i l&#8217;alcalde d&#8217;Alacant, Luis Barcala, entre altres autoritats.<\/p>\n<p>Borja Merino ha explicat que \u201cla valoraci\u00f3 d&#8217;este f\u00f2rum de salut ha sigut enormement positiva, at\u00e9s que s&#8217;han posat de manifest quins s\u00f3n els principals reptes i objectius de la sanitat a la Comunitat Valenciana, sobretot la disminuci\u00f3 de les llistes d&#8217;espera, l&#8217;acc\u00e9s a l&#8217;atenci\u00f3 prim\u00e0ria i la soluci\u00f3 a la falta de professionals sanitaris\u201d.<\/p>\n<p>\u201cEn este \u00faltim sentit, el conseller Marciano G\u00f3mez ha insistit en la fidelitzaci\u00f3 dels MIR que acaben l&#8217;especialitat en qualsevol dels centres sanitaris de la Comunitat Valenciana oferint-los contractes de tres anys. Uns altres dels objectius s\u00f3n la creaci\u00f3 de la figura de l&#8217;auxiliar sanitari per a millorar l&#8217;assist\u00e8ncia en atenci\u00f3 prim\u00e0ria, aix\u00ed com aconseguir que als pacients els puga atendre el seu metge d&#8217;atenci\u00f3 prim\u00e0ria en menys de 72 hores\u201d, va afegir el regidor de Sanitat.<\/p>\n","protected":false},"excerpt":{"rendered":"<p>El regidor de Sanitat, Borja Merino, ha qualificat de \u201cmolt positiva i amb compromisos clars\u201d la intervenci\u00f3 del conseller de Sanitat, Marciano G\u00f3mez, en el F\u00f2rum Alacant que ha organitzat el Club Informaci\u00f3 sota el t\u00edtol \u201cEl repte d&#8217;aconseguir una excel\u00b7l\u00e8ncia de qualitat\u201d. L&#8217;edil de Sanitat de Santa Pola ha assistit a l&#8217;acte en el [&hellip;]<\/p>\n","protected":false},"author":96,"featured_media":36524,"comment_status":"closed","ping_status":"closed","sticky":false,"template":"","format":"standard","meta":{"_et_pb_use_builder":"","_et_pb_old_content":"","_et_gb_content_width":"","footnotes":""},"categories":[649],"tags":[582,810],"class_list":["post-36525","post","type-post","status-publish","format-standard","has-post-thumbnail","hentry","category-sanitat","tag-borja-merino-ca","tag-conselleria-de-sanidad-ca"],"yoast_head":"<!-- This site is optimized with the Yoast SEO plugin v27.4 - https:\/\/yoast.com\/product\/yoast-seo-wordpress\/ -->\n<title>Els reptes per a millorar la sanitat valenciana i aconseguir una excel\u00b7l\u00e8ncia de qualitat - Ajuntament de Santa Pola<\/title>\n<meta name=\"robots\" content=\"index, follow, max-snippet:-1, max-image-preview:large, max-video-preview:-1\" \/>\n<link rel=\"canonical\" href=\"https:\/\/santapola.es\/ca\/els-reptes-per-a-millorar-la-sanitat-valenciana-i-aconseguir-una-excel%c2%b7lencia-de-qualitat\/\" \/>\n<meta property=\"og:locale\" content=\"ca_ES\" \/>\n<meta property=\"og:type\" content=\"article\" \/>\n<meta property=\"og:title\" content=\"Els reptes per a millorar la sanitat valenciana i aconseguir una excel\u00b7l\u00e8ncia de qualitat - Ajuntament de Santa Pola\" \/>\n<meta property=\"og:description\" content=\"El regidor de Sanitat, Borja Merino, ha qualificat de \u201cmolt positiva i amb compromisos clars\u201d la intervenci\u00f3 del conseller de Sanitat, Marciano G\u00f3mez, en el F\u00f2rum Alacant que ha organitzat el Club Informaci\u00f3 sota el t\u00edtol \u201cEl repte d&#8217;aconseguir una excel\u00b7l\u00e8ncia de qualitat\u201d. L&#8217;edil de Sanitat de Santa Pola ha assistit a l&#8217;acte en el [&hellip;]\" \/>\n<meta property=\"og:url\" content=\"https:\/\/santapola.es\/ca\/els-reptes-per-a-millorar-la-sanitat-valenciana-i-aconseguir-una-excel%c2%b7lencia-de-qualitat\/\" \/>\n<meta property=\"og:site_name\" content=\"Ajuntament de Santa Pola\" \/>\n<meta property=\"article:publisher\" content=\"https:\/\/www.facebook.com\/AyuntamientoSantaPola\/\" \/>\n<meta property=\"article:published_time\" content=\"2024-01-19T12:49:22+00:00\" \/>\n<meta property=\"article:modified_time\" content=\"2024-05-20T11:42:25+00:00\" \/>\n<meta property=\"og:image\" content=\"https:\/\/santapola.es\/wp-content\/uploads\/2024\/01\/IMG-20240119-WA0021.jpg\" \/>\n\t<meta property=\"og:image:width\" content=\"1600\" \/>\n\t<meta property=\"og:image:height\" content=\"900\" \/>\n\t<meta property=\"og:image:type\" content=\"image\/jpeg\" \/>\n<meta name=\"author\" content=\"Jos\u00e9 Juan L\u00f3pez Lafuente\" \/>\n<meta name=\"twitter:card\" content=\"summary_large_image\" \/>\n<meta name=\"twitter:creator\" content=\"@SantaPolaAyunt\" \/>\n<meta name=\"twitter:site\" content=\"@SantaPolaAyunt\" \/>\n<script type=\"application\/ld+json\" class=\"yoast-schema-graph\">{\"@context\":\"https:\\\/\\\/schema.org\",\"@graph\":[{\"@type\":\"Article\",\"@id\":\"https:\\\/\\\/santapola.es\\\/ca\\\/els-reptes-per-a-millorar-la-sanitat-valenciana-i-aconseguir-una-excel%c2%b7lencia-de-qualitat\\\/#article\",\"isPartOf\":{\"@id\":\"https:\\\/\\\/santapola.es\\\/ca\\\/els-reptes-per-a-millorar-la-sanitat-valenciana-i-aconseguir-una-excel%c2%b7lencia-de-qualitat\\\/\"},\"author\":{\"name\":\"Jos\u00e9 Juan L\u00f3pez Lafuente\",\"@id\":\"https:\\\/\\\/santapola.es\\\/ca\\\/#\\\/schema\\\/person\\\/ad1d67403707b58350c7be5e8dbc442d\"},\"headline\":\"Els reptes per a millorar la sanitat valenciana i aconseguir una excel\u00b7l\u00e8ncia de qualitat\",\"datePublished\":\"2024-01-19T12:49:22+00:00\",\"dateModified\":\"2024-05-20T11:42:25+00:00\",\"mainEntityOfPage\":{\"@id\":\"https:\\\/\\\/santapola.es\\\/ca\\\/els-reptes-per-a-millorar-la-sanitat-valenciana-i-aconseguir-una-excel%c2%b7lencia-de-qualitat\\\/\"},\"wordCount\":262,\"image\":{\"@id\":\"https:\\\/\\\/santapola.es\\\/ca\\\/els-reptes-per-a-millorar-la-sanitat-valenciana-i-aconseguir-una-excel%c2%b7lencia-de-qualitat\\\/#primaryimage\"},\"thumbnailUrl\":\"https:\\\/\\\/santapola.es\\\/wp-content\\\/uploads\\\/2024\\\/01\\\/IMG-20240119-WA0021.jpg\",\"keywords\":[\"Borja Merino\",\"Conselleria de Sanidad\"],\"articleSection\":[\"Sanitat\"],\"inLanguage\":\"ca\"},{\"@type\":\"WebPage\",\"@id\":\"https:\\\/\\\/santapola.es\\\/ca\\\/els-reptes-per-a-millorar-la-sanitat-valenciana-i-aconseguir-una-excel%c2%b7lencia-de-qualitat\\\/\",\"url\":\"https:\\\/\\\/santapola.es\\\/ca\\\/els-reptes-per-a-millorar-la-sanitat-valenciana-i-aconseguir-una-excel%c2%b7lencia-de-qualitat\\\/\",\"name\":\"Els reptes per a millorar la sanitat valenciana i aconseguir una excel\u00b7l\u00e8ncia de qualitat - Ajuntament de Santa Pola\",\"isPartOf\":{\"@id\":\"https:\\\/\\\/santapola.es\\\/ca\\\/#website\"},\"primaryImageOfPage\":{\"@id\":\"https:\\\/\\\/santapola.es\\\/ca\\\/els-reptes-per-a-millorar-la-sanitat-valenciana-i-aconseguir-una-excel%c2%b7lencia-de-qualitat\\\/#primaryimage\"},\"image\":{\"@id\":\"https:\\\/\\\/santapola.es\\\/ca\\\/els-reptes-per-a-millorar-la-sanitat-valenciana-i-aconseguir-una-excel%c2%b7lencia-de-qualitat\\\/#primaryimage\"},\"thumbnailUrl\":\"https:\\\/\\\/santapola.es\\\/wp-content\\\/uploads\\\/2024\\\/01\\\/IMG-20240119-WA0021.jpg\",\"datePublished\":\"2024-01-19T12:49:22+00:00\",\"dateModified\":\"2024-05-20T11:42:25+00:00\",\"author\":{\"@id\":\"https:\\\/\\\/santapola.es\\\/ca\\\/#\\\/schema\\\/person\\\/ad1d67403707b58350c7be5e8dbc442d\"},\"breadcrumb\":{\"@id\":\"https:\\\/\\\/santapola.es\\\/ca\\\/els-reptes-per-a-millorar-la-sanitat-valenciana-i-aconseguir-una-excel%c2%b7lencia-de-qualitat\\\/#breadcrumb\"},\"inLanguage\":\"ca\",\"potentialAction\":[{\"@type\":\"ReadAction\",\"target\":[\"https:\\\/\\\/santapola.es\\\/ca\\\/els-reptes-per-a-millorar-la-sanitat-valenciana-i-aconseguir-una-excel%c2%b7lencia-de-qualitat\\\/\"]}]},{\"@type\":\"ImageObject\",\"inLanguage\":\"ca\",\"@id\":\"https:\\\/\\\/santapola.es\\\/ca\\\/els-reptes-per-a-millorar-la-sanitat-valenciana-i-aconseguir-una-excel%c2%b7lencia-de-qualitat\\\/#primaryimage\",\"url\":\"https:\\\/\\\/santapola.es\\\/wp-content\\\/uploads\\\/2024\\\/01\\\/IMG-20240119-WA0021.jpg\",\"contentUrl\":\"https:\\\/\\\/santapola.es\\\/wp-content\\\/uploads\\\/2024\\\/01\\\/IMG-20240119-WA0021.jpg\",\"width\":1600,\"height\":900},{\"@type\":\"BreadcrumbList\",\"@id\":\"https:\\\/\\\/santapola.es\\\/ca\\\/els-reptes-per-a-millorar-la-sanitat-valenciana-i-aconseguir-una-excel%c2%b7lencia-de-qualitat\\\/#breadcrumb\",\"itemListElement\":[{\"@type\":\"ListItem\",\"position\":1,\"name\":\"Inici\",\"item\":\"https:\\\/\\\/santapola.es\\\/ca\\\/\"},{\"@type\":\"ListItem\",\"position\":2,\"name\":\"Els reptes per a millorar la sanitat valenciana i aconseguir una excel\u00b7l\u00e8ncia de qualitat\"}]},{\"@type\":\"WebSite\",\"@id\":\"https:\\\/\\\/santapola.es\\\/ca\\\/#website\",\"url\":\"https:\\\/\\\/santapola.es\\\/ca\\\/\",\"name\":\"Ayuntamiento de Santa Pola\",\"description\":\"Web de l'Ajuntament de Santa Pola\",\"potentialAction\":[{\"@type\":\"SearchAction\",\"target\":{\"@type\":\"EntryPoint\",\"urlTemplate\":\"https:\\\/\\\/santapola.es\\\/ca\\\/?s={search_term_string}\"},\"query-input\":{\"@type\":\"PropertyValueSpecification\",\"valueRequired\":true,\"valueName\":\"search_term_string\"}}],\"inLanguage\":\"ca\"},{\"@type\":\"Person\",\"@id\":\"https:\\\/\\\/santapola.es\\\/ca\\\/#\\\/schema\\\/person\\\/ad1d67403707b58350c7be5e8dbc442d\",\"name\":\"Jos\u00e9 Juan L\u00f3pez Lafuente\"}]}<\/script>\n<!-- \/ Yoast SEO plugin. -->","yoast_head_json":{"title":"Els reptes per a millorar la sanitat valenciana i aconseguir una excel\u00b7l\u00e8ncia de qualitat - Ajuntament de Santa Pola","robots":{"index":"index","follow":"follow","max-snippet":"max-snippet:-1","max-image-preview":"max-image-preview:large","max-video-preview":"max-video-preview:-1"},"canonical":"https:\/\/santapola.es\/ca\/els-reptes-per-a-millorar-la-sanitat-valenciana-i-aconseguir-una-excel%c2%b7lencia-de-qualitat\/","og_locale":"ca_ES","og_type":"article","og_title":"Els reptes per a millorar la sanitat valenciana i aconseguir una excel\u00b7l\u00e8ncia de qualitat - Ajuntament de Santa Pola","og_description":"El regidor de Sanitat, Borja Merino, ha qualificat de \u201cmolt positiva i amb compromisos clars\u201d la intervenci\u00f3 del conseller de Sanitat, Marciano G\u00f3mez, en el F\u00f2rum Alacant que ha organitzat el Club Informaci\u00f3 sota el t\u00edtol \u201cEl repte d&#8217;aconseguir una excel\u00b7l\u00e8ncia de qualitat\u201d. L&#8217;edil de Sanitat de Santa Pola ha assistit a l&#8217;acte en el [&hellip;]","og_url":"https:\/\/santapola.es\/ca\/els-reptes-per-a-millorar-la-sanitat-valenciana-i-aconseguir-una-excel%c2%b7lencia-de-qualitat\/","og_site_name":"Ajuntament de Santa Pola","article_publisher":"https:\/\/www.facebook.com\/AyuntamientoSantaPola\/","article_published_time":"2024-01-19T12:49:22+00:00","article_modified_time":"2024-05-20T11:42:25+00:00","og_image":[{"width":1600,"height":900,"url":"https:\/\/santapola.es\/wp-content\/uploads\/2024\/01\/IMG-20240119-WA0021.jpg","type":"image\/jpeg"}],"author":"Jos\u00e9 Juan L\u00f3pez Lafuente","twitter_card":"summary_large_image","twitter_creator":"@SantaPolaAyunt","twitter_site":"@SantaPolaAyunt","schema":{"@context":"https:\/\/schema.org","@graph":[{"@type":"Article","@id":"https:\/\/santapola.es\/ca\/els-reptes-per-a-millorar-la-sanitat-valenciana-i-aconseguir-una-excel%c2%b7lencia-de-qualitat\/#article","isPartOf":{"@id":"https:\/\/santapola.es\/ca\/els-reptes-per-a-millorar-la-sanitat-valenciana-i-aconseguir-una-excel%c2%b7lencia-de-qualitat\/"},"author":{"name":"Jos\u00e9 Juan L\u00f3pez Lafuente","@id":"https:\/\/santapola.es\/ca\/#\/schema\/person\/ad1d67403707b58350c7be5e8dbc442d"},"headline":"Els reptes per a millorar la sanitat valenciana i aconseguir una excel\u00b7l\u00e8ncia de qualitat","datePublished":"2024-01-19T12:49:22+00:00","dateModified":"2024-05-20T11:42:25+00:00","mainEntityOfPage":{"@id":"https:\/\/santapola.es\/ca\/els-reptes-per-a-millorar-la-sanitat-valenciana-i-aconseguir-una-excel%c2%b7lencia-de-qualitat\/"},"wordCount":262,"image":{"@id":"https:\/\/santapola.es\/ca\/els-reptes-per-a-millorar-la-sanitat-valenciana-i-aconseguir-una-excel%c2%b7lencia-de-qualitat\/#primaryimage"},"thumbnailUrl":"https:\/\/santapola.es\/wp-content\/uploads\/2024\/01\/IMG-20240119-WA0021.jpg","keywords":["Borja Merino","Conselleria de Sanidad"],"articleSection":["Sanitat"],"inLanguage":"ca"},{"@type":"WebPage","@id":"https:\/\/santapola.es\/ca\/els-reptes-per-a-millorar-la-sanitat-valenciana-i-aconseguir-una-excel%c2%b7lencia-de-qualitat\/","url":"https:\/\/santapola.es\/ca\/els-reptes-per-a-millorar-la-sanitat-valenciana-i-aconseguir-una-excel%c2%b7lencia-de-qualitat\/","name":"Els reptes per a millorar la sanitat valenciana i aconseguir una excel\u00b7l\u00e8ncia de qualitat - Ajuntament de Santa Pola","isPartOf":{"@id":"https:\/\/santapola.es\/ca\/#website"},"primaryImageOfPage":{"@id":"https:\/\/santapola.es\/ca\/els-reptes-per-a-millorar-la-sanitat-valenciana-i-aconseguir-una-excel%c2%b7lencia-de-qualitat\/#primaryimage"},"image":{"@id":"https:\/\/santapola.es\/ca\/els-reptes-per-a-millorar-la-sanitat-valenciana-i-aconseguir-una-excel%c2%b7lencia-de-qualitat\/#primaryimage"},"thumbnailUrl":"https:\/\/santapola.es\/wp-content\/uploads\/2024\/01\/IMG-20240119-WA0021.jpg","datePublished":"2024-01-19T12:49:22+00:00","dateModified":"2024-05-20T11:42:25+00:00","author":{"@id":"https:\/\/santapola.es\/ca\/#\/schema\/person\/ad1d67403707b58350c7be5e8dbc442d"},"breadcrumb":{"@id":"https:\/\/santapola.es\/ca\/els-reptes-per-a-millorar-la-sanitat-valenciana-i-aconseguir-una-excel%c2%b7lencia-de-qualitat\/#breadcrumb"},"inLanguage":"ca","potentialAction":[{"@type":"ReadAction","target":["https:\/\/santapola.es\/ca\/els-reptes-per-a-millorar-la-sanitat-valenciana-i-aconseguir-una-excel%c2%b7lencia-de-qualitat\/"]}]},{"@type":"ImageObject","inLanguage":"ca","@id":"https:\/\/santapola.es\/ca\/els-reptes-per-a-millorar-la-sanitat-valenciana-i-aconseguir-una-excel%c2%b7lencia-de-qualitat\/#primaryimage","url":"https:\/\/santapola.es\/wp-content\/uploads\/2024\/01\/IMG-20240119-WA0021.jpg","contentUrl":"https:\/\/santapola.es\/wp-content\/uploads\/2024\/01\/IMG-20240119-WA0021.jpg","width":1600,"height":900},{"@type":"BreadcrumbList","@id":"https:\/\/santapola.es\/ca\/els-reptes-per-a-millorar-la-sanitat-valenciana-i-aconseguir-una-excel%c2%b7lencia-de-qualitat\/#breadcrumb","itemListElement":[{"@type":"ListItem","position":1,"name":"Inici","item":"https:\/\/santapola.es\/ca\/"},{"@type":"ListItem","position":2,"name":"Els reptes per a millorar la sanitat valenciana i aconseguir una excel\u00b7l\u00e8ncia de qualitat"}]},{"@type":"WebSite","@id":"https:\/\/santapola.es\/ca\/#website","url":"https:\/\/santapola.es\/ca\/","name":"Ayuntamiento de Santa Pola","description":"Web de l'Ajuntament de Santa Pola","potentialAction":[{"@type":"SearchAction","target":{"@type":"EntryPoint","urlTemplate":"https:\/\/santapola.es\/ca\/?s={search_term_string}"},"query-input":{"@type":"PropertyValueSpecification","valueRequired":true,"valueName":"search_term_string"}}],"inLanguage":"ca"},{"@type":"Person","@id":"https:\/\/santapola.es\/ca\/#\/schema\/person\/ad1d67403707b58350c7be5e8dbc442d","name":"Jos\u00e9 Juan L\u00f3pez Lafuente"}]}},"_links":{"self":[{"href":"https:\/\/santapola.es\/ca\/wp-json\/wp\/v2\/posts\/36525","targetHints":{"allow":["GET"]}}],"collection":[{"href":"https:\/\/santapola.es\/ca\/wp-json\/wp\/v2\/posts"}],"about":[{"href":"https:\/\/santapola.es\/ca\/wp-json\/wp\/v2\/types\/post"}],"author":[{"embeddable":true,"href":"https:\/\/santapola.es\/ca\/wp-json\/wp\/v2\/users\/96"}],"replies":[{"embeddable":true,"href":"https:\/\/santapola.es\/ca\/wp-json\/wp\/v2\/comments?post=36525"}],"version-history":[{"count":0,"href":"https:\/\/santapola.es\/ca\/wp-json\/wp\/v2\/posts\/36525\/revisions"}],"wp:featuredmedia":[{"embeddable":true,"href":"https:\/\/santapola.es\/ca\/wp-json\/wp\/v2\/media\/36524"}],"wp:attachment":[{"href":"https:\/\/santapola.es\/ca\/wp-json\/wp\/v2\/media?parent=36525"}],"wp:term":[{"taxonomy":"category","embeddable":true,"href":"https:\/\/santapola.es\/ca\/wp-json\/wp\/v2\/categories?post=36525"},{"taxonomy":"post_tag","embeddable":true,"href":"https:\/\/santapola.es\/ca\/wp-json\/wp\/v2\/tags?post=36525"}],"curies":[{"name":"wp","href":"https:\/\/api.w.org\/{rel}","templated":true}]}}