{"id":36490,"date":"2024-01-24T15:17:43","date_gmt":"2024-01-24T14:17:43","guid":{"rendered":"https:\/\/santapola.es\/?p=36490"},"modified":"2024-05-20T12:27:04","modified_gmt":"2024-05-20T10:27:04","slug":"experiencia-immersiva-a-santa-pola-a-traves-dun-video-a-360","status":"publish","type":"post","link":"https:\/\/santapola.es\/ca\/experiencia-immersiva-a-santa-pola-a-traves-dun-video-a-360\/","title":{"rendered":"Experi\u00e8ncia immersiva a Santa Pola a trav\u00e9s d&#8217;un v\u00eddeo a 360"},"content":{"rendered":"<p><strong>Santa Pola ha presentat hui en Fitur un v\u00eddeo amb tecnologia 360\u00ba que permetr\u00e0 a qualsevol usuari en internet rec\u00f3rrer virtualment tot el litoral del municipi a vista d&#8217;ocell i de manera interactiva. Des de hui ja es pot fer un viatge immersiu per Santa Pola a trav\u00e9s de la p\u00e0gina web de Turisme.<\/strong><\/p>\n<p>El vicealcalde Jos\u00e9 Pedro Mart\u00ednez i el regidor de Turisme Borja Merino han presentat en el videowall de l&#8217;estand de Costa Blanca en Fitur esta interessant iniciativa basada en un v\u00eddeo realitzat amb tecnologia 360\u00ba per a promocionar l&#8217;oferta tur\u00edstica de Santa Pola.<\/p>\n<p>Mart\u00ednez ha explicat que \u201cSanta Pola aposta per la digitalitzaci\u00f3 dels seus recursos tur\u00edstics i per aix\u00f2 hui presentem este tour virtual per tot el nostre litoral, un projecte realitzat amb tecnologia immersiva que permet acostar-te al nostre poble a trav\u00e9s de la pantalla del teu m\u00f2bil, la teua tauleta o el teu ordinador, amb la particularitat que \u00e9s el mateix usuari qui va dirigint la vista cap a on vulga, \u00e9s una experi\u00e8ncia espectacular\u201d.<\/p>\n<p>Borja Merino va comentar que \u201cesta producci\u00f3 que ha sigut realitzada amb un dron recull imatges en v\u00eddeo de Santa Pola a vista d&#8217;ocell i en 360\u00ba des del Mirador del Faro, recorrent totes les platges i l&#8217;illa de Tabarca fins al Parc Natural de les Salinas de Santa Pola, finalitzant amb el nostre emblem\u00e0tic capvespre a la Torre del Tamarit, un dels m\u00e9s fotografiats de la Costa Blanca\u201d.<\/p>\n<p>El v\u00eddeo ja est\u00e0 actiu despr\u00e9s de la seua presentaci\u00f3 en la web turismosantapola.es i tamb\u00e9 es pot accedir directament en YouTube en esta adre\u00e7a.<\/p>\n<p>https:\/\/youtu.be\/amm6yq14__4?si=is8oeux63klt7mlj<\/p>\n<p>&nbsp;<\/p>\n","protected":false},"excerpt":{"rendered":"<p>Santa Pola ha presentat hui en Fitur un v\u00eddeo amb tecnologia 360\u00ba que permetr\u00e0 a qualsevol usuari en internet rec\u00f3rrer virtualment tot el litoral del municipi a vista d&#8217;ocell i de manera interactiva. Des de hui ja es pot fer un viatge immersiu per Santa Pola a trav\u00e9s de la p\u00e0gina web de Turisme. El [&hellip;]<\/p>\n","protected":false},"author":96,"featured_media":36488,"comment_status":"closed","ping_status":"closed","sticky":false,"template":"","format":"standard","meta":{"_et_pb_use_builder":"","_et_pb_old_content":"","_et_gb_content_width":"","footnotes":""},"categories":[589],"tags":[],"class_list":["post-36490","post","type-post","status-publish","format-standard","has-post-thumbnail","hentry","category-turisme"],"yoast_head":"<!-- This site is optimized with the Yoast SEO plugin v27.4 - https:\/\/yoast.com\/product\/yoast-seo-wordpress\/ -->\n<title>Experi\u00e8ncia immersiva a Santa Pola a trav\u00e9s d&#039;un v\u00eddeo a 360 - Ajuntament de Santa Pola<\/title>\n<meta name=\"robots\" content=\"index, follow, max-snippet:-1, max-image-preview:large, max-video-preview:-1\" \/>\n<link rel=\"canonical\" href=\"https:\/\/santapola.es\/ca\/experiencia-immersiva-a-santa-pola-a-traves-dun-video-a-360\/\" \/>\n<meta property=\"og:locale\" content=\"ca_ES\" \/>\n<meta property=\"og:type\" content=\"article\" \/>\n<meta property=\"og:title\" content=\"Experi\u00e8ncia immersiva a Santa Pola a trav\u00e9s d&#039;un v\u00eddeo a 360 - Ajuntament de Santa Pola\" \/>\n<meta property=\"og:description\" content=\"Santa Pola ha presentat hui en Fitur un v\u00eddeo amb tecnologia 360\u00ba que permetr\u00e0 a qualsevol usuari en internet rec\u00f3rrer virtualment tot el litoral del municipi a vista d&#8217;ocell i de manera interactiva. Des de hui ja es pot fer un viatge immersiu per Santa Pola a trav\u00e9s de la p\u00e0gina web de Turisme. El [&hellip;]\" \/>\n<meta property=\"og:url\" content=\"https:\/\/santapola.es\/ca\/experiencia-immersiva-a-santa-pola-a-traves-dun-video-a-360\/\" \/>\n<meta property=\"og:site_name\" content=\"Ajuntament de Santa Pola\" \/>\n<meta property=\"article:publisher\" content=\"https:\/\/www.facebook.com\/AyuntamientoSantaPola\/\" \/>\n<meta property=\"article:published_time\" content=\"2024-01-24T14:17:43+00:00\" \/>\n<meta property=\"article:modified_time\" content=\"2024-05-20T10:27:04+00:00\" \/>\n<meta property=\"og:image\" content=\"https:\/\/santapola.es\/wp-content\/uploads\/2024\/05\/IMG_20240124_151620_733.jpg\" \/>\n\t<meta property=\"og:image:width\" content=\"1280\" \/>\n\t<meta property=\"og:image:height\" content=\"721\" \/>\n\t<meta property=\"og:image:type\" content=\"image\/jpeg\" \/>\n<meta name=\"author\" content=\"Jos\u00e9 Juan L\u00f3pez Lafuente\" \/>\n<meta name=\"twitter:card\" content=\"summary_large_image\" \/>\n<meta name=\"twitter:creator\" content=\"@SantaPolaAyunt\" \/>\n<meta name=\"twitter:site\" content=\"@SantaPolaAyunt\" \/>\n<script type=\"application\/ld+json\" class=\"yoast-schema-graph\">{\"@context\":\"https:\\\/\\\/schema.org\",\"@graph\":[{\"@type\":\"Article\",\"@id\":\"https:\\\/\\\/santapola.es\\\/ca\\\/experiencia-immersiva-a-santa-pola-a-traves-dun-video-a-360\\\/#article\",\"isPartOf\":{\"@id\":\"https:\\\/\\\/santapola.es\\\/ca\\\/experiencia-immersiva-a-santa-pola-a-traves-dun-video-a-360\\\/\"},\"author\":{\"name\":\"Jos\u00e9 Juan L\u00f3pez Lafuente\",\"@id\":\"https:\\\/\\\/santapola.es\\\/ca\\\/#\\\/schema\\\/person\\\/ad1d67403707b58350c7be5e8dbc442d\"},\"headline\":\"Experi\u00e8ncia immersiva a Santa Pola a trav\u00e9s d&#8217;un v\u00eddeo a 360\",\"datePublished\":\"2024-01-24T14:17:43+00:00\",\"dateModified\":\"2024-05-20T10:27:04+00:00\",\"mainEntityOfPage\":{\"@id\":\"https:\\\/\\\/santapola.es\\\/ca\\\/experiencia-immersiva-a-santa-pola-a-traves-dun-video-a-360\\\/\"},\"wordCount\":312,\"image\":{\"@id\":\"https:\\\/\\\/santapola.es\\\/ca\\\/experiencia-immersiva-a-santa-pola-a-traves-dun-video-a-360\\\/#primaryimage\"},\"thumbnailUrl\":\"https:\\\/\\\/santapola.es\\\/wp-content\\\/uploads\\\/2024\\\/05\\\/IMG_20240124_151620_733.jpg\",\"articleSection\":[\"Turisme\"],\"inLanguage\":\"ca\"},{\"@type\":\"WebPage\",\"@id\":\"https:\\\/\\\/santapola.es\\\/ca\\\/experiencia-immersiva-a-santa-pola-a-traves-dun-video-a-360\\\/\",\"url\":\"https:\\\/\\\/santapola.es\\\/ca\\\/experiencia-immersiva-a-santa-pola-a-traves-dun-video-a-360\\\/\",\"name\":\"Experi\u00e8ncia immersiva a Santa Pola a trav\u00e9s d'un v\u00eddeo a 360 - Ajuntament de Santa Pola\",\"isPartOf\":{\"@id\":\"https:\\\/\\\/santapola.es\\\/ca\\\/#website\"},\"primaryImageOfPage\":{\"@id\":\"https:\\\/\\\/santapola.es\\\/ca\\\/experiencia-immersiva-a-santa-pola-a-traves-dun-video-a-360\\\/#primaryimage\"},\"image\":{\"@id\":\"https:\\\/\\\/santapola.es\\\/ca\\\/experiencia-immersiva-a-santa-pola-a-traves-dun-video-a-360\\\/#primaryimage\"},\"thumbnailUrl\":\"https:\\\/\\\/santapola.es\\\/wp-content\\\/uploads\\\/2024\\\/05\\\/IMG_20240124_151620_733.jpg\",\"datePublished\":\"2024-01-24T14:17:43+00:00\",\"dateModified\":\"2024-05-20T10:27:04+00:00\",\"author\":{\"@id\":\"https:\\\/\\\/santapola.es\\\/ca\\\/#\\\/schema\\\/person\\\/ad1d67403707b58350c7be5e8dbc442d\"},\"breadcrumb\":{\"@id\":\"https:\\\/\\\/santapola.es\\\/ca\\\/experiencia-immersiva-a-santa-pola-a-traves-dun-video-a-360\\\/#breadcrumb\"},\"inLanguage\":\"ca\",\"potentialAction\":[{\"@type\":\"ReadAction\",\"target\":[\"https:\\\/\\\/santapola.es\\\/ca\\\/experiencia-immersiva-a-santa-pola-a-traves-dun-video-a-360\\\/\"]}]},{\"@type\":\"ImageObject\",\"inLanguage\":\"ca\",\"@id\":\"https:\\\/\\\/santapola.es\\\/ca\\\/experiencia-immersiva-a-santa-pola-a-traves-dun-video-a-360\\\/#primaryimage\",\"url\":\"https:\\\/\\\/santapola.es\\\/wp-content\\\/uploads\\\/2024\\\/05\\\/IMG_20240124_151620_733.jpg\",\"contentUrl\":\"https:\\\/\\\/santapola.es\\\/wp-content\\\/uploads\\\/2024\\\/05\\\/IMG_20240124_151620_733.jpg\",\"width\":1280,\"height\":721},{\"@type\":\"BreadcrumbList\",\"@id\":\"https:\\\/\\\/santapola.es\\\/ca\\\/experiencia-immersiva-a-santa-pola-a-traves-dun-video-a-360\\\/#breadcrumb\",\"itemListElement\":[{\"@type\":\"ListItem\",\"position\":1,\"name\":\"Inici\",\"item\":\"https:\\\/\\\/santapola.es\\\/ca\\\/\"},{\"@type\":\"ListItem\",\"position\":2,\"name\":\"Experi\u00e8ncia immersiva a Santa Pola a trav\u00e9s d&#8217;un v\u00eddeo a 360\"}]},{\"@type\":\"WebSite\",\"@id\":\"https:\\\/\\\/santapola.es\\\/ca\\\/#website\",\"url\":\"https:\\\/\\\/santapola.es\\\/ca\\\/\",\"name\":\"Ayuntamiento de Santa Pola\",\"description\":\"Web de l'Ajuntament de Santa Pola\",\"potentialAction\":[{\"@type\":\"SearchAction\",\"target\":{\"@type\":\"EntryPoint\",\"urlTemplate\":\"https:\\\/\\\/santapola.es\\\/ca\\\/?s={search_term_string}\"},\"query-input\":{\"@type\":\"PropertyValueSpecification\",\"valueRequired\":true,\"valueName\":\"search_term_string\"}}],\"inLanguage\":\"ca\"},{\"@type\":\"Person\",\"@id\":\"https:\\\/\\\/santapola.es\\\/ca\\\/#\\\/schema\\\/person\\\/ad1d67403707b58350c7be5e8dbc442d\",\"name\":\"Jos\u00e9 Juan L\u00f3pez Lafuente\"}]}<\/script>\n<!-- \/ Yoast SEO plugin. -->","yoast_head_json":{"title":"Experi\u00e8ncia immersiva a Santa Pola a trav\u00e9s d'un v\u00eddeo a 360 - Ajuntament de Santa Pola","robots":{"index":"index","follow":"follow","max-snippet":"max-snippet:-1","max-image-preview":"max-image-preview:large","max-video-preview":"max-video-preview:-1"},"canonical":"https:\/\/santapola.es\/ca\/experiencia-immersiva-a-santa-pola-a-traves-dun-video-a-360\/","og_locale":"ca_ES","og_type":"article","og_title":"Experi\u00e8ncia immersiva a Santa Pola a trav\u00e9s d'un v\u00eddeo a 360 - Ajuntament de Santa Pola","og_description":"Santa Pola ha presentat hui en Fitur un v\u00eddeo amb tecnologia 360\u00ba que permetr\u00e0 a qualsevol usuari en internet rec\u00f3rrer virtualment tot el litoral del municipi a vista d&#8217;ocell i de manera interactiva. Des de hui ja es pot fer un viatge immersiu per Santa Pola a trav\u00e9s de la p\u00e0gina web de Turisme. El [&hellip;]","og_url":"https:\/\/santapola.es\/ca\/experiencia-immersiva-a-santa-pola-a-traves-dun-video-a-360\/","og_site_name":"Ajuntament de Santa Pola","article_publisher":"https:\/\/www.facebook.com\/AyuntamientoSantaPola\/","article_published_time":"2024-01-24T14:17:43+00:00","article_modified_time":"2024-05-20T10:27:04+00:00","og_image":[{"width":1280,"height":721,"url":"https:\/\/santapola.es\/wp-content\/uploads\/2024\/05\/IMG_20240124_151620_733.jpg","type":"image\/jpeg"}],"author":"Jos\u00e9 Juan L\u00f3pez Lafuente","twitter_card":"summary_large_image","twitter_creator":"@SantaPolaAyunt","twitter_site":"@SantaPolaAyunt","schema":{"@context":"https:\/\/schema.org","@graph":[{"@type":"Article","@id":"https:\/\/santapola.es\/ca\/experiencia-immersiva-a-santa-pola-a-traves-dun-video-a-360\/#article","isPartOf":{"@id":"https:\/\/santapola.es\/ca\/experiencia-immersiva-a-santa-pola-a-traves-dun-video-a-360\/"},"author":{"name":"Jos\u00e9 Juan L\u00f3pez Lafuente","@id":"https:\/\/santapola.es\/ca\/#\/schema\/person\/ad1d67403707b58350c7be5e8dbc442d"},"headline":"Experi\u00e8ncia immersiva a Santa Pola a trav\u00e9s d&#8217;un v\u00eddeo a 360","datePublished":"2024-01-24T14:17:43+00:00","dateModified":"2024-05-20T10:27:04+00:00","mainEntityOfPage":{"@id":"https:\/\/santapola.es\/ca\/experiencia-immersiva-a-santa-pola-a-traves-dun-video-a-360\/"},"wordCount":312,"image":{"@id":"https:\/\/santapola.es\/ca\/experiencia-immersiva-a-santa-pola-a-traves-dun-video-a-360\/#primaryimage"},"thumbnailUrl":"https:\/\/santapola.es\/wp-content\/uploads\/2024\/05\/IMG_20240124_151620_733.jpg","articleSection":["Turisme"],"inLanguage":"ca"},{"@type":"WebPage","@id":"https:\/\/santapola.es\/ca\/experiencia-immersiva-a-santa-pola-a-traves-dun-video-a-360\/","url":"https:\/\/santapola.es\/ca\/experiencia-immersiva-a-santa-pola-a-traves-dun-video-a-360\/","name":"Experi\u00e8ncia immersiva a Santa Pola a trav\u00e9s d'un v\u00eddeo a 360 - Ajuntament de Santa Pola","isPartOf":{"@id":"https:\/\/santapola.es\/ca\/#website"},"primaryImageOfPage":{"@id":"https:\/\/santapola.es\/ca\/experiencia-immersiva-a-santa-pola-a-traves-dun-video-a-360\/#primaryimage"},"image":{"@id":"https:\/\/santapola.es\/ca\/experiencia-immersiva-a-santa-pola-a-traves-dun-video-a-360\/#primaryimage"},"thumbnailUrl":"https:\/\/santapola.es\/wp-content\/uploads\/2024\/05\/IMG_20240124_151620_733.jpg","datePublished":"2024-01-24T14:17:43+00:00","dateModified":"2024-05-20T10:27:04+00:00","author":{"@id":"https:\/\/santapola.es\/ca\/#\/schema\/person\/ad1d67403707b58350c7be5e8dbc442d"},"breadcrumb":{"@id":"https:\/\/santapola.es\/ca\/experiencia-immersiva-a-santa-pola-a-traves-dun-video-a-360\/#breadcrumb"},"inLanguage":"ca","potentialAction":[{"@type":"ReadAction","target":["https:\/\/santapola.es\/ca\/experiencia-immersiva-a-santa-pola-a-traves-dun-video-a-360\/"]}]},{"@type":"ImageObject","inLanguage":"ca","@id":"https:\/\/santapola.es\/ca\/experiencia-immersiva-a-santa-pola-a-traves-dun-video-a-360\/#primaryimage","url":"https:\/\/santapola.es\/wp-content\/uploads\/2024\/05\/IMG_20240124_151620_733.jpg","contentUrl":"https:\/\/santapola.es\/wp-content\/uploads\/2024\/05\/IMG_20240124_151620_733.jpg","width":1280,"height":721},{"@type":"BreadcrumbList","@id":"https:\/\/santapola.es\/ca\/experiencia-immersiva-a-santa-pola-a-traves-dun-video-a-360\/#breadcrumb","itemListElement":[{"@type":"ListItem","position":1,"name":"Inici","item":"https:\/\/santapola.es\/ca\/"},{"@type":"ListItem","position":2,"name":"Experi\u00e8ncia immersiva a Santa Pola a trav\u00e9s d&#8217;un v\u00eddeo a 360"}]},{"@type":"WebSite","@id":"https:\/\/santapola.es\/ca\/#website","url":"https:\/\/santapola.es\/ca\/","name":"Ayuntamiento de Santa Pola","description":"Web de l'Ajuntament de Santa Pola","potentialAction":[{"@type":"SearchAction","target":{"@type":"EntryPoint","urlTemplate":"https:\/\/santapola.es\/ca\/?s={search_term_string}"},"query-input":{"@type":"PropertyValueSpecification","valueRequired":true,"valueName":"search_term_string"}}],"inLanguage":"ca"},{"@type":"Person","@id":"https:\/\/santapola.es\/ca\/#\/schema\/person\/ad1d67403707b58350c7be5e8dbc442d","name":"Jos\u00e9 Juan L\u00f3pez Lafuente"}]}},"_links":{"self":[{"href":"https:\/\/santapola.es\/ca\/wp-json\/wp\/v2\/posts\/36490","targetHints":{"allow":["GET"]}}],"collection":[{"href":"https:\/\/santapola.es\/ca\/wp-json\/wp\/v2\/posts"}],"about":[{"href":"https:\/\/santapola.es\/ca\/wp-json\/wp\/v2\/types\/post"}],"author":[{"embeddable":true,"href":"https:\/\/santapola.es\/ca\/wp-json\/wp\/v2\/users\/96"}],"replies":[{"embeddable":true,"href":"https:\/\/santapola.es\/ca\/wp-json\/wp\/v2\/comments?post=36490"}],"version-history":[{"count":0,"href":"https:\/\/santapola.es\/ca\/wp-json\/wp\/v2\/posts\/36490\/revisions"}],"wp:featuredmedia":[{"embeddable":true,"href":"https:\/\/santapola.es\/ca\/wp-json\/wp\/v2\/media\/36488"}],"wp:attachment":[{"href":"https:\/\/santapola.es\/ca\/wp-json\/wp\/v2\/media?parent=36490"}],"wp:term":[{"taxonomy":"category","embeddable":true,"href":"https:\/\/santapola.es\/ca\/wp-json\/wp\/v2\/categories?post=36490"},{"taxonomy":"post_tag","embeddable":true,"href":"https:\/\/santapola.es\/ca\/wp-json\/wp\/v2\/tags?post=36490"}],"curies":[{"name":"wp","href":"https:\/\/api.w.org\/{rel}","templated":true}]}}