{"id":36477,"date":"2024-01-24T16:16:30","date_gmt":"2024-01-24T15:16:30","guid":{"rendered":"https:\/\/santapola.es\/?p=36477"},"modified":"2024-05-20T12:22:57","modified_gmt":"2024-05-20T10:22:57","slug":"turisme-presenta-en-fitur-desti-santa-pola-com-a-campanya-promocional-per-a-enguany","status":"publish","type":"post","link":"https:\/\/santapola.es\/ca\/turisme-presenta-en-fitur-desti-santa-pola-com-a-campanya-promocional-per-a-enguany\/","title":{"rendered":"Turisme presenta en Fitur \u201cDest\u00ed Santa Pola\u201d com a campanya promocional per a enguany"},"content":{"rendered":"<p><strong>L&#8217;espot que mostra imatges dels principals recursos tur\u00edstics de la vila marinera protagonitzar\u00e0 la campanya de promoci\u00f3 en l\u00ednia prevista per a enguany.<\/strong><\/p>\n<p>\u201cDest\u00ed Santa Pola: el teu paradis\u201d \u00e9s el lema principal de la campanya promocional de Santa Pola que han presentat hui en l&#8217;estand de Costa Blanca en Fitur el tinent d&#8217;alcalde Jos\u00e9 Pedro Mart\u00ednez i el regidor de Turisme Borja Merino.<\/p>\n<p>\u201cLa producci\u00f3 del v\u00eddeo mostra clarament en les imatges la bellesa del nostre municipi i totes les possibilitats que oferix des que comen\u00e7a el dia pel mirador del far fins que vespreja per la torre del Tamarit\u201d, ha indicat Jos\u00e9 Pedro Mart\u00ednez.<\/p>\n<p>Per part seua, Borja Merino va explicar que \u201cla campanya de promoci\u00f3 tur\u00edstica per a 2024 es ramifica en diversos segments com parad\u00ecs natural, paradis esportiu,\u00a0 paradis gastron\u00f2mic i el gen\u00e8ric de \u201cel teu paradis\u201d, que tindran protagonisme especialment a trav\u00e9s d&#8217;internet en les diferents campanyes que realitzarem durant tot l&#8217;any\u201d.<\/p>\n<p>&nbsp;<\/p>\n","protected":false},"excerpt":{"rendered":"<p>L&#8217;espot que mostra imatges dels principals recursos tur\u00edstics de la vila marinera protagonitzar\u00e0 la campanya de promoci\u00f3 en l\u00ednia prevista per a enguany. \u201cDest\u00ed Santa Pola: el teu paradis\u201d \u00e9s el lema principal de la campanya promocional de Santa Pola que han presentat hui en l&#8217;estand de Costa Blanca en Fitur el tinent d&#8217;alcalde Jos\u00e9 [&hellip;]<\/p>\n","protected":false},"author":96,"featured_media":36470,"comment_status":"closed","ping_status":"closed","sticky":false,"template":"","format":"standard","meta":{"_et_pb_use_builder":"","_et_pb_old_content":"","_et_gb_content_width":"","footnotes":""},"categories":[589],"tags":[],"class_list":["post-36477","post","type-post","status-publish","format-standard","has-post-thumbnail","hentry","category-turisme"],"yoast_head":"<!-- This site is optimized with the Yoast SEO plugin v27.4 - https:\/\/yoast.com\/product\/yoast-seo-wordpress\/ -->\n<title>Turisme presenta en Fitur \u201cDest\u00ed Santa Pola\u201d com a campanya promocional per a enguany - Ajuntament de Santa Pola<\/title>\n<meta name=\"robots\" content=\"index, follow, max-snippet:-1, max-image-preview:large, max-video-preview:-1\" \/>\n<link rel=\"canonical\" href=\"https:\/\/santapola.es\/ca\/turisme-presenta-en-fitur-desti-santa-pola-com-a-campanya-promocional-per-a-enguany\/\" \/>\n<meta property=\"og:locale\" content=\"ca_ES\" \/>\n<meta property=\"og:type\" content=\"article\" \/>\n<meta property=\"og:title\" content=\"Turisme presenta en Fitur \u201cDest\u00ed Santa Pola\u201d com a campanya promocional per a enguany - Ajuntament de Santa Pola\" \/>\n<meta property=\"og:description\" content=\"L&#8217;espot que mostra imatges dels principals recursos tur\u00edstics de la vila marinera protagonitzar\u00e0 la campanya de promoci\u00f3 en l\u00ednia prevista per a enguany. \u201cDest\u00ed Santa Pola: el teu paradis\u201d \u00e9s el lema principal de la campanya promocional de Santa Pola que han presentat hui en l&#8217;estand de Costa Blanca en Fitur el tinent d&#8217;alcalde Jos\u00e9 [&hellip;]\" \/>\n<meta property=\"og:url\" content=\"https:\/\/santapola.es\/ca\/turisme-presenta-en-fitur-desti-santa-pola-com-a-campanya-promocional-per-a-enguany\/\" \/>\n<meta property=\"og:site_name\" content=\"Ajuntament de Santa Pola\" \/>\n<meta property=\"article:publisher\" content=\"https:\/\/www.facebook.com\/AyuntamientoSantaPola\/\" \/>\n<meta property=\"article:published_time\" content=\"2024-01-24T15:16:30+00:00\" \/>\n<meta property=\"article:modified_time\" content=\"2024-05-20T10:22:57+00:00\" \/>\n<meta property=\"og:image\" content=\"https:\/\/santapola.es\/wp-content\/uploads\/2024\/05\/IMG_20240124_160534_690-e1706109372875.jpg\" \/>\n\t<meta property=\"og:image:width\" content=\"864\" \/>\n\t<meta property=\"og:image:height\" content=\"539\" \/>\n\t<meta property=\"og:image:type\" content=\"image\/jpeg\" \/>\n<meta name=\"author\" content=\"Jos\u00e9 Juan L\u00f3pez Lafuente\" \/>\n<meta name=\"twitter:card\" content=\"summary_large_image\" \/>\n<meta name=\"twitter:creator\" content=\"@SantaPolaAyunt\" \/>\n<meta name=\"twitter:site\" content=\"@SantaPolaAyunt\" \/>\n<script type=\"application\/ld+json\" class=\"yoast-schema-graph\">{\"@context\":\"https:\\\/\\\/schema.org\",\"@graph\":[{\"@type\":\"Article\",\"@id\":\"https:\\\/\\\/santapola.es\\\/ca\\\/turisme-presenta-en-fitur-desti-santa-pola-com-a-campanya-promocional-per-a-enguany\\\/#article\",\"isPartOf\":{\"@id\":\"https:\\\/\\\/santapola.es\\\/ca\\\/turisme-presenta-en-fitur-desti-santa-pola-com-a-campanya-promocional-per-a-enguany\\\/\"},\"author\":{\"name\":\"Jos\u00e9 Juan L\u00f3pez Lafuente\",\"@id\":\"https:\\\/\\\/santapola.es\\\/ca\\\/#\\\/schema\\\/person\\\/ad1d67403707b58350c7be5e8dbc442d\"},\"headline\":\"Turisme presenta en Fitur \u201cDest\u00ed Santa Pola\u201d com a campanya promocional per a enguany\",\"datePublished\":\"2024-01-24T15:16:30+00:00\",\"dateModified\":\"2024-05-20T10:22:57+00:00\",\"mainEntityOfPage\":{\"@id\":\"https:\\\/\\\/santapola.es\\\/ca\\\/turisme-presenta-en-fitur-desti-santa-pola-com-a-campanya-promocional-per-a-enguany\\\/\"},\"wordCount\":187,\"image\":{\"@id\":\"https:\\\/\\\/santapola.es\\\/ca\\\/turisme-presenta-en-fitur-desti-santa-pola-com-a-campanya-promocional-per-a-enguany\\\/#primaryimage\"},\"thumbnailUrl\":\"https:\\\/\\\/santapola.es\\\/wp-content\\\/uploads\\\/2024\\\/05\\\/IMG_20240124_160534_690-e1706109372875.jpg\",\"articleSection\":[\"Turisme\"],\"inLanguage\":\"ca\"},{\"@type\":\"WebPage\",\"@id\":\"https:\\\/\\\/santapola.es\\\/ca\\\/turisme-presenta-en-fitur-desti-santa-pola-com-a-campanya-promocional-per-a-enguany\\\/\",\"url\":\"https:\\\/\\\/santapola.es\\\/ca\\\/turisme-presenta-en-fitur-desti-santa-pola-com-a-campanya-promocional-per-a-enguany\\\/\",\"name\":\"Turisme presenta en Fitur \u201cDest\u00ed Santa Pola\u201d com a campanya promocional per a enguany - Ajuntament de Santa Pola\",\"isPartOf\":{\"@id\":\"https:\\\/\\\/santapola.es\\\/ca\\\/#website\"},\"primaryImageOfPage\":{\"@id\":\"https:\\\/\\\/santapola.es\\\/ca\\\/turisme-presenta-en-fitur-desti-santa-pola-com-a-campanya-promocional-per-a-enguany\\\/#primaryimage\"},\"image\":{\"@id\":\"https:\\\/\\\/santapola.es\\\/ca\\\/turisme-presenta-en-fitur-desti-santa-pola-com-a-campanya-promocional-per-a-enguany\\\/#primaryimage\"},\"thumbnailUrl\":\"https:\\\/\\\/santapola.es\\\/wp-content\\\/uploads\\\/2024\\\/05\\\/IMG_20240124_160534_690-e1706109372875.jpg\",\"datePublished\":\"2024-01-24T15:16:30+00:00\",\"dateModified\":\"2024-05-20T10:22:57+00:00\",\"author\":{\"@id\":\"https:\\\/\\\/santapola.es\\\/ca\\\/#\\\/schema\\\/person\\\/ad1d67403707b58350c7be5e8dbc442d\"},\"breadcrumb\":{\"@id\":\"https:\\\/\\\/santapola.es\\\/ca\\\/turisme-presenta-en-fitur-desti-santa-pola-com-a-campanya-promocional-per-a-enguany\\\/#breadcrumb\"},\"inLanguage\":\"ca\",\"potentialAction\":[{\"@type\":\"ReadAction\",\"target\":[\"https:\\\/\\\/santapola.es\\\/ca\\\/turisme-presenta-en-fitur-desti-santa-pola-com-a-campanya-promocional-per-a-enguany\\\/\"]}]},{\"@type\":\"ImageObject\",\"inLanguage\":\"ca\",\"@id\":\"https:\\\/\\\/santapola.es\\\/ca\\\/turisme-presenta-en-fitur-desti-santa-pola-com-a-campanya-promocional-per-a-enguany\\\/#primaryimage\",\"url\":\"https:\\\/\\\/santapola.es\\\/wp-content\\\/uploads\\\/2024\\\/05\\\/IMG_20240124_160534_690-e1706109372875.jpg\",\"contentUrl\":\"https:\\\/\\\/santapola.es\\\/wp-content\\\/uploads\\\/2024\\\/05\\\/IMG_20240124_160534_690-e1706109372875.jpg\",\"width\":864,\"height\":539},{\"@type\":\"BreadcrumbList\",\"@id\":\"https:\\\/\\\/santapola.es\\\/ca\\\/turisme-presenta-en-fitur-desti-santa-pola-com-a-campanya-promocional-per-a-enguany\\\/#breadcrumb\",\"itemListElement\":[{\"@type\":\"ListItem\",\"position\":1,\"name\":\"Inici\",\"item\":\"https:\\\/\\\/santapola.es\\\/ca\\\/\"},{\"@type\":\"ListItem\",\"position\":2,\"name\":\"Turisme presenta en Fitur \u201cDest\u00ed Santa Pola\u201d com a campanya promocional per a enguany\"}]},{\"@type\":\"WebSite\",\"@id\":\"https:\\\/\\\/santapola.es\\\/ca\\\/#website\",\"url\":\"https:\\\/\\\/santapola.es\\\/ca\\\/\",\"name\":\"Ayuntamiento de Santa Pola\",\"description\":\"Web de l'Ajuntament de Santa Pola\",\"potentialAction\":[{\"@type\":\"SearchAction\",\"target\":{\"@type\":\"EntryPoint\",\"urlTemplate\":\"https:\\\/\\\/santapola.es\\\/ca\\\/?s={search_term_string}\"},\"query-input\":{\"@type\":\"PropertyValueSpecification\",\"valueRequired\":true,\"valueName\":\"search_term_string\"}}],\"inLanguage\":\"ca\"},{\"@type\":\"Person\",\"@id\":\"https:\\\/\\\/santapola.es\\\/ca\\\/#\\\/schema\\\/person\\\/ad1d67403707b58350c7be5e8dbc442d\",\"name\":\"Jos\u00e9 Juan L\u00f3pez Lafuente\"}]}<\/script>\n<!-- \/ Yoast SEO plugin. -->","yoast_head_json":{"title":"Turisme presenta en Fitur \u201cDest\u00ed Santa Pola\u201d com a campanya promocional per a enguany - Ajuntament de Santa Pola","robots":{"index":"index","follow":"follow","max-snippet":"max-snippet:-1","max-image-preview":"max-image-preview:large","max-video-preview":"max-video-preview:-1"},"canonical":"https:\/\/santapola.es\/ca\/turisme-presenta-en-fitur-desti-santa-pola-com-a-campanya-promocional-per-a-enguany\/","og_locale":"ca_ES","og_type":"article","og_title":"Turisme presenta en Fitur \u201cDest\u00ed Santa Pola\u201d com a campanya promocional per a enguany - Ajuntament de Santa Pola","og_description":"L&#8217;espot que mostra imatges dels principals recursos tur\u00edstics de la vila marinera protagonitzar\u00e0 la campanya de promoci\u00f3 en l\u00ednia prevista per a enguany. \u201cDest\u00ed Santa Pola: el teu paradis\u201d \u00e9s el lema principal de la campanya promocional de Santa Pola que han presentat hui en l&#8217;estand de Costa Blanca en Fitur el tinent d&#8217;alcalde Jos\u00e9 [&hellip;]","og_url":"https:\/\/santapola.es\/ca\/turisme-presenta-en-fitur-desti-santa-pola-com-a-campanya-promocional-per-a-enguany\/","og_site_name":"Ajuntament de Santa Pola","article_publisher":"https:\/\/www.facebook.com\/AyuntamientoSantaPola\/","article_published_time":"2024-01-24T15:16:30+00:00","article_modified_time":"2024-05-20T10:22:57+00:00","og_image":[{"width":864,"height":539,"url":"https:\/\/santapola.es\/wp-content\/uploads\/2024\/05\/IMG_20240124_160534_690-e1706109372875.jpg","type":"image\/jpeg"}],"author":"Jos\u00e9 Juan L\u00f3pez Lafuente","twitter_card":"summary_large_image","twitter_creator":"@SantaPolaAyunt","twitter_site":"@SantaPolaAyunt","schema":{"@context":"https:\/\/schema.org","@graph":[{"@type":"Article","@id":"https:\/\/santapola.es\/ca\/turisme-presenta-en-fitur-desti-santa-pola-com-a-campanya-promocional-per-a-enguany\/#article","isPartOf":{"@id":"https:\/\/santapola.es\/ca\/turisme-presenta-en-fitur-desti-santa-pola-com-a-campanya-promocional-per-a-enguany\/"},"author":{"name":"Jos\u00e9 Juan L\u00f3pez Lafuente","@id":"https:\/\/santapola.es\/ca\/#\/schema\/person\/ad1d67403707b58350c7be5e8dbc442d"},"headline":"Turisme presenta en Fitur \u201cDest\u00ed Santa Pola\u201d com a campanya promocional per a enguany","datePublished":"2024-01-24T15:16:30+00:00","dateModified":"2024-05-20T10:22:57+00:00","mainEntityOfPage":{"@id":"https:\/\/santapola.es\/ca\/turisme-presenta-en-fitur-desti-santa-pola-com-a-campanya-promocional-per-a-enguany\/"},"wordCount":187,"image":{"@id":"https:\/\/santapola.es\/ca\/turisme-presenta-en-fitur-desti-santa-pola-com-a-campanya-promocional-per-a-enguany\/#primaryimage"},"thumbnailUrl":"https:\/\/santapola.es\/wp-content\/uploads\/2024\/05\/IMG_20240124_160534_690-e1706109372875.jpg","articleSection":["Turisme"],"inLanguage":"ca"},{"@type":"WebPage","@id":"https:\/\/santapola.es\/ca\/turisme-presenta-en-fitur-desti-santa-pola-com-a-campanya-promocional-per-a-enguany\/","url":"https:\/\/santapola.es\/ca\/turisme-presenta-en-fitur-desti-santa-pola-com-a-campanya-promocional-per-a-enguany\/","name":"Turisme presenta en Fitur \u201cDest\u00ed Santa Pola\u201d com a campanya promocional per a enguany - Ajuntament de Santa Pola","isPartOf":{"@id":"https:\/\/santapola.es\/ca\/#website"},"primaryImageOfPage":{"@id":"https:\/\/santapola.es\/ca\/turisme-presenta-en-fitur-desti-santa-pola-com-a-campanya-promocional-per-a-enguany\/#primaryimage"},"image":{"@id":"https:\/\/santapola.es\/ca\/turisme-presenta-en-fitur-desti-santa-pola-com-a-campanya-promocional-per-a-enguany\/#primaryimage"},"thumbnailUrl":"https:\/\/santapola.es\/wp-content\/uploads\/2024\/05\/IMG_20240124_160534_690-e1706109372875.jpg","datePublished":"2024-01-24T15:16:30+00:00","dateModified":"2024-05-20T10:22:57+00:00","author":{"@id":"https:\/\/santapola.es\/ca\/#\/schema\/person\/ad1d67403707b58350c7be5e8dbc442d"},"breadcrumb":{"@id":"https:\/\/santapola.es\/ca\/turisme-presenta-en-fitur-desti-santa-pola-com-a-campanya-promocional-per-a-enguany\/#breadcrumb"},"inLanguage":"ca","potentialAction":[{"@type":"ReadAction","target":["https:\/\/santapola.es\/ca\/turisme-presenta-en-fitur-desti-santa-pola-com-a-campanya-promocional-per-a-enguany\/"]}]},{"@type":"ImageObject","inLanguage":"ca","@id":"https:\/\/santapola.es\/ca\/turisme-presenta-en-fitur-desti-santa-pola-com-a-campanya-promocional-per-a-enguany\/#primaryimage","url":"https:\/\/santapola.es\/wp-content\/uploads\/2024\/05\/IMG_20240124_160534_690-e1706109372875.jpg","contentUrl":"https:\/\/santapola.es\/wp-content\/uploads\/2024\/05\/IMG_20240124_160534_690-e1706109372875.jpg","width":864,"height":539},{"@type":"BreadcrumbList","@id":"https:\/\/santapola.es\/ca\/turisme-presenta-en-fitur-desti-santa-pola-com-a-campanya-promocional-per-a-enguany\/#breadcrumb","itemListElement":[{"@type":"ListItem","position":1,"name":"Inici","item":"https:\/\/santapola.es\/ca\/"},{"@type":"ListItem","position":2,"name":"Turisme presenta en Fitur \u201cDest\u00ed Santa Pola\u201d com a campanya promocional per a enguany"}]},{"@type":"WebSite","@id":"https:\/\/santapola.es\/ca\/#website","url":"https:\/\/santapola.es\/ca\/","name":"Ayuntamiento de Santa Pola","description":"Web de l'Ajuntament de Santa Pola","potentialAction":[{"@type":"SearchAction","target":{"@type":"EntryPoint","urlTemplate":"https:\/\/santapola.es\/ca\/?s={search_term_string}"},"query-input":{"@type":"PropertyValueSpecification","valueRequired":true,"valueName":"search_term_string"}}],"inLanguage":"ca"},{"@type":"Person","@id":"https:\/\/santapola.es\/ca\/#\/schema\/person\/ad1d67403707b58350c7be5e8dbc442d","name":"Jos\u00e9 Juan L\u00f3pez Lafuente"}]}},"_links":{"self":[{"href":"https:\/\/santapola.es\/ca\/wp-json\/wp\/v2\/posts\/36477","targetHints":{"allow":["GET"]}}],"collection":[{"href":"https:\/\/santapola.es\/ca\/wp-json\/wp\/v2\/posts"}],"about":[{"href":"https:\/\/santapola.es\/ca\/wp-json\/wp\/v2\/types\/post"}],"author":[{"embeddable":true,"href":"https:\/\/santapola.es\/ca\/wp-json\/wp\/v2\/users\/96"}],"replies":[{"embeddable":true,"href":"https:\/\/santapola.es\/ca\/wp-json\/wp\/v2\/comments?post=36477"}],"version-history":[{"count":0,"href":"https:\/\/santapola.es\/ca\/wp-json\/wp\/v2\/posts\/36477\/revisions"}],"wp:featuredmedia":[{"embeddable":true,"href":"https:\/\/santapola.es\/ca\/wp-json\/wp\/v2\/media\/36470"}],"wp:attachment":[{"href":"https:\/\/santapola.es\/ca\/wp-json\/wp\/v2\/media?parent=36477"}],"wp:term":[{"taxonomy":"category","embeddable":true,"href":"https:\/\/santapola.es\/ca\/wp-json\/wp\/v2\/categories?post=36477"},{"taxonomy":"post_tag","embeddable":true,"href":"https:\/\/santapola.es\/ca\/wp-json\/wp\/v2\/tags?post=36477"}],"curies":[{"name":"wp","href":"https:\/\/api.w.org\/{rel}","templated":true}]}}