{"id":36476,"date":"2024-05-20T12:20:07","date_gmt":"2024-05-20T10:20:07","guid":{"rendered":"https:\/\/santapola.es\/?p=36476"},"modified":"2024-05-20T12:21:31","modified_gmt":"2024-05-20T10:21:31","slug":"lies-gran-alacant-iniciara-les-classes-de-batxillerat-en-el-curs-2025-26","status":"publish","type":"post","link":"https:\/\/santapola.es\/ca\/lies-gran-alacant-iniciara-les-classes-de-batxillerat-en-el-curs-2025-26\/","title":{"rendered":"L&#8217;IES Gran Alacant iniciar\u00e0 les classes de Batxillerat en el curs 2025\/26"},"content":{"rendered":"<p><strong>El calendari previst pel centre contempla fins a quart de l&#8217;ESO en 2024\/25 i implantar\u00e0 primer de Batxillerat en 2025\/26 i segon en 2026\/27.<\/strong><\/p>\n<p>L&#8217;IES Gran Alacant comptar\u00e0 en el seu centre provisional de l&#8217;avinguda d&#8217;Escandin\u00e0via amb una ampliaci\u00f3 de nous m\u00f2duls de cara al curs 2024-2025, tal com es va informar divendres passat durant la visita dels t\u00e8cnics de la Conselleria d&#8217;Educaci\u00f3 i els responsables municipals. Seran m\u00f2duls per a acabar d&#8217;implantar l&#8217;ESO i en el futur immediat per a Batxillerat i cicles formatius.<\/p>\n<p>En el pr\u00f2xim curs acad\u00e8mic 2024-2025 el centre oferir\u00e0 formaci\u00f3 fins a quart de l&#8217;ESO, encara no es comptar\u00e0 amb Batxillerat ni amb cicles.<\/p>\n<p>Per tant, eixa implantaci\u00f3 ser\u00e0 un any despr\u00e9s. Aix\u00ed, ser\u00e0 en el curs 2025-2026 quan comencen les classes de primer de Batxillerat i, ja en el 2026-2027, les de segon. Ser\u00e0 una implantaci\u00f3 gradual que anir\u00e0 ampliant oferta any rere any en l&#8217;IES Gran Alacant.<\/p>\n","protected":false},"excerpt":{"rendered":"<p>El calendari previst pel centre contempla fins a quart de l&#8217;ESO en 2024\/25 i implantar\u00e0 primer de Batxillerat en 2025\/26 i segon en 2026\/27. L&#8217;IES Gran Alacant comptar\u00e0 en el seu centre provisional de l&#8217;avinguda d&#8217;Escandin\u00e0via amb una ampliaci\u00f3 de nous m\u00f2duls de cara al curs 2024-2025, tal com es va informar divendres passat durant [&hellip;]<\/p>\n","protected":false},"author":96,"featured_media":36473,"comment_status":"closed","ping_status":"closed","sticky":false,"template":"","format":"standard","meta":{"_et_pb_use_builder":"","_et_pb_old_content":"","_et_gb_content_width":"","footnotes":""},"categories":[474,588],"tags":[720],"class_list":["post-36476","post","type-post","status-publish","format-standard","has-post-thumbnail","hentry","category-educacio","category-gran-alacant-2","tag-ies-gran-alacant-ca"],"yoast_head":"<!-- This site is optimized with the Yoast SEO plugin v27.4 - https:\/\/yoast.com\/product\/yoast-seo-wordpress\/ -->\n<title>L&#039;IES Gran Alacant iniciar\u00e0 les classes de Batxillerat en el curs 2025\/26 - Ajuntament de Santa Pola<\/title>\n<meta name=\"robots\" content=\"index, follow, max-snippet:-1, max-image-preview:large, max-video-preview:-1\" \/>\n<link rel=\"canonical\" href=\"https:\/\/santapola.es\/ca\/lies-gran-alacant-iniciara-les-classes-de-batxillerat-en-el-curs-2025-26\/\" \/>\n<meta property=\"og:locale\" content=\"ca_ES\" \/>\n<meta property=\"og:type\" content=\"article\" \/>\n<meta property=\"og:title\" content=\"L&#039;IES Gran Alacant iniciar\u00e0 les classes de Batxillerat en el curs 2025\/26 - Ajuntament de Santa Pola\" \/>\n<meta property=\"og:description\" content=\"El calendari previst pel centre contempla fins a quart de l&#8217;ESO en 2024\/25 i implantar\u00e0 primer de Batxillerat en 2025\/26 i segon en 2026\/27. L&#8217;IES Gran Alacant comptar\u00e0 en el seu centre provisional de l&#8217;avinguda d&#8217;Escandin\u00e0via amb una ampliaci\u00f3 de nous m\u00f2duls de cara al curs 2024-2025, tal com es va informar divendres passat durant [&hellip;]\" \/>\n<meta property=\"og:url\" content=\"https:\/\/santapola.es\/ca\/lies-gran-alacant-iniciara-les-classes-de-batxillerat-en-el-curs-2025-26\/\" \/>\n<meta property=\"og:site_name\" content=\"Ajuntament de Santa Pola\" \/>\n<meta property=\"article:publisher\" content=\"https:\/\/www.facebook.com\/AyuntamientoSantaPola\/\" \/>\n<meta property=\"article:published_time\" content=\"2024-05-20T10:20:07+00:00\" \/>\n<meta property=\"article:modified_time\" content=\"2024-05-20T10:21:31+00:00\" \/>\n<meta property=\"og:image\" content=\"https:\/\/santapola.es\/wp-content\/uploads\/2024\/05\/IMG_1451-1024x768.jpeg\" \/>\n\t<meta property=\"og:image:width\" content=\"1024\" \/>\n\t<meta property=\"og:image:height\" content=\"768\" \/>\n\t<meta property=\"og:image:type\" content=\"image\/jpeg\" \/>\n<meta name=\"author\" content=\"Jos\u00e9 Juan L\u00f3pez Lafuente\" \/>\n<meta name=\"twitter:card\" content=\"summary_large_image\" \/>\n<meta name=\"twitter:creator\" content=\"@SantaPolaAyunt\" \/>\n<meta name=\"twitter:site\" content=\"@SantaPolaAyunt\" \/>\n<script type=\"application\/ld+json\" class=\"yoast-schema-graph\">{\"@context\":\"https:\\\/\\\/schema.org\",\"@graph\":[{\"@type\":\"Article\",\"@id\":\"https:\\\/\\\/santapola.es\\\/ca\\\/lies-gran-alacant-iniciara-les-classes-de-batxillerat-en-el-curs-2025-26\\\/#article\",\"isPartOf\":{\"@id\":\"https:\\\/\\\/santapola.es\\\/ca\\\/lies-gran-alacant-iniciara-les-classes-de-batxillerat-en-el-curs-2025-26\\\/\"},\"author\":{\"name\":\"Jos\u00e9 Juan L\u00f3pez Lafuente\",\"@id\":\"https:\\\/\\\/santapola.es\\\/ca\\\/#\\\/schema\\\/person\\\/ad1d67403707b58350c7be5e8dbc442d\"},\"headline\":\"L&#8217;IES Gran Alacant iniciar\u00e0 les classes de Batxillerat en el curs 2025\\\/26\",\"datePublished\":\"2024-05-20T10:20:07+00:00\",\"dateModified\":\"2024-05-20T10:21:31+00:00\",\"mainEntityOfPage\":{\"@id\":\"https:\\\/\\\/santapola.es\\\/ca\\\/lies-gran-alacant-iniciara-les-classes-de-batxillerat-en-el-curs-2025-26\\\/\"},\"wordCount\":179,\"image\":{\"@id\":\"https:\\\/\\\/santapola.es\\\/ca\\\/lies-gran-alacant-iniciara-les-classes-de-batxillerat-en-el-curs-2025-26\\\/#primaryimage\"},\"thumbnailUrl\":\"https:\\\/\\\/santapola.es\\\/wp-content\\\/uploads\\\/2024\\\/05\\\/IMG_1451-e1716200389807.jpeg\",\"keywords\":[\"IES Gran Alacant\"],\"articleSection\":[\"Educaci\u00f3\",\"Gran Alacant\"],\"inLanguage\":\"ca\"},{\"@type\":\"WebPage\",\"@id\":\"https:\\\/\\\/santapola.es\\\/ca\\\/lies-gran-alacant-iniciara-les-classes-de-batxillerat-en-el-curs-2025-26\\\/\",\"url\":\"https:\\\/\\\/santapola.es\\\/ca\\\/lies-gran-alacant-iniciara-les-classes-de-batxillerat-en-el-curs-2025-26\\\/\",\"name\":\"L'IES Gran Alacant iniciar\u00e0 les classes de Batxillerat en el curs 2025\\\/26 - Ajuntament de Santa Pola\",\"isPartOf\":{\"@id\":\"https:\\\/\\\/santapola.es\\\/ca\\\/#website\"},\"primaryImageOfPage\":{\"@id\":\"https:\\\/\\\/santapola.es\\\/ca\\\/lies-gran-alacant-iniciara-les-classes-de-batxillerat-en-el-curs-2025-26\\\/#primaryimage\"},\"image\":{\"@id\":\"https:\\\/\\\/santapola.es\\\/ca\\\/lies-gran-alacant-iniciara-les-classes-de-batxillerat-en-el-curs-2025-26\\\/#primaryimage\"},\"thumbnailUrl\":\"https:\\\/\\\/santapola.es\\\/wp-content\\\/uploads\\\/2024\\\/05\\\/IMG_1451-e1716200389807.jpeg\",\"datePublished\":\"2024-05-20T10:20:07+00:00\",\"dateModified\":\"2024-05-20T10:21:31+00:00\",\"author\":{\"@id\":\"https:\\\/\\\/santapola.es\\\/ca\\\/#\\\/schema\\\/person\\\/ad1d67403707b58350c7be5e8dbc442d\"},\"breadcrumb\":{\"@id\":\"https:\\\/\\\/santapola.es\\\/ca\\\/lies-gran-alacant-iniciara-les-classes-de-batxillerat-en-el-curs-2025-26\\\/#breadcrumb\"},\"inLanguage\":\"ca\",\"potentialAction\":[{\"@type\":\"ReadAction\",\"target\":[\"https:\\\/\\\/santapola.es\\\/ca\\\/lies-gran-alacant-iniciara-les-classes-de-batxillerat-en-el-curs-2025-26\\\/\"]}]},{\"@type\":\"ImageObject\",\"inLanguage\":\"ca\",\"@id\":\"https:\\\/\\\/santapola.es\\\/ca\\\/lies-gran-alacant-iniciara-les-classes-de-batxillerat-en-el-curs-2025-26\\\/#primaryimage\",\"url\":\"https:\\\/\\\/santapola.es\\\/wp-content\\\/uploads\\\/2024\\\/05\\\/IMG_1451-e1716200389807.jpeg\",\"contentUrl\":\"https:\\\/\\\/santapola.es\\\/wp-content\\\/uploads\\\/2024\\\/05\\\/IMG_1451-e1716200389807.jpeg\",\"width\":4032,\"height\":3024},{\"@type\":\"BreadcrumbList\",\"@id\":\"https:\\\/\\\/santapola.es\\\/ca\\\/lies-gran-alacant-iniciara-les-classes-de-batxillerat-en-el-curs-2025-26\\\/#breadcrumb\",\"itemListElement\":[{\"@type\":\"ListItem\",\"position\":1,\"name\":\"Inici\",\"item\":\"https:\\\/\\\/santapola.es\\\/ca\\\/\"},{\"@type\":\"ListItem\",\"position\":2,\"name\":\"L&#8217;IES Gran Alacant iniciar\u00e0 les classes de Batxillerat en el curs 2025\\\/26\"}]},{\"@type\":\"WebSite\",\"@id\":\"https:\\\/\\\/santapola.es\\\/ca\\\/#website\",\"url\":\"https:\\\/\\\/santapola.es\\\/ca\\\/\",\"name\":\"Ayuntamiento de Santa Pola\",\"description\":\"Web de l'Ajuntament de Santa Pola\",\"potentialAction\":[{\"@type\":\"SearchAction\",\"target\":{\"@type\":\"EntryPoint\",\"urlTemplate\":\"https:\\\/\\\/santapola.es\\\/ca\\\/?s={search_term_string}\"},\"query-input\":{\"@type\":\"PropertyValueSpecification\",\"valueRequired\":true,\"valueName\":\"search_term_string\"}}],\"inLanguage\":\"ca\"},{\"@type\":\"Person\",\"@id\":\"https:\\\/\\\/santapola.es\\\/ca\\\/#\\\/schema\\\/person\\\/ad1d67403707b58350c7be5e8dbc442d\",\"name\":\"Jos\u00e9 Juan L\u00f3pez Lafuente\"}]}<\/script>\n<!-- \/ Yoast SEO plugin. -->","yoast_head_json":{"title":"L'IES Gran Alacant iniciar\u00e0 les classes de Batxillerat en el curs 2025\/26 - Ajuntament de Santa Pola","robots":{"index":"index","follow":"follow","max-snippet":"max-snippet:-1","max-image-preview":"max-image-preview:large","max-video-preview":"max-video-preview:-1"},"canonical":"https:\/\/santapola.es\/ca\/lies-gran-alacant-iniciara-les-classes-de-batxillerat-en-el-curs-2025-26\/","og_locale":"ca_ES","og_type":"article","og_title":"L'IES Gran Alacant iniciar\u00e0 les classes de Batxillerat en el curs 2025\/26 - Ajuntament de Santa Pola","og_description":"El calendari previst pel centre contempla fins a quart de l&#8217;ESO en 2024\/25 i implantar\u00e0 primer de Batxillerat en 2025\/26 i segon en 2026\/27. L&#8217;IES Gran Alacant comptar\u00e0 en el seu centre provisional de l&#8217;avinguda d&#8217;Escandin\u00e0via amb una ampliaci\u00f3 de nous m\u00f2duls de cara al curs 2024-2025, tal com es va informar divendres passat durant [&hellip;]","og_url":"https:\/\/santapola.es\/ca\/lies-gran-alacant-iniciara-les-classes-de-batxillerat-en-el-curs-2025-26\/","og_site_name":"Ajuntament de Santa Pola","article_publisher":"https:\/\/www.facebook.com\/AyuntamientoSantaPola\/","article_published_time":"2024-05-20T10:20:07+00:00","article_modified_time":"2024-05-20T10:21:31+00:00","og_image":[{"width":1024,"height":768,"url":"https:\/\/santapola.es\/wp-content\/uploads\/2024\/05\/IMG_1451-1024x768.jpeg","type":"image\/jpeg"}],"author":"Jos\u00e9 Juan L\u00f3pez Lafuente","twitter_card":"summary_large_image","twitter_creator":"@SantaPolaAyunt","twitter_site":"@SantaPolaAyunt","schema":{"@context":"https:\/\/schema.org","@graph":[{"@type":"Article","@id":"https:\/\/santapola.es\/ca\/lies-gran-alacant-iniciara-les-classes-de-batxillerat-en-el-curs-2025-26\/#article","isPartOf":{"@id":"https:\/\/santapola.es\/ca\/lies-gran-alacant-iniciara-les-classes-de-batxillerat-en-el-curs-2025-26\/"},"author":{"name":"Jos\u00e9 Juan L\u00f3pez Lafuente","@id":"https:\/\/santapola.es\/ca\/#\/schema\/person\/ad1d67403707b58350c7be5e8dbc442d"},"headline":"L&#8217;IES Gran Alacant iniciar\u00e0 les classes de Batxillerat en el curs 2025\/26","datePublished":"2024-05-20T10:20:07+00:00","dateModified":"2024-05-20T10:21:31+00:00","mainEntityOfPage":{"@id":"https:\/\/santapola.es\/ca\/lies-gran-alacant-iniciara-les-classes-de-batxillerat-en-el-curs-2025-26\/"},"wordCount":179,"image":{"@id":"https:\/\/santapola.es\/ca\/lies-gran-alacant-iniciara-les-classes-de-batxillerat-en-el-curs-2025-26\/#primaryimage"},"thumbnailUrl":"https:\/\/santapola.es\/wp-content\/uploads\/2024\/05\/IMG_1451-e1716200389807.jpeg","keywords":["IES Gran Alacant"],"articleSection":["Educaci\u00f3","Gran Alacant"],"inLanguage":"ca"},{"@type":"WebPage","@id":"https:\/\/santapola.es\/ca\/lies-gran-alacant-iniciara-les-classes-de-batxillerat-en-el-curs-2025-26\/","url":"https:\/\/santapola.es\/ca\/lies-gran-alacant-iniciara-les-classes-de-batxillerat-en-el-curs-2025-26\/","name":"L'IES Gran Alacant iniciar\u00e0 les classes de Batxillerat en el curs 2025\/26 - Ajuntament de Santa Pola","isPartOf":{"@id":"https:\/\/santapola.es\/ca\/#website"},"primaryImageOfPage":{"@id":"https:\/\/santapola.es\/ca\/lies-gran-alacant-iniciara-les-classes-de-batxillerat-en-el-curs-2025-26\/#primaryimage"},"image":{"@id":"https:\/\/santapola.es\/ca\/lies-gran-alacant-iniciara-les-classes-de-batxillerat-en-el-curs-2025-26\/#primaryimage"},"thumbnailUrl":"https:\/\/santapola.es\/wp-content\/uploads\/2024\/05\/IMG_1451-e1716200389807.jpeg","datePublished":"2024-05-20T10:20:07+00:00","dateModified":"2024-05-20T10:21:31+00:00","author":{"@id":"https:\/\/santapola.es\/ca\/#\/schema\/person\/ad1d67403707b58350c7be5e8dbc442d"},"breadcrumb":{"@id":"https:\/\/santapola.es\/ca\/lies-gran-alacant-iniciara-les-classes-de-batxillerat-en-el-curs-2025-26\/#breadcrumb"},"inLanguage":"ca","potentialAction":[{"@type":"ReadAction","target":["https:\/\/santapola.es\/ca\/lies-gran-alacant-iniciara-les-classes-de-batxillerat-en-el-curs-2025-26\/"]}]},{"@type":"ImageObject","inLanguage":"ca","@id":"https:\/\/santapola.es\/ca\/lies-gran-alacant-iniciara-les-classes-de-batxillerat-en-el-curs-2025-26\/#primaryimage","url":"https:\/\/santapola.es\/wp-content\/uploads\/2024\/05\/IMG_1451-e1716200389807.jpeg","contentUrl":"https:\/\/santapola.es\/wp-content\/uploads\/2024\/05\/IMG_1451-e1716200389807.jpeg","width":4032,"height":3024},{"@type":"BreadcrumbList","@id":"https:\/\/santapola.es\/ca\/lies-gran-alacant-iniciara-les-classes-de-batxillerat-en-el-curs-2025-26\/#breadcrumb","itemListElement":[{"@type":"ListItem","position":1,"name":"Inici","item":"https:\/\/santapola.es\/ca\/"},{"@type":"ListItem","position":2,"name":"L&#8217;IES Gran Alacant iniciar\u00e0 les classes de Batxillerat en el curs 2025\/26"}]},{"@type":"WebSite","@id":"https:\/\/santapola.es\/ca\/#website","url":"https:\/\/santapola.es\/ca\/","name":"Ayuntamiento de Santa Pola","description":"Web de l'Ajuntament de Santa Pola","potentialAction":[{"@type":"SearchAction","target":{"@type":"EntryPoint","urlTemplate":"https:\/\/santapola.es\/ca\/?s={search_term_string}"},"query-input":{"@type":"PropertyValueSpecification","valueRequired":true,"valueName":"search_term_string"}}],"inLanguage":"ca"},{"@type":"Person","@id":"https:\/\/santapola.es\/ca\/#\/schema\/person\/ad1d67403707b58350c7be5e8dbc442d","name":"Jos\u00e9 Juan L\u00f3pez Lafuente"}]}},"_links":{"self":[{"href":"https:\/\/santapola.es\/ca\/wp-json\/wp\/v2\/posts\/36476","targetHints":{"allow":["GET"]}}],"collection":[{"href":"https:\/\/santapola.es\/ca\/wp-json\/wp\/v2\/posts"}],"about":[{"href":"https:\/\/santapola.es\/ca\/wp-json\/wp\/v2\/types\/post"}],"author":[{"embeddable":true,"href":"https:\/\/santapola.es\/ca\/wp-json\/wp\/v2\/users\/96"}],"replies":[{"embeddable":true,"href":"https:\/\/santapola.es\/ca\/wp-json\/wp\/v2\/comments?post=36476"}],"version-history":[{"count":0,"href":"https:\/\/santapola.es\/ca\/wp-json\/wp\/v2\/posts\/36476\/revisions"}],"wp:featuredmedia":[{"embeddable":true,"href":"https:\/\/santapola.es\/ca\/wp-json\/wp\/v2\/media\/36473"}],"wp:attachment":[{"href":"https:\/\/santapola.es\/ca\/wp-json\/wp\/v2\/media?parent=36476"}],"wp:term":[{"taxonomy":"category","embeddable":true,"href":"https:\/\/santapola.es\/ca\/wp-json\/wp\/v2\/categories?post=36476"},{"taxonomy":"post_tag","embeddable":true,"href":"https:\/\/santapola.es\/ca\/wp-json\/wp\/v2\/tags?post=36476"}],"curies":[{"name":"wp","href":"https:\/\/api.w.org\/{rel}","templated":true}]}}