{"id":36466,"date":"2024-01-24T16:40:35","date_gmt":"2024-01-24T15:40:35","guid":{"rendered":"https:\/\/santapola.es\/?p=36466"},"modified":"2024-05-20T12:12:17","modified_gmt":"2024-05-20T10:12:17","slug":"santa-pola-reivindica-la-seua-oferta-transversal-idonia-per-al-turisme-familiar","status":"publish","type":"post","link":"https:\/\/santapola.es\/ca\/santa-pola-reivindica-la-seua-oferta-transversal-idonia-per-al-turisme-familiar\/","title":{"rendered":"Santa Pola reivindica la seua oferta transversal id\u00f2nia per al turisme familiar"},"content":{"rendered":"<p><strong>Hui s&#8217;ha presentat en Fitur la proposta del portal tusdestinos.net que promociona a Santa Pola com a dest\u00ed ideal per al turisme familiar per la varietat d&#8217;activitats que oferix per a totes les edats.\u00a0<\/strong><\/p>\n<p>El v\u00eddeo ha sigut presentat pel tinent d&#8217;alcalde Jos\u00e9 Pedro Mart\u00ednez i el regidor de Turisme Borja Merino, que han estat acompanyats per Mar\u00eda Jes\u00fas Tom\u00e9, periodista de viatges i presentadora del reportatge.<\/p>\n<p>Jos\u00e9 Pedro Mart\u00ednez va valorar \u201cla col\u00b7laboraci\u00f3 de l&#8217;Ajuntament amb empreses que ens ajuden a promocionar la nostra destinaci\u00f3 tur\u00edstica en n\u00ednxols espec\u00edfics com este, ja que Santa Pola sempre s&#8217;ha caracteritzat per tindre un turisme familiar gr\u00e0cies a la seguretat de les seues platges i a l&#8217;oferta d&#8217;oci destinada a este sector\u201d.<\/p>\n<p>Per part seua, Borja Merino va explicar que \u201cTusdestinos.net \u00e9s un interessant weblog de turisme i viatges on es publiquen v\u00eddeos i reportatges i que \u00e9s seguit per m\u00e9s de 62.000 persones. En estos temps de digitalitzaci\u00f3 i xarxes socials \u00e9s important comptar amb portals d&#8217;influ\u00e8ncia com este que poden animar a molts dels seus seguidors a visitar Santa Pola despr\u00e9s de visualitzar el v\u00eddeo\u201d.<\/p>\n<p><strong>Recorregut per Santa Pola<\/strong><\/p>\n<p>En el reportatge, els dos protagonistes fan un recorregut pel m\u00e9s representatiu de Santa Pola com a dest\u00ed de turisme familiar, comen\u00e7ant pel Castell-Fortalesa i el seu Museu de la Mar. Posteriorment continuen coneixent el patrimoni local a trav\u00e9s de dues rutes de ludificaci\u00f3. En la primera un itinerari cultural amb dotze reptes en els quals hem de resoldre diversos enigmes.<\/p>\n<p>La segona \u00e9s una ruta marinera que consta de tretze reptes i que recorre el port pesquer i els ports esportius, aprofitant l&#8217;entorn per a degustar la rica gastronomia basada en el Peix de Santa Pola.<\/p>\n<p>Altres llocs triats s\u00f3n les seues platges, el mirador del far amb la seua espectacular vista panor\u00e0mica sobre el Mediterrani o les torres guaita de Escaletes i Tamarit. Visita obligada \u00e9s tamb\u00e9 el parc natural de les Salinas de Santa Pola i el seu Museu de la Sal.<\/p>\n<p>Finalment les dues visites preferides pels xiquets: l&#8217;aquari m\u00e9s antic de la Comunitat Valenciana i el parc d&#8217;atraccions Polapark.<\/p>\n<p>Enlla\u00e7 al v\u00eddeo: https:\/\/youtu.be\/gkcoo_fd4ou?si=j8e1a0d3t_8v0-lv<\/p>\n<p>&nbsp;<\/p>\n<p>&nbsp;<\/p>\n<p>&nbsp;<\/p>\n<p>&nbsp;<\/p>\n<p>&nbsp;<\/p>\n<p>&nbsp;<\/p>\n","protected":false},"excerpt":{"rendered":"<p>Hui s&#8217;ha presentat en Fitur la proposta del portal tusdestinos.net que promociona a Santa Pola com a dest\u00ed ideal per al turisme familiar per la varietat d&#8217;activitats que oferix per a totes les edats.\u00a0 El v\u00eddeo ha sigut presentat pel tinent d&#8217;alcalde Jos\u00e9 Pedro Mart\u00ednez i el regidor de Turisme Borja Merino, que han estat [&hellip;]<\/p>\n","protected":false},"author":96,"featured_media":36464,"comment_status":"closed","ping_status":"closed","sticky":false,"template":"","format":"standard","meta":{"_et_pb_use_builder":"","_et_pb_old_content":"","_et_gb_content_width":"","footnotes":""},"categories":[589],"tags":[],"class_list":["post-36466","post","type-post","status-publish","format-standard","has-post-thumbnail","hentry","category-turisme"],"yoast_head":"<!-- This site is optimized with the Yoast SEO plugin v27.4 - https:\/\/yoast.com\/product\/yoast-seo-wordpress\/ -->\n<title>Santa Pola reivindica la seua oferta transversal id\u00f2nia per al turisme familiar - Ajuntament de Santa Pola<\/title>\n<meta name=\"robots\" content=\"index, follow, max-snippet:-1, max-image-preview:large, max-video-preview:-1\" \/>\n<link rel=\"canonical\" href=\"https:\/\/santapola.es\/ca\/santa-pola-reivindica-la-seua-oferta-transversal-idonia-per-al-turisme-familiar\/\" \/>\n<meta property=\"og:locale\" content=\"ca_ES\" \/>\n<meta property=\"og:type\" content=\"article\" \/>\n<meta property=\"og:title\" content=\"Santa Pola reivindica la seua oferta transversal id\u00f2nia per al turisme familiar - Ajuntament de Santa Pola\" \/>\n<meta property=\"og:description\" content=\"Hui s&#8217;ha presentat en Fitur la proposta del portal tusdestinos.net que promociona a Santa Pola com a dest\u00ed ideal per al turisme familiar per la varietat d&#8217;activitats que oferix per a totes les edats.\u00a0 El v\u00eddeo ha sigut presentat pel tinent d&#8217;alcalde Jos\u00e9 Pedro Mart\u00ednez i el regidor de Turisme Borja Merino, que han estat [&hellip;]\" \/>\n<meta property=\"og:url\" content=\"https:\/\/santapola.es\/ca\/santa-pola-reivindica-la-seua-oferta-transversal-idonia-per-al-turisme-familiar\/\" \/>\n<meta property=\"og:site_name\" content=\"Ajuntament de Santa Pola\" \/>\n<meta property=\"article:publisher\" content=\"https:\/\/www.facebook.com\/AyuntamientoSantaPola\/\" \/>\n<meta property=\"article:published_time\" content=\"2024-01-24T15:40:35+00:00\" \/>\n<meta property=\"article:modified_time\" content=\"2024-05-20T10:12:17+00:00\" \/>\n<meta property=\"og:image\" content=\"https:\/\/santapola.es\/wp-content\/uploads\/2024\/05\/IMG_20240124_160529_671.jpg\" \/>\n\t<meta property=\"og:image:width\" content=\"1280\" \/>\n\t<meta property=\"og:image:height\" content=\"720\" \/>\n\t<meta property=\"og:image:type\" content=\"image\/jpeg\" \/>\n<meta name=\"author\" content=\"Jos\u00e9 Juan L\u00f3pez Lafuente\" \/>\n<meta name=\"twitter:card\" content=\"summary_large_image\" \/>\n<meta name=\"twitter:creator\" content=\"@SantaPolaAyunt\" \/>\n<meta name=\"twitter:site\" content=\"@SantaPolaAyunt\" \/>\n<script type=\"application\/ld+json\" class=\"yoast-schema-graph\">{\"@context\":\"https:\\\/\\\/schema.org\",\"@graph\":[{\"@type\":\"Article\",\"@id\":\"https:\\\/\\\/santapola.es\\\/ca\\\/santa-pola-reivindica-la-seua-oferta-transversal-idonia-per-al-turisme-familiar\\\/#article\",\"isPartOf\":{\"@id\":\"https:\\\/\\\/santapola.es\\\/ca\\\/santa-pola-reivindica-la-seua-oferta-transversal-idonia-per-al-turisme-familiar\\\/\"},\"author\":{\"name\":\"Jos\u00e9 Juan L\u00f3pez Lafuente\",\"@id\":\"https:\\\/\\\/santapola.es\\\/ca\\\/#\\\/schema\\\/person\\\/ad1d67403707b58350c7be5e8dbc442d\"},\"headline\":\"Santa Pola reivindica la seua oferta transversal id\u00f2nia per al turisme familiar\",\"datePublished\":\"2024-01-24T15:40:35+00:00\",\"dateModified\":\"2024-05-20T10:12:17+00:00\",\"mainEntityOfPage\":{\"@id\":\"https:\\\/\\\/santapola.es\\\/ca\\\/santa-pola-reivindica-la-seua-oferta-transversal-idonia-per-al-turisme-familiar\\\/\"},\"wordCount\":423,\"image\":{\"@id\":\"https:\\\/\\\/santapola.es\\\/ca\\\/santa-pola-reivindica-la-seua-oferta-transversal-idonia-per-al-turisme-familiar\\\/#primaryimage\"},\"thumbnailUrl\":\"https:\\\/\\\/santapola.es\\\/wp-content\\\/uploads\\\/2024\\\/05\\\/IMG_20240124_160529_671.jpg\",\"articleSection\":[\"Turisme\"],\"inLanguage\":\"ca\"},{\"@type\":\"WebPage\",\"@id\":\"https:\\\/\\\/santapola.es\\\/ca\\\/santa-pola-reivindica-la-seua-oferta-transversal-idonia-per-al-turisme-familiar\\\/\",\"url\":\"https:\\\/\\\/santapola.es\\\/ca\\\/santa-pola-reivindica-la-seua-oferta-transversal-idonia-per-al-turisme-familiar\\\/\",\"name\":\"Santa Pola reivindica la seua oferta transversal id\u00f2nia per al turisme familiar - Ajuntament de Santa Pola\",\"isPartOf\":{\"@id\":\"https:\\\/\\\/santapola.es\\\/ca\\\/#website\"},\"primaryImageOfPage\":{\"@id\":\"https:\\\/\\\/santapola.es\\\/ca\\\/santa-pola-reivindica-la-seua-oferta-transversal-idonia-per-al-turisme-familiar\\\/#primaryimage\"},\"image\":{\"@id\":\"https:\\\/\\\/santapola.es\\\/ca\\\/santa-pola-reivindica-la-seua-oferta-transversal-idonia-per-al-turisme-familiar\\\/#primaryimage\"},\"thumbnailUrl\":\"https:\\\/\\\/santapola.es\\\/wp-content\\\/uploads\\\/2024\\\/05\\\/IMG_20240124_160529_671.jpg\",\"datePublished\":\"2024-01-24T15:40:35+00:00\",\"dateModified\":\"2024-05-20T10:12:17+00:00\",\"author\":{\"@id\":\"https:\\\/\\\/santapola.es\\\/ca\\\/#\\\/schema\\\/person\\\/ad1d67403707b58350c7be5e8dbc442d\"},\"breadcrumb\":{\"@id\":\"https:\\\/\\\/santapola.es\\\/ca\\\/santa-pola-reivindica-la-seua-oferta-transversal-idonia-per-al-turisme-familiar\\\/#breadcrumb\"},\"inLanguage\":\"ca\",\"potentialAction\":[{\"@type\":\"ReadAction\",\"target\":[\"https:\\\/\\\/santapola.es\\\/ca\\\/santa-pola-reivindica-la-seua-oferta-transversal-idonia-per-al-turisme-familiar\\\/\"]}]},{\"@type\":\"ImageObject\",\"inLanguage\":\"ca\",\"@id\":\"https:\\\/\\\/santapola.es\\\/ca\\\/santa-pola-reivindica-la-seua-oferta-transversal-idonia-per-al-turisme-familiar\\\/#primaryimage\",\"url\":\"https:\\\/\\\/santapola.es\\\/wp-content\\\/uploads\\\/2024\\\/05\\\/IMG_20240124_160529_671.jpg\",\"contentUrl\":\"https:\\\/\\\/santapola.es\\\/wp-content\\\/uploads\\\/2024\\\/05\\\/IMG_20240124_160529_671.jpg\",\"width\":1280,\"height\":720},{\"@type\":\"BreadcrumbList\",\"@id\":\"https:\\\/\\\/santapola.es\\\/ca\\\/santa-pola-reivindica-la-seua-oferta-transversal-idonia-per-al-turisme-familiar\\\/#breadcrumb\",\"itemListElement\":[{\"@type\":\"ListItem\",\"position\":1,\"name\":\"Inici\",\"item\":\"https:\\\/\\\/santapola.es\\\/ca\\\/\"},{\"@type\":\"ListItem\",\"position\":2,\"name\":\"Santa Pola reivindica la seua oferta transversal id\u00f2nia per al turisme familiar\"}]},{\"@type\":\"WebSite\",\"@id\":\"https:\\\/\\\/santapola.es\\\/ca\\\/#website\",\"url\":\"https:\\\/\\\/santapola.es\\\/ca\\\/\",\"name\":\"Ayuntamiento de Santa Pola\",\"description\":\"Web de l'Ajuntament de Santa Pola\",\"potentialAction\":[{\"@type\":\"SearchAction\",\"target\":{\"@type\":\"EntryPoint\",\"urlTemplate\":\"https:\\\/\\\/santapola.es\\\/ca\\\/?s={search_term_string}\"},\"query-input\":{\"@type\":\"PropertyValueSpecification\",\"valueRequired\":true,\"valueName\":\"search_term_string\"}}],\"inLanguage\":\"ca\"},{\"@type\":\"Person\",\"@id\":\"https:\\\/\\\/santapola.es\\\/ca\\\/#\\\/schema\\\/person\\\/ad1d67403707b58350c7be5e8dbc442d\",\"name\":\"Jos\u00e9 Juan L\u00f3pez Lafuente\"}]}<\/script>\n<!-- \/ Yoast SEO plugin. -->","yoast_head_json":{"title":"Santa Pola reivindica la seua oferta transversal id\u00f2nia per al turisme familiar - Ajuntament de Santa Pola","robots":{"index":"index","follow":"follow","max-snippet":"max-snippet:-1","max-image-preview":"max-image-preview:large","max-video-preview":"max-video-preview:-1"},"canonical":"https:\/\/santapola.es\/ca\/santa-pola-reivindica-la-seua-oferta-transversal-idonia-per-al-turisme-familiar\/","og_locale":"ca_ES","og_type":"article","og_title":"Santa Pola reivindica la seua oferta transversal id\u00f2nia per al turisme familiar - Ajuntament de Santa Pola","og_description":"Hui s&#8217;ha presentat en Fitur la proposta del portal tusdestinos.net que promociona a Santa Pola com a dest\u00ed ideal per al turisme familiar per la varietat d&#8217;activitats que oferix per a totes les edats.\u00a0 El v\u00eddeo ha sigut presentat pel tinent d&#8217;alcalde Jos\u00e9 Pedro Mart\u00ednez i el regidor de Turisme Borja Merino, que han estat [&hellip;]","og_url":"https:\/\/santapola.es\/ca\/santa-pola-reivindica-la-seua-oferta-transversal-idonia-per-al-turisme-familiar\/","og_site_name":"Ajuntament de Santa Pola","article_publisher":"https:\/\/www.facebook.com\/AyuntamientoSantaPola\/","article_published_time":"2024-01-24T15:40:35+00:00","article_modified_time":"2024-05-20T10:12:17+00:00","og_image":[{"width":1280,"height":720,"url":"https:\/\/santapola.es\/wp-content\/uploads\/2024\/05\/IMG_20240124_160529_671.jpg","type":"image\/jpeg"}],"author":"Jos\u00e9 Juan L\u00f3pez Lafuente","twitter_card":"summary_large_image","twitter_creator":"@SantaPolaAyunt","twitter_site":"@SantaPolaAyunt","schema":{"@context":"https:\/\/schema.org","@graph":[{"@type":"Article","@id":"https:\/\/santapola.es\/ca\/santa-pola-reivindica-la-seua-oferta-transversal-idonia-per-al-turisme-familiar\/#article","isPartOf":{"@id":"https:\/\/santapola.es\/ca\/santa-pola-reivindica-la-seua-oferta-transversal-idonia-per-al-turisme-familiar\/"},"author":{"name":"Jos\u00e9 Juan L\u00f3pez Lafuente","@id":"https:\/\/santapola.es\/ca\/#\/schema\/person\/ad1d67403707b58350c7be5e8dbc442d"},"headline":"Santa Pola reivindica la seua oferta transversal id\u00f2nia per al turisme familiar","datePublished":"2024-01-24T15:40:35+00:00","dateModified":"2024-05-20T10:12:17+00:00","mainEntityOfPage":{"@id":"https:\/\/santapola.es\/ca\/santa-pola-reivindica-la-seua-oferta-transversal-idonia-per-al-turisme-familiar\/"},"wordCount":423,"image":{"@id":"https:\/\/santapola.es\/ca\/santa-pola-reivindica-la-seua-oferta-transversal-idonia-per-al-turisme-familiar\/#primaryimage"},"thumbnailUrl":"https:\/\/santapola.es\/wp-content\/uploads\/2024\/05\/IMG_20240124_160529_671.jpg","articleSection":["Turisme"],"inLanguage":"ca"},{"@type":"WebPage","@id":"https:\/\/santapola.es\/ca\/santa-pola-reivindica-la-seua-oferta-transversal-idonia-per-al-turisme-familiar\/","url":"https:\/\/santapola.es\/ca\/santa-pola-reivindica-la-seua-oferta-transversal-idonia-per-al-turisme-familiar\/","name":"Santa Pola reivindica la seua oferta transversal id\u00f2nia per al turisme familiar - Ajuntament de Santa Pola","isPartOf":{"@id":"https:\/\/santapola.es\/ca\/#website"},"primaryImageOfPage":{"@id":"https:\/\/santapola.es\/ca\/santa-pola-reivindica-la-seua-oferta-transversal-idonia-per-al-turisme-familiar\/#primaryimage"},"image":{"@id":"https:\/\/santapola.es\/ca\/santa-pola-reivindica-la-seua-oferta-transversal-idonia-per-al-turisme-familiar\/#primaryimage"},"thumbnailUrl":"https:\/\/santapola.es\/wp-content\/uploads\/2024\/05\/IMG_20240124_160529_671.jpg","datePublished":"2024-01-24T15:40:35+00:00","dateModified":"2024-05-20T10:12:17+00:00","author":{"@id":"https:\/\/santapola.es\/ca\/#\/schema\/person\/ad1d67403707b58350c7be5e8dbc442d"},"breadcrumb":{"@id":"https:\/\/santapola.es\/ca\/santa-pola-reivindica-la-seua-oferta-transversal-idonia-per-al-turisme-familiar\/#breadcrumb"},"inLanguage":"ca","potentialAction":[{"@type":"ReadAction","target":["https:\/\/santapola.es\/ca\/santa-pola-reivindica-la-seua-oferta-transversal-idonia-per-al-turisme-familiar\/"]}]},{"@type":"ImageObject","inLanguage":"ca","@id":"https:\/\/santapola.es\/ca\/santa-pola-reivindica-la-seua-oferta-transversal-idonia-per-al-turisme-familiar\/#primaryimage","url":"https:\/\/santapola.es\/wp-content\/uploads\/2024\/05\/IMG_20240124_160529_671.jpg","contentUrl":"https:\/\/santapola.es\/wp-content\/uploads\/2024\/05\/IMG_20240124_160529_671.jpg","width":1280,"height":720},{"@type":"BreadcrumbList","@id":"https:\/\/santapola.es\/ca\/santa-pola-reivindica-la-seua-oferta-transversal-idonia-per-al-turisme-familiar\/#breadcrumb","itemListElement":[{"@type":"ListItem","position":1,"name":"Inici","item":"https:\/\/santapola.es\/ca\/"},{"@type":"ListItem","position":2,"name":"Santa Pola reivindica la seua oferta transversal id\u00f2nia per al turisme familiar"}]},{"@type":"WebSite","@id":"https:\/\/santapola.es\/ca\/#website","url":"https:\/\/santapola.es\/ca\/","name":"Ayuntamiento de Santa Pola","description":"Web de l'Ajuntament de Santa Pola","potentialAction":[{"@type":"SearchAction","target":{"@type":"EntryPoint","urlTemplate":"https:\/\/santapola.es\/ca\/?s={search_term_string}"},"query-input":{"@type":"PropertyValueSpecification","valueRequired":true,"valueName":"search_term_string"}}],"inLanguage":"ca"},{"@type":"Person","@id":"https:\/\/santapola.es\/ca\/#\/schema\/person\/ad1d67403707b58350c7be5e8dbc442d","name":"Jos\u00e9 Juan L\u00f3pez Lafuente"}]}},"_links":{"self":[{"href":"https:\/\/santapola.es\/ca\/wp-json\/wp\/v2\/posts\/36466","targetHints":{"allow":["GET"]}}],"collection":[{"href":"https:\/\/santapola.es\/ca\/wp-json\/wp\/v2\/posts"}],"about":[{"href":"https:\/\/santapola.es\/ca\/wp-json\/wp\/v2\/types\/post"}],"author":[{"embeddable":true,"href":"https:\/\/santapola.es\/ca\/wp-json\/wp\/v2\/users\/96"}],"replies":[{"embeddable":true,"href":"https:\/\/santapola.es\/ca\/wp-json\/wp\/v2\/comments?post=36466"}],"version-history":[{"count":0,"href":"https:\/\/santapola.es\/ca\/wp-json\/wp\/v2\/posts\/36466\/revisions"}],"wp:featuredmedia":[{"embeddable":true,"href":"https:\/\/santapola.es\/ca\/wp-json\/wp\/v2\/media\/36464"}],"wp:attachment":[{"href":"https:\/\/santapola.es\/ca\/wp-json\/wp\/v2\/media?parent=36466"}],"wp:term":[{"taxonomy":"category","embeddable":true,"href":"https:\/\/santapola.es\/ca\/wp-json\/wp\/v2\/categories?post=36466"},{"taxonomy":"post_tag","embeddable":true,"href":"https:\/\/santapola.es\/ca\/wp-json\/wp\/v2\/tags?post=36466"}],"curies":[{"name":"wp","href":"https:\/\/api.w.org\/{rel}","templated":true}]}}