{"id":36444,"date":"2024-01-29T11:32:15","date_gmt":"2024-01-29T10:32:15","guid":{"rendered":"https:\/\/santapola.es\/?p=36444"},"modified":"2024-05-20T12:02:50","modified_gmt":"2024-05-20T10:02:50","slug":"la-policia-local-mostra-als-escolars-com-es-el-seu-treball-amb-els-agents-canins-i-les-imatges-aeries","status":"publish","type":"post","link":"https:\/\/santapola.es\/ca\/la-policia-local-mostra-als-escolars-com-es-el-seu-treball-amb-els-agents-canins-i-les-imatges-aeries\/","title":{"rendered":"La Policia Local mostra als escolars com \u00e9s el seu treball amb els agents canins i les imatges a\u00e8ries"},"content":{"rendered":"<p><strong>Efectius de la Policia Local de Santa Pola adscrits a la Unitat Canina i Unitat de Mitjans Aeris van estar en l&#8217;IES Gran Alacant realitzant una demostraci\u00f3 i donant a con\u00e9ixer les millores aplicades al servici policial amb la inclusi\u00f3 d&#8217;eines complement\u00e0ries al treball dels agents, com s\u00f3n la utilitzaci\u00f3 de gossos i la captaci\u00f3 d&#8217;imatges a\u00e8ries a trav\u00e9s de dron.<\/strong><\/p>\n<p>Els alumnes de 2\u00b0 i 3\u00b0 de l&#8217;ESO, dividits en diversos grups, van rebre unes breus xarrades sobre el treball amb animals i amb l&#8217;\u00fas de drons, podent participar de manera activa en les posteriors demostracions dutes a terme.<\/p>\n<p>Respecte als agents canins Indio i Nero, les seues guies van poder mostrar als alumnes i alumnes el treball que realitzen tant en la detecci\u00f3 de subst\u00e0ncies prohibides mitjan\u00e7ant la t\u00e8cnica de &#8220;marcatge llepassa&#8221; com l&#8217;\u00fas d&#8217;animals per a control de situacions de seguretat ciutadana. Totes les demostracions van finalitzar amb la interacci\u00f3 dels alumnes i alumnes amb els agents canins, els qui es van deixar voler i acariciar pels estudiants.<\/p>\n<p>D&#8217;altra banda, la jornada es va complementar amb una exposici\u00f3 de la normativa aplicable al vol de drons en la localitat i la seua prohibici\u00f3 en tot el terme municipal per la proximitat amb l&#8217;aeroport, passant a una segona part pr\u00e0ctica en la qual van poder veure des d&#8217;una perspectiva a\u00e8ria com els &#8220;agents pilots&#8221; poden obtindre imatges precises de persones o incid\u00e8ncies destacables per al servici. Els joves van quedar sorpresos per l&#8217;efic\u00e0cia de la visi\u00f3 t\u00e8rmica d&#8217;\u00faltima tecnologia que oferix el dron que maneja la Policia Local de Santa Pola, comprovant per ells mateixos en una pr\u00e0ctica que consistia a ocultar-se al pati del centre escolar, que ning\u00fa escapa davant la vigil\u00e0ncia a\u00e8ria realitzada per este dispositiu.<\/p>\n<p>L&#8217;objectiu d&#8217;esta experi\u00e8ncia era el passar una jornada en la qual tots els alumnes i alumnes interactuaren i pogueren con\u00e9ixer el treball realitzat en les labors de seguretat di\u00e0ries de la Policia Local, aix\u00ed com mostrar-los eixes noves eines incorporades per a facilitar la seua labor, quedant tant els alumnes i alumnes com el professorat molt contents i sorpresos per les exhibicions.<\/p>\n<p>En pr\u00f2ximes dates es continuaran realitzant per part de la Policia Local exhibicions i xarrades en els centres docents de prim\u00e0ria i secund\u00e0ria de la localitat, dins d&#8217;un projecte de xarrades informatives i altres actuacions destinades a escolars i promoguda per la Prefectura de Policia amb el suport de la Regidoria de Seguretat Ciutadana.<\/p>\n","protected":false},"excerpt":{"rendered":"<p>Efectius de la Policia Local de Santa Pola adscrits a la Unitat Canina i Unitat de Mitjans Aeris van estar en l&#8217;IES Gran Alacant realitzant una demostraci\u00f3 i donant a con\u00e9ixer les millores aplicades al servici policial amb la inclusi\u00f3 d&#8217;eines complement\u00e0ries al treball dels agents, com s\u00f3n la utilitzaci\u00f3 de gossos i la captaci\u00f3 [&hellip;]<\/p>\n","protected":false},"author":96,"featured_media":36442,"comment_status":"closed","ping_status":"closed","sticky":false,"template":"","format":"standard","meta":{"_et_pb_use_builder":"","_et_pb_old_content":"","_et_gb_content_width":"","footnotes":""},"categories":[474,444],"tags":[798,799],"class_list":["post-36444","post","type-post","status-publish","format-standard","has-post-thumbnail","hentry","category-educacio","category-policia-ca","tag-unidad-canina-ca","tag-unidad-de-medios-aereos-ca"],"yoast_head":"<!-- This site is optimized with the Yoast SEO plugin v27.4 - https:\/\/yoast.com\/product\/yoast-seo-wordpress\/ -->\n<title>La Policia Local mostra als escolars com \u00e9s el seu treball amb els agents canins i les imatges a\u00e8ries - Ajuntament de Santa Pola<\/title>\n<meta name=\"robots\" content=\"index, follow, max-snippet:-1, max-image-preview:large, max-video-preview:-1\" \/>\n<link rel=\"canonical\" href=\"https:\/\/santapola.es\/ca\/la-policia-local-mostra-als-escolars-com-es-el-seu-treball-amb-els-agents-canins-i-les-imatges-aeries\/\" \/>\n<meta property=\"og:locale\" content=\"ca_ES\" \/>\n<meta property=\"og:type\" content=\"article\" \/>\n<meta property=\"og:title\" content=\"La Policia Local mostra als escolars com \u00e9s el seu treball amb els agents canins i les imatges a\u00e8ries - Ajuntament de Santa Pola\" \/>\n<meta property=\"og:description\" content=\"Efectius de la Policia Local de Santa Pola adscrits a la Unitat Canina i Unitat de Mitjans Aeris van estar en l&#8217;IES Gran Alacant realitzant una demostraci\u00f3 i donant a con\u00e9ixer les millores aplicades al servici policial amb la inclusi\u00f3 d&#8217;eines complement\u00e0ries al treball dels agents, com s\u00f3n la utilitzaci\u00f3 de gossos i la captaci\u00f3 [&hellip;]\" \/>\n<meta property=\"og:url\" content=\"https:\/\/santapola.es\/ca\/la-policia-local-mostra-als-escolars-com-es-el-seu-treball-amb-els-agents-canins-i-les-imatges-aeries\/\" \/>\n<meta property=\"og:site_name\" content=\"Ajuntament de Santa Pola\" \/>\n<meta property=\"article:publisher\" content=\"https:\/\/www.facebook.com\/AyuntamientoSantaPola\/\" \/>\n<meta property=\"article:published_time\" content=\"2024-01-29T10:32:15+00:00\" \/>\n<meta property=\"article:modified_time\" content=\"2024-05-20T10:02:50+00:00\" \/>\n<meta property=\"og:image\" content=\"https:\/\/santapola.es\/wp-content\/uploads\/2024\/05\/2024-01-29-unidad-canina-2.jpeg\" \/>\n\t<meta property=\"og:image:width\" content=\"1767\" \/>\n\t<meta property=\"og:image:height\" content=\"1105\" \/>\n\t<meta property=\"og:image:type\" content=\"image\/jpeg\" \/>\n<meta name=\"author\" content=\"Jos\u00e9 Juan L\u00f3pez Lafuente\" \/>\n<meta name=\"twitter:card\" content=\"summary_large_image\" \/>\n<meta name=\"twitter:creator\" content=\"@SantaPolaAyunt\" \/>\n<meta name=\"twitter:site\" content=\"@SantaPolaAyunt\" \/>\n<script type=\"application\/ld+json\" class=\"yoast-schema-graph\">{\"@context\":\"https:\\\/\\\/schema.org\",\"@graph\":[{\"@type\":\"Article\",\"@id\":\"https:\\\/\\\/santapola.es\\\/ca\\\/la-policia-local-mostra-als-escolars-com-es-el-seu-treball-amb-els-agents-canins-i-les-imatges-aeries\\\/#article\",\"isPartOf\":{\"@id\":\"https:\\\/\\\/santapola.es\\\/ca\\\/la-policia-local-mostra-als-escolars-com-es-el-seu-treball-amb-els-agents-canins-i-les-imatges-aeries\\\/\"},\"author\":{\"name\":\"Jos\u00e9 Juan L\u00f3pez Lafuente\",\"@id\":\"https:\\\/\\\/santapola.es\\\/ca\\\/#\\\/schema\\\/person\\\/ad1d67403707b58350c7be5e8dbc442d\"},\"headline\":\"La Policia Local mostra als escolars com \u00e9s el seu treball amb els agents canins i les imatges a\u00e8ries\",\"datePublished\":\"2024-01-29T10:32:15+00:00\",\"dateModified\":\"2024-05-20T10:02:50+00:00\",\"mainEntityOfPage\":{\"@id\":\"https:\\\/\\\/santapola.es\\\/ca\\\/la-policia-local-mostra-als-escolars-com-es-el-seu-treball-amb-els-agents-canins-i-les-imatges-aeries\\\/\"},\"wordCount\":461,\"image\":{\"@id\":\"https:\\\/\\\/santapola.es\\\/ca\\\/la-policia-local-mostra-als-escolars-com-es-el-seu-treball-amb-els-agents-canins-i-les-imatges-aeries\\\/#primaryimage\"},\"thumbnailUrl\":\"https:\\\/\\\/santapola.es\\\/wp-content\\\/uploads\\\/2024\\\/05\\\/2024-01-29-unidad-canina-2.jpeg\",\"keywords\":[\"Unidad canina\",\"Unidad de medios a\u00e9reos\"],\"articleSection\":[\"Educaci\u00f3\",\"Policia\"],\"inLanguage\":\"ca\"},{\"@type\":\"WebPage\",\"@id\":\"https:\\\/\\\/santapola.es\\\/ca\\\/la-policia-local-mostra-als-escolars-com-es-el-seu-treball-amb-els-agents-canins-i-les-imatges-aeries\\\/\",\"url\":\"https:\\\/\\\/santapola.es\\\/ca\\\/la-policia-local-mostra-als-escolars-com-es-el-seu-treball-amb-els-agents-canins-i-les-imatges-aeries\\\/\",\"name\":\"La Policia Local mostra als escolars com \u00e9s el seu treball amb els agents canins i les imatges a\u00e8ries - Ajuntament de Santa Pola\",\"isPartOf\":{\"@id\":\"https:\\\/\\\/santapola.es\\\/ca\\\/#website\"},\"primaryImageOfPage\":{\"@id\":\"https:\\\/\\\/santapola.es\\\/ca\\\/la-policia-local-mostra-als-escolars-com-es-el-seu-treball-amb-els-agents-canins-i-les-imatges-aeries\\\/#primaryimage\"},\"image\":{\"@id\":\"https:\\\/\\\/santapola.es\\\/ca\\\/la-policia-local-mostra-als-escolars-com-es-el-seu-treball-amb-els-agents-canins-i-les-imatges-aeries\\\/#primaryimage\"},\"thumbnailUrl\":\"https:\\\/\\\/santapola.es\\\/wp-content\\\/uploads\\\/2024\\\/05\\\/2024-01-29-unidad-canina-2.jpeg\",\"datePublished\":\"2024-01-29T10:32:15+00:00\",\"dateModified\":\"2024-05-20T10:02:50+00:00\",\"author\":{\"@id\":\"https:\\\/\\\/santapola.es\\\/ca\\\/#\\\/schema\\\/person\\\/ad1d67403707b58350c7be5e8dbc442d\"},\"breadcrumb\":{\"@id\":\"https:\\\/\\\/santapola.es\\\/ca\\\/la-policia-local-mostra-als-escolars-com-es-el-seu-treball-amb-els-agents-canins-i-les-imatges-aeries\\\/#breadcrumb\"},\"inLanguage\":\"ca\",\"potentialAction\":[{\"@type\":\"ReadAction\",\"target\":[\"https:\\\/\\\/santapola.es\\\/ca\\\/la-policia-local-mostra-als-escolars-com-es-el-seu-treball-amb-els-agents-canins-i-les-imatges-aeries\\\/\"]}]},{\"@type\":\"ImageObject\",\"inLanguage\":\"ca\",\"@id\":\"https:\\\/\\\/santapola.es\\\/ca\\\/la-policia-local-mostra-als-escolars-com-es-el-seu-treball-amb-els-agents-canins-i-les-imatges-aeries\\\/#primaryimage\",\"url\":\"https:\\\/\\\/santapola.es\\\/wp-content\\\/uploads\\\/2024\\\/05\\\/2024-01-29-unidad-canina-2.jpeg\",\"contentUrl\":\"https:\\\/\\\/santapola.es\\\/wp-content\\\/uploads\\\/2024\\\/05\\\/2024-01-29-unidad-canina-2.jpeg\",\"width\":1767,\"height\":1105},{\"@type\":\"BreadcrumbList\",\"@id\":\"https:\\\/\\\/santapola.es\\\/ca\\\/la-policia-local-mostra-als-escolars-com-es-el-seu-treball-amb-els-agents-canins-i-les-imatges-aeries\\\/#breadcrumb\",\"itemListElement\":[{\"@type\":\"ListItem\",\"position\":1,\"name\":\"Inici\",\"item\":\"https:\\\/\\\/santapola.es\\\/ca\\\/\"},{\"@type\":\"ListItem\",\"position\":2,\"name\":\"La Policia Local mostra als escolars com \u00e9s el seu treball amb els agents canins i les imatges a\u00e8ries\"}]},{\"@type\":\"WebSite\",\"@id\":\"https:\\\/\\\/santapola.es\\\/ca\\\/#website\",\"url\":\"https:\\\/\\\/santapola.es\\\/ca\\\/\",\"name\":\"Ayuntamiento de Santa Pola\",\"description\":\"Web de l'Ajuntament de Santa Pola\",\"potentialAction\":[{\"@type\":\"SearchAction\",\"target\":{\"@type\":\"EntryPoint\",\"urlTemplate\":\"https:\\\/\\\/santapola.es\\\/ca\\\/?s={search_term_string}\"},\"query-input\":{\"@type\":\"PropertyValueSpecification\",\"valueRequired\":true,\"valueName\":\"search_term_string\"}}],\"inLanguage\":\"ca\"},{\"@type\":\"Person\",\"@id\":\"https:\\\/\\\/santapola.es\\\/ca\\\/#\\\/schema\\\/person\\\/ad1d67403707b58350c7be5e8dbc442d\",\"name\":\"Jos\u00e9 Juan L\u00f3pez Lafuente\"}]}<\/script>\n<!-- \/ Yoast SEO plugin. -->","yoast_head_json":{"title":"La Policia Local mostra als escolars com \u00e9s el seu treball amb els agents canins i les imatges a\u00e8ries - Ajuntament de Santa Pola","robots":{"index":"index","follow":"follow","max-snippet":"max-snippet:-1","max-image-preview":"max-image-preview:large","max-video-preview":"max-video-preview:-1"},"canonical":"https:\/\/santapola.es\/ca\/la-policia-local-mostra-als-escolars-com-es-el-seu-treball-amb-els-agents-canins-i-les-imatges-aeries\/","og_locale":"ca_ES","og_type":"article","og_title":"La Policia Local mostra als escolars com \u00e9s el seu treball amb els agents canins i les imatges a\u00e8ries - Ajuntament de Santa Pola","og_description":"Efectius de la Policia Local de Santa Pola adscrits a la Unitat Canina i Unitat de Mitjans Aeris van estar en l&#8217;IES Gran Alacant realitzant una demostraci\u00f3 i donant a con\u00e9ixer les millores aplicades al servici policial amb la inclusi\u00f3 d&#8217;eines complement\u00e0ries al treball dels agents, com s\u00f3n la utilitzaci\u00f3 de gossos i la captaci\u00f3 [&hellip;]","og_url":"https:\/\/santapola.es\/ca\/la-policia-local-mostra-als-escolars-com-es-el-seu-treball-amb-els-agents-canins-i-les-imatges-aeries\/","og_site_name":"Ajuntament de Santa Pola","article_publisher":"https:\/\/www.facebook.com\/AyuntamientoSantaPola\/","article_published_time":"2024-01-29T10:32:15+00:00","article_modified_time":"2024-05-20T10:02:50+00:00","og_image":[{"width":1767,"height":1105,"url":"https:\/\/santapola.es\/wp-content\/uploads\/2024\/05\/2024-01-29-unidad-canina-2.jpeg","type":"image\/jpeg"}],"author":"Jos\u00e9 Juan L\u00f3pez Lafuente","twitter_card":"summary_large_image","twitter_creator":"@SantaPolaAyunt","twitter_site":"@SantaPolaAyunt","schema":{"@context":"https:\/\/schema.org","@graph":[{"@type":"Article","@id":"https:\/\/santapola.es\/ca\/la-policia-local-mostra-als-escolars-com-es-el-seu-treball-amb-els-agents-canins-i-les-imatges-aeries\/#article","isPartOf":{"@id":"https:\/\/santapola.es\/ca\/la-policia-local-mostra-als-escolars-com-es-el-seu-treball-amb-els-agents-canins-i-les-imatges-aeries\/"},"author":{"name":"Jos\u00e9 Juan L\u00f3pez Lafuente","@id":"https:\/\/santapola.es\/ca\/#\/schema\/person\/ad1d67403707b58350c7be5e8dbc442d"},"headline":"La Policia Local mostra als escolars com \u00e9s el seu treball amb els agents canins i les imatges a\u00e8ries","datePublished":"2024-01-29T10:32:15+00:00","dateModified":"2024-05-20T10:02:50+00:00","mainEntityOfPage":{"@id":"https:\/\/santapola.es\/ca\/la-policia-local-mostra-als-escolars-com-es-el-seu-treball-amb-els-agents-canins-i-les-imatges-aeries\/"},"wordCount":461,"image":{"@id":"https:\/\/santapola.es\/ca\/la-policia-local-mostra-als-escolars-com-es-el-seu-treball-amb-els-agents-canins-i-les-imatges-aeries\/#primaryimage"},"thumbnailUrl":"https:\/\/santapola.es\/wp-content\/uploads\/2024\/05\/2024-01-29-unidad-canina-2.jpeg","keywords":["Unidad canina","Unidad de medios a\u00e9reos"],"articleSection":["Educaci\u00f3","Policia"],"inLanguage":"ca"},{"@type":"WebPage","@id":"https:\/\/santapola.es\/ca\/la-policia-local-mostra-als-escolars-com-es-el-seu-treball-amb-els-agents-canins-i-les-imatges-aeries\/","url":"https:\/\/santapola.es\/ca\/la-policia-local-mostra-als-escolars-com-es-el-seu-treball-amb-els-agents-canins-i-les-imatges-aeries\/","name":"La Policia Local mostra als escolars com \u00e9s el seu treball amb els agents canins i les imatges a\u00e8ries - Ajuntament de Santa Pola","isPartOf":{"@id":"https:\/\/santapola.es\/ca\/#website"},"primaryImageOfPage":{"@id":"https:\/\/santapola.es\/ca\/la-policia-local-mostra-als-escolars-com-es-el-seu-treball-amb-els-agents-canins-i-les-imatges-aeries\/#primaryimage"},"image":{"@id":"https:\/\/santapola.es\/ca\/la-policia-local-mostra-als-escolars-com-es-el-seu-treball-amb-els-agents-canins-i-les-imatges-aeries\/#primaryimage"},"thumbnailUrl":"https:\/\/santapola.es\/wp-content\/uploads\/2024\/05\/2024-01-29-unidad-canina-2.jpeg","datePublished":"2024-01-29T10:32:15+00:00","dateModified":"2024-05-20T10:02:50+00:00","author":{"@id":"https:\/\/santapola.es\/ca\/#\/schema\/person\/ad1d67403707b58350c7be5e8dbc442d"},"breadcrumb":{"@id":"https:\/\/santapola.es\/ca\/la-policia-local-mostra-als-escolars-com-es-el-seu-treball-amb-els-agents-canins-i-les-imatges-aeries\/#breadcrumb"},"inLanguage":"ca","potentialAction":[{"@type":"ReadAction","target":["https:\/\/santapola.es\/ca\/la-policia-local-mostra-als-escolars-com-es-el-seu-treball-amb-els-agents-canins-i-les-imatges-aeries\/"]}]},{"@type":"ImageObject","inLanguage":"ca","@id":"https:\/\/santapola.es\/ca\/la-policia-local-mostra-als-escolars-com-es-el-seu-treball-amb-els-agents-canins-i-les-imatges-aeries\/#primaryimage","url":"https:\/\/santapola.es\/wp-content\/uploads\/2024\/05\/2024-01-29-unidad-canina-2.jpeg","contentUrl":"https:\/\/santapola.es\/wp-content\/uploads\/2024\/05\/2024-01-29-unidad-canina-2.jpeg","width":1767,"height":1105},{"@type":"BreadcrumbList","@id":"https:\/\/santapola.es\/ca\/la-policia-local-mostra-als-escolars-com-es-el-seu-treball-amb-els-agents-canins-i-les-imatges-aeries\/#breadcrumb","itemListElement":[{"@type":"ListItem","position":1,"name":"Inici","item":"https:\/\/santapola.es\/ca\/"},{"@type":"ListItem","position":2,"name":"La Policia Local mostra als escolars com \u00e9s el seu treball amb els agents canins i les imatges a\u00e8ries"}]},{"@type":"WebSite","@id":"https:\/\/santapola.es\/ca\/#website","url":"https:\/\/santapola.es\/ca\/","name":"Ayuntamiento de Santa Pola","description":"Web de l'Ajuntament de Santa Pola","potentialAction":[{"@type":"SearchAction","target":{"@type":"EntryPoint","urlTemplate":"https:\/\/santapola.es\/ca\/?s={search_term_string}"},"query-input":{"@type":"PropertyValueSpecification","valueRequired":true,"valueName":"search_term_string"}}],"inLanguage":"ca"},{"@type":"Person","@id":"https:\/\/santapola.es\/ca\/#\/schema\/person\/ad1d67403707b58350c7be5e8dbc442d","name":"Jos\u00e9 Juan L\u00f3pez Lafuente"}]}},"_links":{"self":[{"href":"https:\/\/santapola.es\/ca\/wp-json\/wp\/v2\/posts\/36444","targetHints":{"allow":["GET"]}}],"collection":[{"href":"https:\/\/santapola.es\/ca\/wp-json\/wp\/v2\/posts"}],"about":[{"href":"https:\/\/santapola.es\/ca\/wp-json\/wp\/v2\/types\/post"}],"author":[{"embeddable":true,"href":"https:\/\/santapola.es\/ca\/wp-json\/wp\/v2\/users\/96"}],"replies":[{"embeddable":true,"href":"https:\/\/santapola.es\/ca\/wp-json\/wp\/v2\/comments?post=36444"}],"version-history":[{"count":0,"href":"https:\/\/santapola.es\/ca\/wp-json\/wp\/v2\/posts\/36444\/revisions"}],"wp:featuredmedia":[{"embeddable":true,"href":"https:\/\/santapola.es\/ca\/wp-json\/wp\/v2\/media\/36442"}],"wp:attachment":[{"href":"https:\/\/santapola.es\/ca\/wp-json\/wp\/v2\/media?parent=36444"}],"wp:term":[{"taxonomy":"category","embeddable":true,"href":"https:\/\/santapola.es\/ca\/wp-json\/wp\/v2\/categories?post=36444"},{"taxonomy":"post_tag","embeddable":true,"href":"https:\/\/santapola.es\/ca\/wp-json\/wp\/v2\/tags?post=36444"}],"curies":[{"name":"wp","href":"https:\/\/api.w.org\/{rel}","templated":true}]}}