{"id":36405,"date":"2024-01-31T18:59:03","date_gmt":"2024-01-31T17:59:03","guid":{"rendered":"https:\/\/santapola.es\/?p=36405"},"modified":"2024-05-20T11:05:36","modified_gmt":"2024-05-20T09:05:36","slug":"el-mes-de-la-dansa-atraura-a-santa-pola-escoles-de-ball-de-tota-espanya-i-grans-espectacles","status":"publish","type":"post","link":"https:\/\/santapola.es\/ca\/el-mes-de-la-dansa-atraura-a-santa-pola-escoles-de-ball-de-tota-espanya-i-grans-espectacles\/","title":{"rendered":"El mes de la dansa atraur\u00e0 a Santa Pola escoles de ball de tota Espanya i grans espectacles"},"content":{"rendered":"<p><strong>Febrer ser\u00e0 el mes de la dansa amb una variada programaci\u00f3 en l&#8217;esdeveniment Dansa Internacional Mou-te Santa Pola 2024, que comptar\u00e0 amb representacions de ball tradicional i modern, xarrades educatives, animaci\u00f3, gala d&#8217;escoles, congr\u00e9s amb masterclasses i el gran espectacle de dansa a\u00e8ria \u201cSylphes\u201d.<\/strong><\/p>\n<p>Hui s&#8217;ha presentat Dansa Internacional Mou-te Santa Pola 2024, el mes de la dansa que l&#8217;Ajuntament de Santa Pola i Mou-te organitzen per a convertir al nostre municipi en refer\u00e8ncia del m\u00f3n del ball. La regidor de Cultura i Festes, Nely Baile, ha estat acompanyada per Mar\u00eda Palaz\u00f3n, directora de l&#8217;acad\u00e8mia Fem Dansa i responsable de l&#8217;esdeveniment, i per Nando Coderch i Carlo La Marca, productor executiu i manager, respectivament, de Sylphes Aerial Ballet.<\/p>\n<p>Nely Baile va explicar que \u201cl&#8217;ajuntament ha volgut que febrer siga el mes de la dansa i per aix\u00f2 presentem hui Dansa Internacional Mou-te Santa Pola 2024. Tindrem durant tot el mes una programaci\u00f3 especialment dedicada al ball que comen\u00e7ar\u00e0 amb \u201cEls diumenges en dansa\u201d en diferents punts com el passeig Adolfo Su\u00e1rez, la Glorieta o la pla\u00e7a de la Comunitat Valenciana\u201d<\/p>\n<p>A m\u00e9s tindrem variades activitats paral\u00b7leles com a xarrades educatives, un congr\u00e9s en el qual participen moltes escoles de ball de tota Espanya i gales en la fa\u00e7ana del Castell.<\/p>\n<p>La guinda a este mes de la dansa la posarem amb l&#8217;espectacle aeri \u201cSylphes\u201d, un esdeveniment meravell\u00f3s que ha recorregut mig m\u00f3n i que comptar\u00e0 amb la participaci\u00f3 de Mar\u00eda Palaz\u00f3n i altres ballarines santapoleres, segur que encantar\u00e0 a tot el p\u00fablic.<\/p>\n<p>M&#8217;agradaria agrair a Mar\u00eda tot la seua gran faena per organitzar esta huitena edici\u00f3 de *Mou-te, este mes de la dansa que posar\u00e0 a Santa Pola en primera l\u00ednia de la cultura\u201d.<\/p>\n<p><strong>Escoles de ball de tota Espanya<\/strong><\/p>\n<p>Mar\u00eda Palaz\u00f3n va agrair a l&#8217;ajuntament \u201cel seu suport a esta iniciativa que es dividix en tres parts. La primera \u201cEls diumenges en dansa\u201d, que comptar\u00e0 amb actuacions de la Colla El Freu i danses tradicionals de Santa Pola amb Rosa Bonmat\u00ed, \u201cUna altra dansa\u201d de Projecte GooD i el grup \u201cExperience\u201d de Fem Dansa, que es van al Mundial i al Nacional al juliol.<\/p>\n<p>El dijous 22 tindrem unes xarrades educatives enfocades en la dansa, com el benestar del ballar\u00ed a nivell nutricional, de fisioter\u00e0pia i psicol\u00f2gic. El divendres 23 hi haur\u00e0 xanquers i cercaviles per la ciutat abans de passar a la gala d&#8217;escoles en la qual ja tenim inscrites 30 i una llista d&#8217;espera de 10, estem super agra\u00efts per l&#8217;acolliment.<\/p>\n<p>Ja el dissabte 24 tenim una s\u00e8rie de masterclass amb 8 professors internacionals i nacionals amb m\u00e9s de 200 participants d&#8217;escoles de tota Espanya i encara no s&#8217;ha acabat el termini. A la vesprada tindr\u00e0 lloc la gala de tancament de les escoles en la qual es donaran unes mencions especials i el tancament ser\u00e0 un gran espectacle que far\u00e0 m\u00e9s gran este mes de la dansa i atraur\u00e0 molta gent a Santa Pola\u201d<\/p>\n<p><strong>Gran espectacle de dansa a\u00e8ria<\/strong><\/p>\n<p>Carlo La Marca es va mostrar encantat \u201cper haver-nos convidat a la clausura d&#8217;este festival i congr\u00e9s Mou-te. \u00c9s meravell\u00f3s portar l&#8217;espectacle a la nostra ciutat, en un lloc tan ic\u00f2nic com el Castell de Santa Pola. Us presentarem \u201cSylphes\u201d, un espectacle aeri de car\u00e0cter visual on les figures en el cel es transformen mitjan\u00e7ant la dansa, guiades pel fil conductor de les Quatre Estacions de Vivaldi.<\/p>\n<p>Des de l&#8217;aire es genera un vincle amb la gent, vertigen, poesia i m\u00e0gia, i l&#8217;objectiu \u00e9s unir al p\u00fablic del carrer en una mateixa emoci\u00f3.<\/p>\n<p>El nostre equip \u00e9s un espai d&#8217;investigaci\u00f3 d&#8217;artistes de diferents \u00e0mbits, ballarines, productors, dissenyadors, m\u00fasics, enginyers i t\u00e8cnics que porten anys treballant a la recerca d&#8217;un llenguatge propi\u201d.<\/p>\n<p><strong>45 minuts de coreografia en l&#8217;aire<\/strong><\/p>\n<p>Finalment, Nando Coderch va declarar que \u201cestem a Santa Pola i ens sentim a casa, hem vist cr\u00e9ixer Mou-te i \u00e9s una alegria enorme fer la clausura. Despr\u00e9s d&#8217;estar recorrent gran part del m\u00f3n els nostres seguidors ens preguntaven quan an\u00e0vem a actuar ac\u00ed, ja que quasi tots d&#8217;Alacant, Elx i Santa Pola.<\/p>\n<p>L&#8217;espectacle es desenvolupa amb una grua de gran abast que sost\u00e9 amb arnesos a les huit ballarines, que interpretaran durant 45 minuts una coreografia en la qual suporten tota la for\u00e7a de la gravetat. Si ja \u00e9s dif\u00edcil fer una coreografia en un escenari, vull que es posen en situaci\u00f3 perqu\u00e8 estaran 45 minuts fent la dansa cl\u00e0ssica en l&#8217;aire, a m\u00e9s s&#8217;invertixen boca avall. perqu\u00e8 s\u00f3n capa\u00e7os de fer les figures al ritme de la m\u00fasica, coordinar els seus moviments amb la grua, a part de soltar-nos un somriure que ens connecta amb elles. \u00c9s veritablement emocionant\u201d.<\/p>\n","protected":false},"excerpt":{"rendered":"<p>Febrer ser\u00e0 el mes de la dansa amb una variada programaci\u00f3 en l&#8217;esdeveniment Dansa Internacional Mou-te Santa Pola 2024, que comptar\u00e0 amb representacions de ball tradicional i modern, xarrades educatives, animaci\u00f3, gala d&#8217;escoles, congr\u00e9s amb masterclasses i el gran espectacle de dansa a\u00e8ria \u201cSylphes\u201d. Hui s&#8217;ha presentat Dansa Internacional Mou-te Santa Pola 2024, el mes [&hellip;]<\/p>\n","protected":false},"author":96,"featured_media":36403,"comment_status":"closed","ping_status":"closed","sticky":false,"template":"","format":"standard","meta":{"_et_pb_use_builder":"","_et_pb_old_content":"","_et_gb_content_width":"","footnotes":""},"categories":[433,434],"tags":[787,788,749,789,511,750],"class_list":["post-36405","post","type-post","status-publish","format-standard","has-post-thumbnail","hentry","category-cultura-ca","category-festes","tag-carlo-la-marca-ca","tag-maria-palazon-ca","tag-mou-te-ca","tag-nando-coderch-ca","tag-nely-baile-ca","tag-sylphes-ca"],"yoast_head":"<!-- This site is optimized with the Yoast SEO plugin v27.4 - https:\/\/yoast.com\/product\/yoast-seo-wordpress\/ -->\n<title>El mes de la dansa atraur\u00e0 a Santa Pola escoles de ball de tota Espanya i grans espectacles - Ajuntament de Santa Pola<\/title>\n<meta name=\"robots\" content=\"index, follow, max-snippet:-1, max-image-preview:large, max-video-preview:-1\" \/>\n<link rel=\"canonical\" href=\"https:\/\/santapola.es\/ca\/el-mes-de-la-dansa-atraura-a-santa-pola-escoles-de-ball-de-tota-espanya-i-grans-espectacles\/\" \/>\n<meta property=\"og:locale\" content=\"ca_ES\" \/>\n<meta property=\"og:type\" content=\"article\" \/>\n<meta property=\"og:title\" content=\"El mes de la dansa atraur\u00e0 a Santa Pola escoles de ball de tota Espanya i grans espectacles - Ajuntament de Santa Pola\" \/>\n<meta property=\"og:description\" content=\"Febrer ser\u00e0 el mes de la dansa amb una variada programaci\u00f3 en l&#8217;esdeveniment Dansa Internacional Mou-te Santa Pola 2024, que comptar\u00e0 amb representacions de ball tradicional i modern, xarrades educatives, animaci\u00f3, gala d&#8217;escoles, congr\u00e9s amb masterclasses i el gran espectacle de dansa a\u00e8ria \u201cSylphes\u201d. Hui s&#8217;ha presentat Dansa Internacional Mou-te Santa Pola 2024, el mes [&hellip;]\" \/>\n<meta property=\"og:url\" content=\"https:\/\/santapola.es\/ca\/el-mes-de-la-dansa-atraura-a-santa-pola-escoles-de-ball-de-tota-espanya-i-grans-espectacles\/\" \/>\n<meta property=\"og:site_name\" content=\"Ajuntament de Santa Pola\" \/>\n<meta property=\"article:publisher\" content=\"https:\/\/www.facebook.com\/AyuntamientoSantaPola\/\" \/>\n<meta property=\"article:published_time\" content=\"2024-01-31T17:59:03+00:00\" \/>\n<meta property=\"article:modified_time\" content=\"2024-05-20T09:05:36+00:00\" \/>\n<meta property=\"og:image\" content=\"https:\/\/santapola.es\/wp-content\/uploads\/2024\/05\/2024-01-31-danza-w.jpg\" \/>\n\t<meta property=\"og:image:width\" content=\"1200\" \/>\n\t<meta property=\"og:image:height\" content=\"676\" \/>\n\t<meta property=\"og:image:type\" content=\"image\/jpeg\" \/>\n<meta name=\"author\" content=\"Jos\u00e9 Juan L\u00f3pez Lafuente\" \/>\n<meta name=\"twitter:card\" content=\"summary_large_image\" \/>\n<meta name=\"twitter:creator\" content=\"@SantaPolaAyunt\" \/>\n<meta name=\"twitter:site\" content=\"@SantaPolaAyunt\" \/>\n<script type=\"application\/ld+json\" class=\"yoast-schema-graph\">{\"@context\":\"https:\\\/\\\/schema.org\",\"@graph\":[{\"@type\":\"Article\",\"@id\":\"https:\\\/\\\/santapola.es\\\/ca\\\/el-mes-de-la-dansa-atraura-a-santa-pola-escoles-de-ball-de-tota-espanya-i-grans-espectacles\\\/#article\",\"isPartOf\":{\"@id\":\"https:\\\/\\\/santapola.es\\\/ca\\\/el-mes-de-la-dansa-atraura-a-santa-pola-escoles-de-ball-de-tota-espanya-i-grans-espectacles\\\/\"},\"author\":{\"name\":\"Jos\u00e9 Juan L\u00f3pez Lafuente\",\"@id\":\"https:\\\/\\\/santapola.es\\\/ca\\\/#\\\/schema\\\/person\\\/ad1d67403707b58350c7be5e8dbc442d\"},\"headline\":\"El mes de la dansa atraur\u00e0 a Santa Pola escoles de ball de tota Espanya i grans espectacles\",\"datePublished\":\"2024-01-31T17:59:03+00:00\",\"dateModified\":\"2024-05-20T09:05:36+00:00\",\"mainEntityOfPage\":{\"@id\":\"https:\\\/\\\/santapola.es\\\/ca\\\/el-mes-de-la-dansa-atraura-a-santa-pola-escoles-de-ball-de-tota-espanya-i-grans-espectacles\\\/\"},\"wordCount\":854,\"image\":{\"@id\":\"https:\\\/\\\/santapola.es\\\/ca\\\/el-mes-de-la-dansa-atraura-a-santa-pola-escoles-de-ball-de-tota-espanya-i-grans-espectacles\\\/#primaryimage\"},\"thumbnailUrl\":\"https:\\\/\\\/santapola.es\\\/wp-content\\\/uploads\\\/2024\\\/05\\\/2024-01-31-danza-w.jpg\",\"keywords\":[\"Carlo La Marca\",\"Mar\u00eda Palaz\u00f3n\",\"Mou-Te\",\"Nando Coderch\",\"Nely Baile\",\"Sylphes\"],\"articleSection\":[\"Cultura\",\"Festes\"],\"inLanguage\":\"ca\"},{\"@type\":\"WebPage\",\"@id\":\"https:\\\/\\\/santapola.es\\\/ca\\\/el-mes-de-la-dansa-atraura-a-santa-pola-escoles-de-ball-de-tota-espanya-i-grans-espectacles\\\/\",\"url\":\"https:\\\/\\\/santapola.es\\\/ca\\\/el-mes-de-la-dansa-atraura-a-santa-pola-escoles-de-ball-de-tota-espanya-i-grans-espectacles\\\/\",\"name\":\"El mes de la dansa atraur\u00e0 a Santa Pola escoles de ball de tota Espanya i grans espectacles - Ajuntament de Santa Pola\",\"isPartOf\":{\"@id\":\"https:\\\/\\\/santapola.es\\\/ca\\\/#website\"},\"primaryImageOfPage\":{\"@id\":\"https:\\\/\\\/santapola.es\\\/ca\\\/el-mes-de-la-dansa-atraura-a-santa-pola-escoles-de-ball-de-tota-espanya-i-grans-espectacles\\\/#primaryimage\"},\"image\":{\"@id\":\"https:\\\/\\\/santapola.es\\\/ca\\\/el-mes-de-la-dansa-atraura-a-santa-pola-escoles-de-ball-de-tota-espanya-i-grans-espectacles\\\/#primaryimage\"},\"thumbnailUrl\":\"https:\\\/\\\/santapola.es\\\/wp-content\\\/uploads\\\/2024\\\/05\\\/2024-01-31-danza-w.jpg\",\"datePublished\":\"2024-01-31T17:59:03+00:00\",\"dateModified\":\"2024-05-20T09:05:36+00:00\",\"author\":{\"@id\":\"https:\\\/\\\/santapola.es\\\/ca\\\/#\\\/schema\\\/person\\\/ad1d67403707b58350c7be5e8dbc442d\"},\"breadcrumb\":{\"@id\":\"https:\\\/\\\/santapola.es\\\/ca\\\/el-mes-de-la-dansa-atraura-a-santa-pola-escoles-de-ball-de-tota-espanya-i-grans-espectacles\\\/#breadcrumb\"},\"inLanguage\":\"ca\",\"potentialAction\":[{\"@type\":\"ReadAction\",\"target\":[\"https:\\\/\\\/santapola.es\\\/ca\\\/el-mes-de-la-dansa-atraura-a-santa-pola-escoles-de-ball-de-tota-espanya-i-grans-espectacles\\\/\"]}]},{\"@type\":\"ImageObject\",\"inLanguage\":\"ca\",\"@id\":\"https:\\\/\\\/santapola.es\\\/ca\\\/el-mes-de-la-dansa-atraura-a-santa-pola-escoles-de-ball-de-tota-espanya-i-grans-espectacles\\\/#primaryimage\",\"url\":\"https:\\\/\\\/santapola.es\\\/wp-content\\\/uploads\\\/2024\\\/05\\\/2024-01-31-danza-w.jpg\",\"contentUrl\":\"https:\\\/\\\/santapola.es\\\/wp-content\\\/uploads\\\/2024\\\/05\\\/2024-01-31-danza-w.jpg\",\"width\":1200,\"height\":676},{\"@type\":\"BreadcrumbList\",\"@id\":\"https:\\\/\\\/santapola.es\\\/ca\\\/el-mes-de-la-dansa-atraura-a-santa-pola-escoles-de-ball-de-tota-espanya-i-grans-espectacles\\\/#breadcrumb\",\"itemListElement\":[{\"@type\":\"ListItem\",\"position\":1,\"name\":\"Inici\",\"item\":\"https:\\\/\\\/santapola.es\\\/ca\\\/\"},{\"@type\":\"ListItem\",\"position\":2,\"name\":\"El mes de la dansa atraur\u00e0 a Santa Pola escoles de ball de tota Espanya i grans espectacles\"}]},{\"@type\":\"WebSite\",\"@id\":\"https:\\\/\\\/santapola.es\\\/ca\\\/#website\",\"url\":\"https:\\\/\\\/santapola.es\\\/ca\\\/\",\"name\":\"Ayuntamiento de Santa Pola\",\"description\":\"Web de l'Ajuntament de Santa Pola\",\"potentialAction\":[{\"@type\":\"SearchAction\",\"target\":{\"@type\":\"EntryPoint\",\"urlTemplate\":\"https:\\\/\\\/santapola.es\\\/ca\\\/?s={search_term_string}\"},\"query-input\":{\"@type\":\"PropertyValueSpecification\",\"valueRequired\":true,\"valueName\":\"search_term_string\"}}],\"inLanguage\":\"ca\"},{\"@type\":\"Person\",\"@id\":\"https:\\\/\\\/santapola.es\\\/ca\\\/#\\\/schema\\\/person\\\/ad1d67403707b58350c7be5e8dbc442d\",\"name\":\"Jos\u00e9 Juan L\u00f3pez Lafuente\"}]}<\/script>\n<!-- \/ Yoast SEO plugin. -->","yoast_head_json":{"title":"El mes de la dansa atraur\u00e0 a Santa Pola escoles de ball de tota Espanya i grans espectacles - Ajuntament de Santa Pola","robots":{"index":"index","follow":"follow","max-snippet":"max-snippet:-1","max-image-preview":"max-image-preview:large","max-video-preview":"max-video-preview:-1"},"canonical":"https:\/\/santapola.es\/ca\/el-mes-de-la-dansa-atraura-a-santa-pola-escoles-de-ball-de-tota-espanya-i-grans-espectacles\/","og_locale":"ca_ES","og_type":"article","og_title":"El mes de la dansa atraur\u00e0 a Santa Pola escoles de ball de tota Espanya i grans espectacles - Ajuntament de Santa Pola","og_description":"Febrer ser\u00e0 el mes de la dansa amb una variada programaci\u00f3 en l&#8217;esdeveniment Dansa Internacional Mou-te Santa Pola 2024, que comptar\u00e0 amb representacions de ball tradicional i modern, xarrades educatives, animaci\u00f3, gala d&#8217;escoles, congr\u00e9s amb masterclasses i el gran espectacle de dansa a\u00e8ria \u201cSylphes\u201d. Hui s&#8217;ha presentat Dansa Internacional Mou-te Santa Pola 2024, el mes [&hellip;]","og_url":"https:\/\/santapola.es\/ca\/el-mes-de-la-dansa-atraura-a-santa-pola-escoles-de-ball-de-tota-espanya-i-grans-espectacles\/","og_site_name":"Ajuntament de Santa Pola","article_publisher":"https:\/\/www.facebook.com\/AyuntamientoSantaPola\/","article_published_time":"2024-01-31T17:59:03+00:00","article_modified_time":"2024-05-20T09:05:36+00:00","og_image":[{"width":1200,"height":676,"url":"https:\/\/santapola.es\/wp-content\/uploads\/2024\/05\/2024-01-31-danza-w.jpg","type":"image\/jpeg"}],"author":"Jos\u00e9 Juan L\u00f3pez Lafuente","twitter_card":"summary_large_image","twitter_creator":"@SantaPolaAyunt","twitter_site":"@SantaPolaAyunt","schema":{"@context":"https:\/\/schema.org","@graph":[{"@type":"Article","@id":"https:\/\/santapola.es\/ca\/el-mes-de-la-dansa-atraura-a-santa-pola-escoles-de-ball-de-tota-espanya-i-grans-espectacles\/#article","isPartOf":{"@id":"https:\/\/santapola.es\/ca\/el-mes-de-la-dansa-atraura-a-santa-pola-escoles-de-ball-de-tota-espanya-i-grans-espectacles\/"},"author":{"name":"Jos\u00e9 Juan L\u00f3pez Lafuente","@id":"https:\/\/santapola.es\/ca\/#\/schema\/person\/ad1d67403707b58350c7be5e8dbc442d"},"headline":"El mes de la dansa atraur\u00e0 a Santa Pola escoles de ball de tota Espanya i grans espectacles","datePublished":"2024-01-31T17:59:03+00:00","dateModified":"2024-05-20T09:05:36+00:00","mainEntityOfPage":{"@id":"https:\/\/santapola.es\/ca\/el-mes-de-la-dansa-atraura-a-santa-pola-escoles-de-ball-de-tota-espanya-i-grans-espectacles\/"},"wordCount":854,"image":{"@id":"https:\/\/santapola.es\/ca\/el-mes-de-la-dansa-atraura-a-santa-pola-escoles-de-ball-de-tota-espanya-i-grans-espectacles\/#primaryimage"},"thumbnailUrl":"https:\/\/santapola.es\/wp-content\/uploads\/2024\/05\/2024-01-31-danza-w.jpg","keywords":["Carlo La Marca","Mar\u00eda Palaz\u00f3n","Mou-Te","Nando Coderch","Nely Baile","Sylphes"],"articleSection":["Cultura","Festes"],"inLanguage":"ca"},{"@type":"WebPage","@id":"https:\/\/santapola.es\/ca\/el-mes-de-la-dansa-atraura-a-santa-pola-escoles-de-ball-de-tota-espanya-i-grans-espectacles\/","url":"https:\/\/santapola.es\/ca\/el-mes-de-la-dansa-atraura-a-santa-pola-escoles-de-ball-de-tota-espanya-i-grans-espectacles\/","name":"El mes de la dansa atraur\u00e0 a Santa Pola escoles de ball de tota Espanya i grans espectacles - Ajuntament de Santa Pola","isPartOf":{"@id":"https:\/\/santapola.es\/ca\/#website"},"primaryImageOfPage":{"@id":"https:\/\/santapola.es\/ca\/el-mes-de-la-dansa-atraura-a-santa-pola-escoles-de-ball-de-tota-espanya-i-grans-espectacles\/#primaryimage"},"image":{"@id":"https:\/\/santapola.es\/ca\/el-mes-de-la-dansa-atraura-a-santa-pola-escoles-de-ball-de-tota-espanya-i-grans-espectacles\/#primaryimage"},"thumbnailUrl":"https:\/\/santapola.es\/wp-content\/uploads\/2024\/05\/2024-01-31-danza-w.jpg","datePublished":"2024-01-31T17:59:03+00:00","dateModified":"2024-05-20T09:05:36+00:00","author":{"@id":"https:\/\/santapola.es\/ca\/#\/schema\/person\/ad1d67403707b58350c7be5e8dbc442d"},"breadcrumb":{"@id":"https:\/\/santapola.es\/ca\/el-mes-de-la-dansa-atraura-a-santa-pola-escoles-de-ball-de-tota-espanya-i-grans-espectacles\/#breadcrumb"},"inLanguage":"ca","potentialAction":[{"@type":"ReadAction","target":["https:\/\/santapola.es\/ca\/el-mes-de-la-dansa-atraura-a-santa-pola-escoles-de-ball-de-tota-espanya-i-grans-espectacles\/"]}]},{"@type":"ImageObject","inLanguage":"ca","@id":"https:\/\/santapola.es\/ca\/el-mes-de-la-dansa-atraura-a-santa-pola-escoles-de-ball-de-tota-espanya-i-grans-espectacles\/#primaryimage","url":"https:\/\/santapola.es\/wp-content\/uploads\/2024\/05\/2024-01-31-danza-w.jpg","contentUrl":"https:\/\/santapola.es\/wp-content\/uploads\/2024\/05\/2024-01-31-danza-w.jpg","width":1200,"height":676},{"@type":"BreadcrumbList","@id":"https:\/\/santapola.es\/ca\/el-mes-de-la-dansa-atraura-a-santa-pola-escoles-de-ball-de-tota-espanya-i-grans-espectacles\/#breadcrumb","itemListElement":[{"@type":"ListItem","position":1,"name":"Inici","item":"https:\/\/santapola.es\/ca\/"},{"@type":"ListItem","position":2,"name":"El mes de la dansa atraur\u00e0 a Santa Pola escoles de ball de tota Espanya i grans espectacles"}]},{"@type":"WebSite","@id":"https:\/\/santapola.es\/ca\/#website","url":"https:\/\/santapola.es\/ca\/","name":"Ayuntamiento de Santa Pola","description":"Web de l'Ajuntament de Santa Pola","potentialAction":[{"@type":"SearchAction","target":{"@type":"EntryPoint","urlTemplate":"https:\/\/santapola.es\/ca\/?s={search_term_string}"},"query-input":{"@type":"PropertyValueSpecification","valueRequired":true,"valueName":"search_term_string"}}],"inLanguage":"ca"},{"@type":"Person","@id":"https:\/\/santapola.es\/ca\/#\/schema\/person\/ad1d67403707b58350c7be5e8dbc442d","name":"Jos\u00e9 Juan L\u00f3pez Lafuente"}]}},"_links":{"self":[{"href":"https:\/\/santapola.es\/ca\/wp-json\/wp\/v2\/posts\/36405","targetHints":{"allow":["GET"]}}],"collection":[{"href":"https:\/\/santapola.es\/ca\/wp-json\/wp\/v2\/posts"}],"about":[{"href":"https:\/\/santapola.es\/ca\/wp-json\/wp\/v2\/types\/post"}],"author":[{"embeddable":true,"href":"https:\/\/santapola.es\/ca\/wp-json\/wp\/v2\/users\/96"}],"replies":[{"embeddable":true,"href":"https:\/\/santapola.es\/ca\/wp-json\/wp\/v2\/comments?post=36405"}],"version-history":[{"count":0,"href":"https:\/\/santapola.es\/ca\/wp-json\/wp\/v2\/posts\/36405\/revisions"}],"wp:featuredmedia":[{"embeddable":true,"href":"https:\/\/santapola.es\/ca\/wp-json\/wp\/v2\/media\/36403"}],"wp:attachment":[{"href":"https:\/\/santapola.es\/ca\/wp-json\/wp\/v2\/media?parent=36405"}],"wp:term":[{"taxonomy":"category","embeddable":true,"href":"https:\/\/santapola.es\/ca\/wp-json\/wp\/v2\/categories?post=36405"},{"taxonomy":"post_tag","embeddable":true,"href":"https:\/\/santapola.es\/ca\/wp-json\/wp\/v2\/tags?post=36405"}],"curies":[{"name":"wp","href":"https:\/\/api.w.org\/{rel}","templated":true}]}}