{"id":36399,"date":"2024-02-01T17:16:47","date_gmt":"2024-02-01T16:16:47","guid":{"rendered":"https:\/\/santapola.es\/?p=36399"},"modified":"2024-05-20T11:01:13","modified_gmt":"2024-05-20T09:01:13","slug":"lajuntament-adjudica-la-redaccio-del-projecte-de-lies-gran-alacant","status":"publish","type":"post","link":"https:\/\/santapola.es\/ca\/lajuntament-adjudica-la-redaccio-del-projecte-de-lies-gran-alacant\/","title":{"rendered":"L&#8217;Ajuntament adjudica la redacci\u00f3 del projecte de l&#8217;IES Gran Alacant"},"content":{"rendered":"<p><strong>La junta de govern ha adjudicat este mat\u00ed la redacci\u00f3 del projecte del nou institut d&#8217;educaci\u00f3 secund\u00e0ria de Gran Alacant que, una vegada constru\u00eft, substituir\u00e0 a l&#8217;actual centre provisional que va comen\u00e7ar a funcionar este mateix curs. \u00c9s un pas m\u00e9s perqu\u00e8 siga realitat el nou institut que fusionar\u00e0 ESO, Batxillerat i Formaci\u00f3 Professional.<\/strong><\/p>\n<p>El regidor d&#8217;Educaci\u00f3 i Gran Alacant, \u00d3scar Valenzuela, ha declarat que \u201chui \u00e9s un dia molt important perqu\u00e8 en junta de govern hem adjudicat la redacci\u00f3 del projecte i estudi geot\u00e8cnic per a l&#8217;institut de secund\u00e0ria de Gran Alacant. Este \u00e9s un altre gran pas que donem en pro de la construcci\u00f3 del centre, un dels grans projectes de la regidoria d&#8217;Educaci\u00f3 per a esta legislatura, pas previ per a la licitaci\u00f3 de l&#8217;obra\u201d.<\/p>\n<p>Segons Valenzuela, \u201ca la licitaci\u00f3 es van presentar deu empreses, amb la qual cosa el proc\u00e9s d&#8217;avaluaci\u00f3 ha sigut ardu per als t\u00e8cnics municipals per a triar la millor proposta\u201d.<\/p>\n<p>El nou institut es construir\u00e0 en una parcel\u00b7la municipal de 24.000 m\u00b2 al costat del col\u00b7legi Vicenta Ruso i tindr\u00e0 una capacitat de 1.120 alumnes. L&#8217;obra est\u00e0 prevista en el Pla Edificant de la Generalitat Valenciana i s&#8217;estima una inversi\u00f3 de 17 milions d&#8217;euros.<\/p>\n<p>L&#8217;edifici disposar\u00e0 de 24 aules d&#8217;ESO, 8 de Batxillerat i 4 de formaci\u00f3 professional, a m\u00e9s de biblioteca, sala polivalent, sala per a AMPA i delegaci\u00f3 d&#8217;alumnes, cafeteria, tutories i despatxos d&#8217;FP. Tots els espais seran totalment accessibles. Les zones esportives constaran de pistes a l&#8217;aire lliure i dos edificis que inclouran gimn\u00e0s i pista de pilota valenciana.<\/p>\n","protected":false},"excerpt":{"rendered":"<p>La junta de govern ha adjudicat este mat\u00ed la redacci\u00f3 del projecte del nou institut d&#8217;educaci\u00f3 secund\u00e0ria de Gran Alacant que, una vegada constru\u00eft, substituir\u00e0 a l&#8217;actual centre provisional que va comen\u00e7ar a funcionar este mateix curs. \u00c9s un pas m\u00e9s perqu\u00e8 siga realitat el nou institut que fusionar\u00e0 ESO, Batxillerat i Formaci\u00f3 Professional. El [&hellip;]<\/p>\n","protected":false},"author":96,"featured_media":36397,"comment_status":"closed","ping_status":"closed","sticky":false,"template":"","format":"standard","meta":{"_et_pb_use_builder":"","_et_pb_old_content":"","_et_gb_content_width":"","footnotes":""},"categories":[474],"tags":[720,619],"class_list":["post-36399","post","type-post","status-publish","format-standard","has-post-thumbnail","hentry","category-educacio","tag-ies-gran-alacant-ca","tag-oscar-valenzuela-ca"],"yoast_head":"<!-- This site is optimized with the Yoast SEO plugin v27.4 - https:\/\/yoast.com\/product\/yoast-seo-wordpress\/ -->\n<title>L&#039;Ajuntament adjudica la redacci\u00f3 del projecte de l&#039;IES Gran Alacant - Ajuntament de Santa Pola<\/title>\n<meta name=\"robots\" content=\"index, follow, max-snippet:-1, max-image-preview:large, max-video-preview:-1\" \/>\n<link rel=\"canonical\" href=\"https:\/\/santapola.es\/ca\/lajuntament-adjudica-la-redaccio-del-projecte-de-lies-gran-alacant\/\" \/>\n<meta property=\"og:locale\" content=\"ca_ES\" \/>\n<meta property=\"og:type\" content=\"article\" \/>\n<meta property=\"og:title\" content=\"L&#039;Ajuntament adjudica la redacci\u00f3 del projecte de l&#039;IES Gran Alacant - Ajuntament de Santa Pola\" \/>\n<meta property=\"og:description\" content=\"La junta de govern ha adjudicat este mat\u00ed la redacci\u00f3 del projecte del nou institut d&#8217;educaci\u00f3 secund\u00e0ria de Gran Alacant que, una vegada constru\u00eft, substituir\u00e0 a l&#8217;actual centre provisional que va comen\u00e7ar a funcionar este mateix curs. \u00c9s un pas m\u00e9s perqu\u00e8 siga realitat el nou institut que fusionar\u00e0 ESO, Batxillerat i Formaci\u00f3 Professional. El [&hellip;]\" \/>\n<meta property=\"og:url\" content=\"https:\/\/santapola.es\/ca\/lajuntament-adjudica-la-redaccio-del-projecte-de-lies-gran-alacant\/\" \/>\n<meta property=\"og:site_name\" content=\"Ajuntament de Santa Pola\" \/>\n<meta property=\"article:publisher\" content=\"https:\/\/www.facebook.com\/AyuntamientoSantaPola\/\" \/>\n<meta property=\"article:published_time\" content=\"2024-02-01T16:16:47+00:00\" \/>\n<meta property=\"article:modified_time\" content=\"2024-05-20T09:01:13+00:00\" \/>\n<meta property=\"og:image\" content=\"https:\/\/santapola.es\/wp-content\/uploads\/2024\/05\/proyecto-IES-Gran-Alacant.jpeg\" \/>\n\t<meta property=\"og:image:width\" content=\"1155\" \/>\n\t<meta property=\"og:image:height\" content=\"1115\" \/>\n\t<meta property=\"og:image:type\" content=\"image\/jpeg\" \/>\n<meta name=\"author\" content=\"Jos\u00e9 Juan L\u00f3pez Lafuente\" \/>\n<meta name=\"twitter:card\" content=\"summary_large_image\" \/>\n<meta name=\"twitter:creator\" content=\"@SantaPolaAyunt\" \/>\n<meta name=\"twitter:site\" content=\"@SantaPolaAyunt\" \/>\n<script type=\"application\/ld+json\" class=\"yoast-schema-graph\">{\"@context\":\"https:\\\/\\\/schema.org\",\"@graph\":[{\"@type\":\"Article\",\"@id\":\"https:\\\/\\\/santapola.es\\\/ca\\\/lajuntament-adjudica-la-redaccio-del-projecte-de-lies-gran-alacant\\\/#article\",\"isPartOf\":{\"@id\":\"https:\\\/\\\/santapola.es\\\/ca\\\/lajuntament-adjudica-la-redaccio-del-projecte-de-lies-gran-alacant\\\/\"},\"author\":{\"name\":\"Jos\u00e9 Juan L\u00f3pez Lafuente\",\"@id\":\"https:\\\/\\\/santapola.es\\\/ca\\\/#\\\/schema\\\/person\\\/ad1d67403707b58350c7be5e8dbc442d\"},\"headline\":\"L&#8217;Ajuntament adjudica la redacci\u00f3 del projecte de l&#8217;IES Gran Alacant\",\"datePublished\":\"2024-02-01T16:16:47+00:00\",\"dateModified\":\"2024-05-20T09:01:13+00:00\",\"mainEntityOfPage\":{\"@id\":\"https:\\\/\\\/santapola.es\\\/ca\\\/lajuntament-adjudica-la-redaccio-del-projecte-de-lies-gran-alacant\\\/\"},\"wordCount\":293,\"image\":{\"@id\":\"https:\\\/\\\/santapola.es\\\/ca\\\/lajuntament-adjudica-la-redaccio-del-projecte-de-lies-gran-alacant\\\/#primaryimage\"},\"thumbnailUrl\":\"https:\\\/\\\/santapola.es\\\/wp-content\\\/uploads\\\/2024\\\/05\\\/proyecto-IES-Gran-Alacant.jpeg\",\"keywords\":[\"IES Gran Alacant\",\"\u00d3scar Valenzuela\"],\"articleSection\":[\"Educaci\u00f3\"],\"inLanguage\":\"ca\"},{\"@type\":\"WebPage\",\"@id\":\"https:\\\/\\\/santapola.es\\\/ca\\\/lajuntament-adjudica-la-redaccio-del-projecte-de-lies-gran-alacant\\\/\",\"url\":\"https:\\\/\\\/santapola.es\\\/ca\\\/lajuntament-adjudica-la-redaccio-del-projecte-de-lies-gran-alacant\\\/\",\"name\":\"L'Ajuntament adjudica la redacci\u00f3 del projecte de l'IES Gran Alacant - Ajuntament de Santa Pola\",\"isPartOf\":{\"@id\":\"https:\\\/\\\/santapola.es\\\/ca\\\/#website\"},\"primaryImageOfPage\":{\"@id\":\"https:\\\/\\\/santapola.es\\\/ca\\\/lajuntament-adjudica-la-redaccio-del-projecte-de-lies-gran-alacant\\\/#primaryimage\"},\"image\":{\"@id\":\"https:\\\/\\\/santapola.es\\\/ca\\\/lajuntament-adjudica-la-redaccio-del-projecte-de-lies-gran-alacant\\\/#primaryimage\"},\"thumbnailUrl\":\"https:\\\/\\\/santapola.es\\\/wp-content\\\/uploads\\\/2024\\\/05\\\/proyecto-IES-Gran-Alacant.jpeg\",\"datePublished\":\"2024-02-01T16:16:47+00:00\",\"dateModified\":\"2024-05-20T09:01:13+00:00\",\"author\":{\"@id\":\"https:\\\/\\\/santapola.es\\\/ca\\\/#\\\/schema\\\/person\\\/ad1d67403707b58350c7be5e8dbc442d\"},\"breadcrumb\":{\"@id\":\"https:\\\/\\\/santapola.es\\\/ca\\\/lajuntament-adjudica-la-redaccio-del-projecte-de-lies-gran-alacant\\\/#breadcrumb\"},\"inLanguage\":\"ca\",\"potentialAction\":[{\"@type\":\"ReadAction\",\"target\":[\"https:\\\/\\\/santapola.es\\\/ca\\\/lajuntament-adjudica-la-redaccio-del-projecte-de-lies-gran-alacant\\\/\"]}]},{\"@type\":\"ImageObject\",\"inLanguage\":\"ca\",\"@id\":\"https:\\\/\\\/santapola.es\\\/ca\\\/lajuntament-adjudica-la-redaccio-del-projecte-de-lies-gran-alacant\\\/#primaryimage\",\"url\":\"https:\\\/\\\/santapola.es\\\/wp-content\\\/uploads\\\/2024\\\/05\\\/proyecto-IES-Gran-Alacant.jpeg\",\"contentUrl\":\"https:\\\/\\\/santapola.es\\\/wp-content\\\/uploads\\\/2024\\\/05\\\/proyecto-IES-Gran-Alacant.jpeg\",\"width\":1155,\"height\":1115},{\"@type\":\"BreadcrumbList\",\"@id\":\"https:\\\/\\\/santapola.es\\\/ca\\\/lajuntament-adjudica-la-redaccio-del-projecte-de-lies-gran-alacant\\\/#breadcrumb\",\"itemListElement\":[{\"@type\":\"ListItem\",\"position\":1,\"name\":\"Inici\",\"item\":\"https:\\\/\\\/santapola.es\\\/ca\\\/\"},{\"@type\":\"ListItem\",\"position\":2,\"name\":\"L&#8217;Ajuntament adjudica la redacci\u00f3 del projecte de l&#8217;IES Gran Alacant\"}]},{\"@type\":\"WebSite\",\"@id\":\"https:\\\/\\\/santapola.es\\\/ca\\\/#website\",\"url\":\"https:\\\/\\\/santapola.es\\\/ca\\\/\",\"name\":\"Ayuntamiento de Santa Pola\",\"description\":\"Web de l'Ajuntament de Santa Pola\",\"potentialAction\":[{\"@type\":\"SearchAction\",\"target\":{\"@type\":\"EntryPoint\",\"urlTemplate\":\"https:\\\/\\\/santapola.es\\\/ca\\\/?s={search_term_string}\"},\"query-input\":{\"@type\":\"PropertyValueSpecification\",\"valueRequired\":true,\"valueName\":\"search_term_string\"}}],\"inLanguage\":\"ca\"},{\"@type\":\"Person\",\"@id\":\"https:\\\/\\\/santapola.es\\\/ca\\\/#\\\/schema\\\/person\\\/ad1d67403707b58350c7be5e8dbc442d\",\"name\":\"Jos\u00e9 Juan L\u00f3pez Lafuente\"}]}<\/script>\n<!-- \/ Yoast SEO plugin. -->","yoast_head_json":{"title":"L'Ajuntament adjudica la redacci\u00f3 del projecte de l'IES Gran Alacant - Ajuntament de Santa Pola","robots":{"index":"index","follow":"follow","max-snippet":"max-snippet:-1","max-image-preview":"max-image-preview:large","max-video-preview":"max-video-preview:-1"},"canonical":"https:\/\/santapola.es\/ca\/lajuntament-adjudica-la-redaccio-del-projecte-de-lies-gran-alacant\/","og_locale":"ca_ES","og_type":"article","og_title":"L'Ajuntament adjudica la redacci\u00f3 del projecte de l'IES Gran Alacant - Ajuntament de Santa Pola","og_description":"La junta de govern ha adjudicat este mat\u00ed la redacci\u00f3 del projecte del nou institut d&#8217;educaci\u00f3 secund\u00e0ria de Gran Alacant que, una vegada constru\u00eft, substituir\u00e0 a l&#8217;actual centre provisional que va comen\u00e7ar a funcionar este mateix curs. \u00c9s un pas m\u00e9s perqu\u00e8 siga realitat el nou institut que fusionar\u00e0 ESO, Batxillerat i Formaci\u00f3 Professional. El [&hellip;]","og_url":"https:\/\/santapola.es\/ca\/lajuntament-adjudica-la-redaccio-del-projecte-de-lies-gran-alacant\/","og_site_name":"Ajuntament de Santa Pola","article_publisher":"https:\/\/www.facebook.com\/AyuntamientoSantaPola\/","article_published_time":"2024-02-01T16:16:47+00:00","article_modified_time":"2024-05-20T09:01:13+00:00","og_image":[{"width":1155,"height":1115,"url":"https:\/\/santapola.es\/wp-content\/uploads\/2024\/05\/proyecto-IES-Gran-Alacant.jpeg","type":"image\/jpeg"}],"author":"Jos\u00e9 Juan L\u00f3pez Lafuente","twitter_card":"summary_large_image","twitter_creator":"@SantaPolaAyunt","twitter_site":"@SantaPolaAyunt","schema":{"@context":"https:\/\/schema.org","@graph":[{"@type":"Article","@id":"https:\/\/santapola.es\/ca\/lajuntament-adjudica-la-redaccio-del-projecte-de-lies-gran-alacant\/#article","isPartOf":{"@id":"https:\/\/santapola.es\/ca\/lajuntament-adjudica-la-redaccio-del-projecte-de-lies-gran-alacant\/"},"author":{"name":"Jos\u00e9 Juan L\u00f3pez Lafuente","@id":"https:\/\/santapola.es\/ca\/#\/schema\/person\/ad1d67403707b58350c7be5e8dbc442d"},"headline":"L&#8217;Ajuntament adjudica la redacci\u00f3 del projecte de l&#8217;IES Gran Alacant","datePublished":"2024-02-01T16:16:47+00:00","dateModified":"2024-05-20T09:01:13+00:00","mainEntityOfPage":{"@id":"https:\/\/santapola.es\/ca\/lajuntament-adjudica-la-redaccio-del-projecte-de-lies-gran-alacant\/"},"wordCount":293,"image":{"@id":"https:\/\/santapola.es\/ca\/lajuntament-adjudica-la-redaccio-del-projecte-de-lies-gran-alacant\/#primaryimage"},"thumbnailUrl":"https:\/\/santapola.es\/wp-content\/uploads\/2024\/05\/proyecto-IES-Gran-Alacant.jpeg","keywords":["IES Gran Alacant","\u00d3scar Valenzuela"],"articleSection":["Educaci\u00f3"],"inLanguage":"ca"},{"@type":"WebPage","@id":"https:\/\/santapola.es\/ca\/lajuntament-adjudica-la-redaccio-del-projecte-de-lies-gran-alacant\/","url":"https:\/\/santapola.es\/ca\/lajuntament-adjudica-la-redaccio-del-projecte-de-lies-gran-alacant\/","name":"L'Ajuntament adjudica la redacci\u00f3 del projecte de l'IES Gran Alacant - Ajuntament de Santa Pola","isPartOf":{"@id":"https:\/\/santapola.es\/ca\/#website"},"primaryImageOfPage":{"@id":"https:\/\/santapola.es\/ca\/lajuntament-adjudica-la-redaccio-del-projecte-de-lies-gran-alacant\/#primaryimage"},"image":{"@id":"https:\/\/santapola.es\/ca\/lajuntament-adjudica-la-redaccio-del-projecte-de-lies-gran-alacant\/#primaryimage"},"thumbnailUrl":"https:\/\/santapola.es\/wp-content\/uploads\/2024\/05\/proyecto-IES-Gran-Alacant.jpeg","datePublished":"2024-02-01T16:16:47+00:00","dateModified":"2024-05-20T09:01:13+00:00","author":{"@id":"https:\/\/santapola.es\/ca\/#\/schema\/person\/ad1d67403707b58350c7be5e8dbc442d"},"breadcrumb":{"@id":"https:\/\/santapola.es\/ca\/lajuntament-adjudica-la-redaccio-del-projecte-de-lies-gran-alacant\/#breadcrumb"},"inLanguage":"ca","potentialAction":[{"@type":"ReadAction","target":["https:\/\/santapola.es\/ca\/lajuntament-adjudica-la-redaccio-del-projecte-de-lies-gran-alacant\/"]}]},{"@type":"ImageObject","inLanguage":"ca","@id":"https:\/\/santapola.es\/ca\/lajuntament-adjudica-la-redaccio-del-projecte-de-lies-gran-alacant\/#primaryimage","url":"https:\/\/santapola.es\/wp-content\/uploads\/2024\/05\/proyecto-IES-Gran-Alacant.jpeg","contentUrl":"https:\/\/santapola.es\/wp-content\/uploads\/2024\/05\/proyecto-IES-Gran-Alacant.jpeg","width":1155,"height":1115},{"@type":"BreadcrumbList","@id":"https:\/\/santapola.es\/ca\/lajuntament-adjudica-la-redaccio-del-projecte-de-lies-gran-alacant\/#breadcrumb","itemListElement":[{"@type":"ListItem","position":1,"name":"Inici","item":"https:\/\/santapola.es\/ca\/"},{"@type":"ListItem","position":2,"name":"L&#8217;Ajuntament adjudica la redacci\u00f3 del projecte de l&#8217;IES Gran Alacant"}]},{"@type":"WebSite","@id":"https:\/\/santapola.es\/ca\/#website","url":"https:\/\/santapola.es\/ca\/","name":"Ayuntamiento de Santa Pola","description":"Web de l'Ajuntament de Santa Pola","potentialAction":[{"@type":"SearchAction","target":{"@type":"EntryPoint","urlTemplate":"https:\/\/santapola.es\/ca\/?s={search_term_string}"},"query-input":{"@type":"PropertyValueSpecification","valueRequired":true,"valueName":"search_term_string"}}],"inLanguage":"ca"},{"@type":"Person","@id":"https:\/\/santapola.es\/ca\/#\/schema\/person\/ad1d67403707b58350c7be5e8dbc442d","name":"Jos\u00e9 Juan L\u00f3pez Lafuente"}]}},"_links":{"self":[{"href":"https:\/\/santapola.es\/ca\/wp-json\/wp\/v2\/posts\/36399","targetHints":{"allow":["GET"]}}],"collection":[{"href":"https:\/\/santapola.es\/ca\/wp-json\/wp\/v2\/posts"}],"about":[{"href":"https:\/\/santapola.es\/ca\/wp-json\/wp\/v2\/types\/post"}],"author":[{"embeddable":true,"href":"https:\/\/santapola.es\/ca\/wp-json\/wp\/v2\/users\/96"}],"replies":[{"embeddable":true,"href":"https:\/\/santapola.es\/ca\/wp-json\/wp\/v2\/comments?post=36399"}],"version-history":[{"count":0,"href":"https:\/\/santapola.es\/ca\/wp-json\/wp\/v2\/posts\/36399\/revisions"}],"wp:featuredmedia":[{"embeddable":true,"href":"https:\/\/santapola.es\/ca\/wp-json\/wp\/v2\/media\/36397"}],"wp:attachment":[{"href":"https:\/\/santapola.es\/ca\/wp-json\/wp\/v2\/media?parent=36399"}],"wp:term":[{"taxonomy":"category","embeddable":true,"href":"https:\/\/santapola.es\/ca\/wp-json\/wp\/v2\/categories?post=36399"},{"taxonomy":"post_tag","embeddable":true,"href":"https:\/\/santapola.es\/ca\/wp-json\/wp\/v2\/tags?post=36399"}],"curies":[{"name":"wp","href":"https:\/\/api.w.org\/{rel}","templated":true}]}}