{"id":36393,"date":"2024-02-01T19:17:07","date_gmt":"2024-02-01T18:17:07","guid":{"rendered":"https:\/\/santapola.es\/?p=36393"},"modified":"2024-05-20T10:58:18","modified_gmt":"2024-05-20T08:58:18","slug":"els-comptes-clars-de-la-piscina-municipal","status":"publish","type":"post","link":"https:\/\/santapola.es\/ca\/els-comptes-clars-de-la-piscina-municipal\/","title":{"rendered":"Els comptes clars de la piscina municipal"},"content":{"rendered":"<p><strong>En el dia d&#8217;ahir un programa de televisi\u00f3 a nivell nacional, \u201cTot \u00e9s mentida\u201d de Quatre, va tractar l&#8217;assumpte de la piscina coberta de Santa Pola d&#8217;una manera jocosa i amb esc\u00e0s rigor period\u00edstic, amb dades completament falses i manipulats, i realitzant vetlades acusacions.<\/strong><\/p>\n<p>La curta intervenci\u00f3 del regidor d&#8217;Hisenda, Jos\u00e9 Pedro Mart\u00ednez, rebatent amb dades clares les mentides que s&#8217;havien dit, va ser constantment interrompuda pels col\u00b7laboradors del programa amb comentaris en to de burla. Ahir asseguraven que la piscina havia costat al poble de Santa Pola 8 milions d&#8217;euros. En el programa de hui la xifra ja ha pujat a 12 milions.<\/p>\n<p><strong>Ac\u00ed s\u00ed que \u201ctot \u00e9s veritat\u201d<\/strong><\/p>\n<p>Esta \u00e9s la realitat de la piscina de Santa Pola.<\/p>\n<p>1.- L&#8217;Ajuntament va cedir en el seu moment una parcel\u00b7la municipal a una empresa perqu\u00e8 constru\u00efra i explotara comercialment la piscina <strong>sense cap cost per a les arques p\u00fabliques<\/strong>. L&#8217;Ajuntament no va pagar res.<\/p>\n<p>2.- L&#8217;empresa entra en concurs de creditors quan l&#8217;obra estava constru\u00efda al 82% i queda segrestada en un llarg proc\u00e9s judicial, en el qual <strong>l&#8217;empresa reclama a l&#8217;Ajuntament de Santa Pola<\/strong> una indemnitzaci\u00f3 de 6 milions d&#8217;euros per l&#8217;obra realitzada.<\/p>\n<p>3.- La sent\u00e8ncia judicial \u00e9s <strong>favorable a l&#8217;Ajuntament<\/strong>, que recupera la parcel\u00b7la per un import aproximat d&#8217;<strong>1.550.000 euros<\/strong> que liquida a l&#8217;empresa.<\/p>\n<p><strong>Conclusi\u00f3: l&#8217;obra de la piscina municipal, tal com es troba hui dia, ha costat al poble de Santa Pola un mili\u00f3 i mig d&#8217;euros.<\/strong><\/p>\n<p>Ara, amb estes dades clares i concises que oferim, nom\u00e9s ens queda esperar la deguda rectificaci\u00f3 per part del programa que ha oferit unes dades falses i sense contrastar, ridiculitzant i burlant-se sense cap pudor del poble de Santa Pola en un assumpte tan delicat.<\/p>\n","protected":false},"excerpt":{"rendered":"<p>En el dia d&#8217;ahir un programa de televisi\u00f3 a nivell nacional, \u201cTot \u00e9s mentida\u201d de Quatre, va tractar l&#8217;assumpte de la piscina coberta de Santa Pola d&#8217;una manera jocosa i amb esc\u00e0s rigor period\u00edstic, amb dades completament falses i manipulats, i realitzant vetlades acusacions. La curta intervenci\u00f3 del regidor d&#8217;Hisenda, Jos\u00e9 Pedro Mart\u00ednez, rebatent amb [&hellip;]<\/p>\n","protected":false},"author":96,"featured_media":36391,"comment_status":"closed","ping_status":"closed","sticky":false,"template":"","format":"standard","meta":{"_et_pb_use_builder":"","_et_pb_old_content":"","_et_gb_content_width":"","footnotes":""},"categories":[1],"tags":[636,784],"class_list":["post-36393","post","type-post","status-publish","format-standard","has-post-thumbnail","hentry","category-sin-categorizar","tag-jose-pedro-martinez-ca","tag-piscina-municipal-ca"],"yoast_head":"<!-- This site is optimized with the Yoast SEO plugin v27.4 - https:\/\/yoast.com\/product\/yoast-seo-wordpress\/ -->\n<title>Els comptes clars de la piscina municipal - Ajuntament de Santa Pola<\/title>\n<meta name=\"robots\" content=\"index, follow, max-snippet:-1, max-image-preview:large, max-video-preview:-1\" \/>\n<link rel=\"canonical\" href=\"https:\/\/santapola.es\/ca\/els-comptes-clars-de-la-piscina-municipal\/\" \/>\n<meta property=\"og:locale\" content=\"ca_ES\" \/>\n<meta property=\"og:type\" content=\"article\" \/>\n<meta property=\"og:title\" content=\"Els comptes clars de la piscina municipal - Ajuntament de Santa Pola\" \/>\n<meta property=\"og:description\" content=\"En el dia d&#8217;ahir un programa de televisi\u00f3 a nivell nacional, \u201cTot \u00e9s mentida\u201d de Quatre, va tractar l&#8217;assumpte de la piscina coberta de Santa Pola d&#8217;una manera jocosa i amb esc\u00e0s rigor period\u00edstic, amb dades completament falses i manipulats, i realitzant vetlades acusacions. La curta intervenci\u00f3 del regidor d&#8217;Hisenda, Jos\u00e9 Pedro Mart\u00ednez, rebatent amb [&hellip;]\" \/>\n<meta property=\"og:url\" content=\"https:\/\/santapola.es\/ca\/els-comptes-clars-de-la-piscina-municipal\/\" \/>\n<meta property=\"og:site_name\" content=\"Ajuntament de Santa Pola\" \/>\n<meta property=\"article:publisher\" content=\"https:\/\/www.facebook.com\/AyuntamientoSantaPola\/\" \/>\n<meta property=\"article:published_time\" content=\"2024-02-01T18:17:07+00:00\" \/>\n<meta property=\"article:modified_time\" content=\"2024-05-20T08:58:18+00:00\" \/>\n<meta property=\"og:image\" content=\"https:\/\/santapola.es\/wp-content\/uploads\/2024\/05\/piscina.jpeg\" \/>\n\t<meta property=\"og:image:width\" content=\"1025\" \/>\n\t<meta property=\"og:image:height\" content=\"645\" \/>\n\t<meta property=\"og:image:type\" content=\"image\/jpeg\" \/>\n<meta name=\"author\" content=\"Jos\u00e9 Juan L\u00f3pez Lafuente\" \/>\n<meta name=\"twitter:card\" content=\"summary_large_image\" \/>\n<meta name=\"twitter:creator\" content=\"@SantaPolaAyunt\" \/>\n<meta name=\"twitter:site\" content=\"@SantaPolaAyunt\" \/>\n<script type=\"application\/ld+json\" class=\"yoast-schema-graph\">{\"@context\":\"https:\\\/\\\/schema.org\",\"@graph\":[{\"@type\":\"Article\",\"@id\":\"https:\\\/\\\/santapola.es\\\/ca\\\/els-comptes-clars-de-la-piscina-municipal\\\/#article\",\"isPartOf\":{\"@id\":\"https:\\\/\\\/santapola.es\\\/ca\\\/els-comptes-clars-de-la-piscina-municipal\\\/\"},\"author\":{\"name\":\"Jos\u00e9 Juan L\u00f3pez Lafuente\",\"@id\":\"https:\\\/\\\/santapola.es\\\/ca\\\/#\\\/schema\\\/person\\\/ad1d67403707b58350c7be5e8dbc442d\"},\"headline\":\"Els comptes clars de la piscina municipal\",\"datePublished\":\"2024-02-01T18:17:07+00:00\",\"dateModified\":\"2024-05-20T08:58:18+00:00\",\"mainEntityOfPage\":{\"@id\":\"https:\\\/\\\/santapola.es\\\/ca\\\/els-comptes-clars-de-la-piscina-municipal\\\/\"},\"wordCount\":318,\"image\":{\"@id\":\"https:\\\/\\\/santapola.es\\\/ca\\\/els-comptes-clars-de-la-piscina-municipal\\\/#primaryimage\"},\"thumbnailUrl\":\"https:\\\/\\\/santapola.es\\\/wp-content\\\/uploads\\\/2024\\\/05\\\/piscina.jpeg\",\"keywords\":[\"Jos\u00e9 Pedro Mart\u00ednez\",\"Piscina municipal\"],\"articleSection\":[\"Sin categorizar\"],\"inLanguage\":\"ca\"},{\"@type\":\"WebPage\",\"@id\":\"https:\\\/\\\/santapola.es\\\/ca\\\/els-comptes-clars-de-la-piscina-municipal\\\/\",\"url\":\"https:\\\/\\\/santapola.es\\\/ca\\\/els-comptes-clars-de-la-piscina-municipal\\\/\",\"name\":\"Els comptes clars de la piscina municipal - Ajuntament de Santa Pola\",\"isPartOf\":{\"@id\":\"https:\\\/\\\/santapola.es\\\/ca\\\/#website\"},\"primaryImageOfPage\":{\"@id\":\"https:\\\/\\\/santapola.es\\\/ca\\\/els-comptes-clars-de-la-piscina-municipal\\\/#primaryimage\"},\"image\":{\"@id\":\"https:\\\/\\\/santapola.es\\\/ca\\\/els-comptes-clars-de-la-piscina-municipal\\\/#primaryimage\"},\"thumbnailUrl\":\"https:\\\/\\\/santapola.es\\\/wp-content\\\/uploads\\\/2024\\\/05\\\/piscina.jpeg\",\"datePublished\":\"2024-02-01T18:17:07+00:00\",\"dateModified\":\"2024-05-20T08:58:18+00:00\",\"author\":{\"@id\":\"https:\\\/\\\/santapola.es\\\/ca\\\/#\\\/schema\\\/person\\\/ad1d67403707b58350c7be5e8dbc442d\"},\"breadcrumb\":{\"@id\":\"https:\\\/\\\/santapola.es\\\/ca\\\/els-comptes-clars-de-la-piscina-municipal\\\/#breadcrumb\"},\"inLanguage\":\"ca\",\"potentialAction\":[{\"@type\":\"ReadAction\",\"target\":[\"https:\\\/\\\/santapola.es\\\/ca\\\/els-comptes-clars-de-la-piscina-municipal\\\/\"]}]},{\"@type\":\"ImageObject\",\"inLanguage\":\"ca\",\"@id\":\"https:\\\/\\\/santapola.es\\\/ca\\\/els-comptes-clars-de-la-piscina-municipal\\\/#primaryimage\",\"url\":\"https:\\\/\\\/santapola.es\\\/wp-content\\\/uploads\\\/2024\\\/05\\\/piscina.jpeg\",\"contentUrl\":\"https:\\\/\\\/santapola.es\\\/wp-content\\\/uploads\\\/2024\\\/05\\\/piscina.jpeg\",\"width\":1025,\"height\":645},{\"@type\":\"BreadcrumbList\",\"@id\":\"https:\\\/\\\/santapola.es\\\/ca\\\/els-comptes-clars-de-la-piscina-municipal\\\/#breadcrumb\",\"itemListElement\":[{\"@type\":\"ListItem\",\"position\":1,\"name\":\"Inici\",\"item\":\"https:\\\/\\\/santapola.es\\\/ca\\\/\"},{\"@type\":\"ListItem\",\"position\":2,\"name\":\"Els comptes clars de la piscina municipal\"}]},{\"@type\":\"WebSite\",\"@id\":\"https:\\\/\\\/santapola.es\\\/ca\\\/#website\",\"url\":\"https:\\\/\\\/santapola.es\\\/ca\\\/\",\"name\":\"Ayuntamiento de Santa Pola\",\"description\":\"Web de l'Ajuntament de Santa Pola\",\"potentialAction\":[{\"@type\":\"SearchAction\",\"target\":{\"@type\":\"EntryPoint\",\"urlTemplate\":\"https:\\\/\\\/santapola.es\\\/ca\\\/?s={search_term_string}\"},\"query-input\":{\"@type\":\"PropertyValueSpecification\",\"valueRequired\":true,\"valueName\":\"search_term_string\"}}],\"inLanguage\":\"ca\"},{\"@type\":\"Person\",\"@id\":\"https:\\\/\\\/santapola.es\\\/ca\\\/#\\\/schema\\\/person\\\/ad1d67403707b58350c7be5e8dbc442d\",\"name\":\"Jos\u00e9 Juan L\u00f3pez Lafuente\"}]}<\/script>\n<!-- \/ Yoast SEO plugin. -->","yoast_head_json":{"title":"Els comptes clars de la piscina municipal - Ajuntament de Santa Pola","robots":{"index":"index","follow":"follow","max-snippet":"max-snippet:-1","max-image-preview":"max-image-preview:large","max-video-preview":"max-video-preview:-1"},"canonical":"https:\/\/santapola.es\/ca\/els-comptes-clars-de-la-piscina-municipal\/","og_locale":"ca_ES","og_type":"article","og_title":"Els comptes clars de la piscina municipal - Ajuntament de Santa Pola","og_description":"En el dia d&#8217;ahir un programa de televisi\u00f3 a nivell nacional, \u201cTot \u00e9s mentida\u201d de Quatre, va tractar l&#8217;assumpte de la piscina coberta de Santa Pola d&#8217;una manera jocosa i amb esc\u00e0s rigor period\u00edstic, amb dades completament falses i manipulats, i realitzant vetlades acusacions. La curta intervenci\u00f3 del regidor d&#8217;Hisenda, Jos\u00e9 Pedro Mart\u00ednez, rebatent amb [&hellip;]","og_url":"https:\/\/santapola.es\/ca\/els-comptes-clars-de-la-piscina-municipal\/","og_site_name":"Ajuntament de Santa Pola","article_publisher":"https:\/\/www.facebook.com\/AyuntamientoSantaPola\/","article_published_time":"2024-02-01T18:17:07+00:00","article_modified_time":"2024-05-20T08:58:18+00:00","og_image":[{"width":1025,"height":645,"url":"https:\/\/santapola.es\/wp-content\/uploads\/2024\/05\/piscina.jpeg","type":"image\/jpeg"}],"author":"Jos\u00e9 Juan L\u00f3pez Lafuente","twitter_card":"summary_large_image","twitter_creator":"@SantaPolaAyunt","twitter_site":"@SantaPolaAyunt","schema":{"@context":"https:\/\/schema.org","@graph":[{"@type":"Article","@id":"https:\/\/santapola.es\/ca\/els-comptes-clars-de-la-piscina-municipal\/#article","isPartOf":{"@id":"https:\/\/santapola.es\/ca\/els-comptes-clars-de-la-piscina-municipal\/"},"author":{"name":"Jos\u00e9 Juan L\u00f3pez Lafuente","@id":"https:\/\/santapola.es\/ca\/#\/schema\/person\/ad1d67403707b58350c7be5e8dbc442d"},"headline":"Els comptes clars de la piscina municipal","datePublished":"2024-02-01T18:17:07+00:00","dateModified":"2024-05-20T08:58:18+00:00","mainEntityOfPage":{"@id":"https:\/\/santapola.es\/ca\/els-comptes-clars-de-la-piscina-municipal\/"},"wordCount":318,"image":{"@id":"https:\/\/santapola.es\/ca\/els-comptes-clars-de-la-piscina-municipal\/#primaryimage"},"thumbnailUrl":"https:\/\/santapola.es\/wp-content\/uploads\/2024\/05\/piscina.jpeg","keywords":["Jos\u00e9 Pedro Mart\u00ednez","Piscina municipal"],"articleSection":["Sin categorizar"],"inLanguage":"ca"},{"@type":"WebPage","@id":"https:\/\/santapola.es\/ca\/els-comptes-clars-de-la-piscina-municipal\/","url":"https:\/\/santapola.es\/ca\/els-comptes-clars-de-la-piscina-municipal\/","name":"Els comptes clars de la piscina municipal - Ajuntament de Santa Pola","isPartOf":{"@id":"https:\/\/santapola.es\/ca\/#website"},"primaryImageOfPage":{"@id":"https:\/\/santapola.es\/ca\/els-comptes-clars-de-la-piscina-municipal\/#primaryimage"},"image":{"@id":"https:\/\/santapola.es\/ca\/els-comptes-clars-de-la-piscina-municipal\/#primaryimage"},"thumbnailUrl":"https:\/\/santapola.es\/wp-content\/uploads\/2024\/05\/piscina.jpeg","datePublished":"2024-02-01T18:17:07+00:00","dateModified":"2024-05-20T08:58:18+00:00","author":{"@id":"https:\/\/santapola.es\/ca\/#\/schema\/person\/ad1d67403707b58350c7be5e8dbc442d"},"breadcrumb":{"@id":"https:\/\/santapola.es\/ca\/els-comptes-clars-de-la-piscina-municipal\/#breadcrumb"},"inLanguage":"ca","potentialAction":[{"@type":"ReadAction","target":["https:\/\/santapola.es\/ca\/els-comptes-clars-de-la-piscina-municipal\/"]}]},{"@type":"ImageObject","inLanguage":"ca","@id":"https:\/\/santapola.es\/ca\/els-comptes-clars-de-la-piscina-municipal\/#primaryimage","url":"https:\/\/santapola.es\/wp-content\/uploads\/2024\/05\/piscina.jpeg","contentUrl":"https:\/\/santapola.es\/wp-content\/uploads\/2024\/05\/piscina.jpeg","width":1025,"height":645},{"@type":"BreadcrumbList","@id":"https:\/\/santapola.es\/ca\/els-comptes-clars-de-la-piscina-municipal\/#breadcrumb","itemListElement":[{"@type":"ListItem","position":1,"name":"Inici","item":"https:\/\/santapola.es\/ca\/"},{"@type":"ListItem","position":2,"name":"Els comptes clars de la piscina municipal"}]},{"@type":"WebSite","@id":"https:\/\/santapola.es\/ca\/#website","url":"https:\/\/santapola.es\/ca\/","name":"Ayuntamiento de Santa Pola","description":"Web de l'Ajuntament de Santa Pola","potentialAction":[{"@type":"SearchAction","target":{"@type":"EntryPoint","urlTemplate":"https:\/\/santapola.es\/ca\/?s={search_term_string}"},"query-input":{"@type":"PropertyValueSpecification","valueRequired":true,"valueName":"search_term_string"}}],"inLanguage":"ca"},{"@type":"Person","@id":"https:\/\/santapola.es\/ca\/#\/schema\/person\/ad1d67403707b58350c7be5e8dbc442d","name":"Jos\u00e9 Juan L\u00f3pez Lafuente"}]}},"_links":{"self":[{"href":"https:\/\/santapola.es\/ca\/wp-json\/wp\/v2\/posts\/36393","targetHints":{"allow":["GET"]}}],"collection":[{"href":"https:\/\/santapola.es\/ca\/wp-json\/wp\/v2\/posts"}],"about":[{"href":"https:\/\/santapola.es\/ca\/wp-json\/wp\/v2\/types\/post"}],"author":[{"embeddable":true,"href":"https:\/\/santapola.es\/ca\/wp-json\/wp\/v2\/users\/96"}],"replies":[{"embeddable":true,"href":"https:\/\/santapola.es\/ca\/wp-json\/wp\/v2\/comments?post=36393"}],"version-history":[{"count":0,"href":"https:\/\/santapola.es\/ca\/wp-json\/wp\/v2\/posts\/36393\/revisions"}],"wp:featuredmedia":[{"embeddable":true,"href":"https:\/\/santapola.es\/ca\/wp-json\/wp\/v2\/media\/36391"}],"wp:attachment":[{"href":"https:\/\/santapola.es\/ca\/wp-json\/wp\/v2\/media?parent=36393"}],"wp:term":[{"taxonomy":"category","embeddable":true,"href":"https:\/\/santapola.es\/ca\/wp-json\/wp\/v2\/categories?post=36393"},{"taxonomy":"post_tag","embeddable":true,"href":"https:\/\/santapola.es\/ca\/wp-json\/wp\/v2\/tags?post=36393"}],"curies":[{"name":"wp","href":"https:\/\/api.w.org\/{rel}","templated":true}]}}