{"id":36375,"date":"2024-02-02T19:32:33","date_gmt":"2024-02-02T18:32:33","guid":{"rendered":"https:\/\/santapola.es\/?p=36375"},"modified":"2024-05-20T10:49:52","modified_gmt":"2024-05-20T08:49:52","slug":"lalcaldessa-es-reunix-a-santa-pola-amb-el-director-general-de-ports-per-a-tractar-diversos-assumptes-pendents-de-solucio","status":"publish","type":"post","link":"https:\/\/santapola.es\/ca\/lalcaldessa-es-reunix-a-santa-pola-amb-el-director-general-de-ports-per-a-tractar-diversos-assumptes-pendents-de-solucio\/","title":{"rendered":"L&#8217;alcaldessa es reunix a Santa Pola amb el director general de Ports per a tractar diversos assumptes pendents de soluci\u00f3"},"content":{"rendered":"<p><strong>Vicente Mart\u00ednez Mus s&#8217;ha reunit en les oficines del port amb Loreto Serrano i el regidor de Pesca \u00c1ngel Piedecausa, plantejant temes com la paralitzaci\u00f3 de les obres de l&#8217;estaci\u00f3 per a les tabarqueres, els llocs de peix o el manteniment de la zona portu\u00e0ria.<\/strong><\/p>\n<p>A la cita amb el Vicente Mart\u00ednez s&#8217;han unit tamb\u00e9 el patr\u00f3 major de la Confraria de Pescadors, Jos\u00e9 L\u00f3pez, i representants de l&#8217;Associaci\u00f3 de Ve\u00efns de Tabarca.<\/p>\n<p>Segons ha explicat Loreto Serrano, \u201cel director general de Ports s&#8217;ha despla\u00e7at fins a Santa Pola per a tractar diversos assumptes, en primer lloc amb l&#8217;Associaci\u00f3 de Ve\u00efns de Tabarca que li ha plantejat diversos problemes com les mancances del transport entre l&#8217;illa i la pen\u00ednsula, el port i l&#8217;heliport\u201d.<\/p>\n<p>Tamb\u00e9 la Confraria de Pescadors ha sigut present amb el seu patr\u00f3 major pel projecte de comunitat energ\u00e8tica que estan desenvolupant i en el qual tindran la col\u00b7laboraci\u00f3 de la Conselleria.<\/p>\n<p>\u201cDes de l&#8217;Ajuntament de Santa Pola li hem traslladat les defici\u00e8ncies que tenim en la zona portu\u00e0ria amb la jardineria, la neteja i l&#8217;estat del mobiliari urb\u00e0. Tamb\u00e9 hem parlat de la problem\u00e0tica amb els llocs de peix i ens hem despla\u00e7at fins a la zona on estan construint l&#8217;estaci\u00f3 per a les tabarqueres\u201d, va afegir Serrano.<\/p>\n<p>Estes obres estan paralitzades des d&#8217;abans de finals de l&#8217;any passat, segons l&#8217;alcaldessa \u201cper un problema amb l&#8217;empresa a la qual la Conselleria li va adjudicar la contracta i que, per motius econ\u00f2mics, no la pot continuar\u201d.<\/p>\n<p>Finalment el director general de Ports s&#8217;ha reunit amb el Club N\u00e0utic Santa Pola per a tractar la pr\u00f2rroga de la seua concessi\u00f3.<\/p>\n","protected":false},"excerpt":{"rendered":"<p>Vicente Mart\u00ednez Mus s&#8217;ha reunit en les oficines del port amb Loreto Serrano i el regidor de Pesca \u00c1ngel Piedecausa, plantejant temes com la paralitzaci\u00f3 de les obres de l&#8217;estaci\u00f3 per a les tabarqueres, els llocs de peix o el manteniment de la zona portu\u00e0ria. A la cita amb el Vicente Mart\u00ednez s&#8217;han unit tamb\u00e9 [&hellip;]<\/p>\n","protected":false},"author":96,"featured_media":36371,"comment_status":"closed","ping_status":"closed","sticky":false,"template":"","format":"standard","meta":{"_et_pb_use_builder":"","_et_pb_old_content":"","_et_gb_content_width":"","footnotes":""},"categories":[1],"tags":[581,781,746,736,487],"class_list":["post-36375","post","type-post","status-publish","format-standard","has-post-thumbnail","hentry","category-sin-categorizar","tag-angel-piedecausa-ca","tag-asociacion-de-vecinos-de-tabarca-ca","tag-cofradia-de-pescadores-ca","tag-director-general-de-puertos-ca","tag-loreto-serrano-ca"],"yoast_head":"<!-- This site is optimized with the Yoast SEO plugin v27.4 - https:\/\/yoast.com\/product\/yoast-seo-wordpress\/ -->\n<title>L&#039;alcaldessa es reunix a Santa Pola amb el director general de Ports per a tractar diversos assumptes pendents de soluci\u00f3 - Ajuntament de Santa Pola<\/title>\n<meta name=\"robots\" content=\"index, follow, max-snippet:-1, max-image-preview:large, max-video-preview:-1\" \/>\n<link rel=\"canonical\" href=\"https:\/\/santapola.es\/ca\/lalcaldessa-es-reunix-a-santa-pola-amb-el-director-general-de-ports-per-a-tractar-diversos-assumptes-pendents-de-solucio\/\" \/>\n<meta property=\"og:locale\" content=\"ca_ES\" \/>\n<meta property=\"og:type\" content=\"article\" \/>\n<meta property=\"og:title\" content=\"L&#039;alcaldessa es reunix a Santa Pola amb el director general de Ports per a tractar diversos assumptes pendents de soluci\u00f3 - Ajuntament de Santa Pola\" \/>\n<meta property=\"og:description\" content=\"Vicente Mart\u00ednez Mus s&#8217;ha reunit en les oficines del port amb Loreto Serrano i el regidor de Pesca \u00c1ngel Piedecausa, plantejant temes com la paralitzaci\u00f3 de les obres de l&#8217;estaci\u00f3 per a les tabarqueres, els llocs de peix o el manteniment de la zona portu\u00e0ria. A la cita amb el Vicente Mart\u00ednez s&#8217;han unit tamb\u00e9 [&hellip;]\" \/>\n<meta property=\"og:url\" content=\"https:\/\/santapola.es\/ca\/lalcaldessa-es-reunix-a-santa-pola-amb-el-director-general-de-ports-per-a-tractar-diversos-assumptes-pendents-de-solucio\/\" \/>\n<meta property=\"og:site_name\" content=\"Ajuntament de Santa Pola\" \/>\n<meta property=\"article:publisher\" content=\"https:\/\/www.facebook.com\/AyuntamientoSantaPola\/\" \/>\n<meta property=\"article:published_time\" content=\"2024-02-02T18:32:33+00:00\" \/>\n<meta property=\"article:modified_time\" content=\"2024-05-20T08:49:52+00:00\" \/>\n<meta property=\"og:image\" content=\"https:\/\/santapola.es\/wp-content\/uploads\/2024\/05\/2024-02-02-DG-Puertos-1.jpeg\" \/>\n\t<meta property=\"og:image:width\" content=\"1600\" \/>\n\t<meta property=\"og:image:height\" content=\"900\" \/>\n\t<meta property=\"og:image:type\" content=\"image\/jpeg\" \/>\n<meta name=\"author\" content=\"Jos\u00e9 Juan L\u00f3pez Lafuente\" \/>\n<meta name=\"twitter:card\" content=\"summary_large_image\" \/>\n<meta name=\"twitter:creator\" content=\"@SantaPolaAyunt\" \/>\n<meta name=\"twitter:site\" content=\"@SantaPolaAyunt\" \/>\n<script type=\"application\/ld+json\" class=\"yoast-schema-graph\">{\"@context\":\"https:\\\/\\\/schema.org\",\"@graph\":[{\"@type\":\"Article\",\"@id\":\"https:\\\/\\\/santapola.es\\\/ca\\\/lalcaldessa-es-reunix-a-santa-pola-amb-el-director-general-de-ports-per-a-tractar-diversos-assumptes-pendents-de-solucio\\\/#article\",\"isPartOf\":{\"@id\":\"https:\\\/\\\/santapola.es\\\/ca\\\/lalcaldessa-es-reunix-a-santa-pola-amb-el-director-general-de-ports-per-a-tractar-diversos-assumptes-pendents-de-solucio\\\/\"},\"author\":{\"name\":\"Jos\u00e9 Juan L\u00f3pez Lafuente\",\"@id\":\"https:\\\/\\\/santapola.es\\\/ca\\\/#\\\/schema\\\/person\\\/ad1d67403707b58350c7be5e8dbc442d\"},\"headline\":\"L&#8217;alcaldessa es reunix a Santa Pola amb el director general de Ports per a tractar diversos assumptes pendents de soluci\u00f3\",\"datePublished\":\"2024-02-02T18:32:33+00:00\",\"dateModified\":\"2024-05-20T08:49:52+00:00\",\"mainEntityOfPage\":{\"@id\":\"https:\\\/\\\/santapola.es\\\/ca\\\/lalcaldessa-es-reunix-a-santa-pola-amb-el-director-general-de-ports-per-a-tractar-diversos-assumptes-pendents-de-solucio\\\/\"},\"wordCount\":325,\"image\":{\"@id\":\"https:\\\/\\\/santapola.es\\\/ca\\\/lalcaldessa-es-reunix-a-santa-pola-amb-el-director-general-de-ports-per-a-tractar-diversos-assumptes-pendents-de-solucio\\\/#primaryimage\"},\"thumbnailUrl\":\"https:\\\/\\\/santapola.es\\\/wp-content\\\/uploads\\\/2024\\\/05\\\/2024-02-02-DG-Puertos-1.jpeg\",\"keywords\":[\"\u00c1ngel Piedecausa\",\"Asociaci\u00f3n de Vecinos de Tabarca\",\"Cofrad\u00eda de Pescadores\",\"Director General de Puertos\",\"Loreto Serrano\"],\"articleSection\":[\"Sin categorizar\"],\"inLanguage\":\"ca\"},{\"@type\":\"WebPage\",\"@id\":\"https:\\\/\\\/santapola.es\\\/ca\\\/lalcaldessa-es-reunix-a-santa-pola-amb-el-director-general-de-ports-per-a-tractar-diversos-assumptes-pendents-de-solucio\\\/\",\"url\":\"https:\\\/\\\/santapola.es\\\/ca\\\/lalcaldessa-es-reunix-a-santa-pola-amb-el-director-general-de-ports-per-a-tractar-diversos-assumptes-pendents-de-solucio\\\/\",\"name\":\"L'alcaldessa es reunix a Santa Pola amb el director general de Ports per a tractar diversos assumptes pendents de soluci\u00f3 - Ajuntament de Santa Pola\",\"isPartOf\":{\"@id\":\"https:\\\/\\\/santapola.es\\\/ca\\\/#website\"},\"primaryImageOfPage\":{\"@id\":\"https:\\\/\\\/santapola.es\\\/ca\\\/lalcaldessa-es-reunix-a-santa-pola-amb-el-director-general-de-ports-per-a-tractar-diversos-assumptes-pendents-de-solucio\\\/#primaryimage\"},\"image\":{\"@id\":\"https:\\\/\\\/santapola.es\\\/ca\\\/lalcaldessa-es-reunix-a-santa-pola-amb-el-director-general-de-ports-per-a-tractar-diversos-assumptes-pendents-de-solucio\\\/#primaryimage\"},\"thumbnailUrl\":\"https:\\\/\\\/santapola.es\\\/wp-content\\\/uploads\\\/2024\\\/05\\\/2024-02-02-DG-Puertos-1.jpeg\",\"datePublished\":\"2024-02-02T18:32:33+00:00\",\"dateModified\":\"2024-05-20T08:49:52+00:00\",\"author\":{\"@id\":\"https:\\\/\\\/santapola.es\\\/ca\\\/#\\\/schema\\\/person\\\/ad1d67403707b58350c7be5e8dbc442d\"},\"breadcrumb\":{\"@id\":\"https:\\\/\\\/santapola.es\\\/ca\\\/lalcaldessa-es-reunix-a-santa-pola-amb-el-director-general-de-ports-per-a-tractar-diversos-assumptes-pendents-de-solucio\\\/#breadcrumb\"},\"inLanguage\":\"ca\",\"potentialAction\":[{\"@type\":\"ReadAction\",\"target\":[\"https:\\\/\\\/santapola.es\\\/ca\\\/lalcaldessa-es-reunix-a-santa-pola-amb-el-director-general-de-ports-per-a-tractar-diversos-assumptes-pendents-de-solucio\\\/\"]}]},{\"@type\":\"ImageObject\",\"inLanguage\":\"ca\",\"@id\":\"https:\\\/\\\/santapola.es\\\/ca\\\/lalcaldessa-es-reunix-a-santa-pola-amb-el-director-general-de-ports-per-a-tractar-diversos-assumptes-pendents-de-solucio\\\/#primaryimage\",\"url\":\"https:\\\/\\\/santapola.es\\\/wp-content\\\/uploads\\\/2024\\\/05\\\/2024-02-02-DG-Puertos-1.jpeg\",\"contentUrl\":\"https:\\\/\\\/santapola.es\\\/wp-content\\\/uploads\\\/2024\\\/05\\\/2024-02-02-DG-Puertos-1.jpeg\",\"width\":1600,\"height\":900},{\"@type\":\"BreadcrumbList\",\"@id\":\"https:\\\/\\\/santapola.es\\\/ca\\\/lalcaldessa-es-reunix-a-santa-pola-amb-el-director-general-de-ports-per-a-tractar-diversos-assumptes-pendents-de-solucio\\\/#breadcrumb\",\"itemListElement\":[{\"@type\":\"ListItem\",\"position\":1,\"name\":\"Inici\",\"item\":\"https:\\\/\\\/santapola.es\\\/ca\\\/\"},{\"@type\":\"ListItem\",\"position\":2,\"name\":\"L&#8217;alcaldessa es reunix a Santa Pola amb el director general de Ports per a tractar diversos assumptes pendents de soluci\u00f3\"}]},{\"@type\":\"WebSite\",\"@id\":\"https:\\\/\\\/santapola.es\\\/ca\\\/#website\",\"url\":\"https:\\\/\\\/santapola.es\\\/ca\\\/\",\"name\":\"Ayuntamiento de Santa Pola\",\"description\":\"Web de l'Ajuntament de Santa Pola\",\"potentialAction\":[{\"@type\":\"SearchAction\",\"target\":{\"@type\":\"EntryPoint\",\"urlTemplate\":\"https:\\\/\\\/santapola.es\\\/ca\\\/?s={search_term_string}\"},\"query-input\":{\"@type\":\"PropertyValueSpecification\",\"valueRequired\":true,\"valueName\":\"search_term_string\"}}],\"inLanguage\":\"ca\"},{\"@type\":\"Person\",\"@id\":\"https:\\\/\\\/santapola.es\\\/ca\\\/#\\\/schema\\\/person\\\/ad1d67403707b58350c7be5e8dbc442d\",\"name\":\"Jos\u00e9 Juan L\u00f3pez Lafuente\"}]}<\/script>\n<!-- \/ Yoast SEO plugin. -->","yoast_head_json":{"title":"L'alcaldessa es reunix a Santa Pola amb el director general de Ports per a tractar diversos assumptes pendents de soluci\u00f3 - Ajuntament de Santa Pola","robots":{"index":"index","follow":"follow","max-snippet":"max-snippet:-1","max-image-preview":"max-image-preview:large","max-video-preview":"max-video-preview:-1"},"canonical":"https:\/\/santapola.es\/ca\/lalcaldessa-es-reunix-a-santa-pola-amb-el-director-general-de-ports-per-a-tractar-diversos-assumptes-pendents-de-solucio\/","og_locale":"ca_ES","og_type":"article","og_title":"L'alcaldessa es reunix a Santa Pola amb el director general de Ports per a tractar diversos assumptes pendents de soluci\u00f3 - Ajuntament de Santa Pola","og_description":"Vicente Mart\u00ednez Mus s&#8217;ha reunit en les oficines del port amb Loreto Serrano i el regidor de Pesca \u00c1ngel Piedecausa, plantejant temes com la paralitzaci\u00f3 de les obres de l&#8217;estaci\u00f3 per a les tabarqueres, els llocs de peix o el manteniment de la zona portu\u00e0ria. A la cita amb el Vicente Mart\u00ednez s&#8217;han unit tamb\u00e9 [&hellip;]","og_url":"https:\/\/santapola.es\/ca\/lalcaldessa-es-reunix-a-santa-pola-amb-el-director-general-de-ports-per-a-tractar-diversos-assumptes-pendents-de-solucio\/","og_site_name":"Ajuntament de Santa Pola","article_publisher":"https:\/\/www.facebook.com\/AyuntamientoSantaPola\/","article_published_time":"2024-02-02T18:32:33+00:00","article_modified_time":"2024-05-20T08:49:52+00:00","og_image":[{"width":1600,"height":900,"url":"https:\/\/santapola.es\/wp-content\/uploads\/2024\/05\/2024-02-02-DG-Puertos-1.jpeg","type":"image\/jpeg"}],"author":"Jos\u00e9 Juan L\u00f3pez Lafuente","twitter_card":"summary_large_image","twitter_creator":"@SantaPolaAyunt","twitter_site":"@SantaPolaAyunt","schema":{"@context":"https:\/\/schema.org","@graph":[{"@type":"Article","@id":"https:\/\/santapola.es\/ca\/lalcaldessa-es-reunix-a-santa-pola-amb-el-director-general-de-ports-per-a-tractar-diversos-assumptes-pendents-de-solucio\/#article","isPartOf":{"@id":"https:\/\/santapola.es\/ca\/lalcaldessa-es-reunix-a-santa-pola-amb-el-director-general-de-ports-per-a-tractar-diversos-assumptes-pendents-de-solucio\/"},"author":{"name":"Jos\u00e9 Juan L\u00f3pez Lafuente","@id":"https:\/\/santapola.es\/ca\/#\/schema\/person\/ad1d67403707b58350c7be5e8dbc442d"},"headline":"L&#8217;alcaldessa es reunix a Santa Pola amb el director general de Ports per a tractar diversos assumptes pendents de soluci\u00f3","datePublished":"2024-02-02T18:32:33+00:00","dateModified":"2024-05-20T08:49:52+00:00","mainEntityOfPage":{"@id":"https:\/\/santapola.es\/ca\/lalcaldessa-es-reunix-a-santa-pola-amb-el-director-general-de-ports-per-a-tractar-diversos-assumptes-pendents-de-solucio\/"},"wordCount":325,"image":{"@id":"https:\/\/santapola.es\/ca\/lalcaldessa-es-reunix-a-santa-pola-amb-el-director-general-de-ports-per-a-tractar-diversos-assumptes-pendents-de-solucio\/#primaryimage"},"thumbnailUrl":"https:\/\/santapola.es\/wp-content\/uploads\/2024\/05\/2024-02-02-DG-Puertos-1.jpeg","keywords":["\u00c1ngel Piedecausa","Asociaci\u00f3n de Vecinos de Tabarca","Cofrad\u00eda de Pescadores","Director General de Puertos","Loreto Serrano"],"articleSection":["Sin categorizar"],"inLanguage":"ca"},{"@type":"WebPage","@id":"https:\/\/santapola.es\/ca\/lalcaldessa-es-reunix-a-santa-pola-amb-el-director-general-de-ports-per-a-tractar-diversos-assumptes-pendents-de-solucio\/","url":"https:\/\/santapola.es\/ca\/lalcaldessa-es-reunix-a-santa-pola-amb-el-director-general-de-ports-per-a-tractar-diversos-assumptes-pendents-de-solucio\/","name":"L'alcaldessa es reunix a Santa Pola amb el director general de Ports per a tractar diversos assumptes pendents de soluci\u00f3 - Ajuntament de Santa Pola","isPartOf":{"@id":"https:\/\/santapola.es\/ca\/#website"},"primaryImageOfPage":{"@id":"https:\/\/santapola.es\/ca\/lalcaldessa-es-reunix-a-santa-pola-amb-el-director-general-de-ports-per-a-tractar-diversos-assumptes-pendents-de-solucio\/#primaryimage"},"image":{"@id":"https:\/\/santapola.es\/ca\/lalcaldessa-es-reunix-a-santa-pola-amb-el-director-general-de-ports-per-a-tractar-diversos-assumptes-pendents-de-solucio\/#primaryimage"},"thumbnailUrl":"https:\/\/santapola.es\/wp-content\/uploads\/2024\/05\/2024-02-02-DG-Puertos-1.jpeg","datePublished":"2024-02-02T18:32:33+00:00","dateModified":"2024-05-20T08:49:52+00:00","author":{"@id":"https:\/\/santapola.es\/ca\/#\/schema\/person\/ad1d67403707b58350c7be5e8dbc442d"},"breadcrumb":{"@id":"https:\/\/santapola.es\/ca\/lalcaldessa-es-reunix-a-santa-pola-amb-el-director-general-de-ports-per-a-tractar-diversos-assumptes-pendents-de-solucio\/#breadcrumb"},"inLanguage":"ca","potentialAction":[{"@type":"ReadAction","target":["https:\/\/santapola.es\/ca\/lalcaldessa-es-reunix-a-santa-pola-amb-el-director-general-de-ports-per-a-tractar-diversos-assumptes-pendents-de-solucio\/"]}]},{"@type":"ImageObject","inLanguage":"ca","@id":"https:\/\/santapola.es\/ca\/lalcaldessa-es-reunix-a-santa-pola-amb-el-director-general-de-ports-per-a-tractar-diversos-assumptes-pendents-de-solucio\/#primaryimage","url":"https:\/\/santapola.es\/wp-content\/uploads\/2024\/05\/2024-02-02-DG-Puertos-1.jpeg","contentUrl":"https:\/\/santapola.es\/wp-content\/uploads\/2024\/05\/2024-02-02-DG-Puertos-1.jpeg","width":1600,"height":900},{"@type":"BreadcrumbList","@id":"https:\/\/santapola.es\/ca\/lalcaldessa-es-reunix-a-santa-pola-amb-el-director-general-de-ports-per-a-tractar-diversos-assumptes-pendents-de-solucio\/#breadcrumb","itemListElement":[{"@type":"ListItem","position":1,"name":"Inici","item":"https:\/\/santapola.es\/ca\/"},{"@type":"ListItem","position":2,"name":"L&#8217;alcaldessa es reunix a Santa Pola amb el director general de Ports per a tractar diversos assumptes pendents de soluci\u00f3"}]},{"@type":"WebSite","@id":"https:\/\/santapola.es\/ca\/#website","url":"https:\/\/santapola.es\/ca\/","name":"Ayuntamiento de Santa Pola","description":"Web de l'Ajuntament de Santa Pola","potentialAction":[{"@type":"SearchAction","target":{"@type":"EntryPoint","urlTemplate":"https:\/\/santapola.es\/ca\/?s={search_term_string}"},"query-input":{"@type":"PropertyValueSpecification","valueRequired":true,"valueName":"search_term_string"}}],"inLanguage":"ca"},{"@type":"Person","@id":"https:\/\/santapola.es\/ca\/#\/schema\/person\/ad1d67403707b58350c7be5e8dbc442d","name":"Jos\u00e9 Juan L\u00f3pez Lafuente"}]}},"_links":{"self":[{"href":"https:\/\/santapola.es\/ca\/wp-json\/wp\/v2\/posts\/36375","targetHints":{"allow":["GET"]}}],"collection":[{"href":"https:\/\/santapola.es\/ca\/wp-json\/wp\/v2\/posts"}],"about":[{"href":"https:\/\/santapola.es\/ca\/wp-json\/wp\/v2\/types\/post"}],"author":[{"embeddable":true,"href":"https:\/\/santapola.es\/ca\/wp-json\/wp\/v2\/users\/96"}],"replies":[{"embeddable":true,"href":"https:\/\/santapola.es\/ca\/wp-json\/wp\/v2\/comments?post=36375"}],"version-history":[{"count":0,"href":"https:\/\/santapola.es\/ca\/wp-json\/wp\/v2\/posts\/36375\/revisions"}],"wp:featuredmedia":[{"embeddable":true,"href":"https:\/\/santapola.es\/ca\/wp-json\/wp\/v2\/media\/36371"}],"wp:attachment":[{"href":"https:\/\/santapola.es\/ca\/wp-json\/wp\/v2\/media?parent=36375"}],"wp:term":[{"taxonomy":"category","embeddable":true,"href":"https:\/\/santapola.es\/ca\/wp-json\/wp\/v2\/categories?post=36375"},{"taxonomy":"post_tag","embeddable":true,"href":"https:\/\/santapola.es\/ca\/wp-json\/wp\/v2\/tags?post=36375"}],"curies":[{"name":"wp","href":"https:\/\/api.w.org\/{rel}","templated":true}]}}