{"id":36361,"date":"2024-02-08T15:00:44","date_gmt":"2024-02-08T14:00:44","guid":{"rendered":"https:\/\/santapola.es\/?p=36361"},"modified":"2024-05-20T10:36:38","modified_gmt":"2024-05-20T08:36:38","slug":"lajuntament-de-santa-pola-cedix-una-sala-municipal-a-lassociacio-de-veins-de-gran-alacant","status":"publish","type":"post","link":"https:\/\/santapola.es\/ca\/lajuntament-de-santa-pola-cedix-una-sala-municipal-a-lassociacio-de-veins-de-gran-alacant\/","title":{"rendered":"L&#8217;Ajuntament de Santa Pola cedix una sala municipal a l&#8217;Associaci\u00f3 de Ve\u00efns de Gran Alacant"},"content":{"rendered":"<p><strong>Este mat\u00ed s&#8217;ha rubricat el conveni que permetr\u00e0 al col\u00b7lectiu ve\u00efnal utilitzar per a les seues activitats una sala situada en les instal\u00b7lacions del mercat ambulant de l&#8217;avinguda d&#8217;Escandin\u00e0via que havia quedat disponible.<\/strong><\/p>\n<p>L&#8217;alcaldessa Loreto Serrano i el president de l&#8217;Associaci\u00f3 de Ve\u00efns de Gran Alacant, Jos\u00e9 Luis Gil, han firmat hui el conveni a trav\u00e9s del qual l&#8217;Ajuntament cedix a l&#8217;entitat ve\u00efnal l&#8217;\u00fas d&#8217;un local al costat de la cantina del mercat ambulant municipal situat en l&#8217;avinguda d&#8217;Escandin\u00e0via, que ha quedat disponible despr\u00e9s del trasllat del mercat ambulant a una altra ubicaci\u00f3 en haver ocupat este espai l&#8217;institut de secund\u00e0ria provisional.<\/p>\n<p>Borja Merino i \u00d3scar Valenzuela, regidors de Gran Alacant, han valorat \u201cpositivament la firma d&#8217;este conveni que contribuir\u00e0, sens dubte, a fomentar la participaci\u00f3 ve\u00efnal i la participaci\u00f3 de tots els residents del barri de Gran Alacant en les futures decisions i projectes que l&#8217;Ajuntament t\u00e9. Suposa un avan\u00e7 i un altre exemple m\u00e9s del comprom\u00eds que l&#8217;Ajuntament t\u00e9 amb el barri i que se suma a totes les infraestructures i servicis que estan ara en desenvolupament\u201d.<\/p>\n<p>D&#8217;altra banda, el regidor de Mercats ambulants, Joaqu\u00edn Lozano, va declarar que \u201ces complix una demanda hist\u00f2rica de l&#8217;associaci\u00f3 de ve\u00efns que sol\u00b7licitaven l&#8217;\u00fas d&#8217;una instal\u00b7laci\u00f3 municipal. En traslladar el mercat ambulant a l&#8217;actual ubicaci\u00f3 al carrer Creta van quedar eixes instal\u00b7lacions disponibles i la primera opci\u00f3 d&#8217;esta regidoria va ser cedir-la a l&#8217;Associaci\u00f3 de Ve\u00efns perqu\u00e8 tinguen un espai on puguen reunir-se i realitzar les seues activitats de manera estable\u201d.<\/p>\n","protected":false},"excerpt":{"rendered":"<p>Este mat\u00ed s&#8217;ha rubricat el conveni que permetr\u00e0 al col\u00b7lectiu ve\u00efnal utilitzar per a les seues activitats una sala situada en les instal\u00b7lacions del mercat ambulant de l&#8217;avinguda d&#8217;Escandin\u00e0via que havia quedat disponible. L&#8217;alcaldessa Loreto Serrano i el president de l&#8217;Associaci\u00f3 de Ve\u00efns de Gran Alacant, Jos\u00e9 Luis Gil, han firmat hui el conveni a [&hellip;]<\/p>\n","protected":false},"author":96,"featured_media":36359,"comment_status":"closed","ping_status":"closed","sticky":false,"template":"","format":"standard","meta":{"_et_pb_use_builder":"","_et_pb_old_content":"","_et_gb_content_width":"","footnotes":""},"categories":[588,560],"tags":[779,582,498,487,619],"class_list":["post-36361","post","type-post","status-publish","format-standard","has-post-thumbnail","hentry","category-gran-alacant-2","category-mercats","tag-asociacion-de-vecinos-de-gran-alacant-ca","tag-borja-merino-ca","tag-joaquin-lozano-ca","tag-loreto-serrano-ca","tag-oscar-valenzuela-ca"],"yoast_head":"<!-- This site is optimized with the Yoast SEO plugin v27.4 - https:\/\/yoast.com\/product\/yoast-seo-wordpress\/ -->\n<title>L&#039;Ajuntament de Santa Pola cedix una sala municipal a l&#039;Associaci\u00f3 de Ve\u00efns de Gran Alacant - Ajuntament de Santa Pola<\/title>\n<meta name=\"robots\" content=\"index, follow, max-snippet:-1, max-image-preview:large, max-video-preview:-1\" \/>\n<link rel=\"canonical\" href=\"https:\/\/santapola.es\/ca\/lajuntament-de-santa-pola-cedix-una-sala-municipal-a-lassociacio-de-veins-de-gran-alacant\/\" \/>\n<meta property=\"og:locale\" content=\"ca_ES\" \/>\n<meta property=\"og:type\" content=\"article\" \/>\n<meta property=\"og:title\" content=\"L&#039;Ajuntament de Santa Pola cedix una sala municipal a l&#039;Associaci\u00f3 de Ve\u00efns de Gran Alacant - Ajuntament de Santa Pola\" \/>\n<meta property=\"og:description\" content=\"Este mat\u00ed s&#8217;ha rubricat el conveni que permetr\u00e0 al col\u00b7lectiu ve\u00efnal utilitzar per a les seues activitats una sala situada en les instal\u00b7lacions del mercat ambulant de l&#8217;avinguda d&#8217;Escandin\u00e0via que havia quedat disponible. L&#8217;alcaldessa Loreto Serrano i el president de l&#8217;Associaci\u00f3 de Ve\u00efns de Gran Alacant, Jos\u00e9 Luis Gil, han firmat hui el conveni a [&hellip;]\" \/>\n<meta property=\"og:url\" content=\"https:\/\/santapola.es\/ca\/lajuntament-de-santa-pola-cedix-una-sala-municipal-a-lassociacio-de-veins-de-gran-alacant\/\" \/>\n<meta property=\"og:site_name\" content=\"Ajuntament de Santa Pola\" \/>\n<meta property=\"article:publisher\" content=\"https:\/\/www.facebook.com\/AyuntamientoSantaPola\/\" \/>\n<meta property=\"article:published_time\" content=\"2024-02-08T14:00:44+00:00\" \/>\n<meta property=\"article:modified_time\" content=\"2024-05-20T08:36:38+00:00\" \/>\n<meta property=\"og:image\" content=\"https:\/\/santapola.es\/wp-content\/uploads\/2024\/05\/2024-02-08-convenio-AAVV-Gran-Alacant.jpg\" \/>\n\t<meta property=\"og:image:width\" content=\"1920\" \/>\n\t<meta property=\"og:image:height\" content=\"1271\" \/>\n\t<meta property=\"og:image:type\" content=\"image\/jpeg\" \/>\n<meta name=\"author\" content=\"Jos\u00e9 Juan L\u00f3pez Lafuente\" \/>\n<meta name=\"twitter:card\" content=\"summary_large_image\" \/>\n<meta name=\"twitter:creator\" content=\"@SantaPolaAyunt\" \/>\n<meta name=\"twitter:site\" content=\"@SantaPolaAyunt\" \/>\n<script type=\"application\/ld+json\" class=\"yoast-schema-graph\">{\"@context\":\"https:\\\/\\\/schema.org\",\"@graph\":[{\"@type\":\"Article\",\"@id\":\"https:\\\/\\\/santapola.es\\\/ca\\\/lajuntament-de-santa-pola-cedix-una-sala-municipal-a-lassociacio-de-veins-de-gran-alacant\\\/#article\",\"isPartOf\":{\"@id\":\"https:\\\/\\\/santapola.es\\\/ca\\\/lajuntament-de-santa-pola-cedix-una-sala-municipal-a-lassociacio-de-veins-de-gran-alacant\\\/\"},\"author\":{\"name\":\"Jos\u00e9 Juan L\u00f3pez Lafuente\",\"@id\":\"https:\\\/\\\/santapola.es\\\/ca\\\/#\\\/schema\\\/person\\\/ad1d67403707b58350c7be5e8dbc442d\"},\"headline\":\"L&#8217;Ajuntament de Santa Pola cedix una sala municipal a l&#8217;Associaci\u00f3 de Ve\u00efns de Gran Alacant\",\"datePublished\":\"2024-02-08T14:00:44+00:00\",\"dateModified\":\"2024-05-20T08:36:38+00:00\",\"mainEntityOfPage\":{\"@id\":\"https:\\\/\\\/santapola.es\\\/ca\\\/lajuntament-de-santa-pola-cedix-una-sala-municipal-a-lassociacio-de-veins-de-gran-alacant\\\/\"},\"wordCount\":310,\"image\":{\"@id\":\"https:\\\/\\\/santapola.es\\\/ca\\\/lajuntament-de-santa-pola-cedix-una-sala-municipal-a-lassociacio-de-veins-de-gran-alacant\\\/#primaryimage\"},\"thumbnailUrl\":\"https:\\\/\\\/santapola.es\\\/wp-content\\\/uploads\\\/2024\\\/05\\\/2024-02-08-convenio-AAVV-Gran-Alacant.jpg\",\"keywords\":[\"Asociaci\u00f3n de Vecinos de Gran Alacant\",\"Borja Merino\",\"Joaqu\u00edn Lozano\",\"Loreto Serrano\",\"\u00d3scar Valenzuela\"],\"articleSection\":[\"Gran Alacant\",\"Mercats\"],\"inLanguage\":\"ca\"},{\"@type\":\"WebPage\",\"@id\":\"https:\\\/\\\/santapola.es\\\/ca\\\/lajuntament-de-santa-pola-cedix-una-sala-municipal-a-lassociacio-de-veins-de-gran-alacant\\\/\",\"url\":\"https:\\\/\\\/santapola.es\\\/ca\\\/lajuntament-de-santa-pola-cedix-una-sala-municipal-a-lassociacio-de-veins-de-gran-alacant\\\/\",\"name\":\"L'Ajuntament de Santa Pola cedix una sala municipal a l'Associaci\u00f3 de Ve\u00efns de Gran Alacant - Ajuntament de Santa Pola\",\"isPartOf\":{\"@id\":\"https:\\\/\\\/santapola.es\\\/ca\\\/#website\"},\"primaryImageOfPage\":{\"@id\":\"https:\\\/\\\/santapola.es\\\/ca\\\/lajuntament-de-santa-pola-cedix-una-sala-municipal-a-lassociacio-de-veins-de-gran-alacant\\\/#primaryimage\"},\"image\":{\"@id\":\"https:\\\/\\\/santapola.es\\\/ca\\\/lajuntament-de-santa-pola-cedix-una-sala-municipal-a-lassociacio-de-veins-de-gran-alacant\\\/#primaryimage\"},\"thumbnailUrl\":\"https:\\\/\\\/santapola.es\\\/wp-content\\\/uploads\\\/2024\\\/05\\\/2024-02-08-convenio-AAVV-Gran-Alacant.jpg\",\"datePublished\":\"2024-02-08T14:00:44+00:00\",\"dateModified\":\"2024-05-20T08:36:38+00:00\",\"author\":{\"@id\":\"https:\\\/\\\/santapola.es\\\/ca\\\/#\\\/schema\\\/person\\\/ad1d67403707b58350c7be5e8dbc442d\"},\"breadcrumb\":{\"@id\":\"https:\\\/\\\/santapola.es\\\/ca\\\/lajuntament-de-santa-pola-cedix-una-sala-municipal-a-lassociacio-de-veins-de-gran-alacant\\\/#breadcrumb\"},\"inLanguage\":\"ca\",\"potentialAction\":[{\"@type\":\"ReadAction\",\"target\":[\"https:\\\/\\\/santapola.es\\\/ca\\\/lajuntament-de-santa-pola-cedix-una-sala-municipal-a-lassociacio-de-veins-de-gran-alacant\\\/\"]}]},{\"@type\":\"ImageObject\",\"inLanguage\":\"ca\",\"@id\":\"https:\\\/\\\/santapola.es\\\/ca\\\/lajuntament-de-santa-pola-cedix-una-sala-municipal-a-lassociacio-de-veins-de-gran-alacant\\\/#primaryimage\",\"url\":\"https:\\\/\\\/santapola.es\\\/wp-content\\\/uploads\\\/2024\\\/05\\\/2024-02-08-convenio-AAVV-Gran-Alacant.jpg\",\"contentUrl\":\"https:\\\/\\\/santapola.es\\\/wp-content\\\/uploads\\\/2024\\\/05\\\/2024-02-08-convenio-AAVV-Gran-Alacant.jpg\",\"width\":1920,\"height\":1271,\"caption\":\"ARSP TELEVISION\"},{\"@type\":\"BreadcrumbList\",\"@id\":\"https:\\\/\\\/santapola.es\\\/ca\\\/lajuntament-de-santa-pola-cedix-una-sala-municipal-a-lassociacio-de-veins-de-gran-alacant\\\/#breadcrumb\",\"itemListElement\":[{\"@type\":\"ListItem\",\"position\":1,\"name\":\"Inici\",\"item\":\"https:\\\/\\\/santapola.es\\\/ca\\\/\"},{\"@type\":\"ListItem\",\"position\":2,\"name\":\"L&#8217;Ajuntament de Santa Pola cedix una sala municipal a l&#8217;Associaci\u00f3 de Ve\u00efns de Gran Alacant\"}]},{\"@type\":\"WebSite\",\"@id\":\"https:\\\/\\\/santapola.es\\\/ca\\\/#website\",\"url\":\"https:\\\/\\\/santapola.es\\\/ca\\\/\",\"name\":\"Ayuntamiento de Santa Pola\",\"description\":\"Web de l'Ajuntament de Santa Pola\",\"potentialAction\":[{\"@type\":\"SearchAction\",\"target\":{\"@type\":\"EntryPoint\",\"urlTemplate\":\"https:\\\/\\\/santapola.es\\\/ca\\\/?s={search_term_string}\"},\"query-input\":{\"@type\":\"PropertyValueSpecification\",\"valueRequired\":true,\"valueName\":\"search_term_string\"}}],\"inLanguage\":\"ca\"},{\"@type\":\"Person\",\"@id\":\"https:\\\/\\\/santapola.es\\\/ca\\\/#\\\/schema\\\/person\\\/ad1d67403707b58350c7be5e8dbc442d\",\"name\":\"Jos\u00e9 Juan L\u00f3pez Lafuente\"}]}<\/script>\n<!-- \/ Yoast SEO plugin. -->","yoast_head_json":{"title":"L'Ajuntament de Santa Pola cedix una sala municipal a l'Associaci\u00f3 de Ve\u00efns de Gran Alacant - Ajuntament de Santa Pola","robots":{"index":"index","follow":"follow","max-snippet":"max-snippet:-1","max-image-preview":"max-image-preview:large","max-video-preview":"max-video-preview:-1"},"canonical":"https:\/\/santapola.es\/ca\/lajuntament-de-santa-pola-cedix-una-sala-municipal-a-lassociacio-de-veins-de-gran-alacant\/","og_locale":"ca_ES","og_type":"article","og_title":"L'Ajuntament de Santa Pola cedix una sala municipal a l'Associaci\u00f3 de Ve\u00efns de Gran Alacant - Ajuntament de Santa Pola","og_description":"Este mat\u00ed s&#8217;ha rubricat el conveni que permetr\u00e0 al col\u00b7lectiu ve\u00efnal utilitzar per a les seues activitats una sala situada en les instal\u00b7lacions del mercat ambulant de l&#8217;avinguda d&#8217;Escandin\u00e0via que havia quedat disponible. L&#8217;alcaldessa Loreto Serrano i el president de l&#8217;Associaci\u00f3 de Ve\u00efns de Gran Alacant, Jos\u00e9 Luis Gil, han firmat hui el conveni a [&hellip;]","og_url":"https:\/\/santapola.es\/ca\/lajuntament-de-santa-pola-cedix-una-sala-municipal-a-lassociacio-de-veins-de-gran-alacant\/","og_site_name":"Ajuntament de Santa Pola","article_publisher":"https:\/\/www.facebook.com\/AyuntamientoSantaPola\/","article_published_time":"2024-02-08T14:00:44+00:00","article_modified_time":"2024-05-20T08:36:38+00:00","og_image":[{"width":1920,"height":1271,"url":"https:\/\/santapola.es\/wp-content\/uploads\/2024\/05\/2024-02-08-convenio-AAVV-Gran-Alacant.jpg","type":"image\/jpeg"}],"author":"Jos\u00e9 Juan L\u00f3pez Lafuente","twitter_card":"summary_large_image","twitter_creator":"@SantaPolaAyunt","twitter_site":"@SantaPolaAyunt","schema":{"@context":"https:\/\/schema.org","@graph":[{"@type":"Article","@id":"https:\/\/santapola.es\/ca\/lajuntament-de-santa-pola-cedix-una-sala-municipal-a-lassociacio-de-veins-de-gran-alacant\/#article","isPartOf":{"@id":"https:\/\/santapola.es\/ca\/lajuntament-de-santa-pola-cedix-una-sala-municipal-a-lassociacio-de-veins-de-gran-alacant\/"},"author":{"name":"Jos\u00e9 Juan L\u00f3pez Lafuente","@id":"https:\/\/santapola.es\/ca\/#\/schema\/person\/ad1d67403707b58350c7be5e8dbc442d"},"headline":"L&#8217;Ajuntament de Santa Pola cedix una sala municipal a l&#8217;Associaci\u00f3 de Ve\u00efns de Gran Alacant","datePublished":"2024-02-08T14:00:44+00:00","dateModified":"2024-05-20T08:36:38+00:00","mainEntityOfPage":{"@id":"https:\/\/santapola.es\/ca\/lajuntament-de-santa-pola-cedix-una-sala-municipal-a-lassociacio-de-veins-de-gran-alacant\/"},"wordCount":310,"image":{"@id":"https:\/\/santapola.es\/ca\/lajuntament-de-santa-pola-cedix-una-sala-municipal-a-lassociacio-de-veins-de-gran-alacant\/#primaryimage"},"thumbnailUrl":"https:\/\/santapola.es\/wp-content\/uploads\/2024\/05\/2024-02-08-convenio-AAVV-Gran-Alacant.jpg","keywords":["Asociaci\u00f3n de Vecinos de Gran Alacant","Borja Merino","Joaqu\u00edn Lozano","Loreto Serrano","\u00d3scar Valenzuela"],"articleSection":["Gran Alacant","Mercats"],"inLanguage":"ca"},{"@type":"WebPage","@id":"https:\/\/santapola.es\/ca\/lajuntament-de-santa-pola-cedix-una-sala-municipal-a-lassociacio-de-veins-de-gran-alacant\/","url":"https:\/\/santapola.es\/ca\/lajuntament-de-santa-pola-cedix-una-sala-municipal-a-lassociacio-de-veins-de-gran-alacant\/","name":"L'Ajuntament de Santa Pola cedix una sala municipal a l'Associaci\u00f3 de Ve\u00efns de Gran Alacant - Ajuntament de Santa Pola","isPartOf":{"@id":"https:\/\/santapola.es\/ca\/#website"},"primaryImageOfPage":{"@id":"https:\/\/santapola.es\/ca\/lajuntament-de-santa-pola-cedix-una-sala-municipal-a-lassociacio-de-veins-de-gran-alacant\/#primaryimage"},"image":{"@id":"https:\/\/santapola.es\/ca\/lajuntament-de-santa-pola-cedix-una-sala-municipal-a-lassociacio-de-veins-de-gran-alacant\/#primaryimage"},"thumbnailUrl":"https:\/\/santapola.es\/wp-content\/uploads\/2024\/05\/2024-02-08-convenio-AAVV-Gran-Alacant.jpg","datePublished":"2024-02-08T14:00:44+00:00","dateModified":"2024-05-20T08:36:38+00:00","author":{"@id":"https:\/\/santapola.es\/ca\/#\/schema\/person\/ad1d67403707b58350c7be5e8dbc442d"},"breadcrumb":{"@id":"https:\/\/santapola.es\/ca\/lajuntament-de-santa-pola-cedix-una-sala-municipal-a-lassociacio-de-veins-de-gran-alacant\/#breadcrumb"},"inLanguage":"ca","potentialAction":[{"@type":"ReadAction","target":["https:\/\/santapola.es\/ca\/lajuntament-de-santa-pola-cedix-una-sala-municipal-a-lassociacio-de-veins-de-gran-alacant\/"]}]},{"@type":"ImageObject","inLanguage":"ca","@id":"https:\/\/santapola.es\/ca\/lajuntament-de-santa-pola-cedix-una-sala-municipal-a-lassociacio-de-veins-de-gran-alacant\/#primaryimage","url":"https:\/\/santapola.es\/wp-content\/uploads\/2024\/05\/2024-02-08-convenio-AAVV-Gran-Alacant.jpg","contentUrl":"https:\/\/santapola.es\/wp-content\/uploads\/2024\/05\/2024-02-08-convenio-AAVV-Gran-Alacant.jpg","width":1920,"height":1271,"caption":"ARSP TELEVISION"},{"@type":"BreadcrumbList","@id":"https:\/\/santapola.es\/ca\/lajuntament-de-santa-pola-cedix-una-sala-municipal-a-lassociacio-de-veins-de-gran-alacant\/#breadcrumb","itemListElement":[{"@type":"ListItem","position":1,"name":"Inici","item":"https:\/\/santapola.es\/ca\/"},{"@type":"ListItem","position":2,"name":"L&#8217;Ajuntament de Santa Pola cedix una sala municipal a l&#8217;Associaci\u00f3 de Ve\u00efns de Gran Alacant"}]},{"@type":"WebSite","@id":"https:\/\/santapola.es\/ca\/#website","url":"https:\/\/santapola.es\/ca\/","name":"Ayuntamiento de Santa Pola","description":"Web de l'Ajuntament de Santa Pola","potentialAction":[{"@type":"SearchAction","target":{"@type":"EntryPoint","urlTemplate":"https:\/\/santapola.es\/ca\/?s={search_term_string}"},"query-input":{"@type":"PropertyValueSpecification","valueRequired":true,"valueName":"search_term_string"}}],"inLanguage":"ca"},{"@type":"Person","@id":"https:\/\/santapola.es\/ca\/#\/schema\/person\/ad1d67403707b58350c7be5e8dbc442d","name":"Jos\u00e9 Juan L\u00f3pez Lafuente"}]}},"_links":{"self":[{"href":"https:\/\/santapola.es\/ca\/wp-json\/wp\/v2\/posts\/36361","targetHints":{"allow":["GET"]}}],"collection":[{"href":"https:\/\/santapola.es\/ca\/wp-json\/wp\/v2\/posts"}],"about":[{"href":"https:\/\/santapola.es\/ca\/wp-json\/wp\/v2\/types\/post"}],"author":[{"embeddable":true,"href":"https:\/\/santapola.es\/ca\/wp-json\/wp\/v2\/users\/96"}],"replies":[{"embeddable":true,"href":"https:\/\/santapola.es\/ca\/wp-json\/wp\/v2\/comments?post=36361"}],"version-history":[{"count":0,"href":"https:\/\/santapola.es\/ca\/wp-json\/wp\/v2\/posts\/36361\/revisions"}],"wp:featuredmedia":[{"embeddable":true,"href":"https:\/\/santapola.es\/ca\/wp-json\/wp\/v2\/media\/36359"}],"wp:attachment":[{"href":"https:\/\/santapola.es\/ca\/wp-json\/wp\/v2\/media?parent=36361"}],"wp:term":[{"taxonomy":"category","embeddable":true,"href":"https:\/\/santapola.es\/ca\/wp-json\/wp\/v2\/categories?post=36361"},{"taxonomy":"post_tag","embeddable":true,"href":"https:\/\/santapola.es\/ca\/wp-json\/wp\/v2\/tags?post=36361"}],"curies":[{"name":"wp","href":"https:\/\/api.w.org\/{rel}","templated":true}]}}