{"id":36355,"date":"2024-02-09T12:30:15","date_gmt":"2024-02-09T11:30:15","guid":{"rendered":"https:\/\/santapola.es\/?p=36355"},"modified":"2024-05-20T10:32:27","modified_gmt":"2024-05-20T08:32:27","slug":"convocatoria-per-a-obtindre-el-permis-local-de-conduccio-de-taxis","status":"publish","type":"post","link":"https:\/\/santapola.es\/ca\/convocatoria-per-a-obtindre-el-permis-local-de-conduccio-de-taxis\/","title":{"rendered":"Convocat\u00f2ria per a obtindre el perm\u00eds local de conducci\u00f3 de taxis"},"content":{"rendered":"<p><strong>L&#8217;Ajuntament de Santa Pola convoca per al pr\u00f2xim 6 de mar\u00e7 les proves d&#8217;aptitud per a l&#8217;obtenci\u00f3 del perm\u00eds local de conducci\u00f3 de taxis. Les persones interessades es poden inscriure del 13 al 21 de febrer.<\/strong><\/p>\n<p>L&#8217;objecte d&#8217;estes bases \u00e9s regular el procediment per a obtindre el perm\u00eds local de conductor\/a d&#8217;auto-taxi, a qu\u00e8 es referix els articles 24 a 27 de l&#8217;ordenan\u00e7a reguladora del servicis de transport urb\u00e0 de viatgers en vehicles turisme amb aparell tax\u00edmetre de Santa Pola, necessari per a exercir l&#8217;activitat professional.<\/p>\n<p>La sol\u00b7licitud es podr\u00e0 presentar en el registre general de l&#8217;Ajuntament entre el 13 i el 21 de febrer al costat de la documentaci\u00f3 que justifique els tres requisits: disposar del perm\u00eds de conduir classe B o superior, t\u00edtol de graduat en ESO o equivalent i el certificat m\u00e8dic que acredite que l&#8217;interessat no patix cap malaltia o impediment f\u00edsic incompatible.<\/p>\n<p>La prova consistir\u00e0 en dos exercicis. El primer consistir\u00e0 a identificar diverses ubicacions en un pla mut i el segon a contestar 25 preguntes tipus test sobre legislaci\u00f3.<\/p>\n<p>Els interessats poden consultar les bases completes i descarregar el formulari d&#8217;inscripci\u00f3 en <a href=\"https:\/\/historico.santapola.es\/taxis\/\">https:\/\/historico.santapola.es\/taxis\/<\/a><\/p>\n","protected":false},"excerpt":{"rendered":"<p>L&#8217;Ajuntament de Santa Pola convoca per al pr\u00f2xim 6 de mar\u00e7 les proves d&#8217;aptitud per a l&#8217;obtenci\u00f3 del perm\u00eds local de conducci\u00f3 de taxis. Les persones interessades es poden inscriure del 13 al 21 de febrer. L&#8217;objecte d&#8217;estes bases \u00e9s regular el procediment per a obtindre el perm\u00eds local de conductor\/a d&#8217;auto-taxi, a qu\u00e8 es [&hellip;]<\/p>\n","protected":false},"author":96,"featured_media":36353,"comment_status":"closed","ping_status":"closed","sticky":false,"template":"","format":"standard","meta":{"_et_pb_use_builder":"","_et_pb_old_content":"","_et_gb_content_width":"","footnotes":""},"categories":[451],"tags":[777],"class_list":["post-36355","post","type-post","status-publish","format-standard","has-post-thumbnail","hentry","category-mobilitat","tag-taxi-ca"],"yoast_head":"<!-- This site is optimized with the Yoast SEO plugin v27.4 - https:\/\/yoast.com\/product\/yoast-seo-wordpress\/ -->\n<title>Convocat\u00f2ria per a obtindre el perm\u00eds local de conducci\u00f3 de taxis - Ajuntament de Santa Pola<\/title>\n<meta name=\"robots\" content=\"index, follow, max-snippet:-1, max-image-preview:large, max-video-preview:-1\" \/>\n<link rel=\"canonical\" href=\"https:\/\/santapola.es\/ca\/convocatoria-per-a-obtindre-el-permis-local-de-conduccio-de-taxis\/\" \/>\n<meta property=\"og:locale\" content=\"ca_ES\" \/>\n<meta property=\"og:type\" content=\"article\" \/>\n<meta property=\"og:title\" content=\"Convocat\u00f2ria per a obtindre el perm\u00eds local de conducci\u00f3 de taxis - Ajuntament de Santa Pola\" \/>\n<meta property=\"og:description\" content=\"L&#8217;Ajuntament de Santa Pola convoca per al pr\u00f2xim 6 de mar\u00e7 les proves d&#8217;aptitud per a l&#8217;obtenci\u00f3 del perm\u00eds local de conducci\u00f3 de taxis. Les persones interessades es poden inscriure del 13 al 21 de febrer. L&#8217;objecte d&#8217;estes bases \u00e9s regular el procediment per a obtindre el perm\u00eds local de conductor\/a d&#8217;auto-taxi, a qu\u00e8 es [&hellip;]\" \/>\n<meta property=\"og:url\" content=\"https:\/\/santapola.es\/ca\/convocatoria-per-a-obtindre-el-permis-local-de-conduccio-de-taxis\/\" \/>\n<meta property=\"og:site_name\" content=\"Ajuntament de Santa Pola\" \/>\n<meta property=\"article:publisher\" content=\"https:\/\/www.facebook.com\/AyuntamientoSantaPola\/\" \/>\n<meta property=\"article:published_time\" content=\"2024-02-09T11:30:15+00:00\" \/>\n<meta property=\"article:modified_time\" content=\"2024-05-20T08:32:27+00:00\" \/>\n<meta property=\"og:image\" content=\"https:\/\/santapola.es\/wp-content\/uploads\/2024\/05\/taxi.jpeg\" \/>\n\t<meta property=\"og:image:width\" content=\"2560\" \/>\n\t<meta property=\"og:image:height\" content=\"1437\" \/>\n\t<meta property=\"og:image:type\" content=\"image\/jpeg\" \/>\n<meta name=\"author\" content=\"Jos\u00e9 Juan L\u00f3pez Lafuente\" \/>\n<meta name=\"twitter:card\" content=\"summary_large_image\" \/>\n<meta name=\"twitter:creator\" content=\"@SantaPolaAyunt\" \/>\n<meta name=\"twitter:site\" content=\"@SantaPolaAyunt\" \/>\n<script type=\"application\/ld+json\" class=\"yoast-schema-graph\">{\"@context\":\"https:\\\/\\\/schema.org\",\"@graph\":[{\"@type\":\"Article\",\"@id\":\"https:\\\/\\\/santapola.es\\\/ca\\\/convocatoria-per-a-obtindre-el-permis-local-de-conduccio-de-taxis\\\/#article\",\"isPartOf\":{\"@id\":\"https:\\\/\\\/santapola.es\\\/ca\\\/convocatoria-per-a-obtindre-el-permis-local-de-conduccio-de-taxis\\\/\"},\"author\":{\"name\":\"Jos\u00e9 Juan L\u00f3pez Lafuente\",\"@id\":\"https:\\\/\\\/santapola.es\\\/ca\\\/#\\\/schema\\\/person\\\/ad1d67403707b58350c7be5e8dbc442d\"},\"headline\":\"Convocat\u00f2ria per a obtindre el perm\u00eds local de conducci\u00f3 de taxis\",\"datePublished\":\"2024-02-09T11:30:15+00:00\",\"dateModified\":\"2024-05-20T08:32:27+00:00\",\"mainEntityOfPage\":{\"@id\":\"https:\\\/\\\/santapola.es\\\/ca\\\/convocatoria-per-a-obtindre-el-permis-local-de-conduccio-de-taxis\\\/\"},\"wordCount\":220,\"image\":{\"@id\":\"https:\\\/\\\/santapola.es\\\/ca\\\/convocatoria-per-a-obtindre-el-permis-local-de-conduccio-de-taxis\\\/#primaryimage\"},\"thumbnailUrl\":\"https:\\\/\\\/santapola.es\\\/wp-content\\\/uploads\\\/2024\\\/05\\\/taxi.jpeg\",\"keywords\":[\"Taxi\"],\"articleSection\":[\"Mobilitat\"],\"inLanguage\":\"ca\"},{\"@type\":\"WebPage\",\"@id\":\"https:\\\/\\\/santapola.es\\\/ca\\\/convocatoria-per-a-obtindre-el-permis-local-de-conduccio-de-taxis\\\/\",\"url\":\"https:\\\/\\\/santapola.es\\\/ca\\\/convocatoria-per-a-obtindre-el-permis-local-de-conduccio-de-taxis\\\/\",\"name\":\"Convocat\u00f2ria per a obtindre el perm\u00eds local de conducci\u00f3 de taxis - Ajuntament de Santa Pola\",\"isPartOf\":{\"@id\":\"https:\\\/\\\/santapola.es\\\/ca\\\/#website\"},\"primaryImageOfPage\":{\"@id\":\"https:\\\/\\\/santapola.es\\\/ca\\\/convocatoria-per-a-obtindre-el-permis-local-de-conduccio-de-taxis\\\/#primaryimage\"},\"image\":{\"@id\":\"https:\\\/\\\/santapola.es\\\/ca\\\/convocatoria-per-a-obtindre-el-permis-local-de-conduccio-de-taxis\\\/#primaryimage\"},\"thumbnailUrl\":\"https:\\\/\\\/santapola.es\\\/wp-content\\\/uploads\\\/2024\\\/05\\\/taxi.jpeg\",\"datePublished\":\"2024-02-09T11:30:15+00:00\",\"dateModified\":\"2024-05-20T08:32:27+00:00\",\"author\":{\"@id\":\"https:\\\/\\\/santapola.es\\\/ca\\\/#\\\/schema\\\/person\\\/ad1d67403707b58350c7be5e8dbc442d\"},\"breadcrumb\":{\"@id\":\"https:\\\/\\\/santapola.es\\\/ca\\\/convocatoria-per-a-obtindre-el-permis-local-de-conduccio-de-taxis\\\/#breadcrumb\"},\"inLanguage\":\"ca\",\"potentialAction\":[{\"@type\":\"ReadAction\",\"target\":[\"https:\\\/\\\/santapola.es\\\/ca\\\/convocatoria-per-a-obtindre-el-permis-local-de-conduccio-de-taxis\\\/\"]}]},{\"@type\":\"ImageObject\",\"inLanguage\":\"ca\",\"@id\":\"https:\\\/\\\/santapola.es\\\/ca\\\/convocatoria-per-a-obtindre-el-permis-local-de-conduccio-de-taxis\\\/#primaryimage\",\"url\":\"https:\\\/\\\/santapola.es\\\/wp-content\\\/uploads\\\/2024\\\/05\\\/taxi.jpeg\",\"contentUrl\":\"https:\\\/\\\/santapola.es\\\/wp-content\\\/uploads\\\/2024\\\/05\\\/taxi.jpeg\",\"width\":2560,\"height\":1437},{\"@type\":\"BreadcrumbList\",\"@id\":\"https:\\\/\\\/santapola.es\\\/ca\\\/convocatoria-per-a-obtindre-el-permis-local-de-conduccio-de-taxis\\\/#breadcrumb\",\"itemListElement\":[{\"@type\":\"ListItem\",\"position\":1,\"name\":\"Inici\",\"item\":\"https:\\\/\\\/santapola.es\\\/ca\\\/\"},{\"@type\":\"ListItem\",\"position\":2,\"name\":\"Convocat\u00f2ria per a obtindre el perm\u00eds local de conducci\u00f3 de taxis\"}]},{\"@type\":\"WebSite\",\"@id\":\"https:\\\/\\\/santapola.es\\\/ca\\\/#website\",\"url\":\"https:\\\/\\\/santapola.es\\\/ca\\\/\",\"name\":\"Ayuntamiento de Santa Pola\",\"description\":\"Web de l'Ajuntament de Santa Pola\",\"potentialAction\":[{\"@type\":\"SearchAction\",\"target\":{\"@type\":\"EntryPoint\",\"urlTemplate\":\"https:\\\/\\\/santapola.es\\\/ca\\\/?s={search_term_string}\"},\"query-input\":{\"@type\":\"PropertyValueSpecification\",\"valueRequired\":true,\"valueName\":\"search_term_string\"}}],\"inLanguage\":\"ca\"},{\"@type\":\"Person\",\"@id\":\"https:\\\/\\\/santapola.es\\\/ca\\\/#\\\/schema\\\/person\\\/ad1d67403707b58350c7be5e8dbc442d\",\"name\":\"Jos\u00e9 Juan L\u00f3pez Lafuente\"}]}<\/script>\n<!-- \/ Yoast SEO plugin. -->","yoast_head_json":{"title":"Convocat\u00f2ria per a obtindre el perm\u00eds local de conducci\u00f3 de taxis - Ajuntament de Santa Pola","robots":{"index":"index","follow":"follow","max-snippet":"max-snippet:-1","max-image-preview":"max-image-preview:large","max-video-preview":"max-video-preview:-1"},"canonical":"https:\/\/santapola.es\/ca\/convocatoria-per-a-obtindre-el-permis-local-de-conduccio-de-taxis\/","og_locale":"ca_ES","og_type":"article","og_title":"Convocat\u00f2ria per a obtindre el perm\u00eds local de conducci\u00f3 de taxis - Ajuntament de Santa Pola","og_description":"L&#8217;Ajuntament de Santa Pola convoca per al pr\u00f2xim 6 de mar\u00e7 les proves d&#8217;aptitud per a l&#8217;obtenci\u00f3 del perm\u00eds local de conducci\u00f3 de taxis. Les persones interessades es poden inscriure del 13 al 21 de febrer. L&#8217;objecte d&#8217;estes bases \u00e9s regular el procediment per a obtindre el perm\u00eds local de conductor\/a d&#8217;auto-taxi, a qu\u00e8 es [&hellip;]","og_url":"https:\/\/santapola.es\/ca\/convocatoria-per-a-obtindre-el-permis-local-de-conduccio-de-taxis\/","og_site_name":"Ajuntament de Santa Pola","article_publisher":"https:\/\/www.facebook.com\/AyuntamientoSantaPola\/","article_published_time":"2024-02-09T11:30:15+00:00","article_modified_time":"2024-05-20T08:32:27+00:00","og_image":[{"width":2560,"height":1437,"url":"https:\/\/santapola.es\/wp-content\/uploads\/2024\/05\/taxi.jpeg","type":"image\/jpeg"}],"author":"Jos\u00e9 Juan L\u00f3pez Lafuente","twitter_card":"summary_large_image","twitter_creator":"@SantaPolaAyunt","twitter_site":"@SantaPolaAyunt","schema":{"@context":"https:\/\/schema.org","@graph":[{"@type":"Article","@id":"https:\/\/santapola.es\/ca\/convocatoria-per-a-obtindre-el-permis-local-de-conduccio-de-taxis\/#article","isPartOf":{"@id":"https:\/\/santapola.es\/ca\/convocatoria-per-a-obtindre-el-permis-local-de-conduccio-de-taxis\/"},"author":{"name":"Jos\u00e9 Juan L\u00f3pez Lafuente","@id":"https:\/\/santapola.es\/ca\/#\/schema\/person\/ad1d67403707b58350c7be5e8dbc442d"},"headline":"Convocat\u00f2ria per a obtindre el perm\u00eds local de conducci\u00f3 de taxis","datePublished":"2024-02-09T11:30:15+00:00","dateModified":"2024-05-20T08:32:27+00:00","mainEntityOfPage":{"@id":"https:\/\/santapola.es\/ca\/convocatoria-per-a-obtindre-el-permis-local-de-conduccio-de-taxis\/"},"wordCount":220,"image":{"@id":"https:\/\/santapola.es\/ca\/convocatoria-per-a-obtindre-el-permis-local-de-conduccio-de-taxis\/#primaryimage"},"thumbnailUrl":"https:\/\/santapola.es\/wp-content\/uploads\/2024\/05\/taxi.jpeg","keywords":["Taxi"],"articleSection":["Mobilitat"],"inLanguage":"ca"},{"@type":"WebPage","@id":"https:\/\/santapola.es\/ca\/convocatoria-per-a-obtindre-el-permis-local-de-conduccio-de-taxis\/","url":"https:\/\/santapola.es\/ca\/convocatoria-per-a-obtindre-el-permis-local-de-conduccio-de-taxis\/","name":"Convocat\u00f2ria per a obtindre el perm\u00eds local de conducci\u00f3 de taxis - Ajuntament de Santa Pola","isPartOf":{"@id":"https:\/\/santapola.es\/ca\/#website"},"primaryImageOfPage":{"@id":"https:\/\/santapola.es\/ca\/convocatoria-per-a-obtindre-el-permis-local-de-conduccio-de-taxis\/#primaryimage"},"image":{"@id":"https:\/\/santapola.es\/ca\/convocatoria-per-a-obtindre-el-permis-local-de-conduccio-de-taxis\/#primaryimage"},"thumbnailUrl":"https:\/\/santapola.es\/wp-content\/uploads\/2024\/05\/taxi.jpeg","datePublished":"2024-02-09T11:30:15+00:00","dateModified":"2024-05-20T08:32:27+00:00","author":{"@id":"https:\/\/santapola.es\/ca\/#\/schema\/person\/ad1d67403707b58350c7be5e8dbc442d"},"breadcrumb":{"@id":"https:\/\/santapola.es\/ca\/convocatoria-per-a-obtindre-el-permis-local-de-conduccio-de-taxis\/#breadcrumb"},"inLanguage":"ca","potentialAction":[{"@type":"ReadAction","target":["https:\/\/santapola.es\/ca\/convocatoria-per-a-obtindre-el-permis-local-de-conduccio-de-taxis\/"]}]},{"@type":"ImageObject","inLanguage":"ca","@id":"https:\/\/santapola.es\/ca\/convocatoria-per-a-obtindre-el-permis-local-de-conduccio-de-taxis\/#primaryimage","url":"https:\/\/santapola.es\/wp-content\/uploads\/2024\/05\/taxi.jpeg","contentUrl":"https:\/\/santapola.es\/wp-content\/uploads\/2024\/05\/taxi.jpeg","width":2560,"height":1437},{"@type":"BreadcrumbList","@id":"https:\/\/santapola.es\/ca\/convocatoria-per-a-obtindre-el-permis-local-de-conduccio-de-taxis\/#breadcrumb","itemListElement":[{"@type":"ListItem","position":1,"name":"Inici","item":"https:\/\/santapola.es\/ca\/"},{"@type":"ListItem","position":2,"name":"Convocat\u00f2ria per a obtindre el perm\u00eds local de conducci\u00f3 de taxis"}]},{"@type":"WebSite","@id":"https:\/\/santapola.es\/ca\/#website","url":"https:\/\/santapola.es\/ca\/","name":"Ayuntamiento de Santa Pola","description":"Web de l'Ajuntament de Santa Pola","potentialAction":[{"@type":"SearchAction","target":{"@type":"EntryPoint","urlTemplate":"https:\/\/santapola.es\/ca\/?s={search_term_string}"},"query-input":{"@type":"PropertyValueSpecification","valueRequired":true,"valueName":"search_term_string"}}],"inLanguage":"ca"},{"@type":"Person","@id":"https:\/\/santapola.es\/ca\/#\/schema\/person\/ad1d67403707b58350c7be5e8dbc442d","name":"Jos\u00e9 Juan L\u00f3pez Lafuente"}]}},"_links":{"self":[{"href":"https:\/\/santapola.es\/ca\/wp-json\/wp\/v2\/posts\/36355","targetHints":{"allow":["GET"]}}],"collection":[{"href":"https:\/\/santapola.es\/ca\/wp-json\/wp\/v2\/posts"}],"about":[{"href":"https:\/\/santapola.es\/ca\/wp-json\/wp\/v2\/types\/post"}],"author":[{"embeddable":true,"href":"https:\/\/santapola.es\/ca\/wp-json\/wp\/v2\/users\/96"}],"replies":[{"embeddable":true,"href":"https:\/\/santapola.es\/ca\/wp-json\/wp\/v2\/comments?post=36355"}],"version-history":[{"count":0,"href":"https:\/\/santapola.es\/ca\/wp-json\/wp\/v2\/posts\/36355\/revisions"}],"wp:featuredmedia":[{"embeddable":true,"href":"https:\/\/santapola.es\/ca\/wp-json\/wp\/v2\/media\/36353"}],"wp:attachment":[{"href":"https:\/\/santapola.es\/ca\/wp-json\/wp\/v2\/media?parent=36355"}],"wp:term":[{"taxonomy":"category","embeddable":true,"href":"https:\/\/santapola.es\/ca\/wp-json\/wp\/v2\/categories?post=36355"},{"taxonomy":"post_tag","embeddable":true,"href":"https:\/\/santapola.es\/ca\/wp-json\/wp\/v2\/tags?post=36355"}],"curies":[{"name":"wp","href":"https:\/\/api.w.org\/{rel}","templated":true}]}}