{"id":36349,"date":"2024-02-09T14:38:14","date_gmt":"2024-02-09T13:38:14","guid":{"rendered":"https:\/\/santapola.es\/?p=36349"},"modified":"2024-05-20T10:29:44","modified_gmt":"2024-05-20T08:29:44","slug":"la-badia-de-santa-pola-acull-la-setmana-vinent-la-olympic-week-de-vela-i-el-campionat-despanya-de-iqfoil","status":"publish","type":"post","link":"https:\/\/santapola.es\/ca\/la-badia-de-santa-pola-acull-la-setmana-vinent-la-olympic-week-de-vela-i-el-campionat-despanya-de-iqfoil\/","title":{"rendered":"La badia de Santa Pola acull la setmana vinent la Olympic Week de vela i el Campionat d&#8217;Espanya de IQFoil"},"content":{"rendered":"<p><strong>Les modalitats de windsurf seran protagonistes del 15 al 18 de febrer i ompliran la nostra badia d&#8217;acolorides veles. El Club N\u00e0utic Santa Pola acull l&#8217;Olympic Week de la Comunitat Valenciana amb m\u00e9s de 100 esportistes competint.<\/strong><\/p>\n<p>La badia de Santa Pola acollir\u00e0 la setmana vinent un important esdeveniment n\u00e0utic amb protagonisme de les diferents modalitats de windsurf, la guinda de les quals \u00e9s el Campionat d&#8217;Espanya de la classe IQFoil, emmarcat en la novena edici\u00f3 de la Comunitat Valenciana Olympic Week.<\/p>\n<p>Hui s&#8217;ha presentat l&#8217;esdeveniment en el sal\u00f3 de plens de l&#8217;Ajuntament de Santa Pola, amb la pres\u00e8ncia de l&#8217;alcaldessa Loreto Serrano i el regidor d&#8217;Esports \u00c1ngel Piedecausa, en representaci\u00f3 municipal, i en nom del Club N\u00e0utic Santa Pola el seu president Pascual Orts, el vocal de vela lleugera Javier Clement i el windsurfista santapoler 4 vegades ol\u00edmpic Ivan Pastor.<\/p>\n<p>La novena edici\u00f3 de la Comunitat Valenciana Olympic Week est\u00e0 organitzada per la Federaci\u00f3 de Vela de la Comunitat Valenciana juntament amb el RCN Val\u00e8ncia, el RCR Alacant, el CN Santa Pola i el RCN Torrevieja, i gr\u00e0cies a l&#8217;impuls de la Fundaci\u00f3 Trinidad Alfonso i el Comit\u00e9 Ol\u00edmpic Espanyol a trav\u00e9s del programa d&#8217;ajudes a competicions PAC CV.<\/p>\n<p>Concretament, en el Club N\u00e0utic Santa Pola es reuniran del 15 al 18 de febrer les diferents modalitats de IQFoil, Raceboard, BIC Techno 293 i Windsurfer. Ser\u00e0 ac\u00ed on els IQFoil disputaran el Campionat d&#8217;Espanya 2024.<\/p>\n<p><strong>Comprom\u00eds del Club N\u00e0utic amb l&#8217;esport<\/strong><\/p>\n<p>Pascual Orts ha definit este campionat com \u201cel complement ideal als grans esdeveniments esportius que protagonitza Santa Pola, tenim la sort de ser una de les subseus de la Olympic Week perqu\u00e8 estem llaurant un gran futur gr\u00e0cies a la nostra incre\u00efble badia, el nostre comprom\u00eds amb l&#8217;esport i la figura d&#8217;Iv\u00e1n Pastor. El windsurf \u00e9s una refer\u00e8ncia per a nosaltres gr\u00e0cies al centre de tecnificaci\u00f3 que porta el seu nom i ens dona l&#8217;oportunitat de donar a con\u00e9ixer Santa Pola com a camp de regates internacional\u201d.<\/p>\n<p>Javier Clement va destacar que \u201c\u00e9s el segon any que fem la Olympic Week i esta vegada en totes les modalitats de windsurf. Santa Pola \u00e9s un referent internacional i la setmana vinent tindrem m\u00e9s de cent esportistes omplint de veles la nostra badia, a m\u00e9s durant tot el mes estan entrenant ac\u00ed els equips auton\u00f2mics que estan preparant les seues regates internacionals\u201d.<\/p>\n<p>Per part seua, el mite del windsurf Iv\u00e1n Pastor es va mostrar \u201cmolt orgull\u00f3s de presentar este campionat que \u00e9s una goteta m\u00e9s en el projecte que comencem en les meues dos \u00faltimes campanyes ol\u00edmpiques. En posicionar-me entre els 10 millors del m\u00f3n vaig poder portar a Santa Pola als millors regatistes i convertir el nostre poble en referent del *windsurf. \u00c9s molt important per als xiquets que estan comen\u00e7ant poder veure a grans esportistes estrangers navegar en les nostres aig\u00fces\u201d.<\/p>\n<p><strong>Santa Pola com a exemple de turisme esportiu<\/strong><\/p>\n<p>Loreto Serrano va recordar que \u201cvam ser pioners a desenvolupar el turisme esportiu exportant a altres clubs el model organitzatiu de la nostra Mitja Marat\u00f3, i el Club N\u00e0utic Santa Pola \u00e9s dels quals m\u00e9s van creure en el projecte perqu\u00e8 ha tingut persones que tiren del carro. La labor formativa del club \u00e9s molt important i \u00e9s una forma clara de treballar per l&#8217;esport, pel turisme i per Santa Pola\u201d.<\/p>\n<p>L&#8217;alcaldessa va enaltir \u201cla figura d&#8217;Iv\u00e1n Pastor com un gran referent per als nostres joves, que ara poden fer al seu poble el que ell va haver de fer viatjant pel m\u00f3n, i t&#8217;he de llan\u00e7ar el repte que amb eixa labor formativa aconseguiu que prompte isca un altre com tu\u201d.<\/p>\n<p>Finalment, \u00c1ngel Piedecausa va reiterar \u201cel suport de l&#8217;Ajuntament de Santa Pola perqu\u00e8 el Club N\u00e0utic continue sent un referent esportiu i tur\u00edstic per a nosaltres, fomentant la pr\u00e0ctica de l&#8217;esport n\u00e0utic entre els xiquets. Ens sentim molt orgullosos de veure escoles esportives en totes les nostres platges i que els esports n\u00e0utics hagen acostat als joves a la mar\u201d.<\/p>\n","protected":false},"excerpt":{"rendered":"<p>Les modalitats de windsurf seran protagonistes del 15 al 18 de febrer i ompliran la nostra badia d&#8217;acolorides veles. El Club N\u00e0utic Santa Pola acull l&#8217;Olympic Week de la Comunitat Valenciana amb m\u00e9s de 100 esportistes competint. La badia de Santa Pola acollir\u00e0 la setmana vinent un important esdeveniment n\u00e0utic amb protagonisme de les diferents [&hellip;]<\/p>\n","protected":false},"author":96,"featured_media":36347,"comment_status":"closed","ping_status":"closed","sticky":false,"template":"","format":"standard","meta":{"_et_pb_use_builder":"","_et_pb_old_content":"","_et_gb_content_width":"","footnotes":""},"categories":[439],"tags":[774,775,772,773,487,771,769,770],"class_list":["post-36349","post","type-post","status-publish","format-standard","has-post-thumbnail","hentry","category-esport","tag-angel-ca","tag-club-nautico-santa-pola-ca","tag-ivan-pastor-ca","tag-javier-clement-ca","tag-loreto-serrano-ca","tag-olympic-week-ca","tag-pascual-orts-ca","tag-windsurf-ca"],"yoast_head":"<!-- This site is optimized with the Yoast SEO plugin v27.4 - https:\/\/yoast.com\/product\/yoast-seo-wordpress\/ -->\n<title>La badia de Santa Pola acull la setmana vinent la Olympic Week de vela i el Campionat d&#039;Espanya de IQFoil - Ajuntament de Santa Pola<\/title>\n<meta name=\"robots\" content=\"index, follow, max-snippet:-1, max-image-preview:large, max-video-preview:-1\" \/>\n<link rel=\"canonical\" href=\"https:\/\/santapola.es\/ca\/la-badia-de-santa-pola-acull-la-setmana-vinent-la-olympic-week-de-vela-i-el-campionat-despanya-de-iqfoil\/\" \/>\n<meta property=\"og:locale\" content=\"ca_ES\" \/>\n<meta property=\"og:type\" content=\"article\" \/>\n<meta property=\"og:title\" content=\"La badia de Santa Pola acull la setmana vinent la Olympic Week de vela i el Campionat d&#039;Espanya de IQFoil - Ajuntament de Santa Pola\" \/>\n<meta property=\"og:description\" content=\"Les modalitats de windsurf seran protagonistes del 15 al 18 de febrer i ompliran la nostra badia d&#8217;acolorides veles. El Club N\u00e0utic Santa Pola acull l&#8217;Olympic Week de la Comunitat Valenciana amb m\u00e9s de 100 esportistes competint. La badia de Santa Pola acollir\u00e0 la setmana vinent un important esdeveniment n\u00e0utic amb protagonisme de les diferents [&hellip;]\" \/>\n<meta property=\"og:url\" content=\"https:\/\/santapola.es\/ca\/la-badia-de-santa-pola-acull-la-setmana-vinent-la-olympic-week-de-vela-i-el-campionat-despanya-de-iqfoil\/\" \/>\n<meta property=\"og:site_name\" content=\"Ajuntament de Santa Pola\" \/>\n<meta property=\"article:publisher\" content=\"https:\/\/www.facebook.com\/AyuntamientoSantaPola\/\" \/>\n<meta property=\"article:published_time\" content=\"2024-02-09T13:38:14+00:00\" \/>\n<meta property=\"article:modified_time\" content=\"2024-05-20T08:29:44+00:00\" \/>\n<meta property=\"og:image\" content=\"https:\/\/santapola.es\/wp-content\/uploads\/2024\/05\/RSP-20240209-068.jpg\" \/>\n\t<meta property=\"og:image:width\" content=\"1920\" \/>\n\t<meta property=\"og:image:height\" content=\"1272\" \/>\n\t<meta property=\"og:image:type\" content=\"image\/jpeg\" \/>\n<meta name=\"author\" content=\"Jos\u00e9 Juan L\u00f3pez Lafuente\" \/>\n<meta name=\"twitter:card\" content=\"summary_large_image\" \/>\n<meta name=\"twitter:creator\" content=\"@SantaPolaAyunt\" \/>\n<meta name=\"twitter:site\" content=\"@SantaPolaAyunt\" \/>\n<script type=\"application\/ld+json\" class=\"yoast-schema-graph\">{\"@context\":\"https:\\\/\\\/schema.org\",\"@graph\":[{\"@type\":\"Article\",\"@id\":\"https:\\\/\\\/santapola.es\\\/ca\\\/la-badia-de-santa-pola-acull-la-setmana-vinent-la-olympic-week-de-vela-i-el-campionat-despanya-de-iqfoil\\\/#article\",\"isPartOf\":{\"@id\":\"https:\\\/\\\/santapola.es\\\/ca\\\/la-badia-de-santa-pola-acull-la-setmana-vinent-la-olympic-week-de-vela-i-el-campionat-despanya-de-iqfoil\\\/\"},\"author\":{\"name\":\"Jos\u00e9 Juan L\u00f3pez Lafuente\",\"@id\":\"https:\\\/\\\/santapola.es\\\/ca\\\/#\\\/schema\\\/person\\\/ad1d67403707b58350c7be5e8dbc442d\"},\"headline\":\"La badia de Santa Pola acull la setmana vinent la Olympic Week de vela i el Campionat d&#8217;Espanya de IQFoil\",\"datePublished\":\"2024-02-09T13:38:14+00:00\",\"dateModified\":\"2024-05-20T08:29:44+00:00\",\"mainEntityOfPage\":{\"@id\":\"https:\\\/\\\/santapola.es\\\/ca\\\/la-badia-de-santa-pola-acull-la-setmana-vinent-la-olympic-week-de-vela-i-el-campionat-despanya-de-iqfoil\\\/\"},\"wordCount\":736,\"image\":{\"@id\":\"https:\\\/\\\/santapola.es\\\/ca\\\/la-badia-de-santa-pola-acull-la-setmana-vinent-la-olympic-week-de-vela-i-el-campionat-despanya-de-iqfoil\\\/#primaryimage\"},\"thumbnailUrl\":\"https:\\\/\\\/santapola.es\\\/wp-content\\\/uploads\\\/2024\\\/05\\\/RSP-20240209-068.jpg\",\"keywords\":[\"\u00c1ngel\",\"Club N\u00e1utico Santa Pola\",\"Iv\u00e1n Pastor\",\"Javier Clement\",\"Loreto Serrano\",\"Olympic Week\",\"Pascual Orts\",\"Windsurf\"],\"articleSection\":[\"Esport\"],\"inLanguage\":\"ca\"},{\"@type\":\"WebPage\",\"@id\":\"https:\\\/\\\/santapola.es\\\/ca\\\/la-badia-de-santa-pola-acull-la-setmana-vinent-la-olympic-week-de-vela-i-el-campionat-despanya-de-iqfoil\\\/\",\"url\":\"https:\\\/\\\/santapola.es\\\/ca\\\/la-badia-de-santa-pola-acull-la-setmana-vinent-la-olympic-week-de-vela-i-el-campionat-despanya-de-iqfoil\\\/\",\"name\":\"La badia de Santa Pola acull la setmana vinent la Olympic Week de vela i el Campionat d'Espanya de IQFoil - Ajuntament de Santa Pola\",\"isPartOf\":{\"@id\":\"https:\\\/\\\/santapola.es\\\/ca\\\/#website\"},\"primaryImageOfPage\":{\"@id\":\"https:\\\/\\\/santapola.es\\\/ca\\\/la-badia-de-santa-pola-acull-la-setmana-vinent-la-olympic-week-de-vela-i-el-campionat-despanya-de-iqfoil\\\/#primaryimage\"},\"image\":{\"@id\":\"https:\\\/\\\/santapola.es\\\/ca\\\/la-badia-de-santa-pola-acull-la-setmana-vinent-la-olympic-week-de-vela-i-el-campionat-despanya-de-iqfoil\\\/#primaryimage\"},\"thumbnailUrl\":\"https:\\\/\\\/santapola.es\\\/wp-content\\\/uploads\\\/2024\\\/05\\\/RSP-20240209-068.jpg\",\"datePublished\":\"2024-02-09T13:38:14+00:00\",\"dateModified\":\"2024-05-20T08:29:44+00:00\",\"author\":{\"@id\":\"https:\\\/\\\/santapola.es\\\/ca\\\/#\\\/schema\\\/person\\\/ad1d67403707b58350c7be5e8dbc442d\"},\"breadcrumb\":{\"@id\":\"https:\\\/\\\/santapola.es\\\/ca\\\/la-badia-de-santa-pola-acull-la-setmana-vinent-la-olympic-week-de-vela-i-el-campionat-despanya-de-iqfoil\\\/#breadcrumb\"},\"inLanguage\":\"ca\",\"potentialAction\":[{\"@type\":\"ReadAction\",\"target\":[\"https:\\\/\\\/santapola.es\\\/ca\\\/la-badia-de-santa-pola-acull-la-setmana-vinent-la-olympic-week-de-vela-i-el-campionat-despanya-de-iqfoil\\\/\"]}]},{\"@type\":\"ImageObject\",\"inLanguage\":\"ca\",\"@id\":\"https:\\\/\\\/santapola.es\\\/ca\\\/la-badia-de-santa-pola-acull-la-setmana-vinent-la-olympic-week-de-vela-i-el-campionat-despanya-de-iqfoil\\\/#primaryimage\",\"url\":\"https:\\\/\\\/santapola.es\\\/wp-content\\\/uploads\\\/2024\\\/05\\\/RSP-20240209-068.jpg\",\"contentUrl\":\"https:\\\/\\\/santapola.es\\\/wp-content\\\/uploads\\\/2024\\\/05\\\/RSP-20240209-068.jpg\",\"width\":1920,\"height\":1272,\"caption\":\"ARSP TELEVISION\"},{\"@type\":\"BreadcrumbList\",\"@id\":\"https:\\\/\\\/santapola.es\\\/ca\\\/la-badia-de-santa-pola-acull-la-setmana-vinent-la-olympic-week-de-vela-i-el-campionat-despanya-de-iqfoil\\\/#breadcrumb\",\"itemListElement\":[{\"@type\":\"ListItem\",\"position\":1,\"name\":\"Inici\",\"item\":\"https:\\\/\\\/santapola.es\\\/ca\\\/\"},{\"@type\":\"ListItem\",\"position\":2,\"name\":\"La badia de Santa Pola acull la setmana vinent la Olympic Week de vela i el Campionat d&#8217;Espanya de IQFoil\"}]},{\"@type\":\"WebSite\",\"@id\":\"https:\\\/\\\/santapola.es\\\/ca\\\/#website\",\"url\":\"https:\\\/\\\/santapola.es\\\/ca\\\/\",\"name\":\"Ayuntamiento de Santa Pola\",\"description\":\"Web de l'Ajuntament de Santa Pola\",\"potentialAction\":[{\"@type\":\"SearchAction\",\"target\":{\"@type\":\"EntryPoint\",\"urlTemplate\":\"https:\\\/\\\/santapola.es\\\/ca\\\/?s={search_term_string}\"},\"query-input\":{\"@type\":\"PropertyValueSpecification\",\"valueRequired\":true,\"valueName\":\"search_term_string\"}}],\"inLanguage\":\"ca\"},{\"@type\":\"Person\",\"@id\":\"https:\\\/\\\/santapola.es\\\/ca\\\/#\\\/schema\\\/person\\\/ad1d67403707b58350c7be5e8dbc442d\",\"name\":\"Jos\u00e9 Juan L\u00f3pez Lafuente\"}]}<\/script>\n<!-- \/ Yoast SEO plugin. -->","yoast_head_json":{"title":"La badia de Santa Pola acull la setmana vinent la Olympic Week de vela i el Campionat d'Espanya de IQFoil - Ajuntament de Santa Pola","robots":{"index":"index","follow":"follow","max-snippet":"max-snippet:-1","max-image-preview":"max-image-preview:large","max-video-preview":"max-video-preview:-1"},"canonical":"https:\/\/santapola.es\/ca\/la-badia-de-santa-pola-acull-la-setmana-vinent-la-olympic-week-de-vela-i-el-campionat-despanya-de-iqfoil\/","og_locale":"ca_ES","og_type":"article","og_title":"La badia de Santa Pola acull la setmana vinent la Olympic Week de vela i el Campionat d'Espanya de IQFoil - Ajuntament de Santa Pola","og_description":"Les modalitats de windsurf seran protagonistes del 15 al 18 de febrer i ompliran la nostra badia d&#8217;acolorides veles. El Club N\u00e0utic Santa Pola acull l&#8217;Olympic Week de la Comunitat Valenciana amb m\u00e9s de 100 esportistes competint. La badia de Santa Pola acollir\u00e0 la setmana vinent un important esdeveniment n\u00e0utic amb protagonisme de les diferents [&hellip;]","og_url":"https:\/\/santapola.es\/ca\/la-badia-de-santa-pola-acull-la-setmana-vinent-la-olympic-week-de-vela-i-el-campionat-despanya-de-iqfoil\/","og_site_name":"Ajuntament de Santa Pola","article_publisher":"https:\/\/www.facebook.com\/AyuntamientoSantaPola\/","article_published_time":"2024-02-09T13:38:14+00:00","article_modified_time":"2024-05-20T08:29:44+00:00","og_image":[{"width":1920,"height":1272,"url":"https:\/\/santapola.es\/wp-content\/uploads\/2024\/05\/RSP-20240209-068.jpg","type":"image\/jpeg"}],"author":"Jos\u00e9 Juan L\u00f3pez Lafuente","twitter_card":"summary_large_image","twitter_creator":"@SantaPolaAyunt","twitter_site":"@SantaPolaAyunt","schema":{"@context":"https:\/\/schema.org","@graph":[{"@type":"Article","@id":"https:\/\/santapola.es\/ca\/la-badia-de-santa-pola-acull-la-setmana-vinent-la-olympic-week-de-vela-i-el-campionat-despanya-de-iqfoil\/#article","isPartOf":{"@id":"https:\/\/santapola.es\/ca\/la-badia-de-santa-pola-acull-la-setmana-vinent-la-olympic-week-de-vela-i-el-campionat-despanya-de-iqfoil\/"},"author":{"name":"Jos\u00e9 Juan L\u00f3pez Lafuente","@id":"https:\/\/santapola.es\/ca\/#\/schema\/person\/ad1d67403707b58350c7be5e8dbc442d"},"headline":"La badia de Santa Pola acull la setmana vinent la Olympic Week de vela i el Campionat d&#8217;Espanya de IQFoil","datePublished":"2024-02-09T13:38:14+00:00","dateModified":"2024-05-20T08:29:44+00:00","mainEntityOfPage":{"@id":"https:\/\/santapola.es\/ca\/la-badia-de-santa-pola-acull-la-setmana-vinent-la-olympic-week-de-vela-i-el-campionat-despanya-de-iqfoil\/"},"wordCount":736,"image":{"@id":"https:\/\/santapola.es\/ca\/la-badia-de-santa-pola-acull-la-setmana-vinent-la-olympic-week-de-vela-i-el-campionat-despanya-de-iqfoil\/#primaryimage"},"thumbnailUrl":"https:\/\/santapola.es\/wp-content\/uploads\/2024\/05\/RSP-20240209-068.jpg","keywords":["\u00c1ngel","Club N\u00e1utico Santa Pola","Iv\u00e1n Pastor","Javier Clement","Loreto Serrano","Olympic Week","Pascual Orts","Windsurf"],"articleSection":["Esport"],"inLanguage":"ca"},{"@type":"WebPage","@id":"https:\/\/santapola.es\/ca\/la-badia-de-santa-pola-acull-la-setmana-vinent-la-olympic-week-de-vela-i-el-campionat-despanya-de-iqfoil\/","url":"https:\/\/santapola.es\/ca\/la-badia-de-santa-pola-acull-la-setmana-vinent-la-olympic-week-de-vela-i-el-campionat-despanya-de-iqfoil\/","name":"La badia de Santa Pola acull la setmana vinent la Olympic Week de vela i el Campionat d'Espanya de IQFoil - Ajuntament de Santa Pola","isPartOf":{"@id":"https:\/\/santapola.es\/ca\/#website"},"primaryImageOfPage":{"@id":"https:\/\/santapola.es\/ca\/la-badia-de-santa-pola-acull-la-setmana-vinent-la-olympic-week-de-vela-i-el-campionat-despanya-de-iqfoil\/#primaryimage"},"image":{"@id":"https:\/\/santapola.es\/ca\/la-badia-de-santa-pola-acull-la-setmana-vinent-la-olympic-week-de-vela-i-el-campionat-despanya-de-iqfoil\/#primaryimage"},"thumbnailUrl":"https:\/\/santapola.es\/wp-content\/uploads\/2024\/05\/RSP-20240209-068.jpg","datePublished":"2024-02-09T13:38:14+00:00","dateModified":"2024-05-20T08:29:44+00:00","author":{"@id":"https:\/\/santapola.es\/ca\/#\/schema\/person\/ad1d67403707b58350c7be5e8dbc442d"},"breadcrumb":{"@id":"https:\/\/santapola.es\/ca\/la-badia-de-santa-pola-acull-la-setmana-vinent-la-olympic-week-de-vela-i-el-campionat-despanya-de-iqfoil\/#breadcrumb"},"inLanguage":"ca","potentialAction":[{"@type":"ReadAction","target":["https:\/\/santapola.es\/ca\/la-badia-de-santa-pola-acull-la-setmana-vinent-la-olympic-week-de-vela-i-el-campionat-despanya-de-iqfoil\/"]}]},{"@type":"ImageObject","inLanguage":"ca","@id":"https:\/\/santapola.es\/ca\/la-badia-de-santa-pola-acull-la-setmana-vinent-la-olympic-week-de-vela-i-el-campionat-despanya-de-iqfoil\/#primaryimage","url":"https:\/\/santapola.es\/wp-content\/uploads\/2024\/05\/RSP-20240209-068.jpg","contentUrl":"https:\/\/santapola.es\/wp-content\/uploads\/2024\/05\/RSP-20240209-068.jpg","width":1920,"height":1272,"caption":"ARSP TELEVISION"},{"@type":"BreadcrumbList","@id":"https:\/\/santapola.es\/ca\/la-badia-de-santa-pola-acull-la-setmana-vinent-la-olympic-week-de-vela-i-el-campionat-despanya-de-iqfoil\/#breadcrumb","itemListElement":[{"@type":"ListItem","position":1,"name":"Inici","item":"https:\/\/santapola.es\/ca\/"},{"@type":"ListItem","position":2,"name":"La badia de Santa Pola acull la setmana vinent la Olympic Week de vela i el Campionat d&#8217;Espanya de IQFoil"}]},{"@type":"WebSite","@id":"https:\/\/santapola.es\/ca\/#website","url":"https:\/\/santapola.es\/ca\/","name":"Ayuntamiento de Santa Pola","description":"Web de l'Ajuntament de Santa Pola","potentialAction":[{"@type":"SearchAction","target":{"@type":"EntryPoint","urlTemplate":"https:\/\/santapola.es\/ca\/?s={search_term_string}"},"query-input":{"@type":"PropertyValueSpecification","valueRequired":true,"valueName":"search_term_string"}}],"inLanguage":"ca"},{"@type":"Person","@id":"https:\/\/santapola.es\/ca\/#\/schema\/person\/ad1d67403707b58350c7be5e8dbc442d","name":"Jos\u00e9 Juan L\u00f3pez Lafuente"}]}},"_links":{"self":[{"href":"https:\/\/santapola.es\/ca\/wp-json\/wp\/v2\/posts\/36349","targetHints":{"allow":["GET"]}}],"collection":[{"href":"https:\/\/santapola.es\/ca\/wp-json\/wp\/v2\/posts"}],"about":[{"href":"https:\/\/santapola.es\/ca\/wp-json\/wp\/v2\/types\/post"}],"author":[{"embeddable":true,"href":"https:\/\/santapola.es\/ca\/wp-json\/wp\/v2\/users\/96"}],"replies":[{"embeddable":true,"href":"https:\/\/santapola.es\/ca\/wp-json\/wp\/v2\/comments?post=36349"}],"version-history":[{"count":0,"href":"https:\/\/santapola.es\/ca\/wp-json\/wp\/v2\/posts\/36349\/revisions"}],"wp:featuredmedia":[{"embeddable":true,"href":"https:\/\/santapola.es\/ca\/wp-json\/wp\/v2\/media\/36347"}],"wp:attachment":[{"href":"https:\/\/santapola.es\/ca\/wp-json\/wp\/v2\/media?parent=36349"}],"wp:term":[{"taxonomy":"category","embeddable":true,"href":"https:\/\/santapola.es\/ca\/wp-json\/wp\/v2\/categories?post=36349"},{"taxonomy":"post_tag","embeddable":true,"href":"https:\/\/santapola.es\/ca\/wp-json\/wp\/v2\/tags?post=36349"}],"curies":[{"name":"wp","href":"https:\/\/api.w.org\/{rel}","templated":true}]}}