{"id":36336,"date":"2024-02-12T10:20:26","date_gmt":"2024-02-12T09:20:26","guid":{"rendered":"https:\/\/santapola.es\/?p=36336"},"modified":"2024-05-20T10:22:41","modified_gmt":"2024-05-20T08:22:41","slug":"dones-de-santa-pola-amb-ciencia-per-a-motivar-a-les-alumnes-deso-a-triar-carreres-cientifiques","status":"publish","type":"post","link":"https:\/\/santapola.es\/ca\/dones-de-santa-pola-amb-ciencia-per-a-motivar-a-les-alumnes-deso-a-triar-carreres-cientifiques\/","title":{"rendered":"\u201cDones de Santa Pola amb ci\u00e8ncia\u201d per a motivar a les alumnes d&#8217;ESO a triar carreres cient\u00edfiques"},"content":{"rendered":"<p><strong>Amb motiu del Dia Internacional de la Dona i la Xiqueta en la Ci\u00e8ncia, que se celebra cada 11 de febrer, la Biblioteca Central organitza la taula redona \u201cDones de Santa Pola amb ci\u00e8ncia\u201d el dijous 15 a les 11.00 i dirigida a estudiants de 3r d&#8217;ESO.<\/strong><\/p>\n<p>En commemoraci\u00f3 del Dia Internacional de la Dona i la Xiqueta en la Ci\u00e8ncia, la Biblioteca Central organitza la taula redona \u201cDones de Santa Pola amb ci\u00e8ncia\u201d, dirigida als alumnes de 3r ESO dels centres escolars que tamb\u00e9 participen en l&#8217;organitzaci\u00f3 i que s\u00f3n l&#8217;IES Santa Pola, IES Gran Alacant i Col\u00b7legi P\u00fablic Gran Alacant.<\/p>\n<p>L&#8217;activitat tindr\u00e0 lloc a la Casa de Cultura este dijous 15 de febrer a les 11.00, tant en forma presencial com per videoconfer\u00e8ncia perqu\u00e8 es connecten m\u00e9s classes dels centres, gr\u00e0cies a la col\u00b7laboraci\u00f3 de CEFIRE Elx que proporciona la plataforma per a connexi\u00f3.<\/p>\n<p>L&#8217;objectiu d&#8217;esta iniciativa \u00e9s motivar als alumnes, i sobretot a les alumnes de 3r de l&#8217;ESO, a decidir-se per les ci\u00e8ncies com a futur professional. Per a aix\u00f2, cinc dones que es dediquen a la ci\u00e8ncia ens comptaran la seua experi\u00e8ncia en estudis i treball.\u00a0S\u00f3n dones santapoleres o vinculades d&#8217;alguna manera a Santa Pola.<\/p>\n<p>Elles s\u00f3n Mar\u00eda Ayala, matem\u00e0tica que treballa en banca, Eva Mar\u00eda Gonz\u00e1lez, qu\u00edmica que fa treball de laboratori, Lidia Cebri\u00e1n, bi\u00f2loga i professora, Ana P\u00e9rez, emprenedora i enginyera aeron\u00e0utica que treballa amb drons, i Carolina Molina, bi\u00f2loga i inspectora en seguretat nuclear i protecci\u00f3 radiol\u00f2gica.<\/p>\n<p>Durant el transcurs de la taula redona, els alumnes podran preguntar a les protagonistes les q\u00fcestions que han preparat en classe a partir dels curr\u00edculums d&#8217;estes dones.<\/p>\n","protected":false},"excerpt":{"rendered":"<p>Amb motiu del Dia Internacional de la Dona i la Xiqueta en la Ci\u00e8ncia, que se celebra cada 11 de febrer, la Biblioteca Central organitza la taula redona \u201cDones de Santa Pola amb ci\u00e8ncia\u201d el dijous 15 a les 11.00 i dirigida a estudiants de 3r d&#8217;ESO. En commemoraci\u00f3 del Dia Internacional de la Dona [&hellip;]<\/p>\n","protected":false},"author":96,"featured_media":36334,"comment_status":"closed","ping_status":"closed","sticky":false,"template":"","format":"standard","meta":{"_et_pb_use_builder":"","_et_pb_old_content":"","_et_gb_content_width":"","footnotes":""},"categories":[433,474],"tags":[762,695,763],"class_list":["post-36336","post","type-post","status-publish","format-standard","has-post-thumbnail","hentry","category-cultura-ca","category-educacio","tag-biblioteca-central-ca","tag-casa-de-cultura-ca","tag-mujer-con-ciencia-ca"],"yoast_head":"<!-- This site is optimized with the Yoast SEO plugin v27.4 - https:\/\/yoast.com\/product\/yoast-seo-wordpress\/ -->\n<title>\u201cDones de Santa Pola amb ci\u00e8ncia\u201d per a motivar a les alumnes d&#039;ESO a triar carreres cient\u00edfiques - Ajuntament de Santa Pola<\/title>\n<meta name=\"robots\" content=\"index, follow, max-snippet:-1, max-image-preview:large, max-video-preview:-1\" \/>\n<link rel=\"canonical\" href=\"https:\/\/santapola.es\/ca\/dones-de-santa-pola-amb-ciencia-per-a-motivar-a-les-alumnes-deso-a-triar-carreres-cientifiques\/\" \/>\n<meta property=\"og:locale\" content=\"ca_ES\" \/>\n<meta property=\"og:type\" content=\"article\" \/>\n<meta property=\"og:title\" content=\"\u201cDones de Santa Pola amb ci\u00e8ncia\u201d per a motivar a les alumnes d&#039;ESO a triar carreres cient\u00edfiques - Ajuntament de Santa Pola\" \/>\n<meta property=\"og:description\" content=\"Amb motiu del Dia Internacional de la Dona i la Xiqueta en la Ci\u00e8ncia, que se celebra cada 11 de febrer, la Biblioteca Central organitza la taula redona \u201cDones de Santa Pola amb ci\u00e8ncia\u201d el dijous 15 a les 11.00 i dirigida a estudiants de 3r d&#8217;ESO. En commemoraci\u00f3 del Dia Internacional de la Dona [&hellip;]\" \/>\n<meta property=\"og:url\" content=\"https:\/\/santapola.es\/ca\/dones-de-santa-pola-amb-ciencia-per-a-motivar-a-les-alumnes-deso-a-triar-carreres-cientifiques\/\" \/>\n<meta property=\"og:site_name\" content=\"Ajuntament de Santa Pola\" \/>\n<meta property=\"article:publisher\" content=\"https:\/\/www.facebook.com\/AyuntamientoSantaPola\/\" \/>\n<meta property=\"article:published_time\" content=\"2024-02-12T09:20:26+00:00\" \/>\n<meta property=\"article:modified_time\" content=\"2024-05-20T08:22:41+00:00\" \/>\n<meta property=\"og:image\" content=\"https:\/\/santapola.es\/wp-content\/uploads\/2024\/05\/IV-la-Mujer-y-la-Nina-en-la-Ciencia-participantes-castellano.jpeg\" \/>\n\t<meta property=\"og:image:width\" content=\"1414\" \/>\n\t<meta property=\"og:image:height\" content=\"2000\" \/>\n\t<meta property=\"og:image:type\" content=\"image\/jpeg\" \/>\n<meta name=\"author\" content=\"Jos\u00e9 Juan L\u00f3pez Lafuente\" \/>\n<meta name=\"twitter:card\" content=\"summary_large_image\" \/>\n<meta name=\"twitter:creator\" content=\"@SantaPolaAyunt\" \/>\n<meta name=\"twitter:site\" content=\"@SantaPolaAyunt\" \/>\n<script type=\"application\/ld+json\" class=\"yoast-schema-graph\">{\"@context\":\"https:\\\/\\\/schema.org\",\"@graph\":[{\"@type\":\"Article\",\"@id\":\"https:\\\/\\\/santapola.es\\\/ca\\\/dones-de-santa-pola-amb-ciencia-per-a-motivar-a-les-alumnes-deso-a-triar-carreres-cientifiques\\\/#article\",\"isPartOf\":{\"@id\":\"https:\\\/\\\/santapola.es\\\/ca\\\/dones-de-santa-pola-amb-ciencia-per-a-motivar-a-les-alumnes-deso-a-triar-carreres-cientifiques\\\/\"},\"author\":{\"name\":\"Jos\u00e9 Juan L\u00f3pez Lafuente\",\"@id\":\"https:\\\/\\\/santapola.es\\\/ca\\\/#\\\/schema\\\/person\\\/ad1d67403707b58350c7be5e8dbc442d\"},\"headline\":\"\u201cDones de Santa Pola amb ci\u00e8ncia\u201d per a motivar a les alumnes d&#8217;ESO a triar carreres cient\u00edfiques\",\"datePublished\":\"2024-02-12T09:20:26+00:00\",\"dateModified\":\"2024-05-20T08:22:41+00:00\",\"mainEntityOfPage\":{\"@id\":\"https:\\\/\\\/santapola.es\\\/ca\\\/dones-de-santa-pola-amb-ciencia-per-a-motivar-a-les-alumnes-deso-a-triar-carreres-cientifiques\\\/\"},\"wordCount\":326,\"image\":{\"@id\":\"https:\\\/\\\/santapola.es\\\/ca\\\/dones-de-santa-pola-amb-ciencia-per-a-motivar-a-les-alumnes-deso-a-triar-carreres-cientifiques\\\/#primaryimage\"},\"thumbnailUrl\":\"https:\\\/\\\/santapola.es\\\/wp-content\\\/uploads\\\/2024\\\/05\\\/IV-la-Mujer-y-la-Nina-en-la-Ciencia-participantes-castellano.jpeg\",\"keywords\":[\"Biblioteca Central\",\"Casa de Cultura\",\"Mujer con ciencia\"],\"articleSection\":[\"Cultura\",\"Educaci\u00f3\"],\"inLanguage\":\"ca\"},{\"@type\":\"WebPage\",\"@id\":\"https:\\\/\\\/santapola.es\\\/ca\\\/dones-de-santa-pola-amb-ciencia-per-a-motivar-a-les-alumnes-deso-a-triar-carreres-cientifiques\\\/\",\"url\":\"https:\\\/\\\/santapola.es\\\/ca\\\/dones-de-santa-pola-amb-ciencia-per-a-motivar-a-les-alumnes-deso-a-triar-carreres-cientifiques\\\/\",\"name\":\"\u201cDones de Santa Pola amb ci\u00e8ncia\u201d per a motivar a les alumnes d'ESO a triar carreres cient\u00edfiques - Ajuntament de Santa Pola\",\"isPartOf\":{\"@id\":\"https:\\\/\\\/santapola.es\\\/ca\\\/#website\"},\"primaryImageOfPage\":{\"@id\":\"https:\\\/\\\/santapola.es\\\/ca\\\/dones-de-santa-pola-amb-ciencia-per-a-motivar-a-les-alumnes-deso-a-triar-carreres-cientifiques\\\/#primaryimage\"},\"image\":{\"@id\":\"https:\\\/\\\/santapola.es\\\/ca\\\/dones-de-santa-pola-amb-ciencia-per-a-motivar-a-les-alumnes-deso-a-triar-carreres-cientifiques\\\/#primaryimage\"},\"thumbnailUrl\":\"https:\\\/\\\/santapola.es\\\/wp-content\\\/uploads\\\/2024\\\/05\\\/IV-la-Mujer-y-la-Nina-en-la-Ciencia-participantes-castellano.jpeg\",\"datePublished\":\"2024-02-12T09:20:26+00:00\",\"dateModified\":\"2024-05-20T08:22:41+00:00\",\"author\":{\"@id\":\"https:\\\/\\\/santapola.es\\\/ca\\\/#\\\/schema\\\/person\\\/ad1d67403707b58350c7be5e8dbc442d\"},\"breadcrumb\":{\"@id\":\"https:\\\/\\\/santapola.es\\\/ca\\\/dones-de-santa-pola-amb-ciencia-per-a-motivar-a-les-alumnes-deso-a-triar-carreres-cientifiques\\\/#breadcrumb\"},\"inLanguage\":\"ca\",\"potentialAction\":[{\"@type\":\"ReadAction\",\"target\":[\"https:\\\/\\\/santapola.es\\\/ca\\\/dones-de-santa-pola-amb-ciencia-per-a-motivar-a-les-alumnes-deso-a-triar-carreres-cientifiques\\\/\"]}]},{\"@type\":\"ImageObject\",\"inLanguage\":\"ca\",\"@id\":\"https:\\\/\\\/santapola.es\\\/ca\\\/dones-de-santa-pola-amb-ciencia-per-a-motivar-a-les-alumnes-deso-a-triar-carreres-cientifiques\\\/#primaryimage\",\"url\":\"https:\\\/\\\/santapola.es\\\/wp-content\\\/uploads\\\/2024\\\/05\\\/IV-la-Mujer-y-la-Nina-en-la-Ciencia-participantes-castellano.jpeg\",\"contentUrl\":\"https:\\\/\\\/santapola.es\\\/wp-content\\\/uploads\\\/2024\\\/05\\\/IV-la-Mujer-y-la-Nina-en-la-Ciencia-participantes-castellano.jpeg\",\"width\":1414,\"height\":2000},{\"@type\":\"BreadcrumbList\",\"@id\":\"https:\\\/\\\/santapola.es\\\/ca\\\/dones-de-santa-pola-amb-ciencia-per-a-motivar-a-les-alumnes-deso-a-triar-carreres-cientifiques\\\/#breadcrumb\",\"itemListElement\":[{\"@type\":\"ListItem\",\"position\":1,\"name\":\"Inici\",\"item\":\"https:\\\/\\\/santapola.es\\\/ca\\\/\"},{\"@type\":\"ListItem\",\"position\":2,\"name\":\"\u201cDones de Santa Pola amb ci\u00e8ncia\u201d per a motivar a les alumnes d&#8217;ESO a triar carreres cient\u00edfiques\"}]},{\"@type\":\"WebSite\",\"@id\":\"https:\\\/\\\/santapola.es\\\/ca\\\/#website\",\"url\":\"https:\\\/\\\/santapola.es\\\/ca\\\/\",\"name\":\"Ayuntamiento de Santa Pola\",\"description\":\"Web de l'Ajuntament de Santa Pola\",\"potentialAction\":[{\"@type\":\"SearchAction\",\"target\":{\"@type\":\"EntryPoint\",\"urlTemplate\":\"https:\\\/\\\/santapola.es\\\/ca\\\/?s={search_term_string}\"},\"query-input\":{\"@type\":\"PropertyValueSpecification\",\"valueRequired\":true,\"valueName\":\"search_term_string\"}}],\"inLanguage\":\"ca\"},{\"@type\":\"Person\",\"@id\":\"https:\\\/\\\/santapola.es\\\/ca\\\/#\\\/schema\\\/person\\\/ad1d67403707b58350c7be5e8dbc442d\",\"name\":\"Jos\u00e9 Juan L\u00f3pez Lafuente\"}]}<\/script>\n<!-- \/ Yoast SEO plugin. -->","yoast_head_json":{"title":"\u201cDones de Santa Pola amb ci\u00e8ncia\u201d per a motivar a les alumnes d'ESO a triar carreres cient\u00edfiques - Ajuntament de Santa Pola","robots":{"index":"index","follow":"follow","max-snippet":"max-snippet:-1","max-image-preview":"max-image-preview:large","max-video-preview":"max-video-preview:-1"},"canonical":"https:\/\/santapola.es\/ca\/dones-de-santa-pola-amb-ciencia-per-a-motivar-a-les-alumnes-deso-a-triar-carreres-cientifiques\/","og_locale":"ca_ES","og_type":"article","og_title":"\u201cDones de Santa Pola amb ci\u00e8ncia\u201d per a motivar a les alumnes d'ESO a triar carreres cient\u00edfiques - Ajuntament de Santa Pola","og_description":"Amb motiu del Dia Internacional de la Dona i la Xiqueta en la Ci\u00e8ncia, que se celebra cada 11 de febrer, la Biblioteca Central organitza la taula redona \u201cDones de Santa Pola amb ci\u00e8ncia\u201d el dijous 15 a les 11.00 i dirigida a estudiants de 3r d&#8217;ESO. En commemoraci\u00f3 del Dia Internacional de la Dona [&hellip;]","og_url":"https:\/\/santapola.es\/ca\/dones-de-santa-pola-amb-ciencia-per-a-motivar-a-les-alumnes-deso-a-triar-carreres-cientifiques\/","og_site_name":"Ajuntament de Santa Pola","article_publisher":"https:\/\/www.facebook.com\/AyuntamientoSantaPola\/","article_published_time":"2024-02-12T09:20:26+00:00","article_modified_time":"2024-05-20T08:22:41+00:00","og_image":[{"width":1414,"height":2000,"url":"https:\/\/santapola.es\/wp-content\/uploads\/2024\/05\/IV-la-Mujer-y-la-Nina-en-la-Ciencia-participantes-castellano.jpeg","type":"image\/jpeg"}],"author":"Jos\u00e9 Juan L\u00f3pez Lafuente","twitter_card":"summary_large_image","twitter_creator":"@SantaPolaAyunt","twitter_site":"@SantaPolaAyunt","schema":{"@context":"https:\/\/schema.org","@graph":[{"@type":"Article","@id":"https:\/\/santapola.es\/ca\/dones-de-santa-pola-amb-ciencia-per-a-motivar-a-les-alumnes-deso-a-triar-carreres-cientifiques\/#article","isPartOf":{"@id":"https:\/\/santapola.es\/ca\/dones-de-santa-pola-amb-ciencia-per-a-motivar-a-les-alumnes-deso-a-triar-carreres-cientifiques\/"},"author":{"name":"Jos\u00e9 Juan L\u00f3pez Lafuente","@id":"https:\/\/santapola.es\/ca\/#\/schema\/person\/ad1d67403707b58350c7be5e8dbc442d"},"headline":"\u201cDones de Santa Pola amb ci\u00e8ncia\u201d per a motivar a les alumnes d&#8217;ESO a triar carreres cient\u00edfiques","datePublished":"2024-02-12T09:20:26+00:00","dateModified":"2024-05-20T08:22:41+00:00","mainEntityOfPage":{"@id":"https:\/\/santapola.es\/ca\/dones-de-santa-pola-amb-ciencia-per-a-motivar-a-les-alumnes-deso-a-triar-carreres-cientifiques\/"},"wordCount":326,"image":{"@id":"https:\/\/santapola.es\/ca\/dones-de-santa-pola-amb-ciencia-per-a-motivar-a-les-alumnes-deso-a-triar-carreres-cientifiques\/#primaryimage"},"thumbnailUrl":"https:\/\/santapola.es\/wp-content\/uploads\/2024\/05\/IV-la-Mujer-y-la-Nina-en-la-Ciencia-participantes-castellano.jpeg","keywords":["Biblioteca Central","Casa de Cultura","Mujer con ciencia"],"articleSection":["Cultura","Educaci\u00f3"],"inLanguage":"ca"},{"@type":"WebPage","@id":"https:\/\/santapola.es\/ca\/dones-de-santa-pola-amb-ciencia-per-a-motivar-a-les-alumnes-deso-a-triar-carreres-cientifiques\/","url":"https:\/\/santapola.es\/ca\/dones-de-santa-pola-amb-ciencia-per-a-motivar-a-les-alumnes-deso-a-triar-carreres-cientifiques\/","name":"\u201cDones de Santa Pola amb ci\u00e8ncia\u201d per a motivar a les alumnes d'ESO a triar carreres cient\u00edfiques - Ajuntament de Santa Pola","isPartOf":{"@id":"https:\/\/santapola.es\/ca\/#website"},"primaryImageOfPage":{"@id":"https:\/\/santapola.es\/ca\/dones-de-santa-pola-amb-ciencia-per-a-motivar-a-les-alumnes-deso-a-triar-carreres-cientifiques\/#primaryimage"},"image":{"@id":"https:\/\/santapola.es\/ca\/dones-de-santa-pola-amb-ciencia-per-a-motivar-a-les-alumnes-deso-a-triar-carreres-cientifiques\/#primaryimage"},"thumbnailUrl":"https:\/\/santapola.es\/wp-content\/uploads\/2024\/05\/IV-la-Mujer-y-la-Nina-en-la-Ciencia-participantes-castellano.jpeg","datePublished":"2024-02-12T09:20:26+00:00","dateModified":"2024-05-20T08:22:41+00:00","author":{"@id":"https:\/\/santapola.es\/ca\/#\/schema\/person\/ad1d67403707b58350c7be5e8dbc442d"},"breadcrumb":{"@id":"https:\/\/santapola.es\/ca\/dones-de-santa-pola-amb-ciencia-per-a-motivar-a-les-alumnes-deso-a-triar-carreres-cientifiques\/#breadcrumb"},"inLanguage":"ca","potentialAction":[{"@type":"ReadAction","target":["https:\/\/santapola.es\/ca\/dones-de-santa-pola-amb-ciencia-per-a-motivar-a-les-alumnes-deso-a-triar-carreres-cientifiques\/"]}]},{"@type":"ImageObject","inLanguage":"ca","@id":"https:\/\/santapola.es\/ca\/dones-de-santa-pola-amb-ciencia-per-a-motivar-a-les-alumnes-deso-a-triar-carreres-cientifiques\/#primaryimage","url":"https:\/\/santapola.es\/wp-content\/uploads\/2024\/05\/IV-la-Mujer-y-la-Nina-en-la-Ciencia-participantes-castellano.jpeg","contentUrl":"https:\/\/santapola.es\/wp-content\/uploads\/2024\/05\/IV-la-Mujer-y-la-Nina-en-la-Ciencia-participantes-castellano.jpeg","width":1414,"height":2000},{"@type":"BreadcrumbList","@id":"https:\/\/santapola.es\/ca\/dones-de-santa-pola-amb-ciencia-per-a-motivar-a-les-alumnes-deso-a-triar-carreres-cientifiques\/#breadcrumb","itemListElement":[{"@type":"ListItem","position":1,"name":"Inici","item":"https:\/\/santapola.es\/ca\/"},{"@type":"ListItem","position":2,"name":"\u201cDones de Santa Pola amb ci\u00e8ncia\u201d per a motivar a les alumnes d&#8217;ESO a triar carreres cient\u00edfiques"}]},{"@type":"WebSite","@id":"https:\/\/santapola.es\/ca\/#website","url":"https:\/\/santapola.es\/ca\/","name":"Ayuntamiento de Santa Pola","description":"Web de l'Ajuntament de Santa Pola","potentialAction":[{"@type":"SearchAction","target":{"@type":"EntryPoint","urlTemplate":"https:\/\/santapola.es\/ca\/?s={search_term_string}"},"query-input":{"@type":"PropertyValueSpecification","valueRequired":true,"valueName":"search_term_string"}}],"inLanguage":"ca"},{"@type":"Person","@id":"https:\/\/santapola.es\/ca\/#\/schema\/person\/ad1d67403707b58350c7be5e8dbc442d","name":"Jos\u00e9 Juan L\u00f3pez Lafuente"}]}},"_links":{"self":[{"href":"https:\/\/santapola.es\/ca\/wp-json\/wp\/v2\/posts\/36336","targetHints":{"allow":["GET"]}}],"collection":[{"href":"https:\/\/santapola.es\/ca\/wp-json\/wp\/v2\/posts"}],"about":[{"href":"https:\/\/santapola.es\/ca\/wp-json\/wp\/v2\/types\/post"}],"author":[{"embeddable":true,"href":"https:\/\/santapola.es\/ca\/wp-json\/wp\/v2\/users\/96"}],"replies":[{"embeddable":true,"href":"https:\/\/santapola.es\/ca\/wp-json\/wp\/v2\/comments?post=36336"}],"version-history":[{"count":0,"href":"https:\/\/santapola.es\/ca\/wp-json\/wp\/v2\/posts\/36336\/revisions"}],"wp:featuredmedia":[{"embeddable":true,"href":"https:\/\/santapola.es\/ca\/wp-json\/wp\/v2\/media\/36334"}],"wp:attachment":[{"href":"https:\/\/santapola.es\/ca\/wp-json\/wp\/v2\/media?parent=36336"}],"wp:term":[{"taxonomy":"category","embeddable":true,"href":"https:\/\/santapola.es\/ca\/wp-json\/wp\/v2\/categories?post=36336"},{"taxonomy":"post_tag","embeddable":true,"href":"https:\/\/santapola.es\/ca\/wp-json\/wp\/v2\/tags?post=36336"}],"curies":[{"name":"wp","href":"https:\/\/api.w.org\/{rel}","templated":true}]}}