{"id":36297,"date":"2024-02-18T13:17:30","date_gmt":"2024-02-18T12:17:30","guid":{"rendered":"https:\/\/santapola.es\/?p=36297"},"modified":"2024-05-20T10:06:44","modified_gmt":"2024-05-20T08:06:44","slug":"la-policia-local-de-santa-pola-reforca-la-seguretat-ciutadana-en-gran-alacant-amb-la-posada-en-marxa-duna-nova-reguarda","status":"publish","type":"post","link":"https:\/\/santapola.es\/ca\/la-policia-local-de-santa-pola-reforca-la-seguretat-ciutadana-en-gran-alacant-amb-la-posada-en-marxa-duna-nova-reguarda\/","title":{"rendered":"La Policia Local de Santa Pola refor\u00e7a la seguretat ciutadana en Gran Alacant amb la posada en marxa d&#8217;una nova reguarda"},"content":{"rendered":"<p><strong>L&#8217;Ajuntament de Santa Pola aconseguix fer realitat una de les demandes dels ve\u00efns del barri que contribuir\u00e0 a millorar la seguretat en la zona. Durant l&#8217;acte els assistents van poder con\u00e9ixer com funcionen servicis policials com el dron, les cambres intel\u00b7ligents, el servici can\u00ed i una app per a emerg\u00e8ncies.<\/strong><\/p>\n<p>La nova reguarda ja est\u00e0 a la disposici\u00f3 dels ciutadans en l&#8217;avinguda de Finl\u00e0ndia, est\u00e0 situat en una zona enjardinada entre la via d&#8217;acc\u00e9s a Gran Alacant des de la carretera nacional 332 i el centre comercial.<\/p>\n<p>Es tracta d&#8217;un edifici de 55 m\u00b2 que compta amb \u00e0rea d&#8217;acc\u00e9s, zones d&#8217;espera i d&#8217;atenci\u00f3, despatx i bany. Ha sigut dissenyat amb criteris d&#8217;estalvi energ\u00e8tic i amb grans volades al sud per a evitar la radiaci\u00f3 solar a l&#8217;estiu i disminuir el consum de climatitzaci\u00f3. S&#8217;ha constru\u00eft amb un pressupost de 118.058,68 euros.<\/p>\n<p>L&#8217;alcaldessa Loreto Serrano va destacar que \u201c\u00e9s una gran not\u00edcia demostrar que complim amb el comprom\u00eds que adquirim amb els ve\u00efns de Gran Alacant i des de hui ja disposen d&#8217;una reguarda de la Policia Local que, sens dubte, millorar\u00e0 l&#8217;atenci\u00f3 als nostres ciutadans. Tamb\u00e9 hem volgut aprofitar esta ocasi\u00f3 per a acostar a la gent com \u00e9s el dia a dia dels nostres policies i els mitjans tecnol\u00f2gics que estem implantant per a crear un municipi m\u00e9s segur, com s\u00f3n les cambres intel\u00b7ligents, l&#8217;aplicaci\u00f3 m\u00f2bil d&#8217;emerg\u00e8ncies o els drons\u201d.<\/p>\n<p><strong>Noves tecnologies aplicades a la seguretat<\/strong><\/p>\n<p>Ana Blasco, regidor de Seguretat Ciutadana, ha explicat que \u201cdes de la nostra regidoria estem apostant per millorar la labor de la Policia Local mitjan\u00e7ant l&#8217;increment dels efectius en plantilla i la seua modernitzaci\u00f3 a trav\u00e9s de la tecnologia. En els \u00faltims mesos hem incorporat elements tan importants com jupetins antibales, tasers, nous vehicles, dron, etc. Invertim en la seguretat dels nostres agents a trav\u00e9s de ferramentes que els permeten exercir una labor m\u00e9s segura i efectiva\u201d.<\/p>\n<p>Blasco va afegir que \u201chem iniciat en Gran Alacant una experi\u00e8ncia pilot amb la instal\u00b7laci\u00f3 de c\u00e0meres intel\u00b7ligents de videovigil\u00e0ncia en els principals accessos al barri, la qual cosa ens permetr\u00e0 un millor control del tr\u00e0nsit. La utilitzaci\u00f3 del dron tamb\u00e9 permet una millor vigil\u00e0ncia i control des d&#8217;una perspectiva a\u00e8ria. Al llarg d&#8217;esta legislatura ampliarem progressivament la implantaci\u00f3 de cambres intel\u00b7ligents en tot el municipi\u201d.<\/p>\n<p>El comissari cap Jos\u00e9 Miguel Zaragoza va agrair a l&#8217;alcaldessa i la corporaci\u00f3 municipal \u201cel treball per dotar a la Policia Local de millors mitjans perqu\u00e8 puguem exercir amb efic\u00e0cia el nostre treball, que \u00e9s garantir la seguretat dels nostres ciutadans\u201d i va fer un al\u00b7legat perqu\u00e8 des d&#8217;altres administracions es fa\u00e7a el mateix per a dotar a la Gu\u00e0rdia Civil, tamb\u00e9 present en l&#8217;acte, de les mateixes ferramentes.<\/p>\n<p><strong>Acostant-se al ciutad\u00e0<\/strong><\/p>\n<p>L&#8217;acte d&#8217;inauguraci\u00f3 s&#8217;ha ideat com una jornada de portes obertes als ciutadans, que han pogut con\u00e9ixer m\u00e9s a fons la labor dels nostres policies locals i descobrir els \u00faltims recursos incorporats per a millorar la seguretat ciutadana del nostre municipi.<\/p>\n<p>Agents de la Policia Local de Santa Pola van fer davant el p\u00fablic assistent demostracions dels \u00faltims recursos tecnol\u00f2gics implantats, com el dron, les c\u00e0meres intel\u00b7ligents de videovigil\u00e0ncia i una nova app per a dispositius m\u00f2bils,\u00a0 Eurocop Myalert, que facilitar\u00e0 als ciutadans el contacte amb la policia en cas d&#8217;emerg\u00e8ncia.<\/p>\n<p>Tamb\u00e9 van ser presents els agents canins Indio i Nero amb els seus instructors, com sempre causant expectaci\u00f3 sobretot amb els m\u00e9s xicotets, que a m\u00e9s de jugar al costat de la patrulla canina van rebre un carnet de policia infantil.<\/p>\n<p><strong>Comprom\u00eds amb Gran Alacant<\/strong><\/p>\n<p>Els edils del barri, \u00d3scar Valenzuela i Borja Merino, van destacar que \u201chui es fa realitat un dels grans compromisos que adquirim amb Gran Alacant per a esta legislatura, entre una altra s\u00e8rie de grans projectes per al barri. Es constata aix\u00ed la voluntat de l&#8217;equip de govern d&#8217;anar dotant de mitjans i infraestructures adequades a la particularitat de Gran Alacant com una zona important de Santa Pola. Les grans \u00e0rees de millora demandades pels ve\u00efns eren educaci\u00f3, seguretat i neteja, i en les tres hem fet passos molt importants com s&#8217;est\u00e0 veient\u201d.<\/p>\n","protected":false},"excerpt":{"rendered":"<p>L&#8217;Ajuntament de Santa Pola aconseguix fer realitat una de les demandes dels ve\u00efns del barri que contribuir\u00e0 a millorar la seguretat en la zona. Durant l&#8217;acte els assistents van poder con\u00e9ixer com funcionen servicis policials com el dron, les cambres intel\u00b7ligents, el servici can\u00ed i una app per a emerg\u00e8ncies. La nova reguarda ja est\u00e0 [&hellip;]<\/p>\n","protected":false},"author":96,"featured_media":36294,"comment_status":"closed","ping_status":"closed","sticky":false,"template":"","format":"standard","meta":{"_et_pb_use_builder":"","_et_pb_old_content":"","_et_gb_content_width":"","footnotes":""},"categories":[444,443],"tags":[479,582,757,487,619,446,710],"class_list":["post-36297","post","type-post","status-publish","format-standard","has-post-thumbnail","hentry","category-policia-ca","category-seguretat-ciutadana-proteccio-civil","tag-ana-blasco-ca","tag-borja-merino-ca","tag-jose-miguel-zaragoza-ca","tag-loreto-serrano-ca","tag-oscar-valenzuela-ca","tag-policia-local-ca","tag-reten-gran-alacant-ca"],"yoast_head":"<!-- This site is optimized with the Yoast SEO plugin v27.4 - https:\/\/yoast.com\/product\/yoast-seo-wordpress\/ -->\n<title>La Policia Local de Santa Pola refor\u00e7a la seguretat ciutadana en Gran Alacant amb la posada en marxa d&#039;una nova reguarda - Ajuntament de Santa Pola<\/title>\n<meta name=\"robots\" content=\"index, follow, max-snippet:-1, max-image-preview:large, max-video-preview:-1\" \/>\n<link rel=\"canonical\" href=\"https:\/\/santapola.es\/ca\/la-policia-local-de-santa-pola-reforca-la-seguretat-ciutadana-en-gran-alacant-amb-la-posada-en-marxa-duna-nova-reguarda\/\" \/>\n<meta property=\"og:locale\" content=\"ca_ES\" \/>\n<meta property=\"og:type\" content=\"article\" \/>\n<meta property=\"og:title\" content=\"La Policia Local de Santa Pola refor\u00e7a la seguretat ciutadana en Gran Alacant amb la posada en marxa d&#039;una nova reguarda - Ajuntament de Santa Pola\" \/>\n<meta property=\"og:description\" content=\"L&#8217;Ajuntament de Santa Pola aconseguix fer realitat una de les demandes dels ve\u00efns del barri que contribuir\u00e0 a millorar la seguretat en la zona. Durant l&#8217;acte els assistents van poder con\u00e9ixer com funcionen servicis policials com el dron, les cambres intel\u00b7ligents, el servici can\u00ed i una app per a emerg\u00e8ncies. La nova reguarda ja est\u00e0 [&hellip;]\" \/>\n<meta property=\"og:url\" content=\"https:\/\/santapola.es\/ca\/la-policia-local-de-santa-pola-reforca-la-seguretat-ciutadana-en-gran-alacant-amb-la-posada-en-marxa-duna-nova-reguarda\/\" \/>\n<meta property=\"og:site_name\" content=\"Ajuntament de Santa Pola\" \/>\n<meta property=\"article:publisher\" content=\"https:\/\/www.facebook.com\/AyuntamientoSantaPola\/\" \/>\n<meta property=\"article:published_time\" content=\"2024-02-18T12:17:30+00:00\" \/>\n<meta property=\"article:modified_time\" content=\"2024-05-20T08:06:44+00:00\" \/>\n<meta property=\"og:image\" content=\"https:\/\/santapola.es\/wp-content\/uploads\/2024\/05\/WhatsApp-Image-2024-02-18-at-13.01.54.jpeg\" \/>\n\t<meta property=\"og:image:width\" content=\"1600\" \/>\n\t<meta property=\"og:image:height\" content=\"900\" \/>\n\t<meta property=\"og:image:type\" content=\"image\/jpeg\" \/>\n<meta name=\"author\" content=\"Jos\u00e9 Juan L\u00f3pez Lafuente\" \/>\n<meta name=\"twitter:card\" content=\"summary_large_image\" \/>\n<meta name=\"twitter:creator\" content=\"@SantaPolaAyunt\" \/>\n<meta name=\"twitter:site\" content=\"@SantaPolaAyunt\" \/>\n<script type=\"application\/ld+json\" class=\"yoast-schema-graph\">{\"@context\":\"https:\\\/\\\/schema.org\",\"@graph\":[{\"@type\":\"Article\",\"@id\":\"https:\\\/\\\/santapola.es\\\/ca\\\/la-policia-local-de-santa-pola-reforca-la-seguretat-ciutadana-en-gran-alacant-amb-la-posada-en-marxa-duna-nova-reguarda\\\/#article\",\"isPartOf\":{\"@id\":\"https:\\\/\\\/santapola.es\\\/ca\\\/la-policia-local-de-santa-pola-reforca-la-seguretat-ciutadana-en-gran-alacant-amb-la-posada-en-marxa-duna-nova-reguarda\\\/\"},\"author\":{\"name\":\"Jos\u00e9 Juan L\u00f3pez Lafuente\",\"@id\":\"https:\\\/\\\/santapola.es\\\/ca\\\/#\\\/schema\\\/person\\\/ad1d67403707b58350c7be5e8dbc442d\"},\"headline\":\"La Policia Local de Santa Pola refor\u00e7a la seguretat ciutadana en Gran Alacant amb la posada en marxa d&#8217;una nova reguarda\",\"datePublished\":\"2024-02-18T12:17:30+00:00\",\"dateModified\":\"2024-05-20T08:06:44+00:00\",\"mainEntityOfPage\":{\"@id\":\"https:\\\/\\\/santapola.es\\\/ca\\\/la-policia-local-de-santa-pola-reforca-la-seguretat-ciutadana-en-gran-alacant-amb-la-posada-en-marxa-duna-nova-reguarda\\\/\"},\"wordCount\":778,\"image\":{\"@id\":\"https:\\\/\\\/santapola.es\\\/ca\\\/la-policia-local-de-santa-pola-reforca-la-seguretat-ciutadana-en-gran-alacant-amb-la-posada-en-marxa-duna-nova-reguarda\\\/#primaryimage\"},\"thumbnailUrl\":\"https:\\\/\\\/santapola.es\\\/wp-content\\\/uploads\\\/2024\\\/05\\\/WhatsApp-Image-2024-02-18-at-13.01.54.jpeg\",\"keywords\":[\"Ana Blasco\",\"Borja Merino\",\"Jos\u00e9 Miguel Zaragoza\",\"Loreto Serrano\",\"\u00d3scar Valenzuela\",\"Policia Local\",\"Ret\u00e9n Gran Alacant\"],\"articleSection\":[\"Policia\",\"Seguretat Ciutadana \\\/ Protecci\u00f3 Civil\"],\"inLanguage\":\"ca\"},{\"@type\":\"WebPage\",\"@id\":\"https:\\\/\\\/santapola.es\\\/ca\\\/la-policia-local-de-santa-pola-reforca-la-seguretat-ciutadana-en-gran-alacant-amb-la-posada-en-marxa-duna-nova-reguarda\\\/\",\"url\":\"https:\\\/\\\/santapola.es\\\/ca\\\/la-policia-local-de-santa-pola-reforca-la-seguretat-ciutadana-en-gran-alacant-amb-la-posada-en-marxa-duna-nova-reguarda\\\/\",\"name\":\"La Policia Local de Santa Pola refor\u00e7a la seguretat ciutadana en Gran Alacant amb la posada en marxa d'una nova reguarda - Ajuntament de Santa Pola\",\"isPartOf\":{\"@id\":\"https:\\\/\\\/santapola.es\\\/ca\\\/#website\"},\"primaryImageOfPage\":{\"@id\":\"https:\\\/\\\/santapola.es\\\/ca\\\/la-policia-local-de-santa-pola-reforca-la-seguretat-ciutadana-en-gran-alacant-amb-la-posada-en-marxa-duna-nova-reguarda\\\/#primaryimage\"},\"image\":{\"@id\":\"https:\\\/\\\/santapola.es\\\/ca\\\/la-policia-local-de-santa-pola-reforca-la-seguretat-ciutadana-en-gran-alacant-amb-la-posada-en-marxa-duna-nova-reguarda\\\/#primaryimage\"},\"thumbnailUrl\":\"https:\\\/\\\/santapola.es\\\/wp-content\\\/uploads\\\/2024\\\/05\\\/WhatsApp-Image-2024-02-18-at-13.01.54.jpeg\",\"datePublished\":\"2024-02-18T12:17:30+00:00\",\"dateModified\":\"2024-05-20T08:06:44+00:00\",\"author\":{\"@id\":\"https:\\\/\\\/santapola.es\\\/ca\\\/#\\\/schema\\\/person\\\/ad1d67403707b58350c7be5e8dbc442d\"},\"breadcrumb\":{\"@id\":\"https:\\\/\\\/santapola.es\\\/ca\\\/la-policia-local-de-santa-pola-reforca-la-seguretat-ciutadana-en-gran-alacant-amb-la-posada-en-marxa-duna-nova-reguarda\\\/#breadcrumb\"},\"inLanguage\":\"ca\",\"potentialAction\":[{\"@type\":\"ReadAction\",\"target\":[\"https:\\\/\\\/santapola.es\\\/ca\\\/la-policia-local-de-santa-pola-reforca-la-seguretat-ciutadana-en-gran-alacant-amb-la-posada-en-marxa-duna-nova-reguarda\\\/\"]}]},{\"@type\":\"ImageObject\",\"inLanguage\":\"ca\",\"@id\":\"https:\\\/\\\/santapola.es\\\/ca\\\/la-policia-local-de-santa-pola-reforca-la-seguretat-ciutadana-en-gran-alacant-amb-la-posada-en-marxa-duna-nova-reguarda\\\/#primaryimage\",\"url\":\"https:\\\/\\\/santapola.es\\\/wp-content\\\/uploads\\\/2024\\\/05\\\/WhatsApp-Image-2024-02-18-at-13.01.54.jpeg\",\"contentUrl\":\"https:\\\/\\\/santapola.es\\\/wp-content\\\/uploads\\\/2024\\\/05\\\/WhatsApp-Image-2024-02-18-at-13.01.54.jpeg\",\"width\":1600,\"height\":900},{\"@type\":\"BreadcrumbList\",\"@id\":\"https:\\\/\\\/santapola.es\\\/ca\\\/la-policia-local-de-santa-pola-reforca-la-seguretat-ciutadana-en-gran-alacant-amb-la-posada-en-marxa-duna-nova-reguarda\\\/#breadcrumb\",\"itemListElement\":[{\"@type\":\"ListItem\",\"position\":1,\"name\":\"Inici\",\"item\":\"https:\\\/\\\/santapola.es\\\/ca\\\/\"},{\"@type\":\"ListItem\",\"position\":2,\"name\":\"La Policia Local de Santa Pola refor\u00e7a la seguretat ciutadana en Gran Alacant amb la posada en marxa d&#8217;una nova reguarda\"}]},{\"@type\":\"WebSite\",\"@id\":\"https:\\\/\\\/santapola.es\\\/ca\\\/#website\",\"url\":\"https:\\\/\\\/santapola.es\\\/ca\\\/\",\"name\":\"Ayuntamiento de Santa Pola\",\"description\":\"Web de l'Ajuntament de Santa Pola\",\"potentialAction\":[{\"@type\":\"SearchAction\",\"target\":{\"@type\":\"EntryPoint\",\"urlTemplate\":\"https:\\\/\\\/santapola.es\\\/ca\\\/?s={search_term_string}\"},\"query-input\":{\"@type\":\"PropertyValueSpecification\",\"valueRequired\":true,\"valueName\":\"search_term_string\"}}],\"inLanguage\":\"ca\"},{\"@type\":\"Person\",\"@id\":\"https:\\\/\\\/santapola.es\\\/ca\\\/#\\\/schema\\\/person\\\/ad1d67403707b58350c7be5e8dbc442d\",\"name\":\"Jos\u00e9 Juan L\u00f3pez Lafuente\"}]}<\/script>\n<!-- \/ Yoast SEO plugin. -->","yoast_head_json":{"title":"La Policia Local de Santa Pola refor\u00e7a la seguretat ciutadana en Gran Alacant amb la posada en marxa d'una nova reguarda - Ajuntament de Santa Pola","robots":{"index":"index","follow":"follow","max-snippet":"max-snippet:-1","max-image-preview":"max-image-preview:large","max-video-preview":"max-video-preview:-1"},"canonical":"https:\/\/santapola.es\/ca\/la-policia-local-de-santa-pola-reforca-la-seguretat-ciutadana-en-gran-alacant-amb-la-posada-en-marxa-duna-nova-reguarda\/","og_locale":"ca_ES","og_type":"article","og_title":"La Policia Local de Santa Pola refor\u00e7a la seguretat ciutadana en Gran Alacant amb la posada en marxa d'una nova reguarda - Ajuntament de Santa Pola","og_description":"L&#8217;Ajuntament de Santa Pola aconseguix fer realitat una de les demandes dels ve\u00efns del barri que contribuir\u00e0 a millorar la seguretat en la zona. Durant l&#8217;acte els assistents van poder con\u00e9ixer com funcionen servicis policials com el dron, les cambres intel\u00b7ligents, el servici can\u00ed i una app per a emerg\u00e8ncies. La nova reguarda ja est\u00e0 [&hellip;]","og_url":"https:\/\/santapola.es\/ca\/la-policia-local-de-santa-pola-reforca-la-seguretat-ciutadana-en-gran-alacant-amb-la-posada-en-marxa-duna-nova-reguarda\/","og_site_name":"Ajuntament de Santa Pola","article_publisher":"https:\/\/www.facebook.com\/AyuntamientoSantaPola\/","article_published_time":"2024-02-18T12:17:30+00:00","article_modified_time":"2024-05-20T08:06:44+00:00","og_image":[{"width":1600,"height":900,"url":"https:\/\/santapola.es\/wp-content\/uploads\/2024\/05\/WhatsApp-Image-2024-02-18-at-13.01.54.jpeg","type":"image\/jpeg"}],"author":"Jos\u00e9 Juan L\u00f3pez Lafuente","twitter_card":"summary_large_image","twitter_creator":"@SantaPolaAyunt","twitter_site":"@SantaPolaAyunt","schema":{"@context":"https:\/\/schema.org","@graph":[{"@type":"Article","@id":"https:\/\/santapola.es\/ca\/la-policia-local-de-santa-pola-reforca-la-seguretat-ciutadana-en-gran-alacant-amb-la-posada-en-marxa-duna-nova-reguarda\/#article","isPartOf":{"@id":"https:\/\/santapola.es\/ca\/la-policia-local-de-santa-pola-reforca-la-seguretat-ciutadana-en-gran-alacant-amb-la-posada-en-marxa-duna-nova-reguarda\/"},"author":{"name":"Jos\u00e9 Juan L\u00f3pez Lafuente","@id":"https:\/\/santapola.es\/ca\/#\/schema\/person\/ad1d67403707b58350c7be5e8dbc442d"},"headline":"La Policia Local de Santa Pola refor\u00e7a la seguretat ciutadana en Gran Alacant amb la posada en marxa d&#8217;una nova reguarda","datePublished":"2024-02-18T12:17:30+00:00","dateModified":"2024-05-20T08:06:44+00:00","mainEntityOfPage":{"@id":"https:\/\/santapola.es\/ca\/la-policia-local-de-santa-pola-reforca-la-seguretat-ciutadana-en-gran-alacant-amb-la-posada-en-marxa-duna-nova-reguarda\/"},"wordCount":778,"image":{"@id":"https:\/\/santapola.es\/ca\/la-policia-local-de-santa-pola-reforca-la-seguretat-ciutadana-en-gran-alacant-amb-la-posada-en-marxa-duna-nova-reguarda\/#primaryimage"},"thumbnailUrl":"https:\/\/santapola.es\/wp-content\/uploads\/2024\/05\/WhatsApp-Image-2024-02-18-at-13.01.54.jpeg","keywords":["Ana Blasco","Borja Merino","Jos\u00e9 Miguel Zaragoza","Loreto Serrano","\u00d3scar Valenzuela","Policia Local","Ret\u00e9n Gran Alacant"],"articleSection":["Policia","Seguretat Ciutadana \/ Protecci\u00f3 Civil"],"inLanguage":"ca"},{"@type":"WebPage","@id":"https:\/\/santapola.es\/ca\/la-policia-local-de-santa-pola-reforca-la-seguretat-ciutadana-en-gran-alacant-amb-la-posada-en-marxa-duna-nova-reguarda\/","url":"https:\/\/santapola.es\/ca\/la-policia-local-de-santa-pola-reforca-la-seguretat-ciutadana-en-gran-alacant-amb-la-posada-en-marxa-duna-nova-reguarda\/","name":"La Policia Local de Santa Pola refor\u00e7a la seguretat ciutadana en Gran Alacant amb la posada en marxa d'una nova reguarda - Ajuntament de Santa Pola","isPartOf":{"@id":"https:\/\/santapola.es\/ca\/#website"},"primaryImageOfPage":{"@id":"https:\/\/santapola.es\/ca\/la-policia-local-de-santa-pola-reforca-la-seguretat-ciutadana-en-gran-alacant-amb-la-posada-en-marxa-duna-nova-reguarda\/#primaryimage"},"image":{"@id":"https:\/\/santapola.es\/ca\/la-policia-local-de-santa-pola-reforca-la-seguretat-ciutadana-en-gran-alacant-amb-la-posada-en-marxa-duna-nova-reguarda\/#primaryimage"},"thumbnailUrl":"https:\/\/santapola.es\/wp-content\/uploads\/2024\/05\/WhatsApp-Image-2024-02-18-at-13.01.54.jpeg","datePublished":"2024-02-18T12:17:30+00:00","dateModified":"2024-05-20T08:06:44+00:00","author":{"@id":"https:\/\/santapola.es\/ca\/#\/schema\/person\/ad1d67403707b58350c7be5e8dbc442d"},"breadcrumb":{"@id":"https:\/\/santapola.es\/ca\/la-policia-local-de-santa-pola-reforca-la-seguretat-ciutadana-en-gran-alacant-amb-la-posada-en-marxa-duna-nova-reguarda\/#breadcrumb"},"inLanguage":"ca","potentialAction":[{"@type":"ReadAction","target":["https:\/\/santapola.es\/ca\/la-policia-local-de-santa-pola-reforca-la-seguretat-ciutadana-en-gran-alacant-amb-la-posada-en-marxa-duna-nova-reguarda\/"]}]},{"@type":"ImageObject","inLanguage":"ca","@id":"https:\/\/santapola.es\/ca\/la-policia-local-de-santa-pola-reforca-la-seguretat-ciutadana-en-gran-alacant-amb-la-posada-en-marxa-duna-nova-reguarda\/#primaryimage","url":"https:\/\/santapola.es\/wp-content\/uploads\/2024\/05\/WhatsApp-Image-2024-02-18-at-13.01.54.jpeg","contentUrl":"https:\/\/santapola.es\/wp-content\/uploads\/2024\/05\/WhatsApp-Image-2024-02-18-at-13.01.54.jpeg","width":1600,"height":900},{"@type":"BreadcrumbList","@id":"https:\/\/santapola.es\/ca\/la-policia-local-de-santa-pola-reforca-la-seguretat-ciutadana-en-gran-alacant-amb-la-posada-en-marxa-duna-nova-reguarda\/#breadcrumb","itemListElement":[{"@type":"ListItem","position":1,"name":"Inici","item":"https:\/\/santapola.es\/ca\/"},{"@type":"ListItem","position":2,"name":"La Policia Local de Santa Pola refor\u00e7a la seguretat ciutadana en Gran Alacant amb la posada en marxa d&#8217;una nova reguarda"}]},{"@type":"WebSite","@id":"https:\/\/santapola.es\/ca\/#website","url":"https:\/\/santapola.es\/ca\/","name":"Ayuntamiento de Santa Pola","description":"Web de l'Ajuntament de Santa Pola","potentialAction":[{"@type":"SearchAction","target":{"@type":"EntryPoint","urlTemplate":"https:\/\/santapola.es\/ca\/?s={search_term_string}"},"query-input":{"@type":"PropertyValueSpecification","valueRequired":true,"valueName":"search_term_string"}}],"inLanguage":"ca"},{"@type":"Person","@id":"https:\/\/santapola.es\/ca\/#\/schema\/person\/ad1d67403707b58350c7be5e8dbc442d","name":"Jos\u00e9 Juan L\u00f3pez Lafuente"}]}},"_links":{"self":[{"href":"https:\/\/santapola.es\/ca\/wp-json\/wp\/v2\/posts\/36297","targetHints":{"allow":["GET"]}}],"collection":[{"href":"https:\/\/santapola.es\/ca\/wp-json\/wp\/v2\/posts"}],"about":[{"href":"https:\/\/santapola.es\/ca\/wp-json\/wp\/v2\/types\/post"}],"author":[{"embeddable":true,"href":"https:\/\/santapola.es\/ca\/wp-json\/wp\/v2\/users\/96"}],"replies":[{"embeddable":true,"href":"https:\/\/santapola.es\/ca\/wp-json\/wp\/v2\/comments?post=36297"}],"version-history":[{"count":0,"href":"https:\/\/santapola.es\/ca\/wp-json\/wp\/v2\/posts\/36297\/revisions"}],"wp:featuredmedia":[{"embeddable":true,"href":"https:\/\/santapola.es\/ca\/wp-json\/wp\/v2\/media\/36294"}],"wp:attachment":[{"href":"https:\/\/santapola.es\/ca\/wp-json\/wp\/v2\/media?parent=36297"}],"wp:term":[{"taxonomy":"category","embeddable":true,"href":"https:\/\/santapola.es\/ca\/wp-json\/wp\/v2\/categories?post=36297"},{"taxonomy":"post_tag","embeddable":true,"href":"https:\/\/santapola.es\/ca\/wp-json\/wp\/v2\/tags?post=36297"}],"curies":[{"name":"wp","href":"https:\/\/api.w.org\/{rel}","templated":true}]}}