{"id":36285,"date":"2024-02-20T13:12:23","date_gmt":"2024-02-20T12:12:23","guid":{"rendered":"https:\/\/santapola.es\/?p=36285"},"modified":"2024-05-20T10:03:10","modified_gmt":"2024-05-20T08:03:10","slug":"alejandro-amenabar-rodara-al-castell-fortalesa-de-santa-pola-la-seua-nova-pel%c2%b7licula-el-captiu","status":"publish","type":"post","link":"https:\/\/santapola.es\/ca\/alejandro-amenabar-rodara-al-castell-fortalesa-de-santa-pola-la-seua-nova-pel%c2%b7licula-el-captiu\/","title":{"rendered":"Alejandro Amen\u00e1bar rodar\u00e0 al Castell-Fortalesa de Santa Pola la seua nova pel\u00b7l\u00edcula \u201cEl Captiu\u201d"},"content":{"rendered":"<p><strong>El Castell-Fortalesa de Santa Pola ser\u00e0 escenari del rodatge de la pel\u00b7l\u00edcula \u201cEl Captiu\u201d del fam\u00f3s cineasta Alejandro Amen\u00e1bar. La productora comen\u00e7ar\u00e0 dem\u00e0 l&#8217;apilament de materials al pati d&#8217;armes per a la construcci\u00f3 d&#8217;un decorat temporal i una part del Museu de la Mar es tancar\u00e0 provisionalment al p\u00fablic.<\/strong><\/p>\n<p>Encara que era un secret a veus, ja podem confirmar oficialment que el director Alejandro Amen\u00e1bar rodar\u00e0 en breu al Castell-Fortalesa de Santa Pola una part important de la seua nova pel\u00b7l\u00edcula \u201cEl Captiu\u201d. El film de ficci\u00f3 relatar\u00e0 una hist\u00f2ria basada en la captivitat de l&#8217;escriptor Miguel de Cervantes a Alger, despr\u00e9s de ser capturat per pirates barbarescos en el segle XVI.<\/p>\n<p>La Regidoria de Cultura ja ha rebut la preceptiva autoritzaci\u00f3 de la Direcci\u00f3 General de Patrimoni de la Generalitat Valenciana que permet que s&#8217;utilitze la nostra fortalesa com a escenari de la pel\u00b7l\u00edcula.<\/p>\n<p>Per aix\u00f2, dem\u00e0 dimecres 21 de febrer la productora comen\u00e7ar\u00e0 a apilar al pati d&#8217;armes els materials necessaris per al muntatge temporal del decorat que servir\u00e0 com a plat\u00f3 per a la pel\u00b7l\u00edcula i que ocupar\u00e0 una part de l&#8217;edifici hist\u00f2ric.<\/p>\n<p>A conseq\u00fc\u00e8ncia d&#8217;estos treballs, la zona del Museu de la Mar en l&#8217;ala sud del Castell quedar\u00e0 tancada al p\u00fablic temporalment i ser\u00e0 posada a la disposici\u00f3 del rodatge.<\/p>\n<p>L&#8217;Ajuntament de Santa Pola anir\u00e0 comunicant a la ciutadania, conforme la productora establisca el pla de rodatge, totes les circumst\u00e0ncies que puguen afectar la lliure circulaci\u00f3 per l&#8217;interior del Castell-Fortalesa durant la filmaci\u00f3.<\/p>\n<p>Encara que ocasionalment puga trastocar el dia a dia dels santapolers, sens dubte \u00e9s una gran not\u00edcia que el nostre poble aculla el rodatge d&#8217;esta gran producci\u00f3 d&#8217;un director internacionalment reconegut com Alejandro Amen\u00e1bar.<\/p>\n<p>La projecci\u00f3 mundial que t\u00e9 una pel\u00b7l\u00edcula d&#8217;este nivell generar\u00e0 una enorme difusi\u00f3 de la icona patrimonial de Santa Pola i suposar\u00e0 un verdader al\u00b7licient per a la promoci\u00f3 de la nostra oferta de turisme cultural i un nou \u00e8xit de la Santa Pola Film Office despr\u00e9s de la gran repercussi\u00f3 que ha tingut la s\u00e8rie \u201cLa Llei de la Mar\u201d, \u00faltima producci\u00f3 gravada en el nostre municipi.<\/p>\n","protected":false},"excerpt":{"rendered":"<p>El Castell-Fortalesa de Santa Pola ser\u00e0 escenari del rodatge de la pel\u00b7l\u00edcula \u201cEl Captiu\u201d del fam\u00f3s cineasta Alejandro Amen\u00e1bar. La productora comen\u00e7ar\u00e0 dem\u00e0 l&#8217;apilament de materials al pati d&#8217;armes per a la construcci\u00f3 d&#8217;un decorat temporal i una part del Museu de la Mar es tancar\u00e0 provisionalment al p\u00fablic. Encara que era un secret a [&hellip;]<\/p>\n","protected":false},"author":96,"featured_media":36283,"comment_status":"closed","ping_status":"closed","sticky":false,"template":"","format":"standard","meta":{"_et_pb_use_builder":"","_et_pb_old_content":"","_et_gb_content_width":"","footnotes":""},"categories":[433],"tags":[519,518,521,755],"class_list":["post-36285","post","type-post","status-publish","format-standard","has-post-thumbnail","hentry","category-cultura-ca","tag-alejandro-amenabar-ca","tag-castell-fortalesa","tag-el-captiu","tag-santa-pola-film-office-ca"],"yoast_head":"<!-- This site is optimized with the Yoast SEO plugin v27.4 - https:\/\/yoast.com\/product\/yoast-seo-wordpress\/ -->\n<title>Alejandro Amen\u00e1bar rodar\u00e0 al Castell-Fortalesa de Santa Pola la seua nova pel\u00b7l\u00edcula \u201cEl Captiu\u201d - Ajuntament de Santa Pola<\/title>\n<meta name=\"robots\" content=\"index, follow, max-snippet:-1, max-image-preview:large, max-video-preview:-1\" \/>\n<link rel=\"canonical\" href=\"https:\/\/santapola.es\/ca\/alejandro-amenabar-rodara-al-castell-fortalesa-de-santa-pola-la-seua-nova-pel%c2%b7licula-el-captiu\/\" \/>\n<meta property=\"og:locale\" content=\"ca_ES\" \/>\n<meta property=\"og:type\" content=\"article\" \/>\n<meta property=\"og:title\" content=\"Alejandro Amen\u00e1bar rodar\u00e0 al Castell-Fortalesa de Santa Pola la seua nova pel\u00b7l\u00edcula \u201cEl Captiu\u201d - Ajuntament de Santa Pola\" \/>\n<meta property=\"og:description\" content=\"El Castell-Fortalesa de Santa Pola ser\u00e0 escenari del rodatge de la pel\u00b7l\u00edcula \u201cEl Captiu\u201d del fam\u00f3s cineasta Alejandro Amen\u00e1bar. La productora comen\u00e7ar\u00e0 dem\u00e0 l&#8217;apilament de materials al pati d&#8217;armes per a la construcci\u00f3 d&#8217;un decorat temporal i una part del Museu de la Mar es tancar\u00e0 provisionalment al p\u00fablic. Encara que era un secret a [&hellip;]\" \/>\n<meta property=\"og:url\" content=\"https:\/\/santapola.es\/ca\/alejandro-amenabar-rodara-al-castell-fortalesa-de-santa-pola-la-seua-nova-pel%c2%b7licula-el-captiu\/\" \/>\n<meta property=\"og:site_name\" content=\"Ajuntament de Santa Pola\" \/>\n<meta property=\"article:publisher\" content=\"https:\/\/www.facebook.com\/AyuntamientoSantaPola\/\" \/>\n<meta property=\"article:published_time\" content=\"2024-02-20T12:12:23+00:00\" \/>\n<meta property=\"article:modified_time\" content=\"2024-05-20T08:03:10+00:00\" \/>\n<meta property=\"og:image\" content=\"https:\/\/santapola.es\/wp-content\/uploads\/2024\/05\/Castillo-sureste-w.jpg\" \/>\n\t<meta property=\"og:image:width\" content=\"1920\" \/>\n\t<meta property=\"og:image:height\" content=\"1139\" \/>\n\t<meta property=\"og:image:type\" content=\"image\/jpeg\" \/>\n<meta name=\"author\" content=\"Jos\u00e9 Juan L\u00f3pez Lafuente\" \/>\n<meta name=\"twitter:card\" content=\"summary_large_image\" \/>\n<meta name=\"twitter:creator\" content=\"@SantaPolaAyunt\" \/>\n<meta name=\"twitter:site\" content=\"@SantaPolaAyunt\" \/>\n<script type=\"application\/ld+json\" class=\"yoast-schema-graph\">{\"@context\":\"https:\\\/\\\/schema.org\",\"@graph\":[{\"@type\":\"Article\",\"@id\":\"https:\\\/\\\/santapola.es\\\/ca\\\/alejandro-amenabar-rodara-al-castell-fortalesa-de-santa-pola-la-seua-nova-pel%c2%b7licula-el-captiu\\\/#article\",\"isPartOf\":{\"@id\":\"https:\\\/\\\/santapola.es\\\/ca\\\/alejandro-amenabar-rodara-al-castell-fortalesa-de-santa-pola-la-seua-nova-pel%c2%b7licula-el-captiu\\\/\"},\"author\":{\"name\":\"Jos\u00e9 Juan L\u00f3pez Lafuente\",\"@id\":\"https:\\\/\\\/santapola.es\\\/ca\\\/#\\\/schema\\\/person\\\/ad1d67403707b58350c7be5e8dbc442d\"},\"headline\":\"Alejandro Amen\u00e1bar rodar\u00e0 al Castell-Fortalesa de Santa Pola la seua nova pel\u00b7l\u00edcula \u201cEl Captiu\u201d\",\"datePublished\":\"2024-02-20T12:12:23+00:00\",\"dateModified\":\"2024-05-20T08:03:10+00:00\",\"mainEntityOfPage\":{\"@id\":\"https:\\\/\\\/santapola.es\\\/ca\\\/alejandro-amenabar-rodara-al-castell-fortalesa-de-santa-pola-la-seua-nova-pel%c2%b7licula-el-captiu\\\/\"},\"wordCount\":407,\"image\":{\"@id\":\"https:\\\/\\\/santapola.es\\\/ca\\\/alejandro-amenabar-rodara-al-castell-fortalesa-de-santa-pola-la-seua-nova-pel%c2%b7licula-el-captiu\\\/#primaryimage\"},\"thumbnailUrl\":\"https:\\\/\\\/santapola.es\\\/wp-content\\\/uploads\\\/2024\\\/05\\\/Castillo-sureste-w.jpg\",\"keywords\":[\"Alejandro Amenabar\",\"Castell-Fortalesa\",\"El Captiu\",\"Santa Pola Film Office\"],\"articleSection\":[\"Cultura\"],\"inLanguage\":\"ca\"},{\"@type\":\"WebPage\",\"@id\":\"https:\\\/\\\/santapola.es\\\/ca\\\/alejandro-amenabar-rodara-al-castell-fortalesa-de-santa-pola-la-seua-nova-pel%c2%b7licula-el-captiu\\\/\",\"url\":\"https:\\\/\\\/santapola.es\\\/ca\\\/alejandro-amenabar-rodara-al-castell-fortalesa-de-santa-pola-la-seua-nova-pel%c2%b7licula-el-captiu\\\/\",\"name\":\"Alejandro Amen\u00e1bar rodar\u00e0 al Castell-Fortalesa de Santa Pola la seua nova pel\u00b7l\u00edcula \u201cEl Captiu\u201d - Ajuntament de Santa Pola\",\"isPartOf\":{\"@id\":\"https:\\\/\\\/santapola.es\\\/ca\\\/#website\"},\"primaryImageOfPage\":{\"@id\":\"https:\\\/\\\/santapola.es\\\/ca\\\/alejandro-amenabar-rodara-al-castell-fortalesa-de-santa-pola-la-seua-nova-pel%c2%b7licula-el-captiu\\\/#primaryimage\"},\"image\":{\"@id\":\"https:\\\/\\\/santapola.es\\\/ca\\\/alejandro-amenabar-rodara-al-castell-fortalesa-de-santa-pola-la-seua-nova-pel%c2%b7licula-el-captiu\\\/#primaryimage\"},\"thumbnailUrl\":\"https:\\\/\\\/santapola.es\\\/wp-content\\\/uploads\\\/2024\\\/05\\\/Castillo-sureste-w.jpg\",\"datePublished\":\"2024-02-20T12:12:23+00:00\",\"dateModified\":\"2024-05-20T08:03:10+00:00\",\"author\":{\"@id\":\"https:\\\/\\\/santapola.es\\\/ca\\\/#\\\/schema\\\/person\\\/ad1d67403707b58350c7be5e8dbc442d\"},\"breadcrumb\":{\"@id\":\"https:\\\/\\\/santapola.es\\\/ca\\\/alejandro-amenabar-rodara-al-castell-fortalesa-de-santa-pola-la-seua-nova-pel%c2%b7licula-el-captiu\\\/#breadcrumb\"},\"inLanguage\":\"ca\",\"potentialAction\":[{\"@type\":\"ReadAction\",\"target\":[\"https:\\\/\\\/santapola.es\\\/ca\\\/alejandro-amenabar-rodara-al-castell-fortalesa-de-santa-pola-la-seua-nova-pel%c2%b7licula-el-captiu\\\/\"]}]},{\"@type\":\"ImageObject\",\"inLanguage\":\"ca\",\"@id\":\"https:\\\/\\\/santapola.es\\\/ca\\\/alejandro-amenabar-rodara-al-castell-fortalesa-de-santa-pola-la-seua-nova-pel%c2%b7licula-el-captiu\\\/#primaryimage\",\"url\":\"https:\\\/\\\/santapola.es\\\/wp-content\\\/uploads\\\/2024\\\/05\\\/Castillo-sureste-w.jpg\",\"contentUrl\":\"https:\\\/\\\/santapola.es\\\/wp-content\\\/uploads\\\/2024\\\/05\\\/Castillo-sureste-w.jpg\",\"width\":1920,\"height\":1139},{\"@type\":\"BreadcrumbList\",\"@id\":\"https:\\\/\\\/santapola.es\\\/ca\\\/alejandro-amenabar-rodara-al-castell-fortalesa-de-santa-pola-la-seua-nova-pel%c2%b7licula-el-captiu\\\/#breadcrumb\",\"itemListElement\":[{\"@type\":\"ListItem\",\"position\":1,\"name\":\"Inici\",\"item\":\"https:\\\/\\\/santapola.es\\\/ca\\\/\"},{\"@type\":\"ListItem\",\"position\":2,\"name\":\"Alejandro Amen\u00e1bar rodar\u00e0 al Castell-Fortalesa de Santa Pola la seua nova pel\u00b7l\u00edcula \u201cEl Captiu\u201d\"}]},{\"@type\":\"WebSite\",\"@id\":\"https:\\\/\\\/santapola.es\\\/ca\\\/#website\",\"url\":\"https:\\\/\\\/santapola.es\\\/ca\\\/\",\"name\":\"Ayuntamiento de Santa Pola\",\"description\":\"Web de l'Ajuntament de Santa Pola\",\"potentialAction\":[{\"@type\":\"SearchAction\",\"target\":{\"@type\":\"EntryPoint\",\"urlTemplate\":\"https:\\\/\\\/santapola.es\\\/ca\\\/?s={search_term_string}\"},\"query-input\":{\"@type\":\"PropertyValueSpecification\",\"valueRequired\":true,\"valueName\":\"search_term_string\"}}],\"inLanguage\":\"ca\"},{\"@type\":\"Person\",\"@id\":\"https:\\\/\\\/santapola.es\\\/ca\\\/#\\\/schema\\\/person\\\/ad1d67403707b58350c7be5e8dbc442d\",\"name\":\"Jos\u00e9 Juan L\u00f3pez Lafuente\"}]}<\/script>\n<!-- \/ Yoast SEO plugin. -->","yoast_head_json":{"title":"Alejandro Amen\u00e1bar rodar\u00e0 al Castell-Fortalesa de Santa Pola la seua nova pel\u00b7l\u00edcula \u201cEl Captiu\u201d - Ajuntament de Santa Pola","robots":{"index":"index","follow":"follow","max-snippet":"max-snippet:-1","max-image-preview":"max-image-preview:large","max-video-preview":"max-video-preview:-1"},"canonical":"https:\/\/santapola.es\/ca\/alejandro-amenabar-rodara-al-castell-fortalesa-de-santa-pola-la-seua-nova-pel%c2%b7licula-el-captiu\/","og_locale":"ca_ES","og_type":"article","og_title":"Alejandro Amen\u00e1bar rodar\u00e0 al Castell-Fortalesa de Santa Pola la seua nova pel\u00b7l\u00edcula \u201cEl Captiu\u201d - Ajuntament de Santa Pola","og_description":"El Castell-Fortalesa de Santa Pola ser\u00e0 escenari del rodatge de la pel\u00b7l\u00edcula \u201cEl Captiu\u201d del fam\u00f3s cineasta Alejandro Amen\u00e1bar. La productora comen\u00e7ar\u00e0 dem\u00e0 l&#8217;apilament de materials al pati d&#8217;armes per a la construcci\u00f3 d&#8217;un decorat temporal i una part del Museu de la Mar es tancar\u00e0 provisionalment al p\u00fablic. Encara que era un secret a [&hellip;]","og_url":"https:\/\/santapola.es\/ca\/alejandro-amenabar-rodara-al-castell-fortalesa-de-santa-pola-la-seua-nova-pel%c2%b7licula-el-captiu\/","og_site_name":"Ajuntament de Santa Pola","article_publisher":"https:\/\/www.facebook.com\/AyuntamientoSantaPola\/","article_published_time":"2024-02-20T12:12:23+00:00","article_modified_time":"2024-05-20T08:03:10+00:00","og_image":[{"width":1920,"height":1139,"url":"https:\/\/santapola.es\/wp-content\/uploads\/2024\/05\/Castillo-sureste-w.jpg","type":"image\/jpeg"}],"author":"Jos\u00e9 Juan L\u00f3pez Lafuente","twitter_card":"summary_large_image","twitter_creator":"@SantaPolaAyunt","twitter_site":"@SantaPolaAyunt","schema":{"@context":"https:\/\/schema.org","@graph":[{"@type":"Article","@id":"https:\/\/santapola.es\/ca\/alejandro-amenabar-rodara-al-castell-fortalesa-de-santa-pola-la-seua-nova-pel%c2%b7licula-el-captiu\/#article","isPartOf":{"@id":"https:\/\/santapola.es\/ca\/alejandro-amenabar-rodara-al-castell-fortalesa-de-santa-pola-la-seua-nova-pel%c2%b7licula-el-captiu\/"},"author":{"name":"Jos\u00e9 Juan L\u00f3pez Lafuente","@id":"https:\/\/santapola.es\/ca\/#\/schema\/person\/ad1d67403707b58350c7be5e8dbc442d"},"headline":"Alejandro Amen\u00e1bar rodar\u00e0 al Castell-Fortalesa de Santa Pola la seua nova pel\u00b7l\u00edcula \u201cEl Captiu\u201d","datePublished":"2024-02-20T12:12:23+00:00","dateModified":"2024-05-20T08:03:10+00:00","mainEntityOfPage":{"@id":"https:\/\/santapola.es\/ca\/alejandro-amenabar-rodara-al-castell-fortalesa-de-santa-pola-la-seua-nova-pel%c2%b7licula-el-captiu\/"},"wordCount":407,"image":{"@id":"https:\/\/santapola.es\/ca\/alejandro-amenabar-rodara-al-castell-fortalesa-de-santa-pola-la-seua-nova-pel%c2%b7licula-el-captiu\/#primaryimage"},"thumbnailUrl":"https:\/\/santapola.es\/wp-content\/uploads\/2024\/05\/Castillo-sureste-w.jpg","keywords":["Alejandro Amenabar","Castell-Fortalesa","El Captiu","Santa Pola Film Office"],"articleSection":["Cultura"],"inLanguage":"ca"},{"@type":"WebPage","@id":"https:\/\/santapola.es\/ca\/alejandro-amenabar-rodara-al-castell-fortalesa-de-santa-pola-la-seua-nova-pel%c2%b7licula-el-captiu\/","url":"https:\/\/santapola.es\/ca\/alejandro-amenabar-rodara-al-castell-fortalesa-de-santa-pola-la-seua-nova-pel%c2%b7licula-el-captiu\/","name":"Alejandro Amen\u00e1bar rodar\u00e0 al Castell-Fortalesa de Santa Pola la seua nova pel\u00b7l\u00edcula \u201cEl Captiu\u201d - Ajuntament de Santa Pola","isPartOf":{"@id":"https:\/\/santapola.es\/ca\/#website"},"primaryImageOfPage":{"@id":"https:\/\/santapola.es\/ca\/alejandro-amenabar-rodara-al-castell-fortalesa-de-santa-pola-la-seua-nova-pel%c2%b7licula-el-captiu\/#primaryimage"},"image":{"@id":"https:\/\/santapola.es\/ca\/alejandro-amenabar-rodara-al-castell-fortalesa-de-santa-pola-la-seua-nova-pel%c2%b7licula-el-captiu\/#primaryimage"},"thumbnailUrl":"https:\/\/santapola.es\/wp-content\/uploads\/2024\/05\/Castillo-sureste-w.jpg","datePublished":"2024-02-20T12:12:23+00:00","dateModified":"2024-05-20T08:03:10+00:00","author":{"@id":"https:\/\/santapola.es\/ca\/#\/schema\/person\/ad1d67403707b58350c7be5e8dbc442d"},"breadcrumb":{"@id":"https:\/\/santapola.es\/ca\/alejandro-amenabar-rodara-al-castell-fortalesa-de-santa-pola-la-seua-nova-pel%c2%b7licula-el-captiu\/#breadcrumb"},"inLanguage":"ca","potentialAction":[{"@type":"ReadAction","target":["https:\/\/santapola.es\/ca\/alejandro-amenabar-rodara-al-castell-fortalesa-de-santa-pola-la-seua-nova-pel%c2%b7licula-el-captiu\/"]}]},{"@type":"ImageObject","inLanguage":"ca","@id":"https:\/\/santapola.es\/ca\/alejandro-amenabar-rodara-al-castell-fortalesa-de-santa-pola-la-seua-nova-pel%c2%b7licula-el-captiu\/#primaryimage","url":"https:\/\/santapola.es\/wp-content\/uploads\/2024\/05\/Castillo-sureste-w.jpg","contentUrl":"https:\/\/santapola.es\/wp-content\/uploads\/2024\/05\/Castillo-sureste-w.jpg","width":1920,"height":1139},{"@type":"BreadcrumbList","@id":"https:\/\/santapola.es\/ca\/alejandro-amenabar-rodara-al-castell-fortalesa-de-santa-pola-la-seua-nova-pel%c2%b7licula-el-captiu\/#breadcrumb","itemListElement":[{"@type":"ListItem","position":1,"name":"Inici","item":"https:\/\/santapola.es\/ca\/"},{"@type":"ListItem","position":2,"name":"Alejandro Amen\u00e1bar rodar\u00e0 al Castell-Fortalesa de Santa Pola la seua nova pel\u00b7l\u00edcula \u201cEl Captiu\u201d"}]},{"@type":"WebSite","@id":"https:\/\/santapola.es\/ca\/#website","url":"https:\/\/santapola.es\/ca\/","name":"Ayuntamiento de Santa Pola","description":"Web de l'Ajuntament de Santa Pola","potentialAction":[{"@type":"SearchAction","target":{"@type":"EntryPoint","urlTemplate":"https:\/\/santapola.es\/ca\/?s={search_term_string}"},"query-input":{"@type":"PropertyValueSpecification","valueRequired":true,"valueName":"search_term_string"}}],"inLanguage":"ca"},{"@type":"Person","@id":"https:\/\/santapola.es\/ca\/#\/schema\/person\/ad1d67403707b58350c7be5e8dbc442d","name":"Jos\u00e9 Juan L\u00f3pez Lafuente"}]}},"_links":{"self":[{"href":"https:\/\/santapola.es\/ca\/wp-json\/wp\/v2\/posts\/36285","targetHints":{"allow":["GET"]}}],"collection":[{"href":"https:\/\/santapola.es\/ca\/wp-json\/wp\/v2\/posts"}],"about":[{"href":"https:\/\/santapola.es\/ca\/wp-json\/wp\/v2\/types\/post"}],"author":[{"embeddable":true,"href":"https:\/\/santapola.es\/ca\/wp-json\/wp\/v2\/users\/96"}],"replies":[{"embeddable":true,"href":"https:\/\/santapola.es\/ca\/wp-json\/wp\/v2\/comments?post=36285"}],"version-history":[{"count":0,"href":"https:\/\/santapola.es\/ca\/wp-json\/wp\/v2\/posts\/36285\/revisions"}],"wp:featuredmedia":[{"embeddable":true,"href":"https:\/\/santapola.es\/ca\/wp-json\/wp\/v2\/media\/36283"}],"wp:attachment":[{"href":"https:\/\/santapola.es\/ca\/wp-json\/wp\/v2\/media?parent=36285"}],"wp:term":[{"taxonomy":"category","embeddable":true,"href":"https:\/\/santapola.es\/ca\/wp-json\/wp\/v2\/categories?post=36285"},{"taxonomy":"post_tag","embeddable":true,"href":"https:\/\/santapola.es\/ca\/wp-json\/wp\/v2\/tags?post=36285"}],"curies":[{"name":"wp","href":"https:\/\/api.w.org\/{rel}","templated":true}]}}