{"id":36192,"date":"2024-03-04T19:21:48","date_gmt":"2024-03-04T18:21:48","guid":{"rendered":"https:\/\/santapola.es\/?p=36192"},"modified":"2024-05-20T09:17:19","modified_gmt":"2024-05-20T07:17:19","slug":"santa-pola-instal%c2%b7lara-quasi-un-miler-de-nous-contenidors-amb-major-capacitat-i-robustesa-i-incorporara-la-recollida-dorganicra-casi-un-millar-de-nuevos-contenedores-con-mayor-capacidad-y-robus","status":"publish","type":"post","link":"https:\/\/santapola.es\/ca\/santa-pola-instal%c2%b7lara-quasi-un-miler-de-nous-contenidors-amb-major-capacitat-i-robustesa-i-incorporara-la-recollida-dorganicra-casi-un-millar-de-nuevos-contenedores-con-mayor-capacidad-y-robus\/","title":{"rendered":"Santa Pola instal\u00b7lar\u00e0 quasi un miler de nous contenidors amb major capacitat i robustesa i incorporar\u00e0 la recollida d&#8217;org\u00e0nicr\u00e1 casi un millar de nuevos contenedores con mayor capacidad y robustez e incorporar\u00e1 la recogida de org\u00e1nico"},"content":{"rendered":"<p><strong>L&#8217;Ajuntament i Urbaser han presentat els diferents models de contenidor que conformaran les noves illes de reciclatge a Santa Pola i que ja s&#8217;estan fabricant. S&#8217;espera rebre les primeres unitats en menys d&#8217;un mes i s&#8217;aniran instal\u00b7lant progressivament per zones. S&#8217;incorpora un nou model per a residus org\u00e0nics.<\/strong><\/p>\n<p>L&#8217;Ajuntament de Santa Pola, a trav\u00e9s de la regidoria de Neteja que dirigix Encarni Ram\u00edrez, ha presentat el model de contenidor que l&#8217;empresa concession\u00e0ria del nou contracte per als pr\u00f2xims deu anys, Urbaser, utilitzar\u00e0 per a renovar tots els actuals recipients. Fabricat a Alacant, amb c\u00e0rrega lateral i de formes arredonides, sota manteniment i alta funcionalitat, per a facilitar al ciutad\u00e0 el dep\u00f2sit de residus.<\/p>\n<p>Hi haur\u00e0 quatre tipus de contenidor selectiu. Els triats per a arreplegar envasos, paper i cart\u00f3 i la resta de residus tenen una capacitat de 3.000 litres, mentres que el d&#8217;org\u00e0nic, que s&#8217;incorpora com a novetat, pot albergar un m\u00e0xim de 2.000 litres. Encara que per l&#8217;aspecte puguen semblar m\u00e9s xicotets, tenen major capacitat que els actuals perqu\u00e8 s\u00f3n m\u00e9s amples i m\u00e9s baixos, i amb esta mena de tapa es poden omplir fins dalt.<\/p>\n<p>Estan fabricats \u00edntegrament en polietil\u00e9 lineal d&#8217;alta densitat mitjan\u00e7ant rotomoldeig, 100% reciclable i amb un disseny modern que facilita la integraci\u00f3 total en qualsevol entorn. Complixen amb la normativa d&#8217;accessibilitat i l&#8217;usuari aboca els residus al contenidor per la tapa de c\u00e0rrega per als de selectiva i org\u00e0nic, i en el contenidor de resta pot optar per al\u00e7ar la tapa manualment o accionar el pedal.<\/p>\n<p>Amb l&#8217;illa homog\u00e8nia de contenidors de les diferents fraccions, s&#8217;aconseguix generar un espai accessible i clarament identificat per a la recollida de residus en la via p\u00fablica, fomentant la recollida selectiva.<\/p>\n<p><strong>Recollida selectiva d&#8217;envasos<\/strong><\/p>\n<p>El contenidor groc va destinat als envasos i en ell es pot depositar bosses i botelles de pl\u00e0stic, tetrabriks, llandes de beguda o paper d&#8217;alumini.<\/p>\n<p>La novetat \u00e9s la tapa que s&#8217;obri cap a dins i qualsevol persona l&#8217;espenta amb la bossa i la deixa caure sense cap contacte amb el contenidor. \u00c9s un sistema innovador i \u00fanic en tota la zona que permet evitar tamb\u00e9 els emboces que es produ\u00efxen en els antics contenidors.<\/p>\n<p><strong>Paper i cart\u00f3<\/strong><\/p>\n<p>El contenidor blau arreplegar\u00e0 paper i cart\u00f3: paper de peri\u00f2dic i revistes, folis, cart\u00f3 net o bosses de paper.<\/p>\n<p>T\u00e9 el mateix sistema de boca amb tapa abatible i m\u00e9s estreta, amb el que s&#8217;evita que es depositen les caixes grans sense plegar, perqu\u00e8 quan es tira sencera ocupa molt espai i es perd capacitat. Important tindre en compte que mai s&#8217;ha de tirar poda, com est\u00e0 ocorrent ara sovint.<\/p>\n<p><strong>Org\u00e0nica<\/strong><\/p>\n<p>\u00c9s el quint contenidor selectiu que trobarem al carrer i \u00e9s una fracci\u00f3 nova, perqu\u00e8 no hi havia fins ara a Santa Pola i ser\u00e0 nom\u00e9s per a restes de menjar, per aix\u00f2 \u00e9s una mica m\u00e9s xicotet que els altres.<\/p>\n<p><strong>Contenidor reste<\/strong><\/p>\n<p>La fracci\u00f3 resta fa la funci\u00f3 que ara faria el gris que ens trobem habitualment i que arreplegaria tot el que no entra en la resta de contenidors selectius, excepte estris, poda o electrodom\u00e8stics, que haurien d&#8217;anar a l&#8217;ecoparc.<\/p>\n<p>Este \u00e9s diferent de la resta perqu\u00e8 incorpora un pedal i una tapa que es pot al\u00e7ar manualment, encara que molt m\u00e9s xicoteta que les d&#8217;ara. \u00c9s un pedal m\u00e9s fiable que els actuals, m\u00e9s robust i generar\u00e0 moltes menys incid\u00e8ncies per trencament.<\/p>\n<p><strong>Calendari d&#8217;implantaci\u00f3<\/strong><\/p>\n<p>Una vegada l&#8217;Ajuntament va triar entre les diferents propostes, es va fer la comanda a f\u00e0brica de quasi mil contenidors per a cobrir tot el municipi i es preveu tindre les primeres unitats a la fi de mar\u00e7 o primers d&#8217;abril. El lliurament ser\u00e0 gradual i s&#8217;aniran distribuint per zones i substituint als antics, amb l&#8217;objectiu de tindre abans de l&#8217;estiu pr\u00e0cticament tots. A m\u00e9s es disposar\u00e0 de recanvi per a reposar r\u00e0pidament els que es puguen desbaratar.<\/p>\n","protected":false},"excerpt":{"rendered":"<p>L&#8217;Ajuntament i Urbaser han presentat els diferents models de contenidor que conformaran les noves illes de reciclatge a Santa Pola i que ja s&#8217;estan fabricant. S&#8217;espera rebre les primeres unitats en menys d&#8217;un mes i s&#8217;aniran instal\u00b7lant progressivament per zones. S&#8217;incorpora un nou model per a residus org\u00e0nics. L&#8217;Ajuntament de Santa Pola, a trav\u00e9s de [&hellip;]<\/p>\n","protected":false},"author":96,"featured_media":36184,"comment_status":"closed","ping_status":"closed","sticky":false,"template":"","format":"standard","meta":{"_et_pb_use_builder":"","_et_pb_old_content":"","_et_gb_content_width":"","footnotes":""},"categories":[537],"tags":[724,539,723,540],"class_list":["post-36192","post","type-post","status-publish","format-standard","has-post-thumbnail","hentry","category-neteja","tag-contenedores-ca","tag-encarni-ramirez-ca","tag-recogida-selectiva-ca","tag-urbaser-ca"],"yoast_head":"<!-- This site is optimized with the Yoast SEO plugin v27.4 - https:\/\/yoast.com\/product\/yoast-seo-wordpress\/ -->\n<title>Santa Pola instal\u00b7lar\u00e0 quasi un miler de nous contenidors amb major capacitat i robustesa i incorporar\u00e0 la recollida d&#039;org\u00e0nicr\u00e1 casi un millar de nuevos contenedores con mayor capacidad y robustez e incorporar\u00e1 la recogida de org\u00e1nico - Ajuntament de Santa Pola<\/title>\n<meta name=\"robots\" content=\"index, follow, max-snippet:-1, max-image-preview:large, max-video-preview:-1\" \/>\n<link rel=\"canonical\" href=\"https:\/\/santapola.es\/ca\/santa-pola-instal%c2%b7lara-quasi-un-miler-de-nous-contenidors-amb-major-capacitat-i-robustesa-i-incorporara-la-recollida-dorganicra-casi-un-millar-de-nuevos-contenedores-con-mayor-capacidad-y-robus\/\" \/>\n<meta property=\"og:locale\" content=\"ca_ES\" \/>\n<meta property=\"og:type\" content=\"article\" \/>\n<meta property=\"og:title\" content=\"Santa Pola instal\u00b7lar\u00e0 quasi un miler de nous contenidors amb major capacitat i robustesa i incorporar\u00e0 la recollida d&#039;org\u00e0nicr\u00e1 casi un millar de nuevos contenedores con mayor capacidad y robustez e incorporar\u00e1 la recogida de org\u00e1nico - Ajuntament de Santa Pola\" \/>\n<meta property=\"og:description\" content=\"L&#8217;Ajuntament i Urbaser han presentat els diferents models de contenidor que conformaran les noves illes de reciclatge a Santa Pola i que ja s&#8217;estan fabricant. S&#8217;espera rebre les primeres unitats en menys d&#8217;un mes i s&#8217;aniran instal\u00b7lant progressivament per zones. S&#8217;incorpora un nou model per a residus org\u00e0nics. L&#8217;Ajuntament de Santa Pola, a trav\u00e9s de [&hellip;]\" \/>\n<meta property=\"og:url\" content=\"https:\/\/santapola.es\/ca\/santa-pola-instal%c2%b7lara-quasi-un-miler-de-nous-contenidors-amb-major-capacitat-i-robustesa-i-incorporara-la-recollida-dorganicra-casi-un-millar-de-nuevos-contenedores-con-mayor-capacidad-y-robus\/\" \/>\n<meta property=\"og:site_name\" content=\"Ajuntament de Santa Pola\" \/>\n<meta property=\"article:publisher\" content=\"https:\/\/www.facebook.com\/AyuntamientoSantaPola\/\" \/>\n<meta property=\"article:published_time\" content=\"2024-03-04T18:21:48+00:00\" \/>\n<meta property=\"article:modified_time\" content=\"2024-05-20T07:17:19+00:00\" \/>\n<meta property=\"og:image\" content=\"https:\/\/santapola.es\/wp-content\/uploads\/2024\/05\/web-Cont-todos.jpeg\" \/>\n\t<meta property=\"og:image:width\" content=\"1920\" \/>\n\t<meta property=\"og:image:height\" content=\"1440\" \/>\n\t<meta property=\"og:image:type\" content=\"image\/jpeg\" \/>\n<meta name=\"author\" content=\"Jos\u00e9 Juan L\u00f3pez Lafuente\" \/>\n<meta name=\"twitter:card\" content=\"summary_large_image\" \/>\n<meta name=\"twitter:creator\" content=\"@SantaPolaAyunt\" \/>\n<meta name=\"twitter:site\" content=\"@SantaPolaAyunt\" \/>\n<script type=\"application\/ld+json\" class=\"yoast-schema-graph\">{\"@context\":\"https:\\\/\\\/schema.org\",\"@graph\":[{\"@type\":\"Article\",\"@id\":\"https:\\\/\\\/santapola.es\\\/ca\\\/santa-pola-instal%c2%b7lara-quasi-un-miler-de-nous-contenidors-amb-major-capacitat-i-robustesa-i-incorporara-la-recollida-dorganicra-casi-un-millar-de-nuevos-contenedores-con-mayor-capacidad-y-robus\\\/#article\",\"isPartOf\":{\"@id\":\"https:\\\/\\\/santapola.es\\\/ca\\\/santa-pola-instal%c2%b7lara-quasi-un-miler-de-nous-contenidors-amb-major-capacitat-i-robustesa-i-incorporara-la-recollida-dorganicra-casi-un-millar-de-nuevos-contenedores-con-mayor-capacidad-y-robus\\\/\"},\"author\":{\"name\":\"Jos\u00e9 Juan L\u00f3pez Lafuente\",\"@id\":\"https:\\\/\\\/santapola.es\\\/ca\\\/#\\\/schema\\\/person\\\/ad1d67403707b58350c7be5e8dbc442d\"},\"headline\":\"Santa Pola instal\u00b7lar\u00e0 quasi un miler de nous contenidors amb major capacitat i robustesa i incorporar\u00e0 la recollida d&#8217;org\u00e0nicr\u00e1 casi un millar de nuevos contenedores con mayor capacidad y robustez e incorporar\u00e1 la recogida de org\u00e1nico\",\"datePublished\":\"2024-03-04T18:21:48+00:00\",\"dateModified\":\"2024-05-20T07:17:19+00:00\",\"mainEntityOfPage\":{\"@id\":\"https:\\\/\\\/santapola.es\\\/ca\\\/santa-pola-instal%c2%b7lara-quasi-un-miler-de-nous-contenidors-amb-major-capacitat-i-robustesa-i-incorporara-la-recollida-dorganicra-casi-un-millar-de-nuevos-contenedores-con-mayor-capacidad-y-robus\\\/\"},\"wordCount\":746,\"image\":{\"@id\":\"https:\\\/\\\/santapola.es\\\/ca\\\/santa-pola-instal%c2%b7lara-quasi-un-miler-de-nous-contenidors-amb-major-capacitat-i-robustesa-i-incorporara-la-recollida-dorganicra-casi-un-millar-de-nuevos-contenedores-con-mayor-capacidad-y-robus\\\/#primaryimage\"},\"thumbnailUrl\":\"https:\\\/\\\/santapola.es\\\/wp-content\\\/uploads\\\/2024\\\/05\\\/web-Cont-todos.jpeg\",\"keywords\":[\"contenedores\",\"Encarni Ram\u00edrez\",\"Recogida selectiva\",\"Urbaser\"],\"articleSection\":[\"Neteja\"],\"inLanguage\":\"ca\"},{\"@type\":\"WebPage\",\"@id\":\"https:\\\/\\\/santapola.es\\\/ca\\\/santa-pola-instal%c2%b7lara-quasi-un-miler-de-nous-contenidors-amb-major-capacitat-i-robustesa-i-incorporara-la-recollida-dorganicra-casi-un-millar-de-nuevos-contenedores-con-mayor-capacidad-y-robus\\\/\",\"url\":\"https:\\\/\\\/santapola.es\\\/ca\\\/santa-pola-instal%c2%b7lara-quasi-un-miler-de-nous-contenidors-amb-major-capacitat-i-robustesa-i-incorporara-la-recollida-dorganicra-casi-un-millar-de-nuevos-contenedores-con-mayor-capacidad-y-robus\\\/\",\"name\":\"Santa Pola instal\u00b7lar\u00e0 quasi un miler de nous contenidors amb major capacitat i robustesa i incorporar\u00e0 la recollida d'org\u00e0nicr\u00e1 casi un millar de nuevos contenedores con mayor capacidad y robustez e incorporar\u00e1 la recogida de org\u00e1nico - Ajuntament de Santa Pola\",\"isPartOf\":{\"@id\":\"https:\\\/\\\/santapola.es\\\/ca\\\/#website\"},\"primaryImageOfPage\":{\"@id\":\"https:\\\/\\\/santapola.es\\\/ca\\\/santa-pola-instal%c2%b7lara-quasi-un-miler-de-nous-contenidors-amb-major-capacitat-i-robustesa-i-incorporara-la-recollida-dorganicra-casi-un-millar-de-nuevos-contenedores-con-mayor-capacidad-y-robus\\\/#primaryimage\"},\"image\":{\"@id\":\"https:\\\/\\\/santapola.es\\\/ca\\\/santa-pola-instal%c2%b7lara-quasi-un-miler-de-nous-contenidors-amb-major-capacitat-i-robustesa-i-incorporara-la-recollida-dorganicra-casi-un-millar-de-nuevos-contenedores-con-mayor-capacidad-y-robus\\\/#primaryimage\"},\"thumbnailUrl\":\"https:\\\/\\\/santapola.es\\\/wp-content\\\/uploads\\\/2024\\\/05\\\/web-Cont-todos.jpeg\",\"datePublished\":\"2024-03-04T18:21:48+00:00\",\"dateModified\":\"2024-05-20T07:17:19+00:00\",\"author\":{\"@id\":\"https:\\\/\\\/santapola.es\\\/ca\\\/#\\\/schema\\\/person\\\/ad1d67403707b58350c7be5e8dbc442d\"},\"breadcrumb\":{\"@id\":\"https:\\\/\\\/santapola.es\\\/ca\\\/santa-pola-instal%c2%b7lara-quasi-un-miler-de-nous-contenidors-amb-major-capacitat-i-robustesa-i-incorporara-la-recollida-dorganicra-casi-un-millar-de-nuevos-contenedores-con-mayor-capacidad-y-robus\\\/#breadcrumb\"},\"inLanguage\":\"ca\",\"potentialAction\":[{\"@type\":\"ReadAction\",\"target\":[\"https:\\\/\\\/santapola.es\\\/ca\\\/santa-pola-instal%c2%b7lara-quasi-un-miler-de-nous-contenidors-amb-major-capacitat-i-robustesa-i-incorporara-la-recollida-dorganicra-casi-un-millar-de-nuevos-contenedores-con-mayor-capacidad-y-robus\\\/\"]}]},{\"@type\":\"ImageObject\",\"inLanguage\":\"ca\",\"@id\":\"https:\\\/\\\/santapola.es\\\/ca\\\/santa-pola-instal%c2%b7lara-quasi-un-miler-de-nous-contenidors-amb-major-capacitat-i-robustesa-i-incorporara-la-recollida-dorganicra-casi-un-millar-de-nuevos-contenedores-con-mayor-capacidad-y-robus\\\/#primaryimage\",\"url\":\"https:\\\/\\\/santapola.es\\\/wp-content\\\/uploads\\\/2024\\\/05\\\/web-Cont-todos.jpeg\",\"contentUrl\":\"https:\\\/\\\/santapola.es\\\/wp-content\\\/uploads\\\/2024\\\/05\\\/web-Cont-todos.jpeg\",\"width\":1920,\"height\":1440},{\"@type\":\"BreadcrumbList\",\"@id\":\"https:\\\/\\\/santapola.es\\\/ca\\\/santa-pola-instal%c2%b7lara-quasi-un-miler-de-nous-contenidors-amb-major-capacitat-i-robustesa-i-incorporara-la-recollida-dorganicra-casi-un-millar-de-nuevos-contenedores-con-mayor-capacidad-y-robus\\\/#breadcrumb\",\"itemListElement\":[{\"@type\":\"ListItem\",\"position\":1,\"name\":\"Inici\",\"item\":\"https:\\\/\\\/santapola.es\\\/ca\\\/\"},{\"@type\":\"ListItem\",\"position\":2,\"name\":\"Santa Pola instal\u00b7lar\u00e0 quasi un miler de nous contenidors amb major capacitat i robustesa i incorporar\u00e0 la recollida d&#8217;org\u00e0nicr\u00e1 casi un millar de nuevos contenedores con mayor capacidad y robustez e incorporar\u00e1 la recogida de org\u00e1nico\"}]},{\"@type\":\"WebSite\",\"@id\":\"https:\\\/\\\/santapola.es\\\/ca\\\/#website\",\"url\":\"https:\\\/\\\/santapola.es\\\/ca\\\/\",\"name\":\"Ayuntamiento de Santa Pola\",\"description\":\"Web de l'Ajuntament de Santa Pola\",\"potentialAction\":[{\"@type\":\"SearchAction\",\"target\":{\"@type\":\"EntryPoint\",\"urlTemplate\":\"https:\\\/\\\/santapola.es\\\/ca\\\/?s={search_term_string}\"},\"query-input\":{\"@type\":\"PropertyValueSpecification\",\"valueRequired\":true,\"valueName\":\"search_term_string\"}}],\"inLanguage\":\"ca\"},{\"@type\":\"Person\",\"@id\":\"https:\\\/\\\/santapola.es\\\/ca\\\/#\\\/schema\\\/person\\\/ad1d67403707b58350c7be5e8dbc442d\",\"name\":\"Jos\u00e9 Juan L\u00f3pez Lafuente\"}]}<\/script>\n<!-- \/ Yoast SEO plugin. -->","yoast_head_json":{"title":"Santa Pola instal\u00b7lar\u00e0 quasi un miler de nous contenidors amb major capacitat i robustesa i incorporar\u00e0 la recollida d'org\u00e0nicr\u00e1 casi un millar de nuevos contenedores con mayor capacidad y robustez e incorporar\u00e1 la recogida de org\u00e1nico - Ajuntament de Santa Pola","robots":{"index":"index","follow":"follow","max-snippet":"max-snippet:-1","max-image-preview":"max-image-preview:large","max-video-preview":"max-video-preview:-1"},"canonical":"https:\/\/santapola.es\/ca\/santa-pola-instal%c2%b7lara-quasi-un-miler-de-nous-contenidors-amb-major-capacitat-i-robustesa-i-incorporara-la-recollida-dorganicra-casi-un-millar-de-nuevos-contenedores-con-mayor-capacidad-y-robus\/","og_locale":"ca_ES","og_type":"article","og_title":"Santa Pola instal\u00b7lar\u00e0 quasi un miler de nous contenidors amb major capacitat i robustesa i incorporar\u00e0 la recollida d'org\u00e0nicr\u00e1 casi un millar de nuevos contenedores con mayor capacidad y robustez e incorporar\u00e1 la recogida de org\u00e1nico - Ajuntament de Santa Pola","og_description":"L&#8217;Ajuntament i Urbaser han presentat els diferents models de contenidor que conformaran les noves illes de reciclatge a Santa Pola i que ja s&#8217;estan fabricant. S&#8217;espera rebre les primeres unitats en menys d&#8217;un mes i s&#8217;aniran instal\u00b7lant progressivament per zones. S&#8217;incorpora un nou model per a residus org\u00e0nics. L&#8217;Ajuntament de Santa Pola, a trav\u00e9s de [&hellip;]","og_url":"https:\/\/santapola.es\/ca\/santa-pola-instal%c2%b7lara-quasi-un-miler-de-nous-contenidors-amb-major-capacitat-i-robustesa-i-incorporara-la-recollida-dorganicra-casi-un-millar-de-nuevos-contenedores-con-mayor-capacidad-y-robus\/","og_site_name":"Ajuntament de Santa Pola","article_publisher":"https:\/\/www.facebook.com\/AyuntamientoSantaPola\/","article_published_time":"2024-03-04T18:21:48+00:00","article_modified_time":"2024-05-20T07:17:19+00:00","og_image":[{"width":1920,"height":1440,"url":"https:\/\/santapola.es\/wp-content\/uploads\/2024\/05\/web-Cont-todos.jpeg","type":"image\/jpeg"}],"author":"Jos\u00e9 Juan L\u00f3pez Lafuente","twitter_card":"summary_large_image","twitter_creator":"@SantaPolaAyunt","twitter_site":"@SantaPolaAyunt","schema":{"@context":"https:\/\/schema.org","@graph":[{"@type":"Article","@id":"https:\/\/santapola.es\/ca\/santa-pola-instal%c2%b7lara-quasi-un-miler-de-nous-contenidors-amb-major-capacitat-i-robustesa-i-incorporara-la-recollida-dorganicra-casi-un-millar-de-nuevos-contenedores-con-mayor-capacidad-y-robus\/#article","isPartOf":{"@id":"https:\/\/santapola.es\/ca\/santa-pola-instal%c2%b7lara-quasi-un-miler-de-nous-contenidors-amb-major-capacitat-i-robustesa-i-incorporara-la-recollida-dorganicra-casi-un-millar-de-nuevos-contenedores-con-mayor-capacidad-y-robus\/"},"author":{"name":"Jos\u00e9 Juan L\u00f3pez Lafuente","@id":"https:\/\/santapola.es\/ca\/#\/schema\/person\/ad1d67403707b58350c7be5e8dbc442d"},"headline":"Santa Pola instal\u00b7lar\u00e0 quasi un miler de nous contenidors amb major capacitat i robustesa i incorporar\u00e0 la recollida d&#8217;org\u00e0nicr\u00e1 casi un millar de nuevos contenedores con mayor capacidad y robustez e incorporar\u00e1 la recogida de org\u00e1nico","datePublished":"2024-03-04T18:21:48+00:00","dateModified":"2024-05-20T07:17:19+00:00","mainEntityOfPage":{"@id":"https:\/\/santapola.es\/ca\/santa-pola-instal%c2%b7lara-quasi-un-miler-de-nous-contenidors-amb-major-capacitat-i-robustesa-i-incorporara-la-recollida-dorganicra-casi-un-millar-de-nuevos-contenedores-con-mayor-capacidad-y-robus\/"},"wordCount":746,"image":{"@id":"https:\/\/santapola.es\/ca\/santa-pola-instal%c2%b7lara-quasi-un-miler-de-nous-contenidors-amb-major-capacitat-i-robustesa-i-incorporara-la-recollida-dorganicra-casi-un-millar-de-nuevos-contenedores-con-mayor-capacidad-y-robus\/#primaryimage"},"thumbnailUrl":"https:\/\/santapola.es\/wp-content\/uploads\/2024\/05\/web-Cont-todos.jpeg","keywords":["contenedores","Encarni Ram\u00edrez","Recogida selectiva","Urbaser"],"articleSection":["Neteja"],"inLanguage":"ca"},{"@type":"WebPage","@id":"https:\/\/santapola.es\/ca\/santa-pola-instal%c2%b7lara-quasi-un-miler-de-nous-contenidors-amb-major-capacitat-i-robustesa-i-incorporara-la-recollida-dorganicra-casi-un-millar-de-nuevos-contenedores-con-mayor-capacidad-y-robus\/","url":"https:\/\/santapola.es\/ca\/santa-pola-instal%c2%b7lara-quasi-un-miler-de-nous-contenidors-amb-major-capacitat-i-robustesa-i-incorporara-la-recollida-dorganicra-casi-un-millar-de-nuevos-contenedores-con-mayor-capacidad-y-robus\/","name":"Santa Pola instal\u00b7lar\u00e0 quasi un miler de nous contenidors amb major capacitat i robustesa i incorporar\u00e0 la recollida d'org\u00e0nicr\u00e1 casi un millar de nuevos contenedores con mayor capacidad y robustez e incorporar\u00e1 la recogida de org\u00e1nico - Ajuntament de Santa Pola","isPartOf":{"@id":"https:\/\/santapola.es\/ca\/#website"},"primaryImageOfPage":{"@id":"https:\/\/santapola.es\/ca\/santa-pola-instal%c2%b7lara-quasi-un-miler-de-nous-contenidors-amb-major-capacitat-i-robustesa-i-incorporara-la-recollida-dorganicra-casi-un-millar-de-nuevos-contenedores-con-mayor-capacidad-y-robus\/#primaryimage"},"image":{"@id":"https:\/\/santapola.es\/ca\/santa-pola-instal%c2%b7lara-quasi-un-miler-de-nous-contenidors-amb-major-capacitat-i-robustesa-i-incorporara-la-recollida-dorganicra-casi-un-millar-de-nuevos-contenedores-con-mayor-capacidad-y-robus\/#primaryimage"},"thumbnailUrl":"https:\/\/santapola.es\/wp-content\/uploads\/2024\/05\/web-Cont-todos.jpeg","datePublished":"2024-03-04T18:21:48+00:00","dateModified":"2024-05-20T07:17:19+00:00","author":{"@id":"https:\/\/santapola.es\/ca\/#\/schema\/person\/ad1d67403707b58350c7be5e8dbc442d"},"breadcrumb":{"@id":"https:\/\/santapola.es\/ca\/santa-pola-instal%c2%b7lara-quasi-un-miler-de-nous-contenidors-amb-major-capacitat-i-robustesa-i-incorporara-la-recollida-dorganicra-casi-un-millar-de-nuevos-contenedores-con-mayor-capacidad-y-robus\/#breadcrumb"},"inLanguage":"ca","potentialAction":[{"@type":"ReadAction","target":["https:\/\/santapola.es\/ca\/santa-pola-instal%c2%b7lara-quasi-un-miler-de-nous-contenidors-amb-major-capacitat-i-robustesa-i-incorporara-la-recollida-dorganicra-casi-un-millar-de-nuevos-contenedores-con-mayor-capacidad-y-robus\/"]}]},{"@type":"ImageObject","inLanguage":"ca","@id":"https:\/\/santapola.es\/ca\/santa-pola-instal%c2%b7lara-quasi-un-miler-de-nous-contenidors-amb-major-capacitat-i-robustesa-i-incorporara-la-recollida-dorganicra-casi-un-millar-de-nuevos-contenedores-con-mayor-capacidad-y-robus\/#primaryimage","url":"https:\/\/santapola.es\/wp-content\/uploads\/2024\/05\/web-Cont-todos.jpeg","contentUrl":"https:\/\/santapola.es\/wp-content\/uploads\/2024\/05\/web-Cont-todos.jpeg","width":1920,"height":1440},{"@type":"BreadcrumbList","@id":"https:\/\/santapola.es\/ca\/santa-pola-instal%c2%b7lara-quasi-un-miler-de-nous-contenidors-amb-major-capacitat-i-robustesa-i-incorporara-la-recollida-dorganicra-casi-un-millar-de-nuevos-contenedores-con-mayor-capacidad-y-robus\/#breadcrumb","itemListElement":[{"@type":"ListItem","position":1,"name":"Inici","item":"https:\/\/santapola.es\/ca\/"},{"@type":"ListItem","position":2,"name":"Santa Pola instal\u00b7lar\u00e0 quasi un miler de nous contenidors amb major capacitat i robustesa i incorporar\u00e0 la recollida d&#8217;org\u00e0nicr\u00e1 casi un millar de nuevos contenedores con mayor capacidad y robustez e incorporar\u00e1 la recogida de org\u00e1nico"}]},{"@type":"WebSite","@id":"https:\/\/santapola.es\/ca\/#website","url":"https:\/\/santapola.es\/ca\/","name":"Ayuntamiento de Santa Pola","description":"Web de l'Ajuntament de Santa Pola","potentialAction":[{"@type":"SearchAction","target":{"@type":"EntryPoint","urlTemplate":"https:\/\/santapola.es\/ca\/?s={search_term_string}"},"query-input":{"@type":"PropertyValueSpecification","valueRequired":true,"valueName":"search_term_string"}}],"inLanguage":"ca"},{"@type":"Person","@id":"https:\/\/santapola.es\/ca\/#\/schema\/person\/ad1d67403707b58350c7be5e8dbc442d","name":"Jos\u00e9 Juan L\u00f3pez Lafuente"}]}},"_links":{"self":[{"href":"https:\/\/santapola.es\/ca\/wp-json\/wp\/v2\/posts\/36192","targetHints":{"allow":["GET"]}}],"collection":[{"href":"https:\/\/santapola.es\/ca\/wp-json\/wp\/v2\/posts"}],"about":[{"href":"https:\/\/santapola.es\/ca\/wp-json\/wp\/v2\/types\/post"}],"author":[{"embeddable":true,"href":"https:\/\/santapola.es\/ca\/wp-json\/wp\/v2\/users\/96"}],"replies":[{"embeddable":true,"href":"https:\/\/santapola.es\/ca\/wp-json\/wp\/v2\/comments?post=36192"}],"version-history":[{"count":0,"href":"https:\/\/santapola.es\/ca\/wp-json\/wp\/v2\/posts\/36192\/revisions"}],"wp:featuredmedia":[{"embeddable":true,"href":"https:\/\/santapola.es\/ca\/wp-json\/wp\/v2\/media\/36184"}],"wp:attachment":[{"href":"https:\/\/santapola.es\/ca\/wp-json\/wp\/v2\/media?parent=36192"}],"wp:term":[{"taxonomy":"category","embeddable":true,"href":"https:\/\/santapola.es\/ca\/wp-json\/wp\/v2\/categories?post=36192"},{"taxonomy":"post_tag","embeddable":true,"href":"https:\/\/santapola.es\/ca\/wp-json\/wp\/v2\/tags?post=36192"}],"curies":[{"name":"wp","href":"https:\/\/api.w.org\/{rel}","templated":true}]}}