{"id":36159,"date":"2024-03-06T11:47:26","date_gmt":"2024-03-06T10:47:26","guid":{"rendered":"https:\/\/santapola.es\/?p=36159"},"modified":"2024-05-17T13:44:18","modified_gmt":"2024-05-17T11:44:18","slug":"diumenge-de-festa-per-al-padel-santapoler-amb-la-inauguracio-duna-nova-pista","status":"publish","type":"post","link":"https:\/\/santapola.es\/ca\/diumenge-de-festa-per-al-padel-santapoler-amb-la-inauguracio-duna-nova-pista\/","title":{"rendered":"Diumenge de festa per al p\u00e0del santapoler amb la inauguraci\u00f3 d&#8217;una nova pista"},"content":{"rendered":"<p><strong>Este diumenge 10 de mar\u00e7, a les 10.00 hores, s&#8217;inaugura oficialment amb un torneig d&#8217;exhibici\u00f3 la nova pista de p\u00e0del que la Regidoria d&#8217;Esports ha constru\u00eft en la zona esportiva El Monsa, i que augmenta a tres el nombre de pistes disponibles per a la pr\u00e0ctica d&#8217;este esport en al\u00e7a.<\/strong><\/p>\n<p>Amb un pressupost de 34.303 euros i amb una subvenci\u00f3 del 80% de la Generalitat Valenciana, ha finalitzat la construcci\u00f3 de la tercera pista de p\u00e0del al costat del camp de futbol Andr\u00e9s Baile Medina \u201cEl Monsa\u201d i est\u00e0 llesta per a ser inaugurada este diumenge.<\/p>\n<p>Per a aix\u00f2 s&#8217;ha programat un mat\u00ed d&#8217;exhibici\u00f3 d&#8217;este popular esport que continua sumant practicants, fet que ha motivat al consistori a augmentar el nombre de pistes disponibles davant l&#8217;alta demanda.<\/p>\n<p>A m\u00e9s de l&#8217;acte protocol\u00b7lari de la inauguraci\u00f3, al qual assistiran l&#8217;alcaldessa Loreto Serrano i el regidor d&#8217;Esports, \u00c1ngel Piedecausa, entre altres membres de la corporaci\u00f3 municipal i autoritats locals, de 9.00 a 13.00 hores se celebrar\u00e0 un torneig de p\u00e0del en el qual participaran diverses parelles que es formaran per sorteig entre els participants.<\/p>\n<p>Cada partit tindr\u00e0 la duraci\u00f3 d&#8217;un tie break normal. Hi haur\u00e0 dos grups que jugaran en les pistes A i B, intercanviant-se despr\u00e9s de cada partit per a maximitzar l&#8217;experi\u00e8ncia. En cas d&#8217;empat en finalitzar el temps, es decidir\u00e0 el guanyador amb una emocionant &#8220;bola d&#8217;or&#8221;. Les puntuacions seguiran el format de tie-break, mantenint l&#8217;adrenalina fins a l&#8217;\u00faltim segon.<\/p>\n","protected":false},"excerpt":{"rendered":"<p>Este diumenge 10 de mar\u00e7, a les 10.00 hores, s&#8217;inaugura oficialment amb un torneig d&#8217;exhibici\u00f3 la nova pista de p\u00e0del que la Regidoria d&#8217;Esports ha constru\u00eft en la zona esportiva El Monsa, i que augmenta a tres el nombre de pistes disponibles per a la pr\u00e0ctica d&#8217;este esport en al\u00e7a. Amb un pressupost de 34.303 [&hellip;]<\/p>\n","protected":false},"author":96,"featured_media":36157,"comment_status":"closed","ping_status":"closed","sticky":false,"template":"","format":"standard","meta":{"_et_pb_use_builder":"","_et_pb_old_content":"","_et_gb_content_width":"","footnotes":""},"categories":[439],"tags":[714,715],"class_list":["post-36159","post","type-post","status-publish","format-standard","has-post-thumbnail","hentry","category-esport","tag-padel-ca","tag-zona-deportiva-el-monsa-ca"],"yoast_head":"<!-- This site is optimized with the Yoast SEO plugin v27.4 - https:\/\/yoast.com\/product\/yoast-seo-wordpress\/ -->\n<title>Diumenge de festa per al p\u00e0del santapoler amb la inauguraci\u00f3 d&#039;una nova pista - Ajuntament de Santa Pola<\/title>\n<meta name=\"robots\" content=\"index, follow, max-snippet:-1, max-image-preview:large, max-video-preview:-1\" \/>\n<link rel=\"canonical\" href=\"https:\/\/santapola.es\/ca\/diumenge-de-festa-per-al-padel-santapoler-amb-la-inauguracio-duna-nova-pista\/\" \/>\n<meta property=\"og:locale\" content=\"ca_ES\" \/>\n<meta property=\"og:type\" content=\"article\" \/>\n<meta property=\"og:title\" content=\"Diumenge de festa per al p\u00e0del santapoler amb la inauguraci\u00f3 d&#039;una nova pista - Ajuntament de Santa Pola\" \/>\n<meta property=\"og:description\" content=\"Este diumenge 10 de mar\u00e7, a les 10.00 hores, s&#8217;inaugura oficialment amb un torneig d&#8217;exhibici\u00f3 la nova pista de p\u00e0del que la Regidoria d&#8217;Esports ha constru\u00eft en la zona esportiva El Monsa, i que augmenta a tres el nombre de pistes disponibles per a la pr\u00e0ctica d&#8217;este esport en al\u00e7a. Amb un pressupost de 34.303 [&hellip;]\" \/>\n<meta property=\"og:url\" content=\"https:\/\/santapola.es\/ca\/diumenge-de-festa-per-al-padel-santapoler-amb-la-inauguracio-duna-nova-pista\/\" \/>\n<meta property=\"og:site_name\" content=\"Ajuntament de Santa Pola\" \/>\n<meta property=\"article:publisher\" content=\"https:\/\/www.facebook.com\/AyuntamientoSantaPola\/\" \/>\n<meta property=\"article:published_time\" content=\"2024-03-06T10:47:26+00:00\" \/>\n<meta property=\"article:modified_time\" content=\"2024-05-17T11:44:18+00:00\" \/>\n<meta property=\"og:image\" content=\"https:\/\/santapola.es\/wp-content\/uploads\/2024\/05\/padel.jpg\" \/>\n\t<meta property=\"og:image:width\" content=\"1920\" \/>\n\t<meta property=\"og:image:height\" content=\"1081\" \/>\n\t<meta property=\"og:image:type\" content=\"image\/jpeg\" \/>\n<meta name=\"author\" content=\"Jos\u00e9 Juan L\u00f3pez Lafuente\" \/>\n<meta name=\"twitter:card\" content=\"summary_large_image\" \/>\n<meta name=\"twitter:creator\" content=\"@SantaPolaAyunt\" \/>\n<meta name=\"twitter:site\" content=\"@SantaPolaAyunt\" \/>\n<script type=\"application\/ld+json\" class=\"yoast-schema-graph\">{\"@context\":\"https:\\\/\\\/schema.org\",\"@graph\":[{\"@type\":\"Article\",\"@id\":\"https:\\\/\\\/santapola.es\\\/ca\\\/diumenge-de-festa-per-al-padel-santapoler-amb-la-inauguracio-duna-nova-pista\\\/#article\",\"isPartOf\":{\"@id\":\"https:\\\/\\\/santapola.es\\\/ca\\\/diumenge-de-festa-per-al-padel-santapoler-amb-la-inauguracio-duna-nova-pista\\\/\"},\"author\":{\"name\":\"Jos\u00e9 Juan L\u00f3pez Lafuente\",\"@id\":\"https:\\\/\\\/santapola.es\\\/ca\\\/#\\\/schema\\\/person\\\/ad1d67403707b58350c7be5e8dbc442d\"},\"headline\":\"Diumenge de festa per al p\u00e0del santapoler amb la inauguraci\u00f3 d&#8217;una nova pista\",\"datePublished\":\"2024-03-06T10:47:26+00:00\",\"dateModified\":\"2024-05-17T11:44:18+00:00\",\"mainEntityOfPage\":{\"@id\":\"https:\\\/\\\/santapola.es\\\/ca\\\/diumenge-de-festa-per-al-padel-santapoler-amb-la-inauguracio-duna-nova-pista\\\/\"},\"wordCount\":278,\"image\":{\"@id\":\"https:\\\/\\\/santapola.es\\\/ca\\\/diumenge-de-festa-per-al-padel-santapoler-amb-la-inauguracio-duna-nova-pista\\\/#primaryimage\"},\"thumbnailUrl\":\"https:\\\/\\\/santapola.es\\\/wp-content\\\/uploads\\\/2024\\\/05\\\/padel.jpg\",\"keywords\":[\"P\u00e1del\",\"Zona deportiva El Monsa\"],\"articleSection\":[\"Esport\"],\"inLanguage\":\"ca\"},{\"@type\":\"WebPage\",\"@id\":\"https:\\\/\\\/santapola.es\\\/ca\\\/diumenge-de-festa-per-al-padel-santapoler-amb-la-inauguracio-duna-nova-pista\\\/\",\"url\":\"https:\\\/\\\/santapola.es\\\/ca\\\/diumenge-de-festa-per-al-padel-santapoler-amb-la-inauguracio-duna-nova-pista\\\/\",\"name\":\"Diumenge de festa per al p\u00e0del santapoler amb la inauguraci\u00f3 d'una nova pista - Ajuntament de Santa Pola\",\"isPartOf\":{\"@id\":\"https:\\\/\\\/santapola.es\\\/ca\\\/#website\"},\"primaryImageOfPage\":{\"@id\":\"https:\\\/\\\/santapola.es\\\/ca\\\/diumenge-de-festa-per-al-padel-santapoler-amb-la-inauguracio-duna-nova-pista\\\/#primaryimage\"},\"image\":{\"@id\":\"https:\\\/\\\/santapola.es\\\/ca\\\/diumenge-de-festa-per-al-padel-santapoler-amb-la-inauguracio-duna-nova-pista\\\/#primaryimage\"},\"thumbnailUrl\":\"https:\\\/\\\/santapola.es\\\/wp-content\\\/uploads\\\/2024\\\/05\\\/padel.jpg\",\"datePublished\":\"2024-03-06T10:47:26+00:00\",\"dateModified\":\"2024-05-17T11:44:18+00:00\",\"author\":{\"@id\":\"https:\\\/\\\/santapola.es\\\/ca\\\/#\\\/schema\\\/person\\\/ad1d67403707b58350c7be5e8dbc442d\"},\"breadcrumb\":{\"@id\":\"https:\\\/\\\/santapola.es\\\/ca\\\/diumenge-de-festa-per-al-padel-santapoler-amb-la-inauguracio-duna-nova-pista\\\/#breadcrumb\"},\"inLanguage\":\"ca\",\"potentialAction\":[{\"@type\":\"ReadAction\",\"target\":[\"https:\\\/\\\/santapola.es\\\/ca\\\/diumenge-de-festa-per-al-padel-santapoler-amb-la-inauguracio-duna-nova-pista\\\/\"]}]},{\"@type\":\"ImageObject\",\"inLanguage\":\"ca\",\"@id\":\"https:\\\/\\\/santapola.es\\\/ca\\\/diumenge-de-festa-per-al-padel-santapoler-amb-la-inauguracio-duna-nova-pista\\\/#primaryimage\",\"url\":\"https:\\\/\\\/santapola.es\\\/wp-content\\\/uploads\\\/2024\\\/05\\\/padel.jpg\",\"contentUrl\":\"https:\\\/\\\/santapola.es\\\/wp-content\\\/uploads\\\/2024\\\/05\\\/padel.jpg\",\"width\":1920,\"height\":1081},{\"@type\":\"BreadcrumbList\",\"@id\":\"https:\\\/\\\/santapola.es\\\/ca\\\/diumenge-de-festa-per-al-padel-santapoler-amb-la-inauguracio-duna-nova-pista\\\/#breadcrumb\",\"itemListElement\":[{\"@type\":\"ListItem\",\"position\":1,\"name\":\"Inici\",\"item\":\"https:\\\/\\\/santapola.es\\\/ca\\\/\"},{\"@type\":\"ListItem\",\"position\":2,\"name\":\"Diumenge de festa per al p\u00e0del santapoler amb la inauguraci\u00f3 d&#8217;una nova pista\"}]},{\"@type\":\"WebSite\",\"@id\":\"https:\\\/\\\/santapola.es\\\/ca\\\/#website\",\"url\":\"https:\\\/\\\/santapola.es\\\/ca\\\/\",\"name\":\"Ayuntamiento de Santa Pola\",\"description\":\"Web de l'Ajuntament de Santa Pola\",\"potentialAction\":[{\"@type\":\"SearchAction\",\"target\":{\"@type\":\"EntryPoint\",\"urlTemplate\":\"https:\\\/\\\/santapola.es\\\/ca\\\/?s={search_term_string}\"},\"query-input\":{\"@type\":\"PropertyValueSpecification\",\"valueRequired\":true,\"valueName\":\"search_term_string\"}}],\"inLanguage\":\"ca\"},{\"@type\":\"Person\",\"@id\":\"https:\\\/\\\/santapola.es\\\/ca\\\/#\\\/schema\\\/person\\\/ad1d67403707b58350c7be5e8dbc442d\",\"name\":\"Jos\u00e9 Juan L\u00f3pez Lafuente\"}]}<\/script>\n<!-- \/ Yoast SEO plugin. -->","yoast_head_json":{"title":"Diumenge de festa per al p\u00e0del santapoler amb la inauguraci\u00f3 d'una nova pista - Ajuntament de Santa Pola","robots":{"index":"index","follow":"follow","max-snippet":"max-snippet:-1","max-image-preview":"max-image-preview:large","max-video-preview":"max-video-preview:-1"},"canonical":"https:\/\/santapola.es\/ca\/diumenge-de-festa-per-al-padel-santapoler-amb-la-inauguracio-duna-nova-pista\/","og_locale":"ca_ES","og_type":"article","og_title":"Diumenge de festa per al p\u00e0del santapoler amb la inauguraci\u00f3 d'una nova pista - Ajuntament de Santa Pola","og_description":"Este diumenge 10 de mar\u00e7, a les 10.00 hores, s&#8217;inaugura oficialment amb un torneig d&#8217;exhibici\u00f3 la nova pista de p\u00e0del que la Regidoria d&#8217;Esports ha constru\u00eft en la zona esportiva El Monsa, i que augmenta a tres el nombre de pistes disponibles per a la pr\u00e0ctica d&#8217;este esport en al\u00e7a. Amb un pressupost de 34.303 [&hellip;]","og_url":"https:\/\/santapola.es\/ca\/diumenge-de-festa-per-al-padel-santapoler-amb-la-inauguracio-duna-nova-pista\/","og_site_name":"Ajuntament de Santa Pola","article_publisher":"https:\/\/www.facebook.com\/AyuntamientoSantaPola\/","article_published_time":"2024-03-06T10:47:26+00:00","article_modified_time":"2024-05-17T11:44:18+00:00","og_image":[{"width":1920,"height":1081,"url":"https:\/\/santapola.es\/wp-content\/uploads\/2024\/05\/padel.jpg","type":"image\/jpeg"}],"author":"Jos\u00e9 Juan L\u00f3pez Lafuente","twitter_card":"summary_large_image","twitter_creator":"@SantaPolaAyunt","twitter_site":"@SantaPolaAyunt","schema":{"@context":"https:\/\/schema.org","@graph":[{"@type":"Article","@id":"https:\/\/santapola.es\/ca\/diumenge-de-festa-per-al-padel-santapoler-amb-la-inauguracio-duna-nova-pista\/#article","isPartOf":{"@id":"https:\/\/santapola.es\/ca\/diumenge-de-festa-per-al-padel-santapoler-amb-la-inauguracio-duna-nova-pista\/"},"author":{"name":"Jos\u00e9 Juan L\u00f3pez Lafuente","@id":"https:\/\/santapola.es\/ca\/#\/schema\/person\/ad1d67403707b58350c7be5e8dbc442d"},"headline":"Diumenge de festa per al p\u00e0del santapoler amb la inauguraci\u00f3 d&#8217;una nova pista","datePublished":"2024-03-06T10:47:26+00:00","dateModified":"2024-05-17T11:44:18+00:00","mainEntityOfPage":{"@id":"https:\/\/santapola.es\/ca\/diumenge-de-festa-per-al-padel-santapoler-amb-la-inauguracio-duna-nova-pista\/"},"wordCount":278,"image":{"@id":"https:\/\/santapola.es\/ca\/diumenge-de-festa-per-al-padel-santapoler-amb-la-inauguracio-duna-nova-pista\/#primaryimage"},"thumbnailUrl":"https:\/\/santapola.es\/wp-content\/uploads\/2024\/05\/padel.jpg","keywords":["P\u00e1del","Zona deportiva El Monsa"],"articleSection":["Esport"],"inLanguage":"ca"},{"@type":"WebPage","@id":"https:\/\/santapola.es\/ca\/diumenge-de-festa-per-al-padel-santapoler-amb-la-inauguracio-duna-nova-pista\/","url":"https:\/\/santapola.es\/ca\/diumenge-de-festa-per-al-padel-santapoler-amb-la-inauguracio-duna-nova-pista\/","name":"Diumenge de festa per al p\u00e0del santapoler amb la inauguraci\u00f3 d'una nova pista - Ajuntament de Santa Pola","isPartOf":{"@id":"https:\/\/santapola.es\/ca\/#website"},"primaryImageOfPage":{"@id":"https:\/\/santapola.es\/ca\/diumenge-de-festa-per-al-padel-santapoler-amb-la-inauguracio-duna-nova-pista\/#primaryimage"},"image":{"@id":"https:\/\/santapola.es\/ca\/diumenge-de-festa-per-al-padel-santapoler-amb-la-inauguracio-duna-nova-pista\/#primaryimage"},"thumbnailUrl":"https:\/\/santapola.es\/wp-content\/uploads\/2024\/05\/padel.jpg","datePublished":"2024-03-06T10:47:26+00:00","dateModified":"2024-05-17T11:44:18+00:00","author":{"@id":"https:\/\/santapola.es\/ca\/#\/schema\/person\/ad1d67403707b58350c7be5e8dbc442d"},"breadcrumb":{"@id":"https:\/\/santapola.es\/ca\/diumenge-de-festa-per-al-padel-santapoler-amb-la-inauguracio-duna-nova-pista\/#breadcrumb"},"inLanguage":"ca","potentialAction":[{"@type":"ReadAction","target":["https:\/\/santapola.es\/ca\/diumenge-de-festa-per-al-padel-santapoler-amb-la-inauguracio-duna-nova-pista\/"]}]},{"@type":"ImageObject","inLanguage":"ca","@id":"https:\/\/santapola.es\/ca\/diumenge-de-festa-per-al-padel-santapoler-amb-la-inauguracio-duna-nova-pista\/#primaryimage","url":"https:\/\/santapola.es\/wp-content\/uploads\/2024\/05\/padel.jpg","contentUrl":"https:\/\/santapola.es\/wp-content\/uploads\/2024\/05\/padel.jpg","width":1920,"height":1081},{"@type":"BreadcrumbList","@id":"https:\/\/santapola.es\/ca\/diumenge-de-festa-per-al-padel-santapoler-amb-la-inauguracio-duna-nova-pista\/#breadcrumb","itemListElement":[{"@type":"ListItem","position":1,"name":"Inici","item":"https:\/\/santapola.es\/ca\/"},{"@type":"ListItem","position":2,"name":"Diumenge de festa per al p\u00e0del santapoler amb la inauguraci\u00f3 d&#8217;una nova pista"}]},{"@type":"WebSite","@id":"https:\/\/santapola.es\/ca\/#website","url":"https:\/\/santapola.es\/ca\/","name":"Ayuntamiento de Santa Pola","description":"Web de l'Ajuntament de Santa Pola","potentialAction":[{"@type":"SearchAction","target":{"@type":"EntryPoint","urlTemplate":"https:\/\/santapola.es\/ca\/?s={search_term_string}"},"query-input":{"@type":"PropertyValueSpecification","valueRequired":true,"valueName":"search_term_string"}}],"inLanguage":"ca"},{"@type":"Person","@id":"https:\/\/santapola.es\/ca\/#\/schema\/person\/ad1d67403707b58350c7be5e8dbc442d","name":"Jos\u00e9 Juan L\u00f3pez Lafuente"}]}},"_links":{"self":[{"href":"https:\/\/santapola.es\/ca\/wp-json\/wp\/v2\/posts\/36159","targetHints":{"allow":["GET"]}}],"collection":[{"href":"https:\/\/santapola.es\/ca\/wp-json\/wp\/v2\/posts"}],"about":[{"href":"https:\/\/santapola.es\/ca\/wp-json\/wp\/v2\/types\/post"}],"author":[{"embeddable":true,"href":"https:\/\/santapola.es\/ca\/wp-json\/wp\/v2\/users\/96"}],"replies":[{"embeddable":true,"href":"https:\/\/santapola.es\/ca\/wp-json\/wp\/v2\/comments?post=36159"}],"version-history":[{"count":0,"href":"https:\/\/santapola.es\/ca\/wp-json\/wp\/v2\/posts\/36159\/revisions"}],"wp:featuredmedia":[{"embeddable":true,"href":"https:\/\/santapola.es\/ca\/wp-json\/wp\/v2\/media\/36157"}],"wp:attachment":[{"href":"https:\/\/santapola.es\/ca\/wp-json\/wp\/v2\/media?parent=36159"}],"wp:term":[{"taxonomy":"category","embeddable":true,"href":"https:\/\/santapola.es\/ca\/wp-json\/wp\/v2\/categories?post=36159"},{"taxonomy":"post_tag","embeddable":true,"href":"https:\/\/santapola.es\/ca\/wp-json\/wp\/v2\/tags?post=36159"}],"curies":[{"name":"wp","href":"https:\/\/api.w.org\/{rel}","templated":true}]}}