{"id":36113,"date":"2024-03-13T19:27:32","date_gmt":"2024-03-13T18:27:32","guid":{"rendered":"https:\/\/santapola.es\/?p=36113"},"modified":"2024-05-17T13:16:50","modified_gmt":"2024-05-17T11:16:50","slug":"artistic-homenatge-a-miguel-cuervo-a-traves-de-lobra-de-botticelli","status":"publish","type":"post","link":"https:\/\/santapola.es\/ca\/artistic-homenatge-a-miguel-cuervo-a-traves-de-lobra-de-botticelli\/","title":{"rendered":"Art\u00edstic homenatge a Miguel Cuervo a trav\u00e9s de l&#8217;obra de Botticelli"},"content":{"rendered":"<p><strong>Esta vesprada ha tingut lloc un emotiu acte d&#8217;homenatge al qual fora en vida Alcaide del Castell Fortalesa de Santa Pola, amant de l&#8217;art i especialment de l&#8217;obra de Botticelli. El Museu de la Mar dedicar\u00e0 una de les seues sales a Miguel Cuervo-Arango.<\/strong><\/p>\n<p>Miguel Cuervo-Arango i Caso de los Cobos, qui fora director de les Salinas Bras del Port i Alcaide del Castell Fortalesa de Santa Pola, ens va deixar el passat 15 de novembre. Es tracta d&#8217;un personatge ic\u00f2nic en la hist\u00f2ria recent del nostre poble, molt estimat tant en la seua faceta d&#8217;empresari model com per la seua relaci\u00f3 amb la cultura, l&#8217;esport i la vida social de la vila que ell va considerar la seua casa, sense oblidar el seu origen asturi\u00e0.<\/p>\n<p>Com a emprenedor va desenvolupar importants projectes empresarials a Santa Pola, com la posada en marxa del port comercial. Va destacar a m\u00e9s en la seua joventut com un prestigi\u00f3s atleta a nivell nacional amb unes envejables condicions f\u00edsiques que li feien destacar en quasi totes les especialitats i aix\u00ed va aconseguir diversos t\u00edtols d&#8217;Espanya universitaris.<\/p>\n<p>La pesca esportiva i el rem van ser dos de les seues grans passions. Com a president del Club N\u00e0utic Santa Pola va promoure amb encert totes dues especialitats i en els anys 80 va impulsar les competicions de rem amb falucho mediterrani a la Comunitat Valenciana.<\/p>\n<p>En 2005 va ser triat pregoner de les festes patronals i nomenat Alcaide Vitalici del Castell Fortalesa de Santa Pola.<\/p>\n<p>&nbsp;<\/p>\n<p>L&#8217;acte de hui part d&#8217;un comprom\u00eds que el seu amic Rafael Beltr\u00e1n *Dupuy i l&#8217;historiador de l&#8217;art Valeriano *enneri van adquirir amb Miguel Cuervo uns mesos abans de la seua defunci\u00f3: organitzar una xarrada sobre Botticelli, que era un dels artistes favorits del Alcaide del Castell Fortalesa. La comparaci\u00f3 de Miguel Cuervo, \u201cun home gentil\u201d, amb la gentilesa de Botticelli.<\/p>\n<p>Excusant l&#8217;abs\u00e8ncia de Rafael Beltr\u00e1n per motius de salut, Valeriano Venneri va oferir als assistents una dissertaci\u00f3 sobre la personalitat i l&#8217;obra del pintor itali\u00e0, amb el patrocini de F\u00e8nix Yachts en el que va definir com una trobada entre amics.<\/p>\n<p><strong>Una sala en el Museu de la Mar<\/strong><\/p>\n<p>L&#8217;alcaldessa Loreto Serrano va enaltir la figura de Miguel Cuervo: \u201cera una persona benvolguda per tots, mai he escoltat a ning\u00fa parlar mal de Miguel, els seus treballadors de les salines i tot el poble de Santa Pola el van voler molt. Com Alcaide va tindre una gran implicaci\u00f3 amb el Castell Fortalesa i el Museu de la Mar, fins i tot ens va deixar un gran llegat amb la restauraci\u00f3 de la Torre Guaita del Tamarit\u201d.<\/p>\n<p>La primera edil va anunciar que \u201cportarem al pr\u00f2xim ple una proposta per a crear una sala del Museu de la Mar amb el seu nom, en la qual comptarem qui va ser i tot el que va aportar a Santa Pola\u201d. A continuaci\u00f3 va fer lliurament a la seua esposa Mari Carmen de dos l\u00e0mines de l&#8217;artista Juan R\u00f3denas Cerd\u00e0 sobre les salines.<\/p>\n<p>Mar\u00eda del Carmen de Cachavera, acompanyada a l&#8217;acte pel seu fill Alfonso, va recon\u00e9ixer la seua sorpresa: \u201cjo venia a sentir una confer\u00e8ncia que ha sigut fant\u00e0stica i m&#8217;heu sorpr\u00e9s, us done infinites gr\u00e0cies. Tots sabeu el molt\u00edssim que Miguel volia a Santa Pola, el seu cor bategava alhora que el de Santa Pola. La seua major felicitat era respirar l&#8217;aire de Santa Pola, abra\u00e7ar a les seues gents. Moltes gr\u00e0cies per totes les atencions que heu tingut sempre amb ell i amb mi\u201d.<\/p>\n","protected":false},"excerpt":{"rendered":"<p>Esta vesprada ha tingut lloc un emotiu acte d&#8217;homenatge al qual fora en vida Alcaide del Castell Fortalesa de Santa Pola, amant de l&#8217;art i especialment de l&#8217;obra de Botticelli. El Museu de la Mar dedicar\u00e0 una de les seues sales a Miguel Cuervo-Arango. Miguel Cuervo-Arango i Caso de los Cobos, qui fora director de [&hellip;]<\/p>\n","protected":false},"author":96,"featured_media":36111,"comment_status":"closed","ping_status":"closed","sticky":false,"template":"","format":"standard","meta":{"_et_pb_use_builder":"","_et_pb_old_content":"","_et_gb_content_width":"","footnotes":""},"categories":[433],"tags":[518,696,517],"class_list":["post-36113","post","type-post","status-publish","format-standard","has-post-thumbnail","hentry","category-cultura-ca","tag-castell-fortalesa","tag-miguel-cuervo-arango-ca","tag-museu-de-la-mar"],"yoast_head":"<!-- This site is optimized with the Yoast SEO plugin v27.4 - https:\/\/yoast.com\/product\/yoast-seo-wordpress\/ -->\n<title>Art\u00edstic homenatge a Miguel Cuervo a trav\u00e9s de l&#039;obra de Botticelli - Ajuntament de Santa Pola<\/title>\n<meta name=\"robots\" content=\"index, follow, max-snippet:-1, max-image-preview:large, max-video-preview:-1\" \/>\n<link rel=\"canonical\" href=\"https:\/\/santapola.es\/ca\/artistic-homenatge-a-miguel-cuervo-a-traves-de-lobra-de-botticelli\/\" \/>\n<meta property=\"og:locale\" content=\"ca_ES\" \/>\n<meta property=\"og:type\" content=\"article\" \/>\n<meta property=\"og:title\" content=\"Art\u00edstic homenatge a Miguel Cuervo a trav\u00e9s de l&#039;obra de Botticelli - Ajuntament de Santa Pola\" \/>\n<meta property=\"og:description\" content=\"Esta vesprada ha tingut lloc un emotiu acte d&#8217;homenatge al qual fora en vida Alcaide del Castell Fortalesa de Santa Pola, amant de l&#8217;art i especialment de l&#8217;obra de Botticelli. El Museu de la Mar dedicar\u00e0 una de les seues sales a Miguel Cuervo-Arango. Miguel Cuervo-Arango i Caso de los Cobos, qui fora director de [&hellip;]\" \/>\n<meta property=\"og:url\" content=\"https:\/\/santapola.es\/ca\/artistic-homenatge-a-miguel-cuervo-a-traves-de-lobra-de-botticelli\/\" \/>\n<meta property=\"og:site_name\" content=\"Ajuntament de Santa Pola\" \/>\n<meta property=\"article:publisher\" content=\"https:\/\/www.facebook.com\/AyuntamientoSantaPola\/\" \/>\n<meta property=\"article:published_time\" content=\"2024-03-13T18:27:32+00:00\" \/>\n<meta property=\"article:modified_time\" content=\"2024-05-17T11:16:50+00:00\" \/>\n<meta property=\"og:image\" content=\"https:\/\/santapola.es\/wp-content\/uploads\/2024\/05\/WhatsApp-Image-2024-03-13-at-19.05.55-2.jpeg\" \/>\n\t<meta property=\"og:image:width\" content=\"3000\" \/>\n\t<meta property=\"og:image:height\" content=\"2250\" \/>\n\t<meta property=\"og:image:type\" content=\"image\/jpeg\" \/>\n<meta name=\"author\" content=\"Jos\u00e9 Juan L\u00f3pez Lafuente\" \/>\n<meta name=\"twitter:card\" content=\"summary_large_image\" \/>\n<meta name=\"twitter:creator\" content=\"@SantaPolaAyunt\" \/>\n<meta name=\"twitter:site\" content=\"@SantaPolaAyunt\" \/>\n<script type=\"application\/ld+json\" class=\"yoast-schema-graph\">{\"@context\":\"https:\\\/\\\/schema.org\",\"@graph\":[{\"@type\":\"Article\",\"@id\":\"https:\\\/\\\/santapola.es\\\/ca\\\/artistic-homenatge-a-miguel-cuervo-a-traves-de-lobra-de-botticelli\\\/#article\",\"isPartOf\":{\"@id\":\"https:\\\/\\\/santapola.es\\\/ca\\\/artistic-homenatge-a-miguel-cuervo-a-traves-de-lobra-de-botticelli\\\/\"},\"author\":{\"name\":\"Jos\u00e9 Juan L\u00f3pez Lafuente\",\"@id\":\"https:\\\/\\\/santapola.es\\\/ca\\\/#\\\/schema\\\/person\\\/ad1d67403707b58350c7be5e8dbc442d\"},\"headline\":\"Art\u00edstic homenatge a Miguel Cuervo a trav\u00e9s de l&#8217;obra de Botticelli\",\"datePublished\":\"2024-03-13T18:27:32+00:00\",\"dateModified\":\"2024-05-17T11:16:50+00:00\",\"mainEntityOfPage\":{\"@id\":\"https:\\\/\\\/santapola.es\\\/ca\\\/artistic-homenatge-a-miguel-cuervo-a-traves-de-lobra-de-botticelli\\\/\"},\"wordCount\":637,\"image\":{\"@id\":\"https:\\\/\\\/santapola.es\\\/ca\\\/artistic-homenatge-a-miguel-cuervo-a-traves-de-lobra-de-botticelli\\\/#primaryimage\"},\"thumbnailUrl\":\"https:\\\/\\\/santapola.es\\\/wp-content\\\/uploads\\\/2024\\\/05\\\/WhatsApp-Image-2024-03-13-at-19.05.55-2.jpeg\",\"keywords\":[\"Castell-Fortalesa\",\"Miguel Cuervo-Arango\",\"Museu de la Mar\"],\"articleSection\":[\"Cultura\"],\"inLanguage\":\"ca\"},{\"@type\":\"WebPage\",\"@id\":\"https:\\\/\\\/santapola.es\\\/ca\\\/artistic-homenatge-a-miguel-cuervo-a-traves-de-lobra-de-botticelli\\\/\",\"url\":\"https:\\\/\\\/santapola.es\\\/ca\\\/artistic-homenatge-a-miguel-cuervo-a-traves-de-lobra-de-botticelli\\\/\",\"name\":\"Art\u00edstic homenatge a Miguel Cuervo a trav\u00e9s de l'obra de Botticelli - Ajuntament de Santa Pola\",\"isPartOf\":{\"@id\":\"https:\\\/\\\/santapola.es\\\/ca\\\/#website\"},\"primaryImageOfPage\":{\"@id\":\"https:\\\/\\\/santapola.es\\\/ca\\\/artistic-homenatge-a-miguel-cuervo-a-traves-de-lobra-de-botticelli\\\/#primaryimage\"},\"image\":{\"@id\":\"https:\\\/\\\/santapola.es\\\/ca\\\/artistic-homenatge-a-miguel-cuervo-a-traves-de-lobra-de-botticelli\\\/#primaryimage\"},\"thumbnailUrl\":\"https:\\\/\\\/santapola.es\\\/wp-content\\\/uploads\\\/2024\\\/05\\\/WhatsApp-Image-2024-03-13-at-19.05.55-2.jpeg\",\"datePublished\":\"2024-03-13T18:27:32+00:00\",\"dateModified\":\"2024-05-17T11:16:50+00:00\",\"author\":{\"@id\":\"https:\\\/\\\/santapola.es\\\/ca\\\/#\\\/schema\\\/person\\\/ad1d67403707b58350c7be5e8dbc442d\"},\"breadcrumb\":{\"@id\":\"https:\\\/\\\/santapola.es\\\/ca\\\/artistic-homenatge-a-miguel-cuervo-a-traves-de-lobra-de-botticelli\\\/#breadcrumb\"},\"inLanguage\":\"ca\",\"potentialAction\":[{\"@type\":\"ReadAction\",\"target\":[\"https:\\\/\\\/santapola.es\\\/ca\\\/artistic-homenatge-a-miguel-cuervo-a-traves-de-lobra-de-botticelli\\\/\"]}]},{\"@type\":\"ImageObject\",\"inLanguage\":\"ca\",\"@id\":\"https:\\\/\\\/santapola.es\\\/ca\\\/artistic-homenatge-a-miguel-cuervo-a-traves-de-lobra-de-botticelli\\\/#primaryimage\",\"url\":\"https:\\\/\\\/santapola.es\\\/wp-content\\\/uploads\\\/2024\\\/05\\\/WhatsApp-Image-2024-03-13-at-19.05.55-2.jpeg\",\"contentUrl\":\"https:\\\/\\\/santapola.es\\\/wp-content\\\/uploads\\\/2024\\\/05\\\/WhatsApp-Image-2024-03-13-at-19.05.55-2.jpeg\",\"width\":3000,\"height\":2250},{\"@type\":\"BreadcrumbList\",\"@id\":\"https:\\\/\\\/santapola.es\\\/ca\\\/artistic-homenatge-a-miguel-cuervo-a-traves-de-lobra-de-botticelli\\\/#breadcrumb\",\"itemListElement\":[{\"@type\":\"ListItem\",\"position\":1,\"name\":\"Inici\",\"item\":\"https:\\\/\\\/santapola.es\\\/ca\\\/\"},{\"@type\":\"ListItem\",\"position\":2,\"name\":\"Art\u00edstic homenatge a Miguel Cuervo a trav\u00e9s de l&#8217;obra de Botticelli\"}]},{\"@type\":\"WebSite\",\"@id\":\"https:\\\/\\\/santapola.es\\\/ca\\\/#website\",\"url\":\"https:\\\/\\\/santapola.es\\\/ca\\\/\",\"name\":\"Ayuntamiento de Santa Pola\",\"description\":\"Web de l'Ajuntament de Santa Pola\",\"potentialAction\":[{\"@type\":\"SearchAction\",\"target\":{\"@type\":\"EntryPoint\",\"urlTemplate\":\"https:\\\/\\\/santapola.es\\\/ca\\\/?s={search_term_string}\"},\"query-input\":{\"@type\":\"PropertyValueSpecification\",\"valueRequired\":true,\"valueName\":\"search_term_string\"}}],\"inLanguage\":\"ca\"},{\"@type\":\"Person\",\"@id\":\"https:\\\/\\\/santapola.es\\\/ca\\\/#\\\/schema\\\/person\\\/ad1d67403707b58350c7be5e8dbc442d\",\"name\":\"Jos\u00e9 Juan L\u00f3pez Lafuente\"}]}<\/script>\n<!-- \/ Yoast SEO plugin. -->","yoast_head_json":{"title":"Art\u00edstic homenatge a Miguel Cuervo a trav\u00e9s de l'obra de Botticelli - Ajuntament de Santa Pola","robots":{"index":"index","follow":"follow","max-snippet":"max-snippet:-1","max-image-preview":"max-image-preview:large","max-video-preview":"max-video-preview:-1"},"canonical":"https:\/\/santapola.es\/ca\/artistic-homenatge-a-miguel-cuervo-a-traves-de-lobra-de-botticelli\/","og_locale":"ca_ES","og_type":"article","og_title":"Art\u00edstic homenatge a Miguel Cuervo a trav\u00e9s de l'obra de Botticelli - Ajuntament de Santa Pola","og_description":"Esta vesprada ha tingut lloc un emotiu acte d&#8217;homenatge al qual fora en vida Alcaide del Castell Fortalesa de Santa Pola, amant de l&#8217;art i especialment de l&#8217;obra de Botticelli. El Museu de la Mar dedicar\u00e0 una de les seues sales a Miguel Cuervo-Arango. Miguel Cuervo-Arango i Caso de los Cobos, qui fora director de [&hellip;]","og_url":"https:\/\/santapola.es\/ca\/artistic-homenatge-a-miguel-cuervo-a-traves-de-lobra-de-botticelli\/","og_site_name":"Ajuntament de Santa Pola","article_publisher":"https:\/\/www.facebook.com\/AyuntamientoSantaPola\/","article_published_time":"2024-03-13T18:27:32+00:00","article_modified_time":"2024-05-17T11:16:50+00:00","og_image":[{"width":3000,"height":2250,"url":"https:\/\/santapola.es\/wp-content\/uploads\/2024\/05\/WhatsApp-Image-2024-03-13-at-19.05.55-2.jpeg","type":"image\/jpeg"}],"author":"Jos\u00e9 Juan L\u00f3pez Lafuente","twitter_card":"summary_large_image","twitter_creator":"@SantaPolaAyunt","twitter_site":"@SantaPolaAyunt","schema":{"@context":"https:\/\/schema.org","@graph":[{"@type":"Article","@id":"https:\/\/santapola.es\/ca\/artistic-homenatge-a-miguel-cuervo-a-traves-de-lobra-de-botticelli\/#article","isPartOf":{"@id":"https:\/\/santapola.es\/ca\/artistic-homenatge-a-miguel-cuervo-a-traves-de-lobra-de-botticelli\/"},"author":{"name":"Jos\u00e9 Juan L\u00f3pez Lafuente","@id":"https:\/\/santapola.es\/ca\/#\/schema\/person\/ad1d67403707b58350c7be5e8dbc442d"},"headline":"Art\u00edstic homenatge a Miguel Cuervo a trav\u00e9s de l&#8217;obra de Botticelli","datePublished":"2024-03-13T18:27:32+00:00","dateModified":"2024-05-17T11:16:50+00:00","mainEntityOfPage":{"@id":"https:\/\/santapola.es\/ca\/artistic-homenatge-a-miguel-cuervo-a-traves-de-lobra-de-botticelli\/"},"wordCount":637,"image":{"@id":"https:\/\/santapola.es\/ca\/artistic-homenatge-a-miguel-cuervo-a-traves-de-lobra-de-botticelli\/#primaryimage"},"thumbnailUrl":"https:\/\/santapola.es\/wp-content\/uploads\/2024\/05\/WhatsApp-Image-2024-03-13-at-19.05.55-2.jpeg","keywords":["Castell-Fortalesa","Miguel Cuervo-Arango","Museu de la Mar"],"articleSection":["Cultura"],"inLanguage":"ca"},{"@type":"WebPage","@id":"https:\/\/santapola.es\/ca\/artistic-homenatge-a-miguel-cuervo-a-traves-de-lobra-de-botticelli\/","url":"https:\/\/santapola.es\/ca\/artistic-homenatge-a-miguel-cuervo-a-traves-de-lobra-de-botticelli\/","name":"Art\u00edstic homenatge a Miguel Cuervo a trav\u00e9s de l'obra de Botticelli - Ajuntament de Santa Pola","isPartOf":{"@id":"https:\/\/santapola.es\/ca\/#website"},"primaryImageOfPage":{"@id":"https:\/\/santapola.es\/ca\/artistic-homenatge-a-miguel-cuervo-a-traves-de-lobra-de-botticelli\/#primaryimage"},"image":{"@id":"https:\/\/santapola.es\/ca\/artistic-homenatge-a-miguel-cuervo-a-traves-de-lobra-de-botticelli\/#primaryimage"},"thumbnailUrl":"https:\/\/santapola.es\/wp-content\/uploads\/2024\/05\/WhatsApp-Image-2024-03-13-at-19.05.55-2.jpeg","datePublished":"2024-03-13T18:27:32+00:00","dateModified":"2024-05-17T11:16:50+00:00","author":{"@id":"https:\/\/santapola.es\/ca\/#\/schema\/person\/ad1d67403707b58350c7be5e8dbc442d"},"breadcrumb":{"@id":"https:\/\/santapola.es\/ca\/artistic-homenatge-a-miguel-cuervo-a-traves-de-lobra-de-botticelli\/#breadcrumb"},"inLanguage":"ca","potentialAction":[{"@type":"ReadAction","target":["https:\/\/santapola.es\/ca\/artistic-homenatge-a-miguel-cuervo-a-traves-de-lobra-de-botticelli\/"]}]},{"@type":"ImageObject","inLanguage":"ca","@id":"https:\/\/santapola.es\/ca\/artistic-homenatge-a-miguel-cuervo-a-traves-de-lobra-de-botticelli\/#primaryimage","url":"https:\/\/santapola.es\/wp-content\/uploads\/2024\/05\/WhatsApp-Image-2024-03-13-at-19.05.55-2.jpeg","contentUrl":"https:\/\/santapola.es\/wp-content\/uploads\/2024\/05\/WhatsApp-Image-2024-03-13-at-19.05.55-2.jpeg","width":3000,"height":2250},{"@type":"BreadcrumbList","@id":"https:\/\/santapola.es\/ca\/artistic-homenatge-a-miguel-cuervo-a-traves-de-lobra-de-botticelli\/#breadcrumb","itemListElement":[{"@type":"ListItem","position":1,"name":"Inici","item":"https:\/\/santapola.es\/ca\/"},{"@type":"ListItem","position":2,"name":"Art\u00edstic homenatge a Miguel Cuervo a trav\u00e9s de l&#8217;obra de Botticelli"}]},{"@type":"WebSite","@id":"https:\/\/santapola.es\/ca\/#website","url":"https:\/\/santapola.es\/ca\/","name":"Ayuntamiento de Santa Pola","description":"Web de l'Ajuntament de Santa Pola","potentialAction":[{"@type":"SearchAction","target":{"@type":"EntryPoint","urlTemplate":"https:\/\/santapola.es\/ca\/?s={search_term_string}"},"query-input":{"@type":"PropertyValueSpecification","valueRequired":true,"valueName":"search_term_string"}}],"inLanguage":"ca"},{"@type":"Person","@id":"https:\/\/santapola.es\/ca\/#\/schema\/person\/ad1d67403707b58350c7be5e8dbc442d","name":"Jos\u00e9 Juan L\u00f3pez Lafuente"}]}},"_links":{"self":[{"href":"https:\/\/santapola.es\/ca\/wp-json\/wp\/v2\/posts\/36113","targetHints":{"allow":["GET"]}}],"collection":[{"href":"https:\/\/santapola.es\/ca\/wp-json\/wp\/v2\/posts"}],"about":[{"href":"https:\/\/santapola.es\/ca\/wp-json\/wp\/v2\/types\/post"}],"author":[{"embeddable":true,"href":"https:\/\/santapola.es\/ca\/wp-json\/wp\/v2\/users\/96"}],"replies":[{"embeddable":true,"href":"https:\/\/santapola.es\/ca\/wp-json\/wp\/v2\/comments?post=36113"}],"version-history":[{"count":0,"href":"https:\/\/santapola.es\/ca\/wp-json\/wp\/v2\/posts\/36113\/revisions"}],"wp:featuredmedia":[{"embeddable":true,"href":"https:\/\/santapola.es\/ca\/wp-json\/wp\/v2\/media\/36111"}],"wp:attachment":[{"href":"https:\/\/santapola.es\/ca\/wp-json\/wp\/v2\/media?parent=36113"}],"wp:term":[{"taxonomy":"category","embeddable":true,"href":"https:\/\/santapola.es\/ca\/wp-json\/wp\/v2\/categories?post=36113"},{"taxonomy":"post_tag","embeddable":true,"href":"https:\/\/santapola.es\/ca\/wp-json\/wp\/v2\/tags?post=36113"}],"curies":[{"name":"wp","href":"https:\/\/api.w.org\/{rel}","templated":true}]}}