{"id":36106,"date":"2024-03-14T12:08:35","date_gmt":"2024-03-14T11:08:35","guid":{"rendered":"https:\/\/santapola.es\/?p=36106"},"modified":"2024-05-17T13:13:06","modified_gmt":"2024-05-17T11:13:06","slug":"tres-artistes-aspiren-a-guanyar-dema-el-xvii-certamen-nacional-de-monolegs-de-santa-pola","status":"publish","type":"post","link":"https:\/\/santapola.es\/ca\/tres-artistes-aspiren-a-guanyar-dema-el-xvii-certamen-nacional-de-monolegs-de-santa-pola\/","title":{"rendered":"Tres artistes aspiren a guanyar dem\u00e0 el XVII Certamen Nacional de Mon\u00f2legs de Santa Pola"},"content":{"rendered":"<p><strong>Rakel Molina, Sento Lorente i Pablo Behache s\u00f3n els tres finalistes que dem\u00e0 competiran a la Casa de Cultura per fer-se amb el prestigi\u00f3s primer premi del certamen de mon\u00f2legs santapoler.\u00a0<\/strong><\/p>\n<p>Dels huit humoristes que van ser seleccionats entre els quasi 30 inscrits des de diversos llocs del pa\u00eds, tres d&#8217;ells han aconseguit el passe a la final despr\u00e9s de brillar en les dos semifinals.<\/p>\n<p>Dem\u00e0 divendres, a partir de les 20.30 hores en la sala d&#8217;actes de la Casa de Cultura, els espectadors que van aconseguir alguna de les cotitzades entrades seran testimonis del desenlla\u00e7 d&#8217;esta dessetena edici\u00f3 d&#8217;un dels cert\u00e0mens de mon\u00f2legs m\u00e9s prestigiosos d&#8217;Espanya gr\u00e0cies a la reconeguda organitzaci\u00f3 per part del Rac\u00f3 Jove.<\/p>\n<p>Els finalistes s\u00f3n Rakel Molina des de Vit\u00f2ria, Sento Lorente des de Castell\u00f3 i Pablo Behache des de Lle\u00f3. L&#8217;acte ser\u00e0 presentat per Mario Mech\u00f3n, artista convidat com a guanyador de la passada edici\u00f3, i comptar\u00e0 amb la m\u00fasica en viu del popular grup local Blacknight.<\/p>\n","protected":false},"excerpt":{"rendered":"<p>Rakel Molina, Sento Lorente i Pablo Behache s\u00f3n els tres finalistes que dem\u00e0 competiran a la Casa de Cultura per fer-se amb el prestigi\u00f3s primer premi del certamen de mon\u00f2legs santapoler.\u00a0 Dels huit humoristes que van ser seleccionats entre els quasi 30 inscrits des de diversos llocs del pa\u00eds, tres d&#8217;ells han aconseguit el passe [&hellip;]<\/p>\n","protected":false},"author":96,"featured_media":36104,"comment_status":"closed","ping_status":"closed","sticky":false,"template":"","format":"standard","meta":{"_et_pb_use_builder":"","_et_pb_old_content":"","_et_gb_content_width":"","footnotes":""},"categories":[433,494],"tags":[695,690,544],"class_list":["post-36106","post","type-post","status-publish","format-standard","has-post-thumbnail","hentry","category-cultura-ca","category-joventut","tag-casa-de-cultura-ca","tag-certamen-nacional-de-monologos-ca","tag-raco-jove-ca"],"yoast_head":"<!-- This site is optimized with the Yoast SEO plugin v27.4 - https:\/\/yoast.com\/product\/yoast-seo-wordpress\/ -->\n<title>Tres artistes aspiren a guanyar dem\u00e0 el XVII Certamen Nacional de Mon\u00f2legs de Santa Pola - Ajuntament de Santa Pola<\/title>\n<meta name=\"robots\" content=\"index, follow, max-snippet:-1, max-image-preview:large, max-video-preview:-1\" \/>\n<link rel=\"canonical\" href=\"https:\/\/santapola.es\/ca\/tres-artistes-aspiren-a-guanyar-dema-el-xvii-certamen-nacional-de-monolegs-de-santa-pola\/\" \/>\n<meta property=\"og:locale\" content=\"ca_ES\" \/>\n<meta property=\"og:type\" content=\"article\" \/>\n<meta property=\"og:title\" content=\"Tres artistes aspiren a guanyar dem\u00e0 el XVII Certamen Nacional de Mon\u00f2legs de Santa Pola - Ajuntament de Santa Pola\" \/>\n<meta property=\"og:description\" content=\"Rakel Molina, Sento Lorente i Pablo Behache s\u00f3n els tres finalistes que dem\u00e0 competiran a la Casa de Cultura per fer-se amb el prestigi\u00f3s primer premi del certamen de mon\u00f2legs santapoler.\u00a0 Dels huit humoristes que van ser seleccionats entre els quasi 30 inscrits des de diversos llocs del pa\u00eds, tres d&#8217;ells han aconseguit el passe [&hellip;]\" \/>\n<meta property=\"og:url\" content=\"https:\/\/santapola.es\/ca\/tres-artistes-aspiren-a-guanyar-dema-el-xvii-certamen-nacional-de-monolegs-de-santa-pola\/\" \/>\n<meta property=\"og:site_name\" content=\"Ajuntament de Santa Pola\" \/>\n<meta property=\"article:publisher\" content=\"https:\/\/www.facebook.com\/AyuntamientoSantaPola\/\" \/>\n<meta property=\"article:published_time\" content=\"2024-03-14T11:08:35+00:00\" \/>\n<meta property=\"article:modified_time\" content=\"2024-05-17T11:13:06+00:00\" \/>\n<meta property=\"og:image\" content=\"https:\/\/santapola.es\/wp-content\/uploads\/2024\/05\/Monolgos-final.jpg\" \/>\n\t<meta property=\"og:image:width\" content=\"1200\" \/>\n\t<meta property=\"og:image:height\" content=\"630\" \/>\n\t<meta property=\"og:image:type\" content=\"image\/jpeg\" \/>\n<meta name=\"author\" content=\"Jos\u00e9 Juan L\u00f3pez Lafuente\" \/>\n<meta name=\"twitter:card\" content=\"summary_large_image\" \/>\n<meta name=\"twitter:creator\" content=\"@SantaPolaAyunt\" \/>\n<meta name=\"twitter:site\" content=\"@SantaPolaAyunt\" \/>\n<script type=\"application\/ld+json\" class=\"yoast-schema-graph\">{\"@context\":\"https:\\\/\\\/schema.org\",\"@graph\":[{\"@type\":\"Article\",\"@id\":\"https:\\\/\\\/santapola.es\\\/ca\\\/tres-artistes-aspiren-a-guanyar-dema-el-xvii-certamen-nacional-de-monolegs-de-santa-pola\\\/#article\",\"isPartOf\":{\"@id\":\"https:\\\/\\\/santapola.es\\\/ca\\\/tres-artistes-aspiren-a-guanyar-dema-el-xvii-certamen-nacional-de-monolegs-de-santa-pola\\\/\"},\"author\":{\"name\":\"Jos\u00e9 Juan L\u00f3pez Lafuente\",\"@id\":\"https:\\\/\\\/santapola.es\\\/ca\\\/#\\\/schema\\\/person\\\/ad1d67403707b58350c7be5e8dbc442d\"},\"headline\":\"Tres artistes aspiren a guanyar dem\u00e0 el XVII Certamen Nacional de Mon\u00f2legs de Santa Pola\",\"datePublished\":\"2024-03-14T11:08:35+00:00\",\"dateModified\":\"2024-05-17T11:13:06+00:00\",\"mainEntityOfPage\":{\"@id\":\"https:\\\/\\\/santapola.es\\\/ca\\\/tres-artistes-aspiren-a-guanyar-dema-el-xvii-certamen-nacional-de-monolegs-de-santa-pola\\\/\"},\"wordCount\":196,\"image\":{\"@id\":\"https:\\\/\\\/santapola.es\\\/ca\\\/tres-artistes-aspiren-a-guanyar-dema-el-xvii-certamen-nacional-de-monolegs-de-santa-pola\\\/#primaryimage\"},\"thumbnailUrl\":\"https:\\\/\\\/santapola.es\\\/wp-content\\\/uploads\\\/2024\\\/05\\\/Monolgos-final.jpg\",\"keywords\":[\"Casa de Cultura\",\"Certamen Nacional de Mon\u00f3logos\",\"Rac\u00f3 Jove\"],\"articleSection\":[\"Cultura\",\"Joventut\"],\"inLanguage\":\"ca\"},{\"@type\":\"WebPage\",\"@id\":\"https:\\\/\\\/santapola.es\\\/ca\\\/tres-artistes-aspiren-a-guanyar-dema-el-xvii-certamen-nacional-de-monolegs-de-santa-pola\\\/\",\"url\":\"https:\\\/\\\/santapola.es\\\/ca\\\/tres-artistes-aspiren-a-guanyar-dema-el-xvii-certamen-nacional-de-monolegs-de-santa-pola\\\/\",\"name\":\"Tres artistes aspiren a guanyar dem\u00e0 el XVII Certamen Nacional de Mon\u00f2legs de Santa Pola - Ajuntament de Santa Pola\",\"isPartOf\":{\"@id\":\"https:\\\/\\\/santapola.es\\\/ca\\\/#website\"},\"primaryImageOfPage\":{\"@id\":\"https:\\\/\\\/santapola.es\\\/ca\\\/tres-artistes-aspiren-a-guanyar-dema-el-xvii-certamen-nacional-de-monolegs-de-santa-pola\\\/#primaryimage\"},\"image\":{\"@id\":\"https:\\\/\\\/santapola.es\\\/ca\\\/tres-artistes-aspiren-a-guanyar-dema-el-xvii-certamen-nacional-de-monolegs-de-santa-pola\\\/#primaryimage\"},\"thumbnailUrl\":\"https:\\\/\\\/santapola.es\\\/wp-content\\\/uploads\\\/2024\\\/05\\\/Monolgos-final.jpg\",\"datePublished\":\"2024-03-14T11:08:35+00:00\",\"dateModified\":\"2024-05-17T11:13:06+00:00\",\"author\":{\"@id\":\"https:\\\/\\\/santapola.es\\\/ca\\\/#\\\/schema\\\/person\\\/ad1d67403707b58350c7be5e8dbc442d\"},\"breadcrumb\":{\"@id\":\"https:\\\/\\\/santapola.es\\\/ca\\\/tres-artistes-aspiren-a-guanyar-dema-el-xvii-certamen-nacional-de-monolegs-de-santa-pola\\\/#breadcrumb\"},\"inLanguage\":\"ca\",\"potentialAction\":[{\"@type\":\"ReadAction\",\"target\":[\"https:\\\/\\\/santapola.es\\\/ca\\\/tres-artistes-aspiren-a-guanyar-dema-el-xvii-certamen-nacional-de-monolegs-de-santa-pola\\\/\"]}]},{\"@type\":\"ImageObject\",\"inLanguage\":\"ca\",\"@id\":\"https:\\\/\\\/santapola.es\\\/ca\\\/tres-artistes-aspiren-a-guanyar-dema-el-xvii-certamen-nacional-de-monolegs-de-santa-pola\\\/#primaryimage\",\"url\":\"https:\\\/\\\/santapola.es\\\/wp-content\\\/uploads\\\/2024\\\/05\\\/Monolgos-final.jpg\",\"contentUrl\":\"https:\\\/\\\/santapola.es\\\/wp-content\\\/uploads\\\/2024\\\/05\\\/Monolgos-final.jpg\",\"width\":1200,\"height\":630,\"caption\":\"xr:d:DAF_e6XPfDk:4,j:2102476768285406181,t:24031411\"},{\"@type\":\"BreadcrumbList\",\"@id\":\"https:\\\/\\\/santapola.es\\\/ca\\\/tres-artistes-aspiren-a-guanyar-dema-el-xvii-certamen-nacional-de-monolegs-de-santa-pola\\\/#breadcrumb\",\"itemListElement\":[{\"@type\":\"ListItem\",\"position\":1,\"name\":\"Inici\",\"item\":\"https:\\\/\\\/santapola.es\\\/ca\\\/\"},{\"@type\":\"ListItem\",\"position\":2,\"name\":\"Tres artistes aspiren a guanyar dem\u00e0 el XVII Certamen Nacional de Mon\u00f2legs de Santa Pola\"}]},{\"@type\":\"WebSite\",\"@id\":\"https:\\\/\\\/santapola.es\\\/ca\\\/#website\",\"url\":\"https:\\\/\\\/santapola.es\\\/ca\\\/\",\"name\":\"Ayuntamiento de Santa Pola\",\"description\":\"Web de l'Ajuntament de Santa Pola\",\"potentialAction\":[{\"@type\":\"SearchAction\",\"target\":{\"@type\":\"EntryPoint\",\"urlTemplate\":\"https:\\\/\\\/santapola.es\\\/ca\\\/?s={search_term_string}\"},\"query-input\":{\"@type\":\"PropertyValueSpecification\",\"valueRequired\":true,\"valueName\":\"search_term_string\"}}],\"inLanguage\":\"ca\"},{\"@type\":\"Person\",\"@id\":\"https:\\\/\\\/santapola.es\\\/ca\\\/#\\\/schema\\\/person\\\/ad1d67403707b58350c7be5e8dbc442d\",\"name\":\"Jos\u00e9 Juan L\u00f3pez Lafuente\"}]}<\/script>\n<!-- \/ Yoast SEO plugin. -->","yoast_head_json":{"title":"Tres artistes aspiren a guanyar dem\u00e0 el XVII Certamen Nacional de Mon\u00f2legs de Santa Pola - Ajuntament de Santa Pola","robots":{"index":"index","follow":"follow","max-snippet":"max-snippet:-1","max-image-preview":"max-image-preview:large","max-video-preview":"max-video-preview:-1"},"canonical":"https:\/\/santapola.es\/ca\/tres-artistes-aspiren-a-guanyar-dema-el-xvii-certamen-nacional-de-monolegs-de-santa-pola\/","og_locale":"ca_ES","og_type":"article","og_title":"Tres artistes aspiren a guanyar dem\u00e0 el XVII Certamen Nacional de Mon\u00f2legs de Santa Pola - Ajuntament de Santa Pola","og_description":"Rakel Molina, Sento Lorente i Pablo Behache s\u00f3n els tres finalistes que dem\u00e0 competiran a la Casa de Cultura per fer-se amb el prestigi\u00f3s primer premi del certamen de mon\u00f2legs santapoler.\u00a0 Dels huit humoristes que van ser seleccionats entre els quasi 30 inscrits des de diversos llocs del pa\u00eds, tres d&#8217;ells han aconseguit el passe [&hellip;]","og_url":"https:\/\/santapola.es\/ca\/tres-artistes-aspiren-a-guanyar-dema-el-xvii-certamen-nacional-de-monolegs-de-santa-pola\/","og_site_name":"Ajuntament de Santa Pola","article_publisher":"https:\/\/www.facebook.com\/AyuntamientoSantaPola\/","article_published_time":"2024-03-14T11:08:35+00:00","article_modified_time":"2024-05-17T11:13:06+00:00","og_image":[{"width":1200,"height":630,"url":"https:\/\/santapola.es\/wp-content\/uploads\/2024\/05\/Monolgos-final.jpg","type":"image\/jpeg"}],"author":"Jos\u00e9 Juan L\u00f3pez Lafuente","twitter_card":"summary_large_image","twitter_creator":"@SantaPolaAyunt","twitter_site":"@SantaPolaAyunt","schema":{"@context":"https:\/\/schema.org","@graph":[{"@type":"Article","@id":"https:\/\/santapola.es\/ca\/tres-artistes-aspiren-a-guanyar-dema-el-xvii-certamen-nacional-de-monolegs-de-santa-pola\/#article","isPartOf":{"@id":"https:\/\/santapola.es\/ca\/tres-artistes-aspiren-a-guanyar-dema-el-xvii-certamen-nacional-de-monolegs-de-santa-pola\/"},"author":{"name":"Jos\u00e9 Juan L\u00f3pez Lafuente","@id":"https:\/\/santapola.es\/ca\/#\/schema\/person\/ad1d67403707b58350c7be5e8dbc442d"},"headline":"Tres artistes aspiren a guanyar dem\u00e0 el XVII Certamen Nacional de Mon\u00f2legs de Santa Pola","datePublished":"2024-03-14T11:08:35+00:00","dateModified":"2024-05-17T11:13:06+00:00","mainEntityOfPage":{"@id":"https:\/\/santapola.es\/ca\/tres-artistes-aspiren-a-guanyar-dema-el-xvii-certamen-nacional-de-monolegs-de-santa-pola\/"},"wordCount":196,"image":{"@id":"https:\/\/santapola.es\/ca\/tres-artistes-aspiren-a-guanyar-dema-el-xvii-certamen-nacional-de-monolegs-de-santa-pola\/#primaryimage"},"thumbnailUrl":"https:\/\/santapola.es\/wp-content\/uploads\/2024\/05\/Monolgos-final.jpg","keywords":["Casa de Cultura","Certamen Nacional de Mon\u00f3logos","Rac\u00f3 Jove"],"articleSection":["Cultura","Joventut"],"inLanguage":"ca"},{"@type":"WebPage","@id":"https:\/\/santapola.es\/ca\/tres-artistes-aspiren-a-guanyar-dema-el-xvii-certamen-nacional-de-monolegs-de-santa-pola\/","url":"https:\/\/santapola.es\/ca\/tres-artistes-aspiren-a-guanyar-dema-el-xvii-certamen-nacional-de-monolegs-de-santa-pola\/","name":"Tres artistes aspiren a guanyar dem\u00e0 el XVII Certamen Nacional de Mon\u00f2legs de Santa Pola - Ajuntament de Santa Pola","isPartOf":{"@id":"https:\/\/santapola.es\/ca\/#website"},"primaryImageOfPage":{"@id":"https:\/\/santapola.es\/ca\/tres-artistes-aspiren-a-guanyar-dema-el-xvii-certamen-nacional-de-monolegs-de-santa-pola\/#primaryimage"},"image":{"@id":"https:\/\/santapola.es\/ca\/tres-artistes-aspiren-a-guanyar-dema-el-xvii-certamen-nacional-de-monolegs-de-santa-pola\/#primaryimage"},"thumbnailUrl":"https:\/\/santapola.es\/wp-content\/uploads\/2024\/05\/Monolgos-final.jpg","datePublished":"2024-03-14T11:08:35+00:00","dateModified":"2024-05-17T11:13:06+00:00","author":{"@id":"https:\/\/santapola.es\/ca\/#\/schema\/person\/ad1d67403707b58350c7be5e8dbc442d"},"breadcrumb":{"@id":"https:\/\/santapola.es\/ca\/tres-artistes-aspiren-a-guanyar-dema-el-xvii-certamen-nacional-de-monolegs-de-santa-pola\/#breadcrumb"},"inLanguage":"ca","potentialAction":[{"@type":"ReadAction","target":["https:\/\/santapola.es\/ca\/tres-artistes-aspiren-a-guanyar-dema-el-xvii-certamen-nacional-de-monolegs-de-santa-pola\/"]}]},{"@type":"ImageObject","inLanguage":"ca","@id":"https:\/\/santapola.es\/ca\/tres-artistes-aspiren-a-guanyar-dema-el-xvii-certamen-nacional-de-monolegs-de-santa-pola\/#primaryimage","url":"https:\/\/santapola.es\/wp-content\/uploads\/2024\/05\/Monolgos-final.jpg","contentUrl":"https:\/\/santapola.es\/wp-content\/uploads\/2024\/05\/Monolgos-final.jpg","width":1200,"height":630,"caption":"xr:d:DAF_e6XPfDk:4,j:2102476768285406181,t:24031411"},{"@type":"BreadcrumbList","@id":"https:\/\/santapola.es\/ca\/tres-artistes-aspiren-a-guanyar-dema-el-xvii-certamen-nacional-de-monolegs-de-santa-pola\/#breadcrumb","itemListElement":[{"@type":"ListItem","position":1,"name":"Inici","item":"https:\/\/santapola.es\/ca\/"},{"@type":"ListItem","position":2,"name":"Tres artistes aspiren a guanyar dem\u00e0 el XVII Certamen Nacional de Mon\u00f2legs de Santa Pola"}]},{"@type":"WebSite","@id":"https:\/\/santapola.es\/ca\/#website","url":"https:\/\/santapola.es\/ca\/","name":"Ayuntamiento de Santa Pola","description":"Web de l'Ajuntament de Santa Pola","potentialAction":[{"@type":"SearchAction","target":{"@type":"EntryPoint","urlTemplate":"https:\/\/santapola.es\/ca\/?s={search_term_string}"},"query-input":{"@type":"PropertyValueSpecification","valueRequired":true,"valueName":"search_term_string"}}],"inLanguage":"ca"},{"@type":"Person","@id":"https:\/\/santapola.es\/ca\/#\/schema\/person\/ad1d67403707b58350c7be5e8dbc442d","name":"Jos\u00e9 Juan L\u00f3pez Lafuente"}]}},"_links":{"self":[{"href":"https:\/\/santapola.es\/ca\/wp-json\/wp\/v2\/posts\/36106","targetHints":{"allow":["GET"]}}],"collection":[{"href":"https:\/\/santapola.es\/ca\/wp-json\/wp\/v2\/posts"}],"about":[{"href":"https:\/\/santapola.es\/ca\/wp-json\/wp\/v2\/types\/post"}],"author":[{"embeddable":true,"href":"https:\/\/santapola.es\/ca\/wp-json\/wp\/v2\/users\/96"}],"replies":[{"embeddable":true,"href":"https:\/\/santapola.es\/ca\/wp-json\/wp\/v2\/comments?post=36106"}],"version-history":[{"count":0,"href":"https:\/\/santapola.es\/ca\/wp-json\/wp\/v2\/posts\/36106\/revisions"}],"wp:featuredmedia":[{"embeddable":true,"href":"https:\/\/santapola.es\/ca\/wp-json\/wp\/v2\/media\/36104"}],"wp:attachment":[{"href":"https:\/\/santapola.es\/ca\/wp-json\/wp\/v2\/media?parent=36106"}],"wp:term":[{"taxonomy":"category","embeddable":true,"href":"https:\/\/santapola.es\/ca\/wp-json\/wp\/v2\/categories?post=36106"},{"taxonomy":"post_tag","embeddable":true,"href":"https:\/\/santapola.es\/ca\/wp-json\/wp\/v2\/tags?post=36106"}],"curies":[{"name":"wp","href":"https:\/\/api.w.org\/{rel}","templated":true}]}}