{"id":36085,"date":"2024-03-16T12:50:56","date_gmt":"2024-03-16T11:50:56","guid":{"rendered":"https:\/\/santapola.es\/?p=36085"},"modified":"2024-05-17T13:04:29","modified_gmt":"2024-05-17T11:04:29","slug":"pablo-behache-salca-amb-el-titol-en-el-xvii-certamen-nacional-de-monolegs-de-santa-pola","status":"publish","type":"post","link":"https:\/\/santapola.es\/ca\/pablo-behache-salca-amb-el-titol-en-el-xvii-certamen-nacional-de-monolegs-de-santa-pola\/","title":{"rendered":"Pablo Behache s&#8217;al\u00e7a amb el t\u00edtol en el XVII Certamen Nacional de Mon\u00f2legs de Santa Pola"},"content":{"rendered":"<p><strong>En una renyida final amb ple absolut a la Casa de Cultura, el lleon\u00e9s Pablo Behache va fer doblet amb el primer premi i el premi del p\u00fablic, amb Rakel Molina segona i Sento Lorente tercer. El director general de l&#8217;Institut Valenci\u00e0 de la Joventut, Vicente Ripoll, va ser el convidat d&#8217;honor del certamen m\u00e9s veter\u00e0 d&#8217;Espanya.<\/strong><\/p>\n<p>Ha sigut la dessetena una edici\u00f3 molt competida amb r\u00e8cord d&#8217;inscrits, huit participants de tot el territori nacional, tres finalistes de gran nivell i un p\u00fablic entregat per als qui la sala d&#8217;actes de la Casa de Cultura ja es queda xicotet. Un nou \u00e8xit d&#8217;organitzaci\u00f3 del Rac\u00f3 Jove i les regidories de Joventut i Cultura.<\/p>\n<p>El Certamen Nacional de Mon\u00f2legs de Santa Pola avan\u00e7a amb for\u00e7a cap a les seues primeres dos d\u00e8cades consolidant-se com un dels concursos m\u00e9s prestigiosos d&#8217;Espanya, refor\u00e7at enguany amb la pres\u00e8ncia de Vicente Ripoll, director general de l&#8217;IVAJ, que va acompanyar a l&#8217;alcaldessa Loreto Serrano en l&#8217;acte.<\/p>\n<p>Com \u00e9s tradicional, la final va estar presentada pel monologuista vencedor de la passada edici\u00f3, Mario Mech\u00f3n, que ens va recordar el perqu\u00e8 del seu triomf en 2023, i va comptar entre acte i acte amb el rock en viu del conegut grup local Blacknight.<\/p>\n<p>El p\u00fablic va gaudir amb els mon\u00f2legs dels tres finalistes i posteriorment va poder votar al seu artista favorit. Este guard\u00f3 va recaure en Pablo Behache, qui va tindre un gran detall donant el met\u00e0l\u00b7lic d&#8217;este premi a l&#8217;associaci\u00f3 local Cel de Colors.<\/p>\n<p>El veredicte del jurat va atorgar el tercer lloc al castellonenc Sento Lorente, el segon a la vitoriana Rakel Molina i, com a colof\u00f3, el primer premi al lleon\u00e9s Pablo Behache. Els van entregar els seus premis l&#8217;alcaldessa Loreto Serrano, el director general de l&#8217;IVAJ Vicente Ripoll, el regidor de Joventut Joaqu\u00edn Lozano i la regidor de Cultura Nely Baile.<\/p>\n<p>Els participants van enaltir el nivell organitzatiu del certamen m\u00e9s veter\u00e0 d&#8217;Espanya, que s&#8217;ha fet amb un gran prestigi a nivell nacional, i van destacar la proximitat del p\u00fablic i l&#8217;espectacular muntatge esc\u00e8nic amb una pantalla gran led i les actuacions de bandes locals en viu.<\/p>\n<p>Des de hui l&#8217;organitzaci\u00f3, a c\u00e0rrec del Rac\u00f3 Jove i les regidories de Joventut i Cultura, ja comen\u00e7a a treballar en la dihuitena edici\u00f3 i a pensar com es pot superar el llist\u00f3 de 2024.<\/p>\n","protected":false},"excerpt":{"rendered":"<p>En una renyida final amb ple absolut a la Casa de Cultura, el lleon\u00e9s Pablo Behache va fer doblet amb el primer premi i el premi del p\u00fablic, amb Rakel Molina segona i Sento Lorente tercer. El director general de l&#8217;Institut Valenci\u00e0 de la Joventut, Vicente Ripoll, va ser el convidat d&#8217;honor del certamen m\u00e9s [&hellip;]<\/p>\n","protected":false},"author":96,"featured_media":36083,"comment_status":"closed","ping_status":"closed","sticky":false,"template":"","format":"standard","meta":{"_et_pb_use_builder":"","_et_pb_old_content":"","_et_gb_content_width":"","footnotes":""},"categories":[433,494],"tags":[690,487,689,688],"class_list":["post-36085","post","type-post","status-publish","format-standard","has-post-thumbnail","hentry","category-cultura-ca","category-joventut","tag-certamen-nacional-de-monologos-ca","tag-loreto-serrano-ca","tag-pablo-behache-ca","tag-vicente-ripoll-ca"],"yoast_head":"<!-- This site is optimized with the Yoast SEO plugin v27.4 - https:\/\/yoast.com\/product\/yoast-seo-wordpress\/ -->\n<title>Pablo Behache s&#039;al\u00e7a amb el t\u00edtol en el XVII Certamen Nacional de Mon\u00f2legs de Santa Pola - Ajuntament de Santa Pola<\/title>\n<meta name=\"robots\" content=\"index, follow, max-snippet:-1, max-image-preview:large, max-video-preview:-1\" \/>\n<link rel=\"canonical\" href=\"https:\/\/santapola.es\/ca\/pablo-behache-salca-amb-el-titol-en-el-xvii-certamen-nacional-de-monolegs-de-santa-pola\/\" \/>\n<meta property=\"og:locale\" content=\"ca_ES\" \/>\n<meta property=\"og:type\" content=\"article\" \/>\n<meta property=\"og:title\" content=\"Pablo Behache s&#039;al\u00e7a amb el t\u00edtol en el XVII Certamen Nacional de Mon\u00f2legs de Santa Pola - Ajuntament de Santa Pola\" \/>\n<meta property=\"og:description\" content=\"En una renyida final amb ple absolut a la Casa de Cultura, el lleon\u00e9s Pablo Behache va fer doblet amb el primer premi i el premi del p\u00fablic, amb Rakel Molina segona i Sento Lorente tercer. El director general de l&#8217;Institut Valenci\u00e0 de la Joventut, Vicente Ripoll, va ser el convidat d&#8217;honor del certamen m\u00e9s [&hellip;]\" \/>\n<meta property=\"og:url\" content=\"https:\/\/santapola.es\/ca\/pablo-behache-salca-amb-el-titol-en-el-xvii-certamen-nacional-de-monolegs-de-santa-pola\/\" \/>\n<meta property=\"og:site_name\" content=\"Ajuntament de Santa Pola\" \/>\n<meta property=\"article:publisher\" content=\"https:\/\/www.facebook.com\/AyuntamientoSantaPola\/\" \/>\n<meta property=\"article:published_time\" content=\"2024-03-16T11:50:56+00:00\" \/>\n<meta property=\"article:modified_time\" content=\"2024-05-17T11:04:29+00:00\" \/>\n<meta property=\"og:image\" content=\"https:\/\/santapola.es\/wp-content\/uploads\/2024\/05\/web-20240315_224611.jpg\" \/>\n\t<meta property=\"og:image:width\" content=\"1920\" \/>\n\t<meta property=\"og:image:height\" content=\"1081\" \/>\n\t<meta property=\"og:image:type\" content=\"image\/jpeg\" \/>\n<meta name=\"author\" content=\"Jos\u00e9 Juan L\u00f3pez Lafuente\" \/>\n<meta name=\"twitter:card\" content=\"summary_large_image\" \/>\n<meta name=\"twitter:creator\" content=\"@SantaPolaAyunt\" \/>\n<meta name=\"twitter:site\" content=\"@SantaPolaAyunt\" \/>\n<script type=\"application\/ld+json\" class=\"yoast-schema-graph\">{\"@context\":\"https:\\\/\\\/schema.org\",\"@graph\":[{\"@type\":\"Article\",\"@id\":\"https:\\\/\\\/santapola.es\\\/ca\\\/pablo-behache-salca-amb-el-titol-en-el-xvii-certamen-nacional-de-monolegs-de-santa-pola\\\/#article\",\"isPartOf\":{\"@id\":\"https:\\\/\\\/santapola.es\\\/ca\\\/pablo-behache-salca-amb-el-titol-en-el-xvii-certamen-nacional-de-monolegs-de-santa-pola\\\/\"},\"author\":{\"name\":\"Jos\u00e9 Juan L\u00f3pez Lafuente\",\"@id\":\"https:\\\/\\\/santapola.es\\\/ca\\\/#\\\/schema\\\/person\\\/ad1d67403707b58350c7be5e8dbc442d\"},\"headline\":\"Pablo Behache s&#8217;al\u00e7a amb el t\u00edtol en el XVII Certamen Nacional de Mon\u00f2legs de Santa Pola\",\"datePublished\":\"2024-03-16T11:50:56+00:00\",\"dateModified\":\"2024-05-17T11:04:29+00:00\",\"mainEntityOfPage\":{\"@id\":\"https:\\\/\\\/santapola.es\\\/ca\\\/pablo-behache-salca-amb-el-titol-en-el-xvii-certamen-nacional-de-monolegs-de-santa-pola\\\/\"},\"wordCount\":449,\"image\":{\"@id\":\"https:\\\/\\\/santapola.es\\\/ca\\\/pablo-behache-salca-amb-el-titol-en-el-xvii-certamen-nacional-de-monolegs-de-santa-pola\\\/#primaryimage\"},\"thumbnailUrl\":\"https:\\\/\\\/santapola.es\\\/wp-content\\\/uploads\\\/2024\\\/05\\\/web-20240315_224611.jpg\",\"keywords\":[\"Certamen Nacional de Mon\u00f3logos\",\"Loreto Serrano\",\"Pablo Behache\",\"Vicente Ripoll\"],\"articleSection\":[\"Cultura\",\"Joventut\"],\"inLanguage\":\"ca\"},{\"@type\":\"WebPage\",\"@id\":\"https:\\\/\\\/santapola.es\\\/ca\\\/pablo-behache-salca-amb-el-titol-en-el-xvii-certamen-nacional-de-monolegs-de-santa-pola\\\/\",\"url\":\"https:\\\/\\\/santapola.es\\\/ca\\\/pablo-behache-salca-amb-el-titol-en-el-xvii-certamen-nacional-de-monolegs-de-santa-pola\\\/\",\"name\":\"Pablo Behache s'al\u00e7a amb el t\u00edtol en el XVII Certamen Nacional de Mon\u00f2legs de Santa Pola - Ajuntament de Santa Pola\",\"isPartOf\":{\"@id\":\"https:\\\/\\\/santapola.es\\\/ca\\\/#website\"},\"primaryImageOfPage\":{\"@id\":\"https:\\\/\\\/santapola.es\\\/ca\\\/pablo-behache-salca-amb-el-titol-en-el-xvii-certamen-nacional-de-monolegs-de-santa-pola\\\/#primaryimage\"},\"image\":{\"@id\":\"https:\\\/\\\/santapola.es\\\/ca\\\/pablo-behache-salca-amb-el-titol-en-el-xvii-certamen-nacional-de-monolegs-de-santa-pola\\\/#primaryimage\"},\"thumbnailUrl\":\"https:\\\/\\\/santapola.es\\\/wp-content\\\/uploads\\\/2024\\\/05\\\/web-20240315_224611.jpg\",\"datePublished\":\"2024-03-16T11:50:56+00:00\",\"dateModified\":\"2024-05-17T11:04:29+00:00\",\"author\":{\"@id\":\"https:\\\/\\\/santapola.es\\\/ca\\\/#\\\/schema\\\/person\\\/ad1d67403707b58350c7be5e8dbc442d\"},\"breadcrumb\":{\"@id\":\"https:\\\/\\\/santapola.es\\\/ca\\\/pablo-behache-salca-amb-el-titol-en-el-xvii-certamen-nacional-de-monolegs-de-santa-pola\\\/#breadcrumb\"},\"inLanguage\":\"ca\",\"potentialAction\":[{\"@type\":\"ReadAction\",\"target\":[\"https:\\\/\\\/santapola.es\\\/ca\\\/pablo-behache-salca-amb-el-titol-en-el-xvii-certamen-nacional-de-monolegs-de-santa-pola\\\/\"]}]},{\"@type\":\"ImageObject\",\"inLanguage\":\"ca\",\"@id\":\"https:\\\/\\\/santapola.es\\\/ca\\\/pablo-behache-salca-amb-el-titol-en-el-xvii-certamen-nacional-de-monolegs-de-santa-pola\\\/#primaryimage\",\"url\":\"https:\\\/\\\/santapola.es\\\/wp-content\\\/uploads\\\/2024\\\/05\\\/web-20240315_224611.jpg\",\"contentUrl\":\"https:\\\/\\\/santapola.es\\\/wp-content\\\/uploads\\\/2024\\\/05\\\/web-20240315_224611.jpg\",\"width\":1920,\"height\":1081},{\"@type\":\"BreadcrumbList\",\"@id\":\"https:\\\/\\\/santapola.es\\\/ca\\\/pablo-behache-salca-amb-el-titol-en-el-xvii-certamen-nacional-de-monolegs-de-santa-pola\\\/#breadcrumb\",\"itemListElement\":[{\"@type\":\"ListItem\",\"position\":1,\"name\":\"Inici\",\"item\":\"https:\\\/\\\/santapola.es\\\/ca\\\/\"},{\"@type\":\"ListItem\",\"position\":2,\"name\":\"Pablo Behache s&#8217;al\u00e7a amb el t\u00edtol en el XVII Certamen Nacional de Mon\u00f2legs de Santa Pola\"}]},{\"@type\":\"WebSite\",\"@id\":\"https:\\\/\\\/santapola.es\\\/ca\\\/#website\",\"url\":\"https:\\\/\\\/santapola.es\\\/ca\\\/\",\"name\":\"Ayuntamiento de Santa Pola\",\"description\":\"Web de l'Ajuntament de Santa Pola\",\"potentialAction\":[{\"@type\":\"SearchAction\",\"target\":{\"@type\":\"EntryPoint\",\"urlTemplate\":\"https:\\\/\\\/santapola.es\\\/ca\\\/?s={search_term_string}\"},\"query-input\":{\"@type\":\"PropertyValueSpecification\",\"valueRequired\":true,\"valueName\":\"search_term_string\"}}],\"inLanguage\":\"ca\"},{\"@type\":\"Person\",\"@id\":\"https:\\\/\\\/santapola.es\\\/ca\\\/#\\\/schema\\\/person\\\/ad1d67403707b58350c7be5e8dbc442d\",\"name\":\"Jos\u00e9 Juan L\u00f3pez Lafuente\"}]}<\/script>\n<!-- \/ Yoast SEO plugin. -->","yoast_head_json":{"title":"Pablo Behache s'al\u00e7a amb el t\u00edtol en el XVII Certamen Nacional de Mon\u00f2legs de Santa Pola - Ajuntament de Santa Pola","robots":{"index":"index","follow":"follow","max-snippet":"max-snippet:-1","max-image-preview":"max-image-preview:large","max-video-preview":"max-video-preview:-1"},"canonical":"https:\/\/santapola.es\/ca\/pablo-behache-salca-amb-el-titol-en-el-xvii-certamen-nacional-de-monolegs-de-santa-pola\/","og_locale":"ca_ES","og_type":"article","og_title":"Pablo Behache s'al\u00e7a amb el t\u00edtol en el XVII Certamen Nacional de Mon\u00f2legs de Santa Pola - Ajuntament de Santa Pola","og_description":"En una renyida final amb ple absolut a la Casa de Cultura, el lleon\u00e9s Pablo Behache va fer doblet amb el primer premi i el premi del p\u00fablic, amb Rakel Molina segona i Sento Lorente tercer. El director general de l&#8217;Institut Valenci\u00e0 de la Joventut, Vicente Ripoll, va ser el convidat d&#8217;honor del certamen m\u00e9s [&hellip;]","og_url":"https:\/\/santapola.es\/ca\/pablo-behache-salca-amb-el-titol-en-el-xvii-certamen-nacional-de-monolegs-de-santa-pola\/","og_site_name":"Ajuntament de Santa Pola","article_publisher":"https:\/\/www.facebook.com\/AyuntamientoSantaPola\/","article_published_time":"2024-03-16T11:50:56+00:00","article_modified_time":"2024-05-17T11:04:29+00:00","og_image":[{"width":1920,"height":1081,"url":"https:\/\/santapola.es\/wp-content\/uploads\/2024\/05\/web-20240315_224611.jpg","type":"image\/jpeg"}],"author":"Jos\u00e9 Juan L\u00f3pez Lafuente","twitter_card":"summary_large_image","twitter_creator":"@SantaPolaAyunt","twitter_site":"@SantaPolaAyunt","schema":{"@context":"https:\/\/schema.org","@graph":[{"@type":"Article","@id":"https:\/\/santapola.es\/ca\/pablo-behache-salca-amb-el-titol-en-el-xvii-certamen-nacional-de-monolegs-de-santa-pola\/#article","isPartOf":{"@id":"https:\/\/santapola.es\/ca\/pablo-behache-salca-amb-el-titol-en-el-xvii-certamen-nacional-de-monolegs-de-santa-pola\/"},"author":{"name":"Jos\u00e9 Juan L\u00f3pez Lafuente","@id":"https:\/\/santapola.es\/ca\/#\/schema\/person\/ad1d67403707b58350c7be5e8dbc442d"},"headline":"Pablo Behache s&#8217;al\u00e7a amb el t\u00edtol en el XVII Certamen Nacional de Mon\u00f2legs de Santa Pola","datePublished":"2024-03-16T11:50:56+00:00","dateModified":"2024-05-17T11:04:29+00:00","mainEntityOfPage":{"@id":"https:\/\/santapola.es\/ca\/pablo-behache-salca-amb-el-titol-en-el-xvii-certamen-nacional-de-monolegs-de-santa-pola\/"},"wordCount":449,"image":{"@id":"https:\/\/santapola.es\/ca\/pablo-behache-salca-amb-el-titol-en-el-xvii-certamen-nacional-de-monolegs-de-santa-pola\/#primaryimage"},"thumbnailUrl":"https:\/\/santapola.es\/wp-content\/uploads\/2024\/05\/web-20240315_224611.jpg","keywords":["Certamen Nacional de Mon\u00f3logos","Loreto Serrano","Pablo Behache","Vicente Ripoll"],"articleSection":["Cultura","Joventut"],"inLanguage":"ca"},{"@type":"WebPage","@id":"https:\/\/santapola.es\/ca\/pablo-behache-salca-amb-el-titol-en-el-xvii-certamen-nacional-de-monolegs-de-santa-pola\/","url":"https:\/\/santapola.es\/ca\/pablo-behache-salca-amb-el-titol-en-el-xvii-certamen-nacional-de-monolegs-de-santa-pola\/","name":"Pablo Behache s'al\u00e7a amb el t\u00edtol en el XVII Certamen Nacional de Mon\u00f2legs de Santa Pola - Ajuntament de Santa Pola","isPartOf":{"@id":"https:\/\/santapola.es\/ca\/#website"},"primaryImageOfPage":{"@id":"https:\/\/santapola.es\/ca\/pablo-behache-salca-amb-el-titol-en-el-xvii-certamen-nacional-de-monolegs-de-santa-pola\/#primaryimage"},"image":{"@id":"https:\/\/santapola.es\/ca\/pablo-behache-salca-amb-el-titol-en-el-xvii-certamen-nacional-de-monolegs-de-santa-pola\/#primaryimage"},"thumbnailUrl":"https:\/\/santapola.es\/wp-content\/uploads\/2024\/05\/web-20240315_224611.jpg","datePublished":"2024-03-16T11:50:56+00:00","dateModified":"2024-05-17T11:04:29+00:00","author":{"@id":"https:\/\/santapola.es\/ca\/#\/schema\/person\/ad1d67403707b58350c7be5e8dbc442d"},"breadcrumb":{"@id":"https:\/\/santapola.es\/ca\/pablo-behache-salca-amb-el-titol-en-el-xvii-certamen-nacional-de-monolegs-de-santa-pola\/#breadcrumb"},"inLanguage":"ca","potentialAction":[{"@type":"ReadAction","target":["https:\/\/santapola.es\/ca\/pablo-behache-salca-amb-el-titol-en-el-xvii-certamen-nacional-de-monolegs-de-santa-pola\/"]}]},{"@type":"ImageObject","inLanguage":"ca","@id":"https:\/\/santapola.es\/ca\/pablo-behache-salca-amb-el-titol-en-el-xvii-certamen-nacional-de-monolegs-de-santa-pola\/#primaryimage","url":"https:\/\/santapola.es\/wp-content\/uploads\/2024\/05\/web-20240315_224611.jpg","contentUrl":"https:\/\/santapola.es\/wp-content\/uploads\/2024\/05\/web-20240315_224611.jpg","width":1920,"height":1081},{"@type":"BreadcrumbList","@id":"https:\/\/santapola.es\/ca\/pablo-behache-salca-amb-el-titol-en-el-xvii-certamen-nacional-de-monolegs-de-santa-pola\/#breadcrumb","itemListElement":[{"@type":"ListItem","position":1,"name":"Inici","item":"https:\/\/santapola.es\/ca\/"},{"@type":"ListItem","position":2,"name":"Pablo Behache s&#8217;al\u00e7a amb el t\u00edtol en el XVII Certamen Nacional de Mon\u00f2legs de Santa Pola"}]},{"@type":"WebSite","@id":"https:\/\/santapola.es\/ca\/#website","url":"https:\/\/santapola.es\/ca\/","name":"Ayuntamiento de Santa Pola","description":"Web de l'Ajuntament de Santa Pola","potentialAction":[{"@type":"SearchAction","target":{"@type":"EntryPoint","urlTemplate":"https:\/\/santapola.es\/ca\/?s={search_term_string}"},"query-input":{"@type":"PropertyValueSpecification","valueRequired":true,"valueName":"search_term_string"}}],"inLanguage":"ca"},{"@type":"Person","@id":"https:\/\/santapola.es\/ca\/#\/schema\/person\/ad1d67403707b58350c7be5e8dbc442d","name":"Jos\u00e9 Juan L\u00f3pez Lafuente"}]}},"_links":{"self":[{"href":"https:\/\/santapola.es\/ca\/wp-json\/wp\/v2\/posts\/36085","targetHints":{"allow":["GET"]}}],"collection":[{"href":"https:\/\/santapola.es\/ca\/wp-json\/wp\/v2\/posts"}],"about":[{"href":"https:\/\/santapola.es\/ca\/wp-json\/wp\/v2\/types\/post"}],"author":[{"embeddable":true,"href":"https:\/\/santapola.es\/ca\/wp-json\/wp\/v2\/users\/96"}],"replies":[{"embeddable":true,"href":"https:\/\/santapola.es\/ca\/wp-json\/wp\/v2\/comments?post=36085"}],"version-history":[{"count":0,"href":"https:\/\/santapola.es\/ca\/wp-json\/wp\/v2\/posts\/36085\/revisions"}],"wp:featuredmedia":[{"embeddable":true,"href":"https:\/\/santapola.es\/ca\/wp-json\/wp\/v2\/media\/36083"}],"wp:attachment":[{"href":"https:\/\/santapola.es\/ca\/wp-json\/wp\/v2\/media?parent=36085"}],"wp:term":[{"taxonomy":"category","embeddable":true,"href":"https:\/\/santapola.es\/ca\/wp-json\/wp\/v2\/categories?post=36085"},{"taxonomy":"post_tag","embeddable":true,"href":"https:\/\/santapola.es\/ca\/wp-json\/wp\/v2\/tags?post=36085"}],"curies":[{"name":"wp","href":"https:\/\/api.w.org\/{rel}","templated":true}]}}