{"id":36053,"date":"2024-03-22T10:24:57","date_gmt":"2024-03-22T09:24:57","guid":{"rendered":"https:\/\/santapola.es\/?p=36053"},"modified":"2024-05-17T12:40:44","modified_gmt":"2024-05-17T10:40:44","slug":"la-benediccio-de-les-palmes-obri-este-diumenge-el-calendari-de-processons-de-setmana-santa","status":"publish","type":"post","link":"https:\/\/santapola.es\/ca\/la-benediccio-de-les-palmes-obri-este-diumenge-el-calendari-de-processons-de-setmana-santa\/","title":{"rendered":"La benedicci\u00f3 de les palmes obri este diumenge el calendari de processons de Setmana Santa"},"content":{"rendered":"<p><strong>La Junta Major de Confraries de Santa Pola apura les \u00faltimes hores per a l&#8217;inici de les processons de Setmana Santa i se centra en mantindre les tradicions del poble i fomentar la participaci\u00f3 ciutadana en estes celebracions.<\/strong><\/p>\n<p>A les 11.00 d&#8217;este diumenge 24 de mar\u00e7, Diumenge de Rams, s&#8217;obrir\u00e0 el calendari en la\u00a0 pla\u00e7a de la Glorieta amb la benedicci\u00f3 i process\u00f3 de les palmes amb la imatge de Jes\u00fas Triomfant, i per a esta finalitat se celebrar\u00e0 a l&#8217;esgl\u00e9sia la Missa Major, amb la participaci\u00f3 del Cor Els Romers.<\/p>\n<p>El Dilluns Sant tindr\u00e0 lloc a les 21.00 hores la process\u00f3 del Crist de la Bona Mort. El dimarts a les 22.00 hores ser\u00e0 el torn de la process\u00f3 de la Trobada amb les imatges de Jes\u00fas Nazareno i la Ver\u00f2nica, que s&#8217;uniran en la Glorieta enfront de la fa\u00e7ana del Castell.<\/p>\n<p>El Dimecres Sant, 27 de mar\u00e7, podrem contemplar una de les nostres processons m\u00e9s tradicionals, la del Viacrucis amb la Creu de la Mar, que partix des de l&#8217;ermita de la Verge del Carmen i puja fins a l&#8217;ermita del Calvari. Estos tres primers dies se celebrar\u00e0 Eucaristia a les 9.00 i a les 19.30 hores.<\/p>\n<p>El Dillous Sant augmentar\u00e0 la intensitat dels actes amb les confessions en el temple parroquial de 10.00 a 12.00 hores. A les 17.30 se celebrar\u00e0 l&#8217;Eucaristia di\u00e0ria i a les 19.00 la Celebraci\u00f3 Eucar\u00edstica del Sopar del Senyor, trasllat al monument i adoraci\u00f3 dels fidels, amb la participaci\u00f3 del Cor Els Romers. A les 10 de la nit comen\u00e7ar\u00e0 la process\u00f3 amb les imatges del Ecce Homo, Crist de l&#8217;Agonia i Ntra. Sra. De l&#8217;Esperan\u00e7a i La Pau.<\/p>\n<p>El 29 de mar\u00e7, Divendres Sant, comen\u00e7ar\u00e0 a les 9.00 amb el res de les Laudes i a les 12.00 l&#8217;Hora Santa de les Set Paraules. Ja a la vesprada, a les 17.00 hores celebraci\u00f3 lit\u00fargica de la Passi\u00f3 i Mort del Senyor, i a les 20.00 hores arrancar\u00e0 la process\u00f3 del Sant Enterrament, amb les imatges de Jes\u00fas de Medinaceli, Ntre. Pare Jes\u00fas Nazareno, Crist de l&#8217;Agonia, La Pietat, Crist Jacent i La Dolorosa.<\/p>\n<p>El Dissabte Sant, a les 23.00 hores, solemne celebraci\u00f3 de la Vig\u00edlia Pasqual, amb la participaci\u00f3 del Cor Els Romers. I per a finalitzar la programaci\u00f3, el 31 de mar\u00e7, Diumenge de Resurrecci\u00f3, amb celebraci\u00f3 de l&#8217;Eucaristia a les 9.00 i 19.30, la festa de la process\u00f3 de la Trobada amb la Immaculada i el Sant\u00edssim Sagrament, que tindr\u00e0 lloc en la Glorieta.<\/p>\n<p>Durant la trobada podrem tamb\u00e9 gaudir de la Tamborrada i els tradicionals Al\u00b7leluies. En acabar la process\u00f3 hi haur\u00e0 missa major a l&#8217;esgl\u00e9sia, amb el Cor Els Romers. L&#8217;encarregada este any de retirar el dol a l&#8217;Immaculada ser\u00e0 *Paquita Gilabert Sempere.<\/p>\n","protected":false},"excerpt":{"rendered":"<p>La Junta Major de Confraries de Santa Pola apura les \u00faltimes hores per a l&#8217;inici de les processons de Setmana Santa i se centra en mantindre les tradicions del poble i fomentar la participaci\u00f3 ciutadana en estes celebracions. A les 11.00 d&#8217;este diumenge 24 de mar\u00e7, Diumenge de Rams, s&#8217;obrir\u00e0 el calendari en la\u00a0 pla\u00e7a [&hellip;]<\/p>\n","protected":false},"author":96,"featured_media":36051,"comment_status":"closed","ping_status":"closed","sticky":false,"template":"","format":"standard","meta":{"_et_pb_use_builder":"","_et_pb_old_content":"","_et_gb_content_width":"","footnotes":""},"categories":[433,434],"tags":[436],"class_list":["post-36053","post","type-post","status-publish","format-standard","has-post-thumbnail","hentry","category-cultura-ca","category-festes","tag-setmana-santa"],"yoast_head":"<!-- This site is optimized with the Yoast SEO plugin v27.4 - https:\/\/yoast.com\/product\/yoast-seo-wordpress\/ -->\n<title>La benedicci\u00f3 de les palmes obri este diumenge el calendari de processons de Setmana Santa - Ajuntament de Santa Pola<\/title>\n<meta name=\"robots\" content=\"index, follow, max-snippet:-1, max-image-preview:large, max-video-preview:-1\" \/>\n<link rel=\"canonical\" href=\"https:\/\/santapola.es\/ca\/la-benediccio-de-les-palmes-obri-este-diumenge-el-calendari-de-processons-de-setmana-santa\/\" \/>\n<meta property=\"og:locale\" content=\"ca_ES\" \/>\n<meta property=\"og:type\" content=\"article\" \/>\n<meta property=\"og:title\" content=\"La benedicci\u00f3 de les palmes obri este diumenge el calendari de processons de Setmana Santa - Ajuntament de Santa Pola\" \/>\n<meta property=\"og:description\" content=\"La Junta Major de Confraries de Santa Pola apura les \u00faltimes hores per a l&#8217;inici de les processons de Setmana Santa i se centra en mantindre les tradicions del poble i fomentar la participaci\u00f3 ciutadana en estes celebracions. A les 11.00 d&#8217;este diumenge 24 de mar\u00e7, Diumenge de Rams, s&#8217;obrir\u00e0 el calendari en la\u00a0 pla\u00e7a [&hellip;]\" \/>\n<meta property=\"og:url\" content=\"https:\/\/santapola.es\/ca\/la-benediccio-de-les-palmes-obri-este-diumenge-el-calendari-de-processons-de-setmana-santa\/\" \/>\n<meta property=\"og:site_name\" content=\"Ajuntament de Santa Pola\" \/>\n<meta property=\"article:publisher\" content=\"https:\/\/www.facebook.com\/AyuntamientoSantaPola\/\" \/>\n<meta property=\"article:published_time\" content=\"2024-03-22T09:24:57+00:00\" \/>\n<meta property=\"article:modified_time\" content=\"2024-05-17T10:40:44+00:00\" \/>\n<meta property=\"og:image\" content=\"https:\/\/santapola.es\/wp-content\/uploads\/2024\/05\/Semana-Santa-2024.jpeg\" \/>\n\t<meta property=\"og:image:width\" content=\"1181\" \/>\n\t<meta property=\"og:image:height\" content=\"1673\" \/>\n\t<meta property=\"og:image:type\" content=\"image\/jpeg\" \/>\n<meta name=\"author\" content=\"Jos\u00e9 Juan L\u00f3pez Lafuente\" \/>\n<meta name=\"twitter:card\" content=\"summary_large_image\" \/>\n<meta name=\"twitter:creator\" content=\"@SantaPolaAyunt\" \/>\n<meta name=\"twitter:site\" content=\"@SantaPolaAyunt\" \/>\n<script type=\"application\/ld+json\" class=\"yoast-schema-graph\">{\"@context\":\"https:\\\/\\\/schema.org\",\"@graph\":[{\"@type\":\"Article\",\"@id\":\"https:\\\/\\\/santapola.es\\\/ca\\\/la-benediccio-de-les-palmes-obri-este-diumenge-el-calendari-de-processons-de-setmana-santa\\\/#article\",\"isPartOf\":{\"@id\":\"https:\\\/\\\/santapola.es\\\/ca\\\/la-benediccio-de-les-palmes-obri-este-diumenge-el-calendari-de-processons-de-setmana-santa\\\/\"},\"author\":{\"name\":\"Jos\u00e9 Juan L\u00f3pez Lafuente\",\"@id\":\"https:\\\/\\\/santapola.es\\\/ca\\\/#\\\/schema\\\/person\\\/ad1d67403707b58350c7be5e8dbc442d\"},\"headline\":\"La benedicci\u00f3 de les palmes obri este diumenge el calendari de processons de Setmana Santa\",\"datePublished\":\"2024-03-22T09:24:57+00:00\",\"dateModified\":\"2024-05-17T10:40:44+00:00\",\"mainEntityOfPage\":{\"@id\":\"https:\\\/\\\/santapola.es\\\/ca\\\/la-benediccio-de-les-palmes-obri-este-diumenge-el-calendari-de-processons-de-setmana-santa\\\/\"},\"wordCount\":485,\"image\":{\"@id\":\"https:\\\/\\\/santapola.es\\\/ca\\\/la-benediccio-de-les-palmes-obri-este-diumenge-el-calendari-de-processons-de-setmana-santa\\\/#primaryimage\"},\"thumbnailUrl\":\"https:\\\/\\\/santapola.es\\\/wp-content\\\/uploads\\\/2024\\\/05\\\/Semana-Santa-2024.jpeg\",\"keywords\":[\"Setmana Santa\"],\"articleSection\":[\"Cultura\",\"Festes\"],\"inLanguage\":\"ca\"},{\"@type\":\"WebPage\",\"@id\":\"https:\\\/\\\/santapola.es\\\/ca\\\/la-benediccio-de-les-palmes-obri-este-diumenge-el-calendari-de-processons-de-setmana-santa\\\/\",\"url\":\"https:\\\/\\\/santapola.es\\\/ca\\\/la-benediccio-de-les-palmes-obri-este-diumenge-el-calendari-de-processons-de-setmana-santa\\\/\",\"name\":\"La benedicci\u00f3 de les palmes obri este diumenge el calendari de processons de Setmana Santa - Ajuntament de Santa Pola\",\"isPartOf\":{\"@id\":\"https:\\\/\\\/santapola.es\\\/ca\\\/#website\"},\"primaryImageOfPage\":{\"@id\":\"https:\\\/\\\/santapola.es\\\/ca\\\/la-benediccio-de-les-palmes-obri-este-diumenge-el-calendari-de-processons-de-setmana-santa\\\/#primaryimage\"},\"image\":{\"@id\":\"https:\\\/\\\/santapola.es\\\/ca\\\/la-benediccio-de-les-palmes-obri-este-diumenge-el-calendari-de-processons-de-setmana-santa\\\/#primaryimage\"},\"thumbnailUrl\":\"https:\\\/\\\/santapola.es\\\/wp-content\\\/uploads\\\/2024\\\/05\\\/Semana-Santa-2024.jpeg\",\"datePublished\":\"2024-03-22T09:24:57+00:00\",\"dateModified\":\"2024-05-17T10:40:44+00:00\",\"author\":{\"@id\":\"https:\\\/\\\/santapola.es\\\/ca\\\/#\\\/schema\\\/person\\\/ad1d67403707b58350c7be5e8dbc442d\"},\"breadcrumb\":{\"@id\":\"https:\\\/\\\/santapola.es\\\/ca\\\/la-benediccio-de-les-palmes-obri-este-diumenge-el-calendari-de-processons-de-setmana-santa\\\/#breadcrumb\"},\"inLanguage\":\"ca\",\"potentialAction\":[{\"@type\":\"ReadAction\",\"target\":[\"https:\\\/\\\/santapola.es\\\/ca\\\/la-benediccio-de-les-palmes-obri-este-diumenge-el-calendari-de-processons-de-setmana-santa\\\/\"]}]},{\"@type\":\"ImageObject\",\"inLanguage\":\"ca\",\"@id\":\"https:\\\/\\\/santapola.es\\\/ca\\\/la-benediccio-de-les-palmes-obri-este-diumenge-el-calendari-de-processons-de-setmana-santa\\\/#primaryimage\",\"url\":\"https:\\\/\\\/santapola.es\\\/wp-content\\\/uploads\\\/2024\\\/05\\\/Semana-Santa-2024.jpeg\",\"contentUrl\":\"https:\\\/\\\/santapola.es\\\/wp-content\\\/uploads\\\/2024\\\/05\\\/Semana-Santa-2024.jpeg\",\"width\":1181,\"height\":1673},{\"@type\":\"BreadcrumbList\",\"@id\":\"https:\\\/\\\/santapola.es\\\/ca\\\/la-benediccio-de-les-palmes-obri-este-diumenge-el-calendari-de-processons-de-setmana-santa\\\/#breadcrumb\",\"itemListElement\":[{\"@type\":\"ListItem\",\"position\":1,\"name\":\"Inici\",\"item\":\"https:\\\/\\\/santapola.es\\\/ca\\\/\"},{\"@type\":\"ListItem\",\"position\":2,\"name\":\"La benedicci\u00f3 de les palmes obri este diumenge el calendari de processons de Setmana Santa\"}]},{\"@type\":\"WebSite\",\"@id\":\"https:\\\/\\\/santapola.es\\\/ca\\\/#website\",\"url\":\"https:\\\/\\\/santapola.es\\\/ca\\\/\",\"name\":\"Ayuntamiento de Santa Pola\",\"description\":\"Web de l'Ajuntament de Santa Pola\",\"potentialAction\":[{\"@type\":\"SearchAction\",\"target\":{\"@type\":\"EntryPoint\",\"urlTemplate\":\"https:\\\/\\\/santapola.es\\\/ca\\\/?s={search_term_string}\"},\"query-input\":{\"@type\":\"PropertyValueSpecification\",\"valueRequired\":true,\"valueName\":\"search_term_string\"}}],\"inLanguage\":\"ca\"},{\"@type\":\"Person\",\"@id\":\"https:\\\/\\\/santapola.es\\\/ca\\\/#\\\/schema\\\/person\\\/ad1d67403707b58350c7be5e8dbc442d\",\"name\":\"Jos\u00e9 Juan L\u00f3pez Lafuente\"}]}<\/script>\n<!-- \/ Yoast SEO plugin. -->","yoast_head_json":{"title":"La benedicci\u00f3 de les palmes obri este diumenge el calendari de processons de Setmana Santa - Ajuntament de Santa Pola","robots":{"index":"index","follow":"follow","max-snippet":"max-snippet:-1","max-image-preview":"max-image-preview:large","max-video-preview":"max-video-preview:-1"},"canonical":"https:\/\/santapola.es\/ca\/la-benediccio-de-les-palmes-obri-este-diumenge-el-calendari-de-processons-de-setmana-santa\/","og_locale":"ca_ES","og_type":"article","og_title":"La benedicci\u00f3 de les palmes obri este diumenge el calendari de processons de Setmana Santa - Ajuntament de Santa Pola","og_description":"La Junta Major de Confraries de Santa Pola apura les \u00faltimes hores per a l&#8217;inici de les processons de Setmana Santa i se centra en mantindre les tradicions del poble i fomentar la participaci\u00f3 ciutadana en estes celebracions. A les 11.00 d&#8217;este diumenge 24 de mar\u00e7, Diumenge de Rams, s&#8217;obrir\u00e0 el calendari en la\u00a0 pla\u00e7a [&hellip;]","og_url":"https:\/\/santapola.es\/ca\/la-benediccio-de-les-palmes-obri-este-diumenge-el-calendari-de-processons-de-setmana-santa\/","og_site_name":"Ajuntament de Santa Pola","article_publisher":"https:\/\/www.facebook.com\/AyuntamientoSantaPola\/","article_published_time":"2024-03-22T09:24:57+00:00","article_modified_time":"2024-05-17T10:40:44+00:00","og_image":[{"width":1181,"height":1673,"url":"https:\/\/santapola.es\/wp-content\/uploads\/2024\/05\/Semana-Santa-2024.jpeg","type":"image\/jpeg"}],"author":"Jos\u00e9 Juan L\u00f3pez Lafuente","twitter_card":"summary_large_image","twitter_creator":"@SantaPolaAyunt","twitter_site":"@SantaPolaAyunt","schema":{"@context":"https:\/\/schema.org","@graph":[{"@type":"Article","@id":"https:\/\/santapola.es\/ca\/la-benediccio-de-les-palmes-obri-este-diumenge-el-calendari-de-processons-de-setmana-santa\/#article","isPartOf":{"@id":"https:\/\/santapola.es\/ca\/la-benediccio-de-les-palmes-obri-este-diumenge-el-calendari-de-processons-de-setmana-santa\/"},"author":{"name":"Jos\u00e9 Juan L\u00f3pez Lafuente","@id":"https:\/\/santapola.es\/ca\/#\/schema\/person\/ad1d67403707b58350c7be5e8dbc442d"},"headline":"La benedicci\u00f3 de les palmes obri este diumenge el calendari de processons de Setmana Santa","datePublished":"2024-03-22T09:24:57+00:00","dateModified":"2024-05-17T10:40:44+00:00","mainEntityOfPage":{"@id":"https:\/\/santapola.es\/ca\/la-benediccio-de-les-palmes-obri-este-diumenge-el-calendari-de-processons-de-setmana-santa\/"},"wordCount":485,"image":{"@id":"https:\/\/santapola.es\/ca\/la-benediccio-de-les-palmes-obri-este-diumenge-el-calendari-de-processons-de-setmana-santa\/#primaryimage"},"thumbnailUrl":"https:\/\/santapola.es\/wp-content\/uploads\/2024\/05\/Semana-Santa-2024.jpeg","keywords":["Setmana Santa"],"articleSection":["Cultura","Festes"],"inLanguage":"ca"},{"@type":"WebPage","@id":"https:\/\/santapola.es\/ca\/la-benediccio-de-les-palmes-obri-este-diumenge-el-calendari-de-processons-de-setmana-santa\/","url":"https:\/\/santapola.es\/ca\/la-benediccio-de-les-palmes-obri-este-diumenge-el-calendari-de-processons-de-setmana-santa\/","name":"La benedicci\u00f3 de les palmes obri este diumenge el calendari de processons de Setmana Santa - Ajuntament de Santa Pola","isPartOf":{"@id":"https:\/\/santapola.es\/ca\/#website"},"primaryImageOfPage":{"@id":"https:\/\/santapola.es\/ca\/la-benediccio-de-les-palmes-obri-este-diumenge-el-calendari-de-processons-de-setmana-santa\/#primaryimage"},"image":{"@id":"https:\/\/santapola.es\/ca\/la-benediccio-de-les-palmes-obri-este-diumenge-el-calendari-de-processons-de-setmana-santa\/#primaryimage"},"thumbnailUrl":"https:\/\/santapola.es\/wp-content\/uploads\/2024\/05\/Semana-Santa-2024.jpeg","datePublished":"2024-03-22T09:24:57+00:00","dateModified":"2024-05-17T10:40:44+00:00","author":{"@id":"https:\/\/santapola.es\/ca\/#\/schema\/person\/ad1d67403707b58350c7be5e8dbc442d"},"breadcrumb":{"@id":"https:\/\/santapola.es\/ca\/la-benediccio-de-les-palmes-obri-este-diumenge-el-calendari-de-processons-de-setmana-santa\/#breadcrumb"},"inLanguage":"ca","potentialAction":[{"@type":"ReadAction","target":["https:\/\/santapola.es\/ca\/la-benediccio-de-les-palmes-obri-este-diumenge-el-calendari-de-processons-de-setmana-santa\/"]}]},{"@type":"ImageObject","inLanguage":"ca","@id":"https:\/\/santapola.es\/ca\/la-benediccio-de-les-palmes-obri-este-diumenge-el-calendari-de-processons-de-setmana-santa\/#primaryimage","url":"https:\/\/santapola.es\/wp-content\/uploads\/2024\/05\/Semana-Santa-2024.jpeg","contentUrl":"https:\/\/santapola.es\/wp-content\/uploads\/2024\/05\/Semana-Santa-2024.jpeg","width":1181,"height":1673},{"@type":"BreadcrumbList","@id":"https:\/\/santapola.es\/ca\/la-benediccio-de-les-palmes-obri-este-diumenge-el-calendari-de-processons-de-setmana-santa\/#breadcrumb","itemListElement":[{"@type":"ListItem","position":1,"name":"Inici","item":"https:\/\/santapola.es\/ca\/"},{"@type":"ListItem","position":2,"name":"La benedicci\u00f3 de les palmes obri este diumenge el calendari de processons de Setmana Santa"}]},{"@type":"WebSite","@id":"https:\/\/santapola.es\/ca\/#website","url":"https:\/\/santapola.es\/ca\/","name":"Ayuntamiento de Santa Pola","description":"Web de l'Ajuntament de Santa Pola","potentialAction":[{"@type":"SearchAction","target":{"@type":"EntryPoint","urlTemplate":"https:\/\/santapola.es\/ca\/?s={search_term_string}"},"query-input":{"@type":"PropertyValueSpecification","valueRequired":true,"valueName":"search_term_string"}}],"inLanguage":"ca"},{"@type":"Person","@id":"https:\/\/santapola.es\/ca\/#\/schema\/person\/ad1d67403707b58350c7be5e8dbc442d","name":"Jos\u00e9 Juan L\u00f3pez Lafuente"}]}},"_links":{"self":[{"href":"https:\/\/santapola.es\/ca\/wp-json\/wp\/v2\/posts\/36053","targetHints":{"allow":["GET"]}}],"collection":[{"href":"https:\/\/santapola.es\/ca\/wp-json\/wp\/v2\/posts"}],"about":[{"href":"https:\/\/santapola.es\/ca\/wp-json\/wp\/v2\/types\/post"}],"author":[{"embeddable":true,"href":"https:\/\/santapola.es\/ca\/wp-json\/wp\/v2\/users\/96"}],"replies":[{"embeddable":true,"href":"https:\/\/santapola.es\/ca\/wp-json\/wp\/v2\/comments?post=36053"}],"version-history":[{"count":0,"href":"https:\/\/santapola.es\/ca\/wp-json\/wp\/v2\/posts\/36053\/revisions"}],"wp:featuredmedia":[{"embeddable":true,"href":"https:\/\/santapola.es\/ca\/wp-json\/wp\/v2\/media\/36051"}],"wp:attachment":[{"href":"https:\/\/santapola.es\/ca\/wp-json\/wp\/v2\/media?parent=36053"}],"wp:term":[{"taxonomy":"category","embeddable":true,"href":"https:\/\/santapola.es\/ca\/wp-json\/wp\/v2\/categories?post=36053"},{"taxonomy":"post_tag","embeddable":true,"href":"https:\/\/santapola.es\/ca\/wp-json\/wp\/v2\/tags?post=36053"}],"curies":[{"name":"wp","href":"https:\/\/api.w.org\/{rel}","templated":true}]}}