{"id":35564,"date":"2024-04-23T17:49:18","date_gmt":"2024-04-23T15:49:18","guid":{"rendered":"https:\/\/santapola.es\/?p=35564"},"modified":"2024-04-23T17:52:15","modified_gmt":"2024-04-23T15:52:15","slug":"ja-esta-activa-gran-part-de-la-nova-maquinaria-de-neteja-viaria-a-santa-pola","status":"publish","type":"post","link":"https:\/\/santapola.es\/ca\/ja-esta-activa-gran-part-de-la-nova-maquinaria-de-neteja-viaria-a-santa-pola\/","title":{"rendered":"Ja est\u00e0 activa gran part de la nova maquin\u00e0ria de neteja vi\u00e0ria a Santa Pola"},"content":{"rendered":"<p><strong>Des de hui Santa Pola experimentar\u00e0 una gran evoluci\u00f3 en la seua neteja vi\u00e0ria gr\u00e0cies a la incorporaci\u00f3 de nova i moderna maquin\u00e0ria, molta d&#8217;ella de tecnologia el\u00e8ctrica, que far\u00e0 m\u00e9s eficient el treball dels servicis municipals.<\/strong><\/p>\n<p>Si el divendres la neteja de platges era protagonista en la incorporaci\u00f3 de les noves m\u00e0quines que Urbaser incorpora al servici gr\u00e0cies al nou contracte per als pr\u00f2xims deu anys, esta vegada li arriba el torn a la neteja vi\u00e0ria dels carrers i passejos de Santa Pola.<br \/>\nL&#8217;alcaldessa Loreto Serrano ha explicat que \u201cquan adjudiquem el nou contracte advertim que necessitar\u00edem un termini de temps per a encarregar la fabricaci\u00f3 de tots els elements, i hui estem presentant part de la maquin\u00e0ria de neteja vi\u00e0ria. S\u00f3n equips espec\u00edfics segons els diferents usos, molts d&#8217;ells el\u00e8ctrics, per a aconseguir l&#8217;objectiu que Santa Pola estiga neta\u201d.<br \/>\nSerrano fa una crida a la col\u00b7laboraci\u00f3 ciutadana: \u201cEn aix\u00f2 hem de col\u00b7laborar tots perqu\u00e8, si no cuidem el nostre poble, tot l&#8217;esfor\u00e7 que est\u00e0 fent l&#8217;Ajuntament no ser\u00e0 suficient i es continuaran veient als nostres carrers abocats i estris com fins ara. Estem fent tots els santapolers un esfor\u00e7 important\u00edssim invertint en este nou servici. Per favor, ajudeu-nos al fet que Santa Pola estiga neta. I no us preocupeu, perqu\u00e8 en breu arribaran els nous contenidors, papereres i la resta de m\u00e0quines\u201d.<br \/>\nAlberto Bleda, delegat de Urbaser a Alacant i M\u00farcia, va destacar \u201cla millora que es veur\u00e0 amb els aigualejos en tot el poble gr\u00e0cies a esta escombradora de 6 m\u00b3 amb llan\u00e7a per a aigualeig, que aconseguir\u00e0 traure els residus sota els cotxes que despr\u00e9s arreplegar\u00e0 l&#8217;escombradora. Tamb\u00e9 \u00e9s molt important la decapadora per a netejar els nostres passejos i la maquin\u00e0ria de desbrossament i bufat que \u00e9s el\u00e8ctrica per a evitar mol\u00e8sties als ve\u00efns quan estan descansant. Tot aix\u00f2 suposar\u00e0 un impuls molt gran per a la millora de la neteja a Santa Pola i a poc a poc anirem veient els resultats\u201d.<\/p>\n<p><strong>Escombradora d&#8217;aspiraci\u00f3 i arrossegament<\/strong><br \/>\nEsta nova ferramenta s&#8217;emprar\u00e0 per a l&#8217;escombratge mixt i aigualeig, est\u00e0 dotada amb una m\u00e0nega amb llan\u00e7a d&#8217;aigua a pressi\u00f3 a utilitzar mitjan\u00e7ant un sistema de perxa, la qual cosa permetr\u00e0 la neteja de taques de divers tipus que puguen apar\u00e9ixer en el recorregut i aigualeig de voreres.<br \/>\nEliminar\u00e0 taques en les \u00e0rees d&#8217;aportaci\u00f3 de contenidors, taques procedents d&#8217;orines, arrossegar\u00e0 amb aigua a pressi\u00f3 els residus inaccessibles situats davall dels cotxes aparcats perqu\u00e8 aix\u00ed la m\u00e0quina els aspire.<br \/>\nUna altra m\u00e0quina destacable \u00e9s la decapadora i fregadora amb aigua calenta. Disposa d&#8217;una c\u00fapula de grans dimensions per a la neteja en profunditat de zones pavimentades, aix\u00ed com un sistema de reaspiraci\u00f3 que permet absorbir l&#8217;aigua i totes les taques decapades amb l&#8217;alta pressi\u00f3 i l&#8217;aigua calenta.<br \/>\nLa pala carregadora amb escombradora d&#8217;arrossegament s&#8217;emprar\u00e0 en la retirada de material arrossegat per pluges torrencials o per les acumulacions d&#8217;arena en els passejos i carrers.<\/p>\n<p><strong>M\u00e0quina quitaci\u00f3 xiclets<\/strong><br \/>\nL&#8217;operari porta una c\u00f2moda motxilla que li permet fer el treball amb llibertat de moviment i facilitat d&#8217;\u00fas. La unitat est\u00e0 connectada a una llan\u00e7a ergon\u00f2mica dissenyada perqu\u00e8 el treball siga r\u00e0pid, segur i senzill, per a aconseguir retirar el major nombre de xiclets amb la combinaci\u00f3 de la pressi\u00f3, la calor i la soluci\u00f3 netejadora.<br \/>\nEl vehicle desbrozador autopropulsat amb el conductor assegut disposa de gran pot\u00e8ncia i tracci\u00f3 4&#215;4 no sols per a desbrossament, sin\u00f3 tamb\u00e9 per al tall d&#8217;herbes altes o arbustos amb tronc de fins a 2,5 mm de di\u00e0metre.<br \/>\nUna altra novetat \u00e9s el deshidratador de males herbes, que s&#8217;utilitzar\u00e0 per a eliminar-les mitjan\u00e7ant xoc t\u00e8rmic, la calor evitar\u00e0 que tornen a brollar.<\/p>\n<p><strong>Tecnologia el\u00e8ctrica<\/strong><br \/>\nS&#8217;incorporen tres furgonetes el\u00e8ctriques blegue per als equips de neteja amb remolc hidronetejador, propulsades el\u00e8ctricament sense emissions i amb capacitat per a 5 operaris. En disposar de bola de remolc, se li pot acoblar l&#8217;hidronetejador per a les tasques de neteja d&#8217;aigualeig i fregat.<br \/>\nTamb\u00e9 s&#8217;ha presentat un vehicle el\u00e8ctric per a inspecci\u00f3, 3 m\u00e0quines de desbrossament i 6 de bufat, totes elles el\u00e8ctriques, que permetran treballar d&#8217;hora sense molestar als ve\u00efns, a m\u00e9s de no emetre ni un gram de CO\u2082 a l&#8217;atmosfera.<br \/>\nTots estos elements estan ja en \u00fas i des de hui ens habituarem a veure&#8217;ls di\u00e0riament pels nostres carrers.<\/p>\n","protected":false},"excerpt":{"rendered":"<p>Des de hui Santa Pola experimentar\u00e0 una gran evoluci\u00f3 en la seua neteja vi\u00e0ria gr\u00e0cies a la incorporaci\u00f3 de nova i moderna maquin\u00e0ria, molta d&#8217;ella de tecnologia el\u00e8ctrica, que far\u00e0 m\u00e9s eficient el treball dels servicis municipals. Si el divendres la neteja de platges era protagonista en la incorporaci\u00f3 de les noves m\u00e0quines que Urbaser [&hellip;]<\/p>\n","protected":false},"author":96,"featured_media":35562,"comment_status":"closed","ping_status":"closed","sticky":false,"template":"","format":"standard","meta":{"_et_pb_use_builder":"","_et_pb_old_content":"","_et_gb_content_width":"","footnotes":""},"categories":[537],"tags":[487,540],"class_list":["post-35564","post","type-post","status-publish","format-standard","has-post-thumbnail","hentry","category-neteja","tag-loreto-serrano-ca","tag-urbaser-ca"],"yoast_head":"<!-- This site is optimized with the Yoast SEO plugin v27.4 - https:\/\/yoast.com\/product\/yoast-seo-wordpress\/ -->\n<title>Ja est\u00e0 activa gran part de la nova maquin\u00e0ria de neteja vi\u00e0ria a Santa Pola - Ajuntament de Santa Pola<\/title>\n<meta name=\"robots\" content=\"index, follow, max-snippet:-1, max-image-preview:large, max-video-preview:-1\" \/>\n<link rel=\"canonical\" href=\"https:\/\/santapola.es\/ca\/ja-esta-activa-gran-part-de-la-nova-maquinaria-de-neteja-viaria-a-santa-pola\/\" \/>\n<meta property=\"og:locale\" content=\"ca_ES\" \/>\n<meta property=\"og:type\" content=\"article\" \/>\n<meta property=\"og:title\" content=\"Ja est\u00e0 activa gran part de la nova maquin\u00e0ria de neteja vi\u00e0ria a Santa Pola - Ajuntament de Santa Pola\" \/>\n<meta property=\"og:description\" content=\"Des de hui Santa Pola experimentar\u00e0 una gran evoluci\u00f3 en la seua neteja vi\u00e0ria gr\u00e0cies a la incorporaci\u00f3 de nova i moderna maquin\u00e0ria, molta d&#8217;ella de tecnologia el\u00e8ctrica, que far\u00e0 m\u00e9s eficient el treball dels servicis municipals. Si el divendres la neteja de platges era protagonista en la incorporaci\u00f3 de les noves m\u00e0quines que Urbaser [&hellip;]\" \/>\n<meta property=\"og:url\" content=\"https:\/\/santapola.es\/ca\/ja-esta-activa-gran-part-de-la-nova-maquinaria-de-neteja-viaria-a-santa-pola\/\" \/>\n<meta property=\"og:site_name\" content=\"Ajuntament de Santa Pola\" \/>\n<meta property=\"article:publisher\" content=\"https:\/\/www.facebook.com\/AyuntamientoSantaPola\/\" \/>\n<meta property=\"article:published_time\" content=\"2024-04-23T15:49:18+00:00\" \/>\n<meta property=\"article:modified_time\" content=\"2024-04-23T15:52:15+00:00\" \/>\n<meta property=\"og:image\" content=\"https:\/\/santapola.es\/wp-content\/uploads\/2024\/04\/20240423_limpieza-viaria.jpg\" \/>\n\t<meta property=\"og:image:width\" content=\"1920\" \/>\n\t<meta property=\"og:image:height\" content=\"1081\" \/>\n\t<meta property=\"og:image:type\" content=\"image\/jpeg\" \/>\n<meta name=\"author\" content=\"Jos\u00e9 Juan L\u00f3pez Lafuente\" \/>\n<meta name=\"twitter:card\" content=\"summary_large_image\" \/>\n<meta name=\"twitter:creator\" content=\"@SantaPolaAyunt\" \/>\n<meta name=\"twitter:site\" content=\"@SantaPolaAyunt\" \/>\n<script type=\"application\/ld+json\" class=\"yoast-schema-graph\">{\"@context\":\"https:\\\/\\\/schema.org\",\"@graph\":[{\"@type\":\"Article\",\"@id\":\"https:\\\/\\\/santapola.es\\\/ca\\\/ja-esta-activa-gran-part-de-la-nova-maquinaria-de-neteja-viaria-a-santa-pola\\\/#article\",\"isPartOf\":{\"@id\":\"https:\\\/\\\/santapola.es\\\/ca\\\/ja-esta-activa-gran-part-de-la-nova-maquinaria-de-neteja-viaria-a-santa-pola\\\/\"},\"author\":{\"name\":\"Jos\u00e9 Juan L\u00f3pez Lafuente\",\"@id\":\"https:\\\/\\\/santapola.es\\\/ca\\\/#\\\/schema\\\/person\\\/ad1d67403707b58350c7be5e8dbc442d\"},\"headline\":\"Ja est\u00e0 activa gran part de la nova maquin\u00e0ria de neteja vi\u00e0ria a Santa Pola\",\"datePublished\":\"2024-04-23T15:49:18+00:00\",\"dateModified\":\"2024-04-23T15:52:15+00:00\",\"mainEntityOfPage\":{\"@id\":\"https:\\\/\\\/santapola.es\\\/ca\\\/ja-esta-activa-gran-part-de-la-nova-maquinaria-de-neteja-viaria-a-santa-pola\\\/\"},\"wordCount\":805,\"image\":{\"@id\":\"https:\\\/\\\/santapola.es\\\/ca\\\/ja-esta-activa-gran-part-de-la-nova-maquinaria-de-neteja-viaria-a-santa-pola\\\/#primaryimage\"},\"thumbnailUrl\":\"https:\\\/\\\/santapola.es\\\/wp-content\\\/uploads\\\/2024\\\/04\\\/20240423_limpieza-viaria.jpg\",\"keywords\":[\"Loreto Serrano\",\"Urbaser\"],\"articleSection\":[\"Neteja\"],\"inLanguage\":\"ca\"},{\"@type\":\"WebPage\",\"@id\":\"https:\\\/\\\/santapola.es\\\/ca\\\/ja-esta-activa-gran-part-de-la-nova-maquinaria-de-neteja-viaria-a-santa-pola\\\/\",\"url\":\"https:\\\/\\\/santapola.es\\\/ca\\\/ja-esta-activa-gran-part-de-la-nova-maquinaria-de-neteja-viaria-a-santa-pola\\\/\",\"name\":\"Ja est\u00e0 activa gran part de la nova maquin\u00e0ria de neteja vi\u00e0ria a Santa Pola - Ajuntament de Santa Pola\",\"isPartOf\":{\"@id\":\"https:\\\/\\\/santapola.es\\\/ca\\\/#website\"},\"primaryImageOfPage\":{\"@id\":\"https:\\\/\\\/santapola.es\\\/ca\\\/ja-esta-activa-gran-part-de-la-nova-maquinaria-de-neteja-viaria-a-santa-pola\\\/#primaryimage\"},\"image\":{\"@id\":\"https:\\\/\\\/santapola.es\\\/ca\\\/ja-esta-activa-gran-part-de-la-nova-maquinaria-de-neteja-viaria-a-santa-pola\\\/#primaryimage\"},\"thumbnailUrl\":\"https:\\\/\\\/santapola.es\\\/wp-content\\\/uploads\\\/2024\\\/04\\\/20240423_limpieza-viaria.jpg\",\"datePublished\":\"2024-04-23T15:49:18+00:00\",\"dateModified\":\"2024-04-23T15:52:15+00:00\",\"author\":{\"@id\":\"https:\\\/\\\/santapola.es\\\/ca\\\/#\\\/schema\\\/person\\\/ad1d67403707b58350c7be5e8dbc442d\"},\"breadcrumb\":{\"@id\":\"https:\\\/\\\/santapola.es\\\/ca\\\/ja-esta-activa-gran-part-de-la-nova-maquinaria-de-neteja-viaria-a-santa-pola\\\/#breadcrumb\"},\"inLanguage\":\"ca\",\"potentialAction\":[{\"@type\":\"ReadAction\",\"target\":[\"https:\\\/\\\/santapola.es\\\/ca\\\/ja-esta-activa-gran-part-de-la-nova-maquinaria-de-neteja-viaria-a-santa-pola\\\/\"]}]},{\"@type\":\"ImageObject\",\"inLanguage\":\"ca\",\"@id\":\"https:\\\/\\\/santapola.es\\\/ca\\\/ja-esta-activa-gran-part-de-la-nova-maquinaria-de-neteja-viaria-a-santa-pola\\\/#primaryimage\",\"url\":\"https:\\\/\\\/santapola.es\\\/wp-content\\\/uploads\\\/2024\\\/04\\\/20240423_limpieza-viaria.jpg\",\"contentUrl\":\"https:\\\/\\\/santapola.es\\\/wp-content\\\/uploads\\\/2024\\\/04\\\/20240423_limpieza-viaria.jpg\",\"width\":1920,\"height\":1081},{\"@type\":\"BreadcrumbList\",\"@id\":\"https:\\\/\\\/santapola.es\\\/ca\\\/ja-esta-activa-gran-part-de-la-nova-maquinaria-de-neteja-viaria-a-santa-pola\\\/#breadcrumb\",\"itemListElement\":[{\"@type\":\"ListItem\",\"position\":1,\"name\":\"Inici\",\"item\":\"https:\\\/\\\/santapola.es\\\/ca\\\/\"},{\"@type\":\"ListItem\",\"position\":2,\"name\":\"Ja est\u00e0 activa gran part de la nova maquin\u00e0ria de neteja vi\u00e0ria a Santa Pola\"}]},{\"@type\":\"WebSite\",\"@id\":\"https:\\\/\\\/santapola.es\\\/ca\\\/#website\",\"url\":\"https:\\\/\\\/santapola.es\\\/ca\\\/\",\"name\":\"Ayuntamiento de Santa Pola\",\"description\":\"Web de l'Ajuntament de Santa Pola\",\"potentialAction\":[{\"@type\":\"SearchAction\",\"target\":{\"@type\":\"EntryPoint\",\"urlTemplate\":\"https:\\\/\\\/santapola.es\\\/ca\\\/?s={search_term_string}\"},\"query-input\":{\"@type\":\"PropertyValueSpecification\",\"valueRequired\":true,\"valueName\":\"search_term_string\"}}],\"inLanguage\":\"ca\"},{\"@type\":\"Person\",\"@id\":\"https:\\\/\\\/santapola.es\\\/ca\\\/#\\\/schema\\\/person\\\/ad1d67403707b58350c7be5e8dbc442d\",\"name\":\"Jos\u00e9 Juan L\u00f3pez Lafuente\"}]}<\/script>\n<!-- \/ Yoast SEO plugin. -->","yoast_head_json":{"title":"Ja est\u00e0 activa gran part de la nova maquin\u00e0ria de neteja vi\u00e0ria a Santa Pola - Ajuntament de Santa Pola","robots":{"index":"index","follow":"follow","max-snippet":"max-snippet:-1","max-image-preview":"max-image-preview:large","max-video-preview":"max-video-preview:-1"},"canonical":"https:\/\/santapola.es\/ca\/ja-esta-activa-gran-part-de-la-nova-maquinaria-de-neteja-viaria-a-santa-pola\/","og_locale":"ca_ES","og_type":"article","og_title":"Ja est\u00e0 activa gran part de la nova maquin\u00e0ria de neteja vi\u00e0ria a Santa Pola - Ajuntament de Santa Pola","og_description":"Des de hui Santa Pola experimentar\u00e0 una gran evoluci\u00f3 en la seua neteja vi\u00e0ria gr\u00e0cies a la incorporaci\u00f3 de nova i moderna maquin\u00e0ria, molta d&#8217;ella de tecnologia el\u00e8ctrica, que far\u00e0 m\u00e9s eficient el treball dels servicis municipals. Si el divendres la neteja de platges era protagonista en la incorporaci\u00f3 de les noves m\u00e0quines que Urbaser [&hellip;]","og_url":"https:\/\/santapola.es\/ca\/ja-esta-activa-gran-part-de-la-nova-maquinaria-de-neteja-viaria-a-santa-pola\/","og_site_name":"Ajuntament de Santa Pola","article_publisher":"https:\/\/www.facebook.com\/AyuntamientoSantaPola\/","article_published_time":"2024-04-23T15:49:18+00:00","article_modified_time":"2024-04-23T15:52:15+00:00","og_image":[{"width":1920,"height":1081,"url":"https:\/\/santapola.es\/wp-content\/uploads\/2024\/04\/20240423_limpieza-viaria.jpg","type":"image\/jpeg"}],"author":"Jos\u00e9 Juan L\u00f3pez Lafuente","twitter_card":"summary_large_image","twitter_creator":"@SantaPolaAyunt","twitter_site":"@SantaPolaAyunt","schema":{"@context":"https:\/\/schema.org","@graph":[{"@type":"Article","@id":"https:\/\/santapola.es\/ca\/ja-esta-activa-gran-part-de-la-nova-maquinaria-de-neteja-viaria-a-santa-pola\/#article","isPartOf":{"@id":"https:\/\/santapola.es\/ca\/ja-esta-activa-gran-part-de-la-nova-maquinaria-de-neteja-viaria-a-santa-pola\/"},"author":{"name":"Jos\u00e9 Juan L\u00f3pez Lafuente","@id":"https:\/\/santapola.es\/ca\/#\/schema\/person\/ad1d67403707b58350c7be5e8dbc442d"},"headline":"Ja est\u00e0 activa gran part de la nova maquin\u00e0ria de neteja vi\u00e0ria a Santa Pola","datePublished":"2024-04-23T15:49:18+00:00","dateModified":"2024-04-23T15:52:15+00:00","mainEntityOfPage":{"@id":"https:\/\/santapola.es\/ca\/ja-esta-activa-gran-part-de-la-nova-maquinaria-de-neteja-viaria-a-santa-pola\/"},"wordCount":805,"image":{"@id":"https:\/\/santapola.es\/ca\/ja-esta-activa-gran-part-de-la-nova-maquinaria-de-neteja-viaria-a-santa-pola\/#primaryimage"},"thumbnailUrl":"https:\/\/santapola.es\/wp-content\/uploads\/2024\/04\/20240423_limpieza-viaria.jpg","keywords":["Loreto Serrano","Urbaser"],"articleSection":["Neteja"],"inLanguage":"ca"},{"@type":"WebPage","@id":"https:\/\/santapola.es\/ca\/ja-esta-activa-gran-part-de-la-nova-maquinaria-de-neteja-viaria-a-santa-pola\/","url":"https:\/\/santapola.es\/ca\/ja-esta-activa-gran-part-de-la-nova-maquinaria-de-neteja-viaria-a-santa-pola\/","name":"Ja est\u00e0 activa gran part de la nova maquin\u00e0ria de neteja vi\u00e0ria a Santa Pola - Ajuntament de Santa Pola","isPartOf":{"@id":"https:\/\/santapola.es\/ca\/#website"},"primaryImageOfPage":{"@id":"https:\/\/santapola.es\/ca\/ja-esta-activa-gran-part-de-la-nova-maquinaria-de-neteja-viaria-a-santa-pola\/#primaryimage"},"image":{"@id":"https:\/\/santapola.es\/ca\/ja-esta-activa-gran-part-de-la-nova-maquinaria-de-neteja-viaria-a-santa-pola\/#primaryimage"},"thumbnailUrl":"https:\/\/santapola.es\/wp-content\/uploads\/2024\/04\/20240423_limpieza-viaria.jpg","datePublished":"2024-04-23T15:49:18+00:00","dateModified":"2024-04-23T15:52:15+00:00","author":{"@id":"https:\/\/santapola.es\/ca\/#\/schema\/person\/ad1d67403707b58350c7be5e8dbc442d"},"breadcrumb":{"@id":"https:\/\/santapola.es\/ca\/ja-esta-activa-gran-part-de-la-nova-maquinaria-de-neteja-viaria-a-santa-pola\/#breadcrumb"},"inLanguage":"ca","potentialAction":[{"@type":"ReadAction","target":["https:\/\/santapola.es\/ca\/ja-esta-activa-gran-part-de-la-nova-maquinaria-de-neteja-viaria-a-santa-pola\/"]}]},{"@type":"ImageObject","inLanguage":"ca","@id":"https:\/\/santapola.es\/ca\/ja-esta-activa-gran-part-de-la-nova-maquinaria-de-neteja-viaria-a-santa-pola\/#primaryimage","url":"https:\/\/santapola.es\/wp-content\/uploads\/2024\/04\/20240423_limpieza-viaria.jpg","contentUrl":"https:\/\/santapola.es\/wp-content\/uploads\/2024\/04\/20240423_limpieza-viaria.jpg","width":1920,"height":1081},{"@type":"BreadcrumbList","@id":"https:\/\/santapola.es\/ca\/ja-esta-activa-gran-part-de-la-nova-maquinaria-de-neteja-viaria-a-santa-pola\/#breadcrumb","itemListElement":[{"@type":"ListItem","position":1,"name":"Inici","item":"https:\/\/santapola.es\/ca\/"},{"@type":"ListItem","position":2,"name":"Ja est\u00e0 activa gran part de la nova maquin\u00e0ria de neteja vi\u00e0ria a Santa Pola"}]},{"@type":"WebSite","@id":"https:\/\/santapola.es\/ca\/#website","url":"https:\/\/santapola.es\/ca\/","name":"Ayuntamiento de Santa Pola","description":"Web de l'Ajuntament de Santa Pola","potentialAction":[{"@type":"SearchAction","target":{"@type":"EntryPoint","urlTemplate":"https:\/\/santapola.es\/ca\/?s={search_term_string}"},"query-input":{"@type":"PropertyValueSpecification","valueRequired":true,"valueName":"search_term_string"}}],"inLanguage":"ca"},{"@type":"Person","@id":"https:\/\/santapola.es\/ca\/#\/schema\/person\/ad1d67403707b58350c7be5e8dbc442d","name":"Jos\u00e9 Juan L\u00f3pez Lafuente"}]}},"_links":{"self":[{"href":"https:\/\/santapola.es\/ca\/wp-json\/wp\/v2\/posts\/35564","targetHints":{"allow":["GET"]}}],"collection":[{"href":"https:\/\/santapola.es\/ca\/wp-json\/wp\/v2\/posts"}],"about":[{"href":"https:\/\/santapola.es\/ca\/wp-json\/wp\/v2\/types\/post"}],"author":[{"embeddable":true,"href":"https:\/\/santapola.es\/ca\/wp-json\/wp\/v2\/users\/96"}],"replies":[{"embeddable":true,"href":"https:\/\/santapola.es\/ca\/wp-json\/wp\/v2\/comments?post=35564"}],"version-history":[{"count":0,"href":"https:\/\/santapola.es\/ca\/wp-json\/wp\/v2\/posts\/35564\/revisions"}],"wp:featuredmedia":[{"embeddable":true,"href":"https:\/\/santapola.es\/ca\/wp-json\/wp\/v2\/media\/35562"}],"wp:attachment":[{"href":"https:\/\/santapola.es\/ca\/wp-json\/wp\/v2\/media?parent=35564"}],"wp:term":[{"taxonomy":"category","embeddable":true,"href":"https:\/\/santapola.es\/ca\/wp-json\/wp\/v2\/categories?post=35564"},{"taxonomy":"post_tag","embeddable":true,"href":"https:\/\/santapola.es\/ca\/wp-json\/wp\/v2\/tags?post=35564"}],"curies":[{"name":"wp","href":"https:\/\/api.w.org\/{rel}","templated":true}]}}