{"id":35421,"date":"2024-04-18T14:24:27","date_gmt":"2024-04-18T12:24:27","guid":{"rendered":"https:\/\/santapola.es\/?p=35421"},"modified":"2024-04-18T14:31:29","modified_gmt":"2024-04-18T12:31:29","slug":"35421","status":"publish","type":"post","link":"https:\/\/santapola.es\/ca\/35421\/","title":{"rendered":"Santa Pola convoca el V Certamen de Teatre \u201cMajors a Escena\u201d"},"content":{"rendered":"<p><strong>Fins al 31 de maig es podran inscriure grups de teatre no professionals de tota Espanya que estiguen compostos almenys en un 75% per persones majors de 55 anys. El certamen se celebrar\u00e0 del 19 al 28 de setembre a la Casa de Cultura.<\/strong><\/p>\n<p>La promoci\u00f3 de la trobada entre persones majors de 55 anys que compartisquen la seua afici\u00f3 pel teatre \u00e9s l&#8217;objectiu d&#8217;este certamen que ja complix la seua quinta edici\u00f3. \u201cMajors a Escena\u201d est\u00e0 organitzat pel Grup de Teatre Nou Ressorgir, l&#8217;Associaci\u00f3 Cultural Teatro Rayuela, la Federaci\u00f3 de Teatre Amateur de la Comunitat Valenciana (FTACV) i l&#8217;Ajuntament de Santa Pola.<br \/>\nLa convocat\u00f2ria \u00e9s a nivell nacional i entre les agrupacions que es presenten es triar\u00e0 a tres que participaran en l&#8217;esdeveniment al costat de la guanyadora de l&#8217;any anterior i al grup amfitri\u00f3 Nou Ressorgir, celebrant-se el certamen del 19 al 28 de setembre a la Casa de Cultura.<\/p>\n<p>&nbsp;<\/p>\n<p><strong>V CERTAMEN DE TEATRE \u201cMAJORS A ESCENA\u201d SANTA POLA 2024<\/strong><\/p>\n<p>El Grup de Teatre Nou Ressorgir, l&#8217;Associaci\u00f3 Cultural Teatro Rayuela, la Federaci\u00f3 de Teatre Amateur de la Comunitat Valenciana (FTACV) i l&#8217;Ajuntament de Santa Pola, amb la finalitat de promoure la trobada entre persones majors de 55 anys que compartixen la seua afici\u00f3 pel teatre, organitzen el V Certamen de Teatre \u201cMajors a Escena\u201d, conformement a les seg\u00fcents:<\/p>\n<p>BASES<\/p>\n<p><strong>1. CELEBRACI\u00d3 <\/strong><br \/>\nEl Certamen se celebrar\u00e0 del 19 al 28 de setembre de 2024.<br \/>\nLes representacions es realitzaran segons el seg\u00fcent calendari, sempre a les 19.30h, a la Casa de Cultura.<br \/>\nDijous 19 de setembre: Inauguraci\u00f3 a c\u00e0rrec del grup amfitri\u00f3 Nou Ressorgir<br \/>\nDivendres 20 de setembre: Grup guanyador de la IV edici\u00f3.<br \/>\nDissabte 21 de setembre: Grup 1 seleccionat<br \/>\nDijous 26 de setembre: Grup 2 seleccionat<br \/>\nDivendres 27 de setembre: Grup 3 seleccionat<br \/>\nDissabte 28 de setembre: Gala de Clausura i Lliurament de Premis.<\/p>\n<p><strong>2. PARTICIPANTS <\/strong><br \/>\nPodran participar en la fase de selecci\u00f3 els muntatges amb tem\u00e0tica lliure presentats per grups teatrals no professionals o associacions culturals de tot el territori nacional que complisquen els seg\u00fcents requisits:<br \/>\n&#8211; El 75% dels integrants del grup en escena han de ser persones majors de 55 anys.<br \/>\n&#8211; La duraci\u00f3 de la representaci\u00f3 no ser\u00e0 inferior a 60 minuts, ni superior a 120 minuts.<br \/>\n&#8211; Es podran presentar muntatges en qualsevol de les lleng\u00fces oficials de la Comunitat Valenciana.<\/p>\n<p><strong>3. INSCRIPCI\u00d3 <\/strong><br \/>\nLa inscripci\u00f3 es realitzar\u00e0 enviant la seg\u00fcent documentaci\u00f3:<br \/>\n&#8211; Fitxa d&#8217;Inscripci\u00f3<br \/>\n&#8211; Fitxa art\u00edstica de la representaci\u00f3, amb detall dels participants aix\u00ed com la seua edat i una declaraci\u00f3 que cap membre de l&#8217;elenc actoral est\u00e0 vinculat al teatre professional.<br \/>\n&#8211; Fitxa t\u00e8cnica de l&#8217;obra proposada i les seues necessitats en format pdf.<br \/>\n&#8211; Sinopsi de l&#8217;obra, m\u00e0xim 10 l\u00ednies, en format pdf.<br \/>\n&#8211; Dossier complet de l&#8217;obra en format pdf.<br \/>\n&#8211; Traject\u00f2ria del grup en format pdf.<br \/>\n&#8211; Autoritzaci\u00f3 per a representar l&#8217;obra de l&#8217;autor o de la Societat General d&#8217;Autors.<br \/>\n&#8211; Dos fotos i cartell, en cas de tindre-ho, en format *jpg.<br \/>\n&#8211; Cr\u00edtiques o notes de premsa, en cas de comptar amb elles.<br \/>\n&#8211; Enlla\u00e7 d&#8217;acc\u00e9s a la gravaci\u00f3 \u00edntegra de l&#8217;obra (Youtube, Drive, etc).<br \/>\n&#8211; Enlla\u00e7 a v\u00eddeo promocional, m\u00e0xim 2 minuts, en cas de tindre-ho.<br \/>\nNo s&#8217;admetran enlla\u00e7os que obliguen a la desc\u00e0rrega de documents i\/o v\u00eddeos.<br \/>\nLa falta d&#8217;algun document suposar\u00e0 que es desestime la sol\u00b7licitud de participaci\u00f3. La documentaci\u00f3 es podr\u00e0 presentar per algun dels seg\u00fcents mitjans:<br \/>\n1) Formulari Google en l\u00ednia: https:\/\/forms.gle\/WaKD3zUMv7t6iBpg9<br \/>\n2) Enviar a l&#8217;adre\u00e7a de correu electr\u00f2nic:<br \/>\nrayuelacomunicacionartistica@gmail.com<br \/>\nfent figurar en l&#8217;assumpte CANDIDATURA (nom del grup) V CERTAMEN MAJORS A ESCENA .<br \/>\nQualsevol consulta relacionada amb el Certamen podr\u00e0 realitzar-se contactant amb el tel\u00e8fon 651334907 (Gonzalo Fern\u00e1ndez) o 616632554 (Pilar Pi\u00f1eiro).<br \/>\nData l\u00edmit d&#8217;admissi\u00f3 de sol\u00b7licituds: divendres 31 de maig de 2023<\/p>\n<p><strong>4. SELECCI\u00d3 <\/strong><br \/>\nL&#8217;organitzaci\u00f3 seleccionar\u00e0 3 muntatges, per a la seua representaci\u00f3 durant el certamen, i 2 de reserva, assignant-li a cada grup per sorteig un dia per a la representaci\u00f3 i comunicant-lo als grups abans del 15 de juny.<br \/>\nTots els grups participants, incl\u00f2s el guanyador de la passada edici\u00f3, rebran la quantitat de 500\u20ac per la selecci\u00f3 i representaci\u00f3, per a aix\u00f2 hauran de presentar obligat\u00f2riament la factura corresponent a l&#8217;Ajuntament de Santa Pola a trav\u00e9s de la plataforma FACE, al costat de l&#8217;exempci\u00f3 d&#8217;IVA i la Fulla de Manteniment de Tercers. En el cas de grups federats en la FTACV, podran rebre una quantitat addicional a c\u00e0rrec de la Federaci\u00f3 de Teatre Amateur de la Comunitat Valenciana segons acord de l&#8217;Assemblea anual, sempre que estiguen federats i al corrent de les quotes i obligacions amb esta Federaci\u00f3.<\/p>\n<p><strong>5. REPRESENTACIONS <\/strong><br \/>\nLes obres seleccionades no podran alterar ni el text, ni l&#8217;escenografia proposada en la gravaci\u00f3 presentada, i si hi haguera algun canvi, hauran de comunicar-lo per escrit a l&#8217;organitzaci\u00f3 per a la seua autoritzaci\u00f3.<br \/>\nAls grups seleccionats se&#8217;ls proporcionar\u00e0 la fitxa t\u00e8cnica del teatre de la Casa de Cultura, i se&#8217;ls facilitar\u00e0 ajuda t\u00e8cnica, aix\u00ed com disponibilitat de l&#8217;espai esc\u00e8nic durant tot el dia de la representaci\u00f3. Els treballs de c\u00e0rrega, desc\u00e0rrega, muntatge i desmuntatge de decorats seran a c\u00e0rrec dels grups participants.<\/p>\n<p><strong>6. GALA DE CLAUSURA I LLIURAMENT DE PREMIS <\/strong><br \/>\nEn la Gala de Clausura, que tindr\u00e0 lloc el 28 de setembre a les 19.30h a la Casa de Cultura, s&#8217;entregaran els premis, sent imprescindible l&#8217;assist\u00e8ncia d&#8217;almenys un representant dels grups participants. La pres\u00e8ncia en este acte ser\u00e0 obligat\u00f2ria i inexcusable per a la recollida de premis.<br \/>\nEl jurat concedir\u00e0 els seg\u00fcents premis, sense dotaci\u00f3 econ\u00f2mica:<br \/>\n&#8211; Al millor espectacle: placa commemorativa, diploma, i invitaci\u00f3 per a participar en la pr\u00f2xima edici\u00f3 2025 del certamen amb un espectacle diferent.<br \/>\n&#8211; A la millor adre\u00e7a: placa commemorativa i diploma.<br \/>\n&#8211; A la millor actuaci\u00f3 masculina\/femenina: placa commemorativa i diploma.<br \/>\n&#8211; Millor vestuari: placa commemorativa i diploma.<br \/>\n&#8211; Millor ambientaci\u00f3 i decorats: placa commemorativa i diploma.<br \/>\n&#8211; Premi especial del p\u00fablic: placa commemorativa i diploma.<\/p>\n<p><strong>7. ACCEPTACI\u00d3 DE LES BASES <\/strong><br \/>\nLa participaci\u00f3 en el Certamen suposa l&#8217;acceptaci\u00f3 de les presents bases, quedant facultada l&#8217;organitzaci\u00f3 per a resoldre qualsevol imprevist no contemplat en estes.<br \/>\nL&#8217;Ajuntament de Santa Pola, la Federaci\u00f3 FTACV i l&#8217;Associaci\u00f3 Cultural Rayuela Comunicaci\u00f3 Art\u00edstica (que col\u00b7laboren en l&#8217;organitzaci\u00f3 d&#8217;esta Mostra de Teatre) es reserven el dret de reproduir fragments dels espectacles presentats per les companyies participants que siguen seleccionades i de fotografiar algunes escenes de les obres per a contribuir a la promoci\u00f3 i difusi\u00f3 d&#8217;esta.<br \/>\nLa documentaci\u00f3 rebuda en les candidatures quedar\u00e0 en poder de l&#8217;organitzaci\u00f3 com a arxiu documental del Certamen.<\/p>\n","protected":false},"excerpt":{"rendered":"<p>Fins al 31 de maig es podran inscriure grups de teatre no professionals de tota Espanya que estiguen compostos almenys en un 75% per persones majors de 55 anys. El certamen se celebrar\u00e0 del 19 al 28 de setembre a la Casa de Cultura. La promoci\u00f3 de la trobada entre persones majors de 55 anys [&hellip;]<\/p>\n","protected":false},"author":96,"featured_media":35419,"comment_status":"closed","ping_status":"closed","sticky":false,"template":"","format":"standard","meta":{"_et_pb_use_builder":"","_et_pb_old_content":"","_et_gb_content_width":"","footnotes":""},"categories":[433,428],"tags":[430],"class_list":["post-35421","post","type-post","status-publish","format-standard","has-post-thumbnail","hentry","category-cultura-ca","category-personas-mayores-ca","tag-persones-majors"],"yoast_head":"<!-- This site is optimized with the Yoast SEO plugin v27.4 - https:\/\/yoast.com\/product\/yoast-seo-wordpress\/ -->\n<title>Santa Pola convoca el V Certamen de Teatre \u201cMajors a Escena\u201d - Ajuntament de Santa Pola<\/title>\n<meta name=\"robots\" content=\"index, follow, max-snippet:-1, max-image-preview:large, max-video-preview:-1\" \/>\n<link rel=\"canonical\" href=\"https:\/\/santapola.es\/ca\/35421\/\" \/>\n<meta property=\"og:locale\" content=\"ca_ES\" \/>\n<meta property=\"og:type\" content=\"article\" \/>\n<meta property=\"og:title\" content=\"Santa Pola convoca el V Certamen de Teatre \u201cMajors a Escena\u201d - Ajuntament de Santa Pola\" \/>\n<meta property=\"og:description\" content=\"Fins al 31 de maig es podran inscriure grups de teatre no professionals de tota Espanya que estiguen compostos almenys en un 75% per persones majors de 55 anys. El certamen se celebrar\u00e0 del 19 al 28 de setembre a la Casa de Cultura. La promoci\u00f3 de la trobada entre persones majors de 55 anys [&hellip;]\" \/>\n<meta property=\"og:url\" content=\"https:\/\/santapola.es\/ca\/35421\/\" \/>\n<meta property=\"og:site_name\" content=\"Ajuntament de Santa Pola\" \/>\n<meta property=\"article:publisher\" content=\"https:\/\/www.facebook.com\/AyuntamientoSantaPola\/\" \/>\n<meta property=\"article:published_time\" content=\"2024-04-18T12:24:27+00:00\" \/>\n<meta property=\"article:modified_time\" content=\"2024-04-18T12:31:29+00:00\" \/>\n<meta property=\"og:image\" content=\"https:\/\/santapola.es\/wp-content\/uploads\/2024\/04\/MAYORES-A-ESCENA-2024.jpg\" \/>\n\t<meta property=\"og:image:width\" content=\"1600\" \/>\n\t<meta property=\"og:image:height\" content=\"2263\" \/>\n\t<meta property=\"og:image:type\" content=\"image\/jpeg\" \/>\n<meta name=\"author\" content=\"Jos\u00e9 Juan L\u00f3pez Lafuente\" \/>\n<meta name=\"twitter:card\" content=\"summary_large_image\" \/>\n<meta name=\"twitter:creator\" content=\"@SantaPolaAyunt\" \/>\n<meta name=\"twitter:site\" content=\"@SantaPolaAyunt\" \/>\n<script type=\"application\/ld+json\" class=\"yoast-schema-graph\">{\"@context\":\"https:\\\/\\\/schema.org\",\"@graph\":[{\"@type\":\"Article\",\"@id\":\"https:\\\/\\\/santapola.es\\\/ca\\\/35421\\\/#article\",\"isPartOf\":{\"@id\":\"https:\\\/\\\/santapola.es\\\/ca\\\/35421\\\/\"},\"author\":{\"name\":\"Jos\u00e9 Juan L\u00f3pez Lafuente\",\"@id\":\"https:\\\/\\\/santapola.es\\\/ca\\\/#\\\/schema\\\/person\\\/ad1d67403707b58350c7be5e8dbc442d\"},\"headline\":\"Santa Pola convoca el V Certamen de Teatre \u201cMajors a Escena\u201d\",\"datePublished\":\"2024-04-18T12:24:27+00:00\",\"dateModified\":\"2024-04-18T12:31:29+00:00\",\"mainEntityOfPage\":{\"@id\":\"https:\\\/\\\/santapola.es\\\/ca\\\/35421\\\/\"},\"wordCount\":1145,\"image\":{\"@id\":\"https:\\\/\\\/santapola.es\\\/ca\\\/35421\\\/#primaryimage\"},\"thumbnailUrl\":\"https:\\\/\\\/santapola.es\\\/wp-content\\\/uploads\\\/2024\\\/04\\\/MAYORES-A-ESCENA-2024.jpg\",\"keywords\":[\"Persones majors\"],\"articleSection\":[\"Cultura\",\"Personas mayores\"],\"inLanguage\":\"ca\"},{\"@type\":\"WebPage\",\"@id\":\"https:\\\/\\\/santapola.es\\\/ca\\\/35421\\\/\",\"url\":\"https:\\\/\\\/santapola.es\\\/ca\\\/35421\\\/\",\"name\":\"Santa Pola convoca el V Certamen de Teatre \u201cMajors a Escena\u201d - Ajuntament de Santa Pola\",\"isPartOf\":{\"@id\":\"https:\\\/\\\/santapola.es\\\/ca\\\/#website\"},\"primaryImageOfPage\":{\"@id\":\"https:\\\/\\\/santapola.es\\\/ca\\\/35421\\\/#primaryimage\"},\"image\":{\"@id\":\"https:\\\/\\\/santapola.es\\\/ca\\\/35421\\\/#primaryimage\"},\"thumbnailUrl\":\"https:\\\/\\\/santapola.es\\\/wp-content\\\/uploads\\\/2024\\\/04\\\/MAYORES-A-ESCENA-2024.jpg\",\"datePublished\":\"2024-04-18T12:24:27+00:00\",\"dateModified\":\"2024-04-18T12:31:29+00:00\",\"author\":{\"@id\":\"https:\\\/\\\/santapola.es\\\/ca\\\/#\\\/schema\\\/person\\\/ad1d67403707b58350c7be5e8dbc442d\"},\"breadcrumb\":{\"@id\":\"https:\\\/\\\/santapola.es\\\/ca\\\/35421\\\/#breadcrumb\"},\"inLanguage\":\"ca\",\"potentialAction\":[{\"@type\":\"ReadAction\",\"target\":[\"https:\\\/\\\/santapola.es\\\/ca\\\/35421\\\/\"]}]},{\"@type\":\"ImageObject\",\"inLanguage\":\"ca\",\"@id\":\"https:\\\/\\\/santapola.es\\\/ca\\\/35421\\\/#primaryimage\",\"url\":\"https:\\\/\\\/santapola.es\\\/wp-content\\\/uploads\\\/2024\\\/04\\\/MAYORES-A-ESCENA-2024.jpg\",\"contentUrl\":\"https:\\\/\\\/santapola.es\\\/wp-content\\\/uploads\\\/2024\\\/04\\\/MAYORES-A-ESCENA-2024.jpg\",\"width\":1600,\"height\":2263},{\"@type\":\"BreadcrumbList\",\"@id\":\"https:\\\/\\\/santapola.es\\\/ca\\\/35421\\\/#breadcrumb\",\"itemListElement\":[{\"@type\":\"ListItem\",\"position\":1,\"name\":\"Inici\",\"item\":\"https:\\\/\\\/santapola.es\\\/ca\\\/\"},{\"@type\":\"ListItem\",\"position\":2,\"name\":\"Santa Pola convoca el V Certamen de Teatre \u201cMajors a Escena\u201d\"}]},{\"@type\":\"WebSite\",\"@id\":\"https:\\\/\\\/santapola.es\\\/ca\\\/#website\",\"url\":\"https:\\\/\\\/santapola.es\\\/ca\\\/\",\"name\":\"Ayuntamiento de Santa Pola\",\"description\":\"Web de l'Ajuntament de Santa Pola\",\"potentialAction\":[{\"@type\":\"SearchAction\",\"target\":{\"@type\":\"EntryPoint\",\"urlTemplate\":\"https:\\\/\\\/santapola.es\\\/ca\\\/?s={search_term_string}\"},\"query-input\":{\"@type\":\"PropertyValueSpecification\",\"valueRequired\":true,\"valueName\":\"search_term_string\"}}],\"inLanguage\":\"ca\"},{\"@type\":\"Person\",\"@id\":\"https:\\\/\\\/santapola.es\\\/ca\\\/#\\\/schema\\\/person\\\/ad1d67403707b58350c7be5e8dbc442d\",\"name\":\"Jos\u00e9 Juan L\u00f3pez Lafuente\"}]}<\/script>\n<!-- \/ Yoast SEO plugin. -->","yoast_head_json":{"title":"Santa Pola convoca el V Certamen de Teatre \u201cMajors a Escena\u201d - Ajuntament de Santa Pola","robots":{"index":"index","follow":"follow","max-snippet":"max-snippet:-1","max-image-preview":"max-image-preview:large","max-video-preview":"max-video-preview:-1"},"canonical":"https:\/\/santapola.es\/ca\/35421\/","og_locale":"ca_ES","og_type":"article","og_title":"Santa Pola convoca el V Certamen de Teatre \u201cMajors a Escena\u201d - Ajuntament de Santa Pola","og_description":"Fins al 31 de maig es podran inscriure grups de teatre no professionals de tota Espanya que estiguen compostos almenys en un 75% per persones majors de 55 anys. El certamen se celebrar\u00e0 del 19 al 28 de setembre a la Casa de Cultura. La promoci\u00f3 de la trobada entre persones majors de 55 anys [&hellip;]","og_url":"https:\/\/santapola.es\/ca\/35421\/","og_site_name":"Ajuntament de Santa Pola","article_publisher":"https:\/\/www.facebook.com\/AyuntamientoSantaPola\/","article_published_time":"2024-04-18T12:24:27+00:00","article_modified_time":"2024-04-18T12:31:29+00:00","og_image":[{"width":1600,"height":2263,"url":"https:\/\/santapola.es\/wp-content\/uploads\/2024\/04\/MAYORES-A-ESCENA-2024.jpg","type":"image\/jpeg"}],"author":"Jos\u00e9 Juan L\u00f3pez Lafuente","twitter_card":"summary_large_image","twitter_creator":"@SantaPolaAyunt","twitter_site":"@SantaPolaAyunt","schema":{"@context":"https:\/\/schema.org","@graph":[{"@type":"Article","@id":"https:\/\/santapola.es\/ca\/35421\/#article","isPartOf":{"@id":"https:\/\/santapola.es\/ca\/35421\/"},"author":{"name":"Jos\u00e9 Juan L\u00f3pez Lafuente","@id":"https:\/\/santapola.es\/ca\/#\/schema\/person\/ad1d67403707b58350c7be5e8dbc442d"},"headline":"Santa Pola convoca el V Certamen de Teatre \u201cMajors a Escena\u201d","datePublished":"2024-04-18T12:24:27+00:00","dateModified":"2024-04-18T12:31:29+00:00","mainEntityOfPage":{"@id":"https:\/\/santapola.es\/ca\/35421\/"},"wordCount":1145,"image":{"@id":"https:\/\/santapola.es\/ca\/35421\/#primaryimage"},"thumbnailUrl":"https:\/\/santapola.es\/wp-content\/uploads\/2024\/04\/MAYORES-A-ESCENA-2024.jpg","keywords":["Persones majors"],"articleSection":["Cultura","Personas mayores"],"inLanguage":"ca"},{"@type":"WebPage","@id":"https:\/\/santapola.es\/ca\/35421\/","url":"https:\/\/santapola.es\/ca\/35421\/","name":"Santa Pola convoca el V Certamen de Teatre \u201cMajors a Escena\u201d - Ajuntament de Santa Pola","isPartOf":{"@id":"https:\/\/santapola.es\/ca\/#website"},"primaryImageOfPage":{"@id":"https:\/\/santapola.es\/ca\/35421\/#primaryimage"},"image":{"@id":"https:\/\/santapola.es\/ca\/35421\/#primaryimage"},"thumbnailUrl":"https:\/\/santapola.es\/wp-content\/uploads\/2024\/04\/MAYORES-A-ESCENA-2024.jpg","datePublished":"2024-04-18T12:24:27+00:00","dateModified":"2024-04-18T12:31:29+00:00","author":{"@id":"https:\/\/santapola.es\/ca\/#\/schema\/person\/ad1d67403707b58350c7be5e8dbc442d"},"breadcrumb":{"@id":"https:\/\/santapola.es\/ca\/35421\/#breadcrumb"},"inLanguage":"ca","potentialAction":[{"@type":"ReadAction","target":["https:\/\/santapola.es\/ca\/35421\/"]}]},{"@type":"ImageObject","inLanguage":"ca","@id":"https:\/\/santapola.es\/ca\/35421\/#primaryimage","url":"https:\/\/santapola.es\/wp-content\/uploads\/2024\/04\/MAYORES-A-ESCENA-2024.jpg","contentUrl":"https:\/\/santapola.es\/wp-content\/uploads\/2024\/04\/MAYORES-A-ESCENA-2024.jpg","width":1600,"height":2263},{"@type":"BreadcrumbList","@id":"https:\/\/santapola.es\/ca\/35421\/#breadcrumb","itemListElement":[{"@type":"ListItem","position":1,"name":"Inici","item":"https:\/\/santapola.es\/ca\/"},{"@type":"ListItem","position":2,"name":"Santa Pola convoca el V Certamen de Teatre \u201cMajors a Escena\u201d"}]},{"@type":"WebSite","@id":"https:\/\/santapola.es\/ca\/#website","url":"https:\/\/santapola.es\/ca\/","name":"Ayuntamiento de Santa Pola","description":"Web de l'Ajuntament de Santa Pola","potentialAction":[{"@type":"SearchAction","target":{"@type":"EntryPoint","urlTemplate":"https:\/\/santapola.es\/ca\/?s={search_term_string}"},"query-input":{"@type":"PropertyValueSpecification","valueRequired":true,"valueName":"search_term_string"}}],"inLanguage":"ca"},{"@type":"Person","@id":"https:\/\/santapola.es\/ca\/#\/schema\/person\/ad1d67403707b58350c7be5e8dbc442d","name":"Jos\u00e9 Juan L\u00f3pez Lafuente"}]}},"_links":{"self":[{"href":"https:\/\/santapola.es\/ca\/wp-json\/wp\/v2\/posts\/35421","targetHints":{"allow":["GET"]}}],"collection":[{"href":"https:\/\/santapola.es\/ca\/wp-json\/wp\/v2\/posts"}],"about":[{"href":"https:\/\/santapola.es\/ca\/wp-json\/wp\/v2\/types\/post"}],"author":[{"embeddable":true,"href":"https:\/\/santapola.es\/ca\/wp-json\/wp\/v2\/users\/96"}],"replies":[{"embeddable":true,"href":"https:\/\/santapola.es\/ca\/wp-json\/wp\/v2\/comments?post=35421"}],"version-history":[{"count":0,"href":"https:\/\/santapola.es\/ca\/wp-json\/wp\/v2\/posts\/35421\/revisions"}],"wp:featuredmedia":[{"embeddable":true,"href":"https:\/\/santapola.es\/ca\/wp-json\/wp\/v2\/media\/35419"}],"wp:attachment":[{"href":"https:\/\/santapola.es\/ca\/wp-json\/wp\/v2\/media?parent=35421"}],"wp:term":[{"taxonomy":"category","embeddable":true,"href":"https:\/\/santapola.es\/ca\/wp-json\/wp\/v2\/categories?post=35421"},{"taxonomy":"post_tag","embeddable":true,"href":"https:\/\/santapola.es\/ca\/wp-json\/wp\/v2\/tags?post=35421"}],"curies":[{"name":"wp","href":"https:\/\/api.w.org\/{rel}","templated":true}]}}