{"id":35127,"date":"2024-04-15T18:26:35","date_gmt":"2024-04-15T16:26:35","guid":{"rendered":"https:\/\/www.santapola.es\/?p=35127"},"modified":"2024-04-15T20:15:29","modified_gmt":"2024-04-15T18:15:29","slug":"crida-a-la-ciutadania-per-a-evitar-abocaments-de-residus-i-estris-en-la-via-publica","status":"publish","type":"post","link":"https:\/\/santapola.es\/ca\/crida-a-la-ciutadania-per-a-evitar-abocaments-de-residus-i-estris-en-la-via-publica\/","title":{"rendered":"Crida a la ciutadania per a evitar abocaments de residus i estris en la via p\u00fablica"},"content":{"rendered":"<p><strong>La regidor de Neteja recorda que existix un servici gratu\u00eft de recollida d&#8217;estris mitjan\u00e7ant crida o WhatsApp al 686 801 323, que evitaria els constants abocaments que trobem als carrers. Els infractors s&#8217;exposen a multes de fins a 1.500 euros.<\/strong><br \/>Mentres l&#8217;Ajuntament de Santa Pola afronta el proc\u00e9s de renovaci\u00f3 de tot el parc de contenidors de recollida selectiva a conseq\u00fc\u00e8ncia de la nova contracta de neteja per als pr\u00f2xims deu anys, cap d&#8217;estos esfor\u00e7os acabar\u00e0 del tot amb el problema si no comptem amb la col\u00b7laboraci\u00f3 dels ciutadans.<br \/>Amb millors o pitjors contenidors, amb m\u00e9s o menys mitjans materials i humans, continua sent dif\u00edcil combatre di\u00e0riament l&#8217;actitud inc\u00edvica d&#8217;algunes persones que no respecten les m\u00ednimes normes de conviv\u00e8ncia.<br \/>Trobar constantment abocaments de residus o estris fora dels contenidors, en descampats, en qualsevol rac\u00f3 de la via p\u00fablica i fins i tot en zones protegides s&#8217;ha convertit en una frustrant realitat.<br \/>La regidor de Neteja, Encarni Ram\u00edrez, reconeix que \u201cel meu major somni seria tindre un poble net i exemplar per a tots els que vivim en ell, aix\u00ed com per als quals ens visiten, i amb eixa intenci\u00f3 m&#8217;alce tots els dies a treballar. S\u00e9 que en tots els barris del poble hi ha gent conscienciada a mantindre net el seu entorn, a buscar la manera de tacar el menys possible sabent que no \u00e9s m\u00e9s net qui m\u00e9s neta sin\u00f3 qui menys embruta\u201d.<br \/>Ram\u00edrez lamenta que hi haja una minoria de ve\u00efns als qui \u201cres els importa el benestar, la neteja o qualsevol cosa que afecte els seus conciutadans. S\u00f3n \u00e9ssers egoistes que nom\u00e9s pensen en els seus drets i llibertats, sense pensar en els drets i llibertats dels quals conviuen amb ells\u201d.<br \/>Cal recordar que els servicis municipals de neteja posen a la disposici\u00f3 de tots els ve\u00efns del municipi un tel\u00e8fon de recollida d&#8217;estris, el 686 801 323, al qual podem avisar mitjan\u00e7ant crida o per WhatsApp perqu\u00e8 arrepleguen de manera gratu\u00efta i a la porta de casa els objectes que anem a retirar.<br \/>En posar-se en contacte amb Urbaser, s&#8217;indicar\u00e0 el dia i l&#8217;hora aproximada en la qual hauran de traure els estris al carrer per a procedir a la recollida. \u00c9s un servici efectiu, r\u00e0pid i gratu\u00eft que costa molt poc esfor\u00e7 al ciutad\u00e0 i evita que els residus siguen abandonats al carrer, molestant a la resta dels ve\u00efns i donant una sensaci\u00f3 de deixadesa que ning\u00fa vol. <br \/>La conscienciaci\u00f3 \u00e9s important, per\u00f2 no sempre efectiva per si sola, de manera que la Policia Local actua quan es detecta un cas i a vegades \u00e9s possible identificar a l&#8217;infractor, que s&#8217;exposa a una multa de fins a 1.500 euros per abocament en la via p\u00fablica.<br \/>Encarni Ram\u00edrez reconeix que \u201cmai un poble podr\u00e0 estar net sense la implicaci\u00f3 conjunta entre pol\u00edtics i ciutadans. La meua implicaci\u00f3 \u00e9s absoluta. Puc comptar amb la de tots vosaltres?\u201d<\/p>\n","protected":false},"excerpt":{"rendered":"<p>La regidor de Neteja recorda que existeix un servei gratu\u00eft de recollida d&#8217;estris mitjan\u00e7ant crida o WhatsApp al 686 801 323, que evitaria els constants abocaments que trobem als carrers. Els infractors s&#8217;exposen a multes de fins a 1.500 euros.<\/p>\n","protected":false},"author":96,"featured_media":35129,"comment_status":"closed","ping_status":"closed","sticky":false,"template":"","format":"standard","meta":{"_et_pb_use_builder":"","_et_pb_old_content":"","_et_gb_content_width":"","footnotes":""},"categories":[537],"tags":[539,541,540],"class_list":["post-35127","post","type-post","status-publish","format-standard","has-post-thumbnail","hentry","category-neteja","tag-encarni-ramirez-ca","tag-recollida-destris","tag-urbaser-ca"],"yoast_head":"<!-- This site is optimized with the Yoast SEO plugin v27.4 - https:\/\/yoast.com\/product\/yoast-seo-wordpress\/ -->\n<title>Crida a la ciutadania per a evitar abocaments de residus i estris en la via p\u00fablica - Ajuntament de Santa Pola<\/title>\n<meta name=\"robots\" content=\"index, follow, max-snippet:-1, max-image-preview:large, max-video-preview:-1\" \/>\n<link rel=\"canonical\" href=\"https:\/\/santapola.es\/ca\/crida-a-la-ciutadania-per-a-evitar-abocaments-de-residus-i-estris-en-la-via-publica\/\" \/>\n<meta property=\"og:locale\" content=\"ca_ES\" \/>\n<meta property=\"og:type\" content=\"article\" \/>\n<meta property=\"og:title\" content=\"Crida a la ciutadania per a evitar abocaments de residus i estris en la via p\u00fablica - Ajuntament de Santa Pola\" \/>\n<meta property=\"og:description\" content=\"La regidor de Neteja recorda que existeix un servei gratu\u00eft de recollida d&#039;estris mitjan\u00e7ant crida o WhatsApp al 686 801 323, que evitaria els constants abocaments que trobem als carrers. Els infractors s&#039;exposen a multes de fins a 1.500 euros.\" \/>\n<meta property=\"og:url\" content=\"https:\/\/santapola.es\/ca\/crida-a-la-ciutadania-per-a-evitar-abocaments-de-residus-i-estris-en-la-via-publica\/\" \/>\n<meta property=\"og:site_name\" content=\"Ajuntament de Santa Pola\" \/>\n<meta property=\"article:publisher\" content=\"https:\/\/www.facebook.com\/AyuntamientoSantaPola\/\" \/>\n<meta property=\"article:published_time\" content=\"2024-04-15T16:26:35+00:00\" \/>\n<meta property=\"article:modified_time\" content=\"2024-04-15T18:15:29+00:00\" \/>\n<meta property=\"og:image\" content=\"https:\/\/santapola.es\/wp-content\/uploads\/2024\/04\/Encarni-Ramirez.jpeg\" \/>\n\t<meta property=\"og:image:width\" content=\"1920\" \/>\n\t<meta property=\"og:image:height\" content=\"1440\" \/>\n\t<meta property=\"og:image:type\" content=\"image\/jpeg\" \/>\n<meta name=\"author\" content=\"Jos\u00e9 Juan L\u00f3pez Lafuente\" \/>\n<meta name=\"twitter:card\" content=\"summary_large_image\" \/>\n<meta name=\"twitter:creator\" content=\"@SantaPolaAyunt\" \/>\n<meta name=\"twitter:site\" content=\"@SantaPolaAyunt\" \/>\n<script type=\"application\/ld+json\" class=\"yoast-schema-graph\">{\"@context\":\"https:\\\/\\\/schema.org\",\"@graph\":[{\"@type\":\"Article\",\"@id\":\"https:\\\/\\\/santapola.es\\\/ca\\\/crida-a-la-ciutadania-per-a-evitar-abocaments-de-residus-i-estris-en-la-via-publica\\\/#article\",\"isPartOf\":{\"@id\":\"https:\\\/\\\/santapola.es\\\/ca\\\/crida-a-la-ciutadania-per-a-evitar-abocaments-de-residus-i-estris-en-la-via-publica\\\/\"},\"author\":{\"name\":\"Jos\u00e9 Juan L\u00f3pez Lafuente\",\"@id\":\"https:\\\/\\\/santapola.es\\\/ca\\\/#\\\/schema\\\/person\\\/ad1d67403707b58350c7be5e8dbc442d\"},\"headline\":\"Crida a la ciutadania per a evitar abocaments de residus i estris en la via p\u00fablica\",\"datePublished\":\"2024-04-15T16:26:35+00:00\",\"dateModified\":\"2024-04-15T18:15:29+00:00\",\"mainEntityOfPage\":{\"@id\":\"https:\\\/\\\/santapola.es\\\/ca\\\/crida-a-la-ciutadania-per-a-evitar-abocaments-de-residus-i-estris-en-la-via-publica\\\/\"},\"wordCount\":534,\"image\":{\"@id\":\"https:\\\/\\\/santapola.es\\\/ca\\\/crida-a-la-ciutadania-per-a-evitar-abocaments-de-residus-i-estris-en-la-via-publica\\\/#primaryimage\"},\"thumbnailUrl\":\"https:\\\/\\\/santapola.es\\\/wp-content\\\/uploads\\\/2024\\\/04\\\/Encarni-Ramirez.jpeg\",\"keywords\":[\"Encarni Ram\u00edrez\",\"recollida d'estris\",\"Urbaser\"],\"articleSection\":[\"Neteja\"],\"inLanguage\":\"ca\"},{\"@type\":\"WebPage\",\"@id\":\"https:\\\/\\\/santapola.es\\\/ca\\\/crida-a-la-ciutadania-per-a-evitar-abocaments-de-residus-i-estris-en-la-via-publica\\\/\",\"url\":\"https:\\\/\\\/santapola.es\\\/ca\\\/crida-a-la-ciutadania-per-a-evitar-abocaments-de-residus-i-estris-en-la-via-publica\\\/\",\"name\":\"Crida a la ciutadania per a evitar abocaments de residus i estris en la via p\u00fablica - Ajuntament de Santa Pola\",\"isPartOf\":{\"@id\":\"https:\\\/\\\/santapola.es\\\/ca\\\/#website\"},\"primaryImageOfPage\":{\"@id\":\"https:\\\/\\\/santapola.es\\\/ca\\\/crida-a-la-ciutadania-per-a-evitar-abocaments-de-residus-i-estris-en-la-via-publica\\\/#primaryimage\"},\"image\":{\"@id\":\"https:\\\/\\\/santapola.es\\\/ca\\\/crida-a-la-ciutadania-per-a-evitar-abocaments-de-residus-i-estris-en-la-via-publica\\\/#primaryimage\"},\"thumbnailUrl\":\"https:\\\/\\\/santapola.es\\\/wp-content\\\/uploads\\\/2024\\\/04\\\/Encarni-Ramirez.jpeg\",\"datePublished\":\"2024-04-15T16:26:35+00:00\",\"dateModified\":\"2024-04-15T18:15:29+00:00\",\"author\":{\"@id\":\"https:\\\/\\\/santapola.es\\\/ca\\\/#\\\/schema\\\/person\\\/ad1d67403707b58350c7be5e8dbc442d\"},\"breadcrumb\":{\"@id\":\"https:\\\/\\\/santapola.es\\\/ca\\\/crida-a-la-ciutadania-per-a-evitar-abocaments-de-residus-i-estris-en-la-via-publica\\\/#breadcrumb\"},\"inLanguage\":\"ca\",\"potentialAction\":[{\"@type\":\"ReadAction\",\"target\":[\"https:\\\/\\\/santapola.es\\\/ca\\\/crida-a-la-ciutadania-per-a-evitar-abocaments-de-residus-i-estris-en-la-via-publica\\\/\"]}]},{\"@type\":\"ImageObject\",\"inLanguage\":\"ca\",\"@id\":\"https:\\\/\\\/santapola.es\\\/ca\\\/crida-a-la-ciutadania-per-a-evitar-abocaments-de-residus-i-estris-en-la-via-publica\\\/#primaryimage\",\"url\":\"https:\\\/\\\/santapola.es\\\/wp-content\\\/uploads\\\/2024\\\/04\\\/Encarni-Ramirez.jpeg\",\"contentUrl\":\"https:\\\/\\\/santapola.es\\\/wp-content\\\/uploads\\\/2024\\\/04\\\/Encarni-Ramirez.jpeg\",\"width\":1920,\"height\":1440},{\"@type\":\"BreadcrumbList\",\"@id\":\"https:\\\/\\\/santapola.es\\\/ca\\\/crida-a-la-ciutadania-per-a-evitar-abocaments-de-residus-i-estris-en-la-via-publica\\\/#breadcrumb\",\"itemListElement\":[{\"@type\":\"ListItem\",\"position\":1,\"name\":\"Inici\",\"item\":\"https:\\\/\\\/santapola.es\\\/ca\\\/\"},{\"@type\":\"ListItem\",\"position\":2,\"name\":\"Crida a la ciutadania per a evitar abocaments de residus i estris en la via p\u00fablica\"}]},{\"@type\":\"WebSite\",\"@id\":\"https:\\\/\\\/santapola.es\\\/ca\\\/#website\",\"url\":\"https:\\\/\\\/santapola.es\\\/ca\\\/\",\"name\":\"Ayuntamiento de Santa Pola\",\"description\":\"Web de l'Ajuntament de Santa Pola\",\"potentialAction\":[{\"@type\":\"SearchAction\",\"target\":{\"@type\":\"EntryPoint\",\"urlTemplate\":\"https:\\\/\\\/santapola.es\\\/ca\\\/?s={search_term_string}\"},\"query-input\":{\"@type\":\"PropertyValueSpecification\",\"valueRequired\":true,\"valueName\":\"search_term_string\"}}],\"inLanguage\":\"ca\"},{\"@type\":\"Person\",\"@id\":\"https:\\\/\\\/santapola.es\\\/ca\\\/#\\\/schema\\\/person\\\/ad1d67403707b58350c7be5e8dbc442d\",\"name\":\"Jos\u00e9 Juan L\u00f3pez Lafuente\"}]}<\/script>\n<!-- \/ Yoast SEO plugin. -->","yoast_head_json":{"title":"Crida a la ciutadania per a evitar abocaments de residus i estris en la via p\u00fablica - Ajuntament de Santa Pola","robots":{"index":"index","follow":"follow","max-snippet":"max-snippet:-1","max-image-preview":"max-image-preview:large","max-video-preview":"max-video-preview:-1"},"canonical":"https:\/\/santapola.es\/ca\/crida-a-la-ciutadania-per-a-evitar-abocaments-de-residus-i-estris-en-la-via-publica\/","og_locale":"ca_ES","og_type":"article","og_title":"Crida a la ciutadania per a evitar abocaments de residus i estris en la via p\u00fablica - Ajuntament de Santa Pola","og_description":"La regidor de Neteja recorda que existeix un servei gratu\u00eft de recollida d'estris mitjan\u00e7ant crida o WhatsApp al 686 801 323, que evitaria els constants abocaments que trobem als carrers. Els infractors s'exposen a multes de fins a 1.500 euros.","og_url":"https:\/\/santapola.es\/ca\/crida-a-la-ciutadania-per-a-evitar-abocaments-de-residus-i-estris-en-la-via-publica\/","og_site_name":"Ajuntament de Santa Pola","article_publisher":"https:\/\/www.facebook.com\/AyuntamientoSantaPola\/","article_published_time":"2024-04-15T16:26:35+00:00","article_modified_time":"2024-04-15T18:15:29+00:00","og_image":[{"width":1920,"height":1440,"url":"https:\/\/santapola.es\/wp-content\/uploads\/2024\/04\/Encarni-Ramirez.jpeg","type":"image\/jpeg"}],"author":"Jos\u00e9 Juan L\u00f3pez Lafuente","twitter_card":"summary_large_image","twitter_creator":"@SantaPolaAyunt","twitter_site":"@SantaPolaAyunt","schema":{"@context":"https:\/\/schema.org","@graph":[{"@type":"Article","@id":"https:\/\/santapola.es\/ca\/crida-a-la-ciutadania-per-a-evitar-abocaments-de-residus-i-estris-en-la-via-publica\/#article","isPartOf":{"@id":"https:\/\/santapola.es\/ca\/crida-a-la-ciutadania-per-a-evitar-abocaments-de-residus-i-estris-en-la-via-publica\/"},"author":{"name":"Jos\u00e9 Juan L\u00f3pez Lafuente","@id":"https:\/\/santapola.es\/ca\/#\/schema\/person\/ad1d67403707b58350c7be5e8dbc442d"},"headline":"Crida a la ciutadania per a evitar abocaments de residus i estris en la via p\u00fablica","datePublished":"2024-04-15T16:26:35+00:00","dateModified":"2024-04-15T18:15:29+00:00","mainEntityOfPage":{"@id":"https:\/\/santapola.es\/ca\/crida-a-la-ciutadania-per-a-evitar-abocaments-de-residus-i-estris-en-la-via-publica\/"},"wordCount":534,"image":{"@id":"https:\/\/santapola.es\/ca\/crida-a-la-ciutadania-per-a-evitar-abocaments-de-residus-i-estris-en-la-via-publica\/#primaryimage"},"thumbnailUrl":"https:\/\/santapola.es\/wp-content\/uploads\/2024\/04\/Encarni-Ramirez.jpeg","keywords":["Encarni Ram\u00edrez","recollida d'estris","Urbaser"],"articleSection":["Neteja"],"inLanguage":"ca"},{"@type":"WebPage","@id":"https:\/\/santapola.es\/ca\/crida-a-la-ciutadania-per-a-evitar-abocaments-de-residus-i-estris-en-la-via-publica\/","url":"https:\/\/santapola.es\/ca\/crida-a-la-ciutadania-per-a-evitar-abocaments-de-residus-i-estris-en-la-via-publica\/","name":"Crida a la ciutadania per a evitar abocaments de residus i estris en la via p\u00fablica - Ajuntament de Santa Pola","isPartOf":{"@id":"https:\/\/santapola.es\/ca\/#website"},"primaryImageOfPage":{"@id":"https:\/\/santapola.es\/ca\/crida-a-la-ciutadania-per-a-evitar-abocaments-de-residus-i-estris-en-la-via-publica\/#primaryimage"},"image":{"@id":"https:\/\/santapola.es\/ca\/crida-a-la-ciutadania-per-a-evitar-abocaments-de-residus-i-estris-en-la-via-publica\/#primaryimage"},"thumbnailUrl":"https:\/\/santapola.es\/wp-content\/uploads\/2024\/04\/Encarni-Ramirez.jpeg","datePublished":"2024-04-15T16:26:35+00:00","dateModified":"2024-04-15T18:15:29+00:00","author":{"@id":"https:\/\/santapola.es\/ca\/#\/schema\/person\/ad1d67403707b58350c7be5e8dbc442d"},"breadcrumb":{"@id":"https:\/\/santapola.es\/ca\/crida-a-la-ciutadania-per-a-evitar-abocaments-de-residus-i-estris-en-la-via-publica\/#breadcrumb"},"inLanguage":"ca","potentialAction":[{"@type":"ReadAction","target":["https:\/\/santapola.es\/ca\/crida-a-la-ciutadania-per-a-evitar-abocaments-de-residus-i-estris-en-la-via-publica\/"]}]},{"@type":"ImageObject","inLanguage":"ca","@id":"https:\/\/santapola.es\/ca\/crida-a-la-ciutadania-per-a-evitar-abocaments-de-residus-i-estris-en-la-via-publica\/#primaryimage","url":"https:\/\/santapola.es\/wp-content\/uploads\/2024\/04\/Encarni-Ramirez.jpeg","contentUrl":"https:\/\/santapola.es\/wp-content\/uploads\/2024\/04\/Encarni-Ramirez.jpeg","width":1920,"height":1440},{"@type":"BreadcrumbList","@id":"https:\/\/santapola.es\/ca\/crida-a-la-ciutadania-per-a-evitar-abocaments-de-residus-i-estris-en-la-via-publica\/#breadcrumb","itemListElement":[{"@type":"ListItem","position":1,"name":"Inici","item":"https:\/\/santapola.es\/ca\/"},{"@type":"ListItem","position":2,"name":"Crida a la ciutadania per a evitar abocaments de residus i estris en la via p\u00fablica"}]},{"@type":"WebSite","@id":"https:\/\/santapola.es\/ca\/#website","url":"https:\/\/santapola.es\/ca\/","name":"Ayuntamiento de Santa Pola","description":"Web de l'Ajuntament de Santa Pola","potentialAction":[{"@type":"SearchAction","target":{"@type":"EntryPoint","urlTemplate":"https:\/\/santapola.es\/ca\/?s={search_term_string}"},"query-input":{"@type":"PropertyValueSpecification","valueRequired":true,"valueName":"search_term_string"}}],"inLanguage":"ca"},{"@type":"Person","@id":"https:\/\/santapola.es\/ca\/#\/schema\/person\/ad1d67403707b58350c7be5e8dbc442d","name":"Jos\u00e9 Juan L\u00f3pez Lafuente"}]}},"_links":{"self":[{"href":"https:\/\/santapola.es\/ca\/wp-json\/wp\/v2\/posts\/35127","targetHints":{"allow":["GET"]}}],"collection":[{"href":"https:\/\/santapola.es\/ca\/wp-json\/wp\/v2\/posts"}],"about":[{"href":"https:\/\/santapola.es\/ca\/wp-json\/wp\/v2\/types\/post"}],"author":[{"embeddable":true,"href":"https:\/\/santapola.es\/ca\/wp-json\/wp\/v2\/users\/96"}],"replies":[{"embeddable":true,"href":"https:\/\/santapola.es\/ca\/wp-json\/wp\/v2\/comments?post=35127"}],"version-history":[{"count":0,"href":"https:\/\/santapola.es\/ca\/wp-json\/wp\/v2\/posts\/35127\/revisions"}],"wp:featuredmedia":[{"embeddable":true,"href":"https:\/\/santapola.es\/ca\/wp-json\/wp\/v2\/media\/35129"}],"wp:attachment":[{"href":"https:\/\/santapola.es\/ca\/wp-json\/wp\/v2\/media?parent=35127"}],"wp:term":[{"taxonomy":"category","embeddable":true,"href":"https:\/\/santapola.es\/ca\/wp-json\/wp\/v2\/categories?post=35127"},{"taxonomy":"post_tag","embeddable":true,"href":"https:\/\/santapola.es\/ca\/wp-json\/wp\/v2\/tags?post=35127"}],"curies":[{"name":"wp","href":"https:\/\/api.w.org\/{rel}","templated":true}]}}