{"id":34189,"date":"2024-03-27T18:46:00","date_gmt":"2024-03-27T17:46:00","guid":{"rendered":"https:\/\/www.desarrollo.santapola.es\/acostant-als-escolars-de-santa-pola-el-treball-dels-servicis-demergencia\/"},"modified":"2024-03-27T18:46:00","modified_gmt":"2024-03-27T17:46:00","slug":"acostant-als-escolars-de-santa-pola-el-treball-dels-servicis-demergencia","status":"publish","type":"post","link":"https:\/\/santapola.es\/ca\/acostant-als-escolars-de-santa-pola-el-treball-dels-servicis-demergencia\/","title":{"rendered":"Acostant als escolars de Santa Pola el treball dels servicis d&#8217;emerg\u00e8ncia"},"content":{"rendered":"<p><strong>Uns 900 escolars d&#8217;entre 5 i 7 anys de tots els col\u00b7legis han gaudit este mat\u00ed a l&#8217;auditori El Palmerar d&#8217;una interessant exhibici\u00f3 dels servicis d&#8217;emerg\u00e8ncia, en la qual han participat Policia Local, Bombers i Creu Roja.<\/strong><\/p>\n<p>Organitzada pel Parc Infantil de Tr\u00e0nsit de la Policia Local de Santa Pola, l&#8217;exhibici\u00f3 d&#8217;este mat\u00ed ha congregat en el Palmerar a al voltant de 900 alumnes i alumnes d&#8217;Infantil-5, 1r i 2n curs de Prim\u00e0ria de tots els centres escolars de la localitat, que no sols s&#8217;han divertit amb les actuacions sin\u00f3 que tamb\u00e9 han apr\u00e9s molts consells pr\u00e0ctics per a la seua seguretat.<\/p>\n<p>Amb la pres\u00e8ncia de l&#8217;alcaldessa Loreto Serrano i la regidor de Seguretat Ciutadana, Ana Blasco, qui va donar la benvinguda a tots els assistents, la jornada ha comen\u00e7at amb una interessant demostraci\u00f3 del funcionament del dron de la Policia Local, que ha sobrevolat l&#8217;auditori projectant les imatges de la seua cambra en la pantalla disposada sobre l&#8217;escenari. Es tracta d&#8217;un dels elements m\u00e9s nous amb els quals treballa la policia i que facilita molt la seua labor des d&#8217;una perspectiva a\u00e8ria.<\/p>\n<p>A continuaci\u00f3 els protagonistes m\u00e9s esperats, els agents canins Indio i Nero de la unitat canina de la nostra policia. Els dos agents ensinistradors han realitzat amb ells diverses demostracions de com actuen els gossos amb la t\u00e8cnica del marcatge llepassa, tenint com a protagonistes a xiquets i xiquetes voluntaris que s&#8217;han mostrat encantats de treballar amb els cans.<\/p>\n<p>Posteriorment han sigut els bombers del parc comarcal de la Diputaci\u00f3 d&#8217;Alacant, els qui han realitzat un simulacre d&#8217;actuaci\u00f3 en un accident entre dos cotxes, mostrant en la pr\u00e0ctica les t\u00e8cniques d&#8217;excarceraci\u00f3 de les v\u00edctimes i descapontant literalment un dels vehicles.<\/p>\n<p>Els membres de Creu Roja Santa Pola han sigut els encarregats d&#8217;evacuar virtualment als ferits en la seua ambul\u00e0ncia.<\/p>\n<p>Ha sigut sens dubte una jornada molt divertida i alli\u00e7onadora per als xiquets, als qui s&#8217;ha aconseguit acostar al treball diari dels servicis d&#8217;emerg\u00e8ncia que ens protegixen en qualsevol circumst\u00e0ncia, i tamb\u00e9 un \u00e8xit de participaci\u00f3 dels organitzadors.<\/p>\n","protected":false},"excerpt":{"rendered":"<p>Uns 900 escolars d&#8217;entre 5 i 7 anys de tots els col\u00b7legis han gaudit este mat\u00ed a l&#8217;auditori El Palmerar d&#8217;una interessant exhibici\u00f3 dels servicis d&#8217;emerg\u00e8ncia, en la qual han participat Policia Local, Bombers i Creu Roja. Organitzada pel Parc Infantil de Tr\u00e0nsit de la Policia Local de Santa Pola, l&#8217;exhibici\u00f3 d&#8217;este mat\u00ed ha congregat [&hellip;]<\/p>\n","protected":false},"author":96,"featured_media":34187,"comment_status":"closed","ping_status":"closed","sticky":false,"template":"","format":"standard","meta":{"_et_pb_use_builder":"","_et_pb_old_content":"","_et_gb_content_width":"","footnotes":""},"categories":[444,443],"tags":[448,447,445,446],"class_list":["post-34189","post","type-post","status-publish","format-standard","has-post-thumbnail","hentry","category-policia-ca","category-seguretat-ciutadana-proteccio-civil","tag-bombers","tag-creu-roja","tag-parc-infantil-de-transit","tag-policia-local-ca"],"yoast_head":"<!-- This site is optimized with the Yoast SEO plugin v27.4 - https:\/\/yoast.com\/product\/yoast-seo-wordpress\/ -->\n<title>Acostant als escolars de Santa Pola el treball dels servicis d&#039;emerg\u00e8ncia - Ajuntament de Santa Pola<\/title>\n<meta name=\"robots\" content=\"index, follow, max-snippet:-1, max-image-preview:large, max-video-preview:-1\" \/>\n<link rel=\"canonical\" href=\"https:\/\/santapola.es\/ca\/acostant-als-escolars-de-santa-pola-el-treball-dels-servicis-demergencia\/\" \/>\n<meta property=\"og:locale\" content=\"ca_ES\" \/>\n<meta property=\"og:type\" content=\"article\" \/>\n<meta property=\"og:title\" content=\"Acostant als escolars de Santa Pola el treball dels servicis d&#039;emerg\u00e8ncia - Ajuntament de Santa Pola\" \/>\n<meta property=\"og:description\" content=\"Uns 900 escolars d&#8217;entre 5 i 7 anys de tots els col\u00b7legis han gaudit este mat\u00ed a l&#8217;auditori El Palmerar d&#8217;una interessant exhibici\u00f3 dels servicis d&#8217;emerg\u00e8ncia, en la qual han participat Policia Local, Bombers i Creu Roja. Organitzada pel Parc Infantil de Tr\u00e0nsit de la Policia Local de Santa Pola, l&#8217;exhibici\u00f3 d&#8217;este mat\u00ed ha congregat [&hellip;]\" \/>\n<meta property=\"og:url\" content=\"https:\/\/santapola.es\/ca\/acostant-als-escolars-de-santa-pola-el-treball-dels-servicis-demergencia\/\" \/>\n<meta property=\"og:site_name\" content=\"Ajuntament de Santa Pola\" \/>\n<meta property=\"article:publisher\" content=\"https:\/\/www.facebook.com\/AyuntamientoSantaPola\/\" \/>\n<meta property=\"article:published_time\" content=\"2024-03-27T17:46:00+00:00\" \/>\n<meta property=\"og:image\" content=\"https:\/\/santapola.es\/wp-content\/uploads\/2024\/04\/WhatsApp-Image-2024-03-27-at-14.56.36-4.jpeg\" \/>\n\t<meta property=\"og:image:width\" content=\"1600\" \/>\n\t<meta property=\"og:image:height\" content=\"900\" \/>\n\t<meta property=\"og:image:type\" content=\"image\/jpeg\" \/>\n<meta name=\"author\" content=\"Jos\u00e9 Juan L\u00f3pez Lafuente\" \/>\n<meta name=\"twitter:card\" content=\"summary_large_image\" \/>\n<meta name=\"twitter:creator\" content=\"@SantaPolaAyunt\" \/>\n<meta name=\"twitter:site\" content=\"@SantaPolaAyunt\" \/>\n<script type=\"application\/ld+json\" class=\"yoast-schema-graph\">{\"@context\":\"https:\\\/\\\/schema.org\",\"@graph\":[{\"@type\":\"Article\",\"@id\":\"https:\\\/\\\/santapola.es\\\/ca\\\/acostant-als-escolars-de-santa-pola-el-treball-dels-servicis-demergencia\\\/#article\",\"isPartOf\":{\"@id\":\"https:\\\/\\\/santapola.es\\\/ca\\\/acostant-als-escolars-de-santa-pola-el-treball-dels-servicis-demergencia\\\/\"},\"author\":{\"name\":\"Jos\u00e9 Juan L\u00f3pez Lafuente\",\"@id\":\"https:\\\/\\\/santapola.es\\\/ca\\\/#\\\/schema\\\/person\\\/ad1d67403707b58350c7be5e8dbc442d\"},\"headline\":\"Acostant als escolars de Santa Pola el treball dels servicis d&#8217;emerg\u00e8ncia\",\"datePublished\":\"2024-03-27T17:46:00+00:00\",\"mainEntityOfPage\":{\"@id\":\"https:\\\/\\\/santapola.es\\\/ca\\\/acostant-als-escolars-de-santa-pola-el-treball-dels-servicis-demergencia\\\/\"},\"wordCount\":388,\"image\":{\"@id\":\"https:\\\/\\\/santapola.es\\\/ca\\\/acostant-als-escolars-de-santa-pola-el-treball-dels-servicis-demergencia\\\/#primaryimage\"},\"thumbnailUrl\":\"https:\\\/\\\/santapola.es\\\/wp-content\\\/uploads\\\/2024\\\/04\\\/WhatsApp-Image-2024-03-27-at-14.56.36-4.jpeg\",\"keywords\":[\"Bombers\",\"Creu Roja\",\"Parc Infantil de Tr\u00e0nsit\",\"Policia Local\"],\"articleSection\":[\"Policia\",\"Seguretat Ciutadana \\\/ Protecci\u00f3 Civil\"],\"inLanguage\":\"ca\"},{\"@type\":\"WebPage\",\"@id\":\"https:\\\/\\\/santapola.es\\\/ca\\\/acostant-als-escolars-de-santa-pola-el-treball-dels-servicis-demergencia\\\/\",\"url\":\"https:\\\/\\\/santapola.es\\\/ca\\\/acostant-als-escolars-de-santa-pola-el-treball-dels-servicis-demergencia\\\/\",\"name\":\"Acostant als escolars de Santa Pola el treball dels servicis d'emerg\u00e8ncia - Ajuntament de Santa Pola\",\"isPartOf\":{\"@id\":\"https:\\\/\\\/santapola.es\\\/ca\\\/#website\"},\"primaryImageOfPage\":{\"@id\":\"https:\\\/\\\/santapola.es\\\/ca\\\/acostant-als-escolars-de-santa-pola-el-treball-dels-servicis-demergencia\\\/#primaryimage\"},\"image\":{\"@id\":\"https:\\\/\\\/santapola.es\\\/ca\\\/acostant-als-escolars-de-santa-pola-el-treball-dels-servicis-demergencia\\\/#primaryimage\"},\"thumbnailUrl\":\"https:\\\/\\\/santapola.es\\\/wp-content\\\/uploads\\\/2024\\\/04\\\/WhatsApp-Image-2024-03-27-at-14.56.36-4.jpeg\",\"datePublished\":\"2024-03-27T17:46:00+00:00\",\"author\":{\"@id\":\"https:\\\/\\\/santapola.es\\\/ca\\\/#\\\/schema\\\/person\\\/ad1d67403707b58350c7be5e8dbc442d\"},\"breadcrumb\":{\"@id\":\"https:\\\/\\\/santapola.es\\\/ca\\\/acostant-als-escolars-de-santa-pola-el-treball-dels-servicis-demergencia\\\/#breadcrumb\"},\"inLanguage\":\"ca\",\"potentialAction\":[{\"@type\":\"ReadAction\",\"target\":[\"https:\\\/\\\/santapola.es\\\/ca\\\/acostant-als-escolars-de-santa-pola-el-treball-dels-servicis-demergencia\\\/\"]}]},{\"@type\":\"ImageObject\",\"inLanguage\":\"ca\",\"@id\":\"https:\\\/\\\/santapola.es\\\/ca\\\/acostant-als-escolars-de-santa-pola-el-treball-dels-servicis-demergencia\\\/#primaryimage\",\"url\":\"https:\\\/\\\/santapola.es\\\/wp-content\\\/uploads\\\/2024\\\/04\\\/WhatsApp-Image-2024-03-27-at-14.56.36-4.jpeg\",\"contentUrl\":\"https:\\\/\\\/santapola.es\\\/wp-content\\\/uploads\\\/2024\\\/04\\\/WhatsApp-Image-2024-03-27-at-14.56.36-4.jpeg\",\"width\":1600,\"height\":900},{\"@type\":\"BreadcrumbList\",\"@id\":\"https:\\\/\\\/santapola.es\\\/ca\\\/acostant-als-escolars-de-santa-pola-el-treball-dels-servicis-demergencia\\\/#breadcrumb\",\"itemListElement\":[{\"@type\":\"ListItem\",\"position\":1,\"name\":\"Inici\",\"item\":\"https:\\\/\\\/santapola.es\\\/ca\\\/\"},{\"@type\":\"ListItem\",\"position\":2,\"name\":\"Acostant als escolars de Santa Pola el treball dels servicis d&#8217;emerg\u00e8ncia\"}]},{\"@type\":\"WebSite\",\"@id\":\"https:\\\/\\\/santapola.es\\\/ca\\\/#website\",\"url\":\"https:\\\/\\\/santapola.es\\\/ca\\\/\",\"name\":\"Ayuntamiento de Santa Pola\",\"description\":\"Web de l'Ajuntament de Santa Pola\",\"potentialAction\":[{\"@type\":\"SearchAction\",\"target\":{\"@type\":\"EntryPoint\",\"urlTemplate\":\"https:\\\/\\\/santapola.es\\\/ca\\\/?s={search_term_string}\"},\"query-input\":{\"@type\":\"PropertyValueSpecification\",\"valueRequired\":true,\"valueName\":\"search_term_string\"}}],\"inLanguage\":\"ca\"},{\"@type\":\"Person\",\"@id\":\"https:\\\/\\\/santapola.es\\\/ca\\\/#\\\/schema\\\/person\\\/ad1d67403707b58350c7be5e8dbc442d\",\"name\":\"Jos\u00e9 Juan L\u00f3pez Lafuente\"}]}<\/script>\n<!-- \/ Yoast SEO plugin. -->","yoast_head_json":{"title":"Acostant als escolars de Santa Pola el treball dels servicis d'emerg\u00e8ncia - Ajuntament de Santa Pola","robots":{"index":"index","follow":"follow","max-snippet":"max-snippet:-1","max-image-preview":"max-image-preview:large","max-video-preview":"max-video-preview:-1"},"canonical":"https:\/\/santapola.es\/ca\/acostant-als-escolars-de-santa-pola-el-treball-dels-servicis-demergencia\/","og_locale":"ca_ES","og_type":"article","og_title":"Acostant als escolars de Santa Pola el treball dels servicis d'emerg\u00e8ncia - Ajuntament de Santa Pola","og_description":"Uns 900 escolars d&#8217;entre 5 i 7 anys de tots els col\u00b7legis han gaudit este mat\u00ed a l&#8217;auditori El Palmerar d&#8217;una interessant exhibici\u00f3 dels servicis d&#8217;emerg\u00e8ncia, en la qual han participat Policia Local, Bombers i Creu Roja. Organitzada pel Parc Infantil de Tr\u00e0nsit de la Policia Local de Santa Pola, l&#8217;exhibici\u00f3 d&#8217;este mat\u00ed ha congregat [&hellip;]","og_url":"https:\/\/santapola.es\/ca\/acostant-als-escolars-de-santa-pola-el-treball-dels-servicis-demergencia\/","og_site_name":"Ajuntament de Santa Pola","article_publisher":"https:\/\/www.facebook.com\/AyuntamientoSantaPola\/","article_published_time":"2024-03-27T17:46:00+00:00","og_image":[{"width":1600,"height":900,"url":"https:\/\/santapola.es\/wp-content\/uploads\/2024\/04\/WhatsApp-Image-2024-03-27-at-14.56.36-4.jpeg","type":"image\/jpeg"}],"author":"Jos\u00e9 Juan L\u00f3pez Lafuente","twitter_card":"summary_large_image","twitter_creator":"@SantaPolaAyunt","twitter_site":"@SantaPolaAyunt","schema":{"@context":"https:\/\/schema.org","@graph":[{"@type":"Article","@id":"https:\/\/santapola.es\/ca\/acostant-als-escolars-de-santa-pola-el-treball-dels-servicis-demergencia\/#article","isPartOf":{"@id":"https:\/\/santapola.es\/ca\/acostant-als-escolars-de-santa-pola-el-treball-dels-servicis-demergencia\/"},"author":{"name":"Jos\u00e9 Juan L\u00f3pez Lafuente","@id":"https:\/\/santapola.es\/ca\/#\/schema\/person\/ad1d67403707b58350c7be5e8dbc442d"},"headline":"Acostant als escolars de Santa Pola el treball dels servicis d&#8217;emerg\u00e8ncia","datePublished":"2024-03-27T17:46:00+00:00","mainEntityOfPage":{"@id":"https:\/\/santapola.es\/ca\/acostant-als-escolars-de-santa-pola-el-treball-dels-servicis-demergencia\/"},"wordCount":388,"image":{"@id":"https:\/\/santapola.es\/ca\/acostant-als-escolars-de-santa-pola-el-treball-dels-servicis-demergencia\/#primaryimage"},"thumbnailUrl":"https:\/\/santapola.es\/wp-content\/uploads\/2024\/04\/WhatsApp-Image-2024-03-27-at-14.56.36-4.jpeg","keywords":["Bombers","Creu Roja","Parc Infantil de Tr\u00e0nsit","Policia Local"],"articleSection":["Policia","Seguretat Ciutadana \/ Protecci\u00f3 Civil"],"inLanguage":"ca"},{"@type":"WebPage","@id":"https:\/\/santapola.es\/ca\/acostant-als-escolars-de-santa-pola-el-treball-dels-servicis-demergencia\/","url":"https:\/\/santapola.es\/ca\/acostant-als-escolars-de-santa-pola-el-treball-dels-servicis-demergencia\/","name":"Acostant als escolars de Santa Pola el treball dels servicis d'emerg\u00e8ncia - Ajuntament de Santa Pola","isPartOf":{"@id":"https:\/\/santapola.es\/ca\/#website"},"primaryImageOfPage":{"@id":"https:\/\/santapola.es\/ca\/acostant-als-escolars-de-santa-pola-el-treball-dels-servicis-demergencia\/#primaryimage"},"image":{"@id":"https:\/\/santapola.es\/ca\/acostant-als-escolars-de-santa-pola-el-treball-dels-servicis-demergencia\/#primaryimage"},"thumbnailUrl":"https:\/\/santapola.es\/wp-content\/uploads\/2024\/04\/WhatsApp-Image-2024-03-27-at-14.56.36-4.jpeg","datePublished":"2024-03-27T17:46:00+00:00","author":{"@id":"https:\/\/santapola.es\/ca\/#\/schema\/person\/ad1d67403707b58350c7be5e8dbc442d"},"breadcrumb":{"@id":"https:\/\/santapola.es\/ca\/acostant-als-escolars-de-santa-pola-el-treball-dels-servicis-demergencia\/#breadcrumb"},"inLanguage":"ca","potentialAction":[{"@type":"ReadAction","target":["https:\/\/santapola.es\/ca\/acostant-als-escolars-de-santa-pola-el-treball-dels-servicis-demergencia\/"]}]},{"@type":"ImageObject","inLanguage":"ca","@id":"https:\/\/santapola.es\/ca\/acostant-als-escolars-de-santa-pola-el-treball-dels-servicis-demergencia\/#primaryimage","url":"https:\/\/santapola.es\/wp-content\/uploads\/2024\/04\/WhatsApp-Image-2024-03-27-at-14.56.36-4.jpeg","contentUrl":"https:\/\/santapola.es\/wp-content\/uploads\/2024\/04\/WhatsApp-Image-2024-03-27-at-14.56.36-4.jpeg","width":1600,"height":900},{"@type":"BreadcrumbList","@id":"https:\/\/santapola.es\/ca\/acostant-als-escolars-de-santa-pola-el-treball-dels-servicis-demergencia\/#breadcrumb","itemListElement":[{"@type":"ListItem","position":1,"name":"Inici","item":"https:\/\/santapola.es\/ca\/"},{"@type":"ListItem","position":2,"name":"Acostant als escolars de Santa Pola el treball dels servicis d&#8217;emerg\u00e8ncia"}]},{"@type":"WebSite","@id":"https:\/\/santapola.es\/ca\/#website","url":"https:\/\/santapola.es\/ca\/","name":"Ayuntamiento de Santa Pola","description":"Web de l'Ajuntament de Santa Pola","potentialAction":[{"@type":"SearchAction","target":{"@type":"EntryPoint","urlTemplate":"https:\/\/santapola.es\/ca\/?s={search_term_string}"},"query-input":{"@type":"PropertyValueSpecification","valueRequired":true,"valueName":"search_term_string"}}],"inLanguage":"ca"},{"@type":"Person","@id":"https:\/\/santapola.es\/ca\/#\/schema\/person\/ad1d67403707b58350c7be5e8dbc442d","name":"Jos\u00e9 Juan L\u00f3pez Lafuente"}]}},"_links":{"self":[{"href":"https:\/\/santapola.es\/ca\/wp-json\/wp\/v2\/posts\/34189","targetHints":{"allow":["GET"]}}],"collection":[{"href":"https:\/\/santapola.es\/ca\/wp-json\/wp\/v2\/posts"}],"about":[{"href":"https:\/\/santapola.es\/ca\/wp-json\/wp\/v2\/types\/post"}],"author":[{"embeddable":true,"href":"https:\/\/santapola.es\/ca\/wp-json\/wp\/v2\/users\/96"}],"replies":[{"embeddable":true,"href":"https:\/\/santapola.es\/ca\/wp-json\/wp\/v2\/comments?post=34189"}],"version-history":[{"count":0,"href":"https:\/\/santapola.es\/ca\/wp-json\/wp\/v2\/posts\/34189\/revisions"}],"wp:featuredmedia":[{"embeddable":true,"href":"https:\/\/santapola.es\/ca\/wp-json\/wp\/v2\/media\/34187"}],"wp:attachment":[{"href":"https:\/\/santapola.es\/ca\/wp-json\/wp\/v2\/media?parent=34189"}],"wp:term":[{"taxonomy":"category","embeddable":true,"href":"https:\/\/santapola.es\/ca\/wp-json\/wp\/v2\/categories?post=34189"},{"taxonomy":"post_tag","embeddable":true,"href":"https:\/\/santapola.es\/ca\/wp-json\/wp\/v2\/tags?post=34189"}],"curies":[{"name":"wp","href":"https:\/\/api.w.org\/{rel}","templated":true}]}}