{"id":34168,"date":"2024-01-04T10:19:28","date_gmt":"2024-01-04T09:19:28","guid":{"rendered":"https:\/\/www.desarrollo.santapola.es\/taller-de-risoterapia-i-expressio-democions-per-a-persones-majors\/"},"modified":"2024-01-04T10:19:28","modified_gmt":"2024-01-04T09:19:28","slug":"taller-de-risoterapia-i-expressio-democions-per-a-persones-majors","status":"publish","type":"post","link":"https:\/\/santapola.es\/ca\/taller-de-risoterapia-i-expressio-democions-per-a-persones-majors\/","title":{"rendered":"Taller de risoter\u00e0pia i expressi\u00f3 d&#8217;emocions per a persones majors"},"content":{"rendered":"<p><strong>La Regidoria de Persones Majors impartir\u00e0 un taller de risoter\u00e0pia i expressi\u00f3 d&#8217;emocions que es desenvolupar\u00e0 en La S\u00e9nia i la Biblioteca Internacional de Gran Alacant. Ja est\u00e0 obert el termini d&#8217;inscripci\u00f3 en el tel\u00e8fon 644 487 377 per a comen\u00e7ar el 17 de gener.<\/strong><\/p>\n<p>\u00c9s un fet constatat que tindre una actitud positiva millora la qualitat de vida de les persones i riure&#8217;s \u00e9s molt recomanable. Precisament per aix\u00f2 la Regidoria de Persones Majors llan\u00e7a un taller de risoter\u00e0pia i expressi\u00f3 d&#8217;emocions per a persones majors.<\/p>\n<p>Este projecte va dirigit a poblaci\u00f3 de la tercera edat del municipi de Santa Pola i constar\u00e0 de 8 sessions, la primera de les quals es realitzar\u00e0 el dimecres 17 de gener a les 11.00 hores en el Centre de Conviv\u00e8ncia La S\u00e9nia. A partir d&#8217;ac\u00ed, cada dimecres a eixa mateixa hora hi haur\u00e0 sessions repartides entre La S\u00e9nia i la Biblioteca Internacional de Gran Alacant.<\/p>\n<p>El contingut del taller mesclar\u00e0 conceptes te\u00f2rics que s&#8217;abordaran des d&#8217;una perspectiva l\u00fadica i din\u00e0mica: teoria sobre risoter\u00e0pia, les hormones de la felicitat, teoria sobre emocions, emocions b\u00e0siques, habilitats personals (socials i\/o de comunicaci\u00f3), t\u00e9cniques de respiracio\u0301, dina\u0301miques per al riure, expressi\u00f3 corporal, m\u00edmica, test de les emocions, role playings, jocs adaptats a les persones destinat\u00e0ries i relaxaci\u00f3 i volta a la calma.<\/p>\n<p>Les persones interessades poden formalitzar la seua inscripci\u00f3 en el tel\u00e8fon 644 487 377.<\/p>\n","protected":false},"excerpt":{"rendered":"<p>La Regidoria de Persones Majors impartir\u00e0 un taller de risoter\u00e0pia i expressi\u00f3 d&#8217;emocions que es desenvolupar\u00e0 en La S\u00e9nia i la Biblioteca Internacional de Gran Alacant. Ja est\u00e0 obert el termini d&#8217;inscripci\u00f3 en el tel\u00e8fon 644 487 377 per a comen\u00e7ar el 17 de gener. \u00c9s un fet constatat que tindre una actitud positiva millora [&hellip;]<\/p>\n","protected":false},"author":96,"featured_media":32897,"comment_status":"closed","ping_status":"closed","sticky":false,"template":"","format":"standard","meta":{"_et_pb_use_builder":"","_et_pb_old_content":"","_et_gb_content_width":"","footnotes":""},"categories":[427,428],"tags":[430,429],"class_list":["post-34168","post","type-post","status-publish","format-standard","has-post-thumbnail","hentry","category-a-inici","category-personas-mayores-ca","tag-persones-majors","tag-risoterapia-ca"],"yoast_head":"<!-- This site is optimized with the Yoast SEO plugin v27.4 - https:\/\/yoast.com\/product\/yoast-seo-wordpress\/ -->\n<title>Taller de risoter\u00e0pia i expressi\u00f3 d&#039;emocions per a persones majors - Ajuntament de Santa Pola<\/title>\n<meta name=\"robots\" content=\"index, follow, max-snippet:-1, max-image-preview:large, max-video-preview:-1\" \/>\n<link rel=\"canonical\" href=\"https:\/\/santapola.es\/ca\/taller-de-risoterapia-i-expressio-democions-per-a-persones-majors\/\" \/>\n<meta property=\"og:locale\" content=\"ca_ES\" \/>\n<meta property=\"og:type\" content=\"article\" \/>\n<meta property=\"og:title\" content=\"Taller de risoter\u00e0pia i expressi\u00f3 d&#039;emocions per a persones majors - Ajuntament de Santa Pola\" \/>\n<meta property=\"og:description\" content=\"La Regidoria de Persones Majors impartir\u00e0 un taller de risoter\u00e0pia i expressi\u00f3 d&#8217;emocions que es desenvolupar\u00e0 en La S\u00e9nia i la Biblioteca Internacional de Gran Alacant. Ja est\u00e0 obert el termini d&#8217;inscripci\u00f3 en el tel\u00e8fon 644 487 377 per a comen\u00e7ar el 17 de gener. \u00c9s un fet constatat que tindre una actitud positiva millora [&hellip;]\" \/>\n<meta property=\"og:url\" content=\"https:\/\/santapola.es\/ca\/taller-de-risoterapia-i-expressio-democions-per-a-persones-majors\/\" \/>\n<meta property=\"og:site_name\" content=\"Ajuntament de Santa Pola\" \/>\n<meta property=\"article:publisher\" content=\"https:\/\/www.facebook.com\/AyuntamientoSantaPola\/\" \/>\n<meta property=\"article:published_time\" content=\"2024-01-04T09:19:28+00:00\" \/>\n<meta property=\"og:image\" content=\"https:\/\/santapola.es\/wp-content\/uploads\/2024\/01\/RISOTERAPIA-SANTA-POLA-.jpg\" \/>\n\t<meta property=\"og:image:width\" content=\"1414\" \/>\n\t<meta property=\"og:image:height\" content=\"2000\" \/>\n\t<meta property=\"og:image:type\" content=\"image\/jpeg\" \/>\n<meta name=\"author\" content=\"Jos\u00e9 Juan L\u00f3pez Lafuente\" \/>\n<meta name=\"twitter:card\" content=\"summary_large_image\" \/>\n<meta name=\"twitter:creator\" content=\"@SantaPolaAyunt\" \/>\n<meta name=\"twitter:site\" content=\"@SantaPolaAyunt\" \/>\n<script type=\"application\/ld+json\" class=\"yoast-schema-graph\">{\"@context\":\"https:\\\/\\\/schema.org\",\"@graph\":[{\"@type\":\"Article\",\"@id\":\"https:\\\/\\\/santapola.es\\\/ca\\\/taller-de-risoterapia-i-expressio-democions-per-a-persones-majors\\\/#article\",\"isPartOf\":{\"@id\":\"https:\\\/\\\/santapola.es\\\/ca\\\/taller-de-risoterapia-i-expressio-democions-per-a-persones-majors\\\/\"},\"author\":{\"name\":\"Jos\u00e9 Juan L\u00f3pez Lafuente\",\"@id\":\"https:\\\/\\\/santapola.es\\\/ca\\\/#\\\/schema\\\/person\\\/ad1d67403707b58350c7be5e8dbc442d\"},\"headline\":\"Taller de risoter\u00e0pia i expressi\u00f3 d&#8217;emocions per a persones majors\",\"datePublished\":\"2024-01-04T09:19:28+00:00\",\"mainEntityOfPage\":{\"@id\":\"https:\\\/\\\/santapola.es\\\/ca\\\/taller-de-risoterapia-i-expressio-democions-per-a-persones-majors\\\/\"},\"wordCount\":259,\"image\":{\"@id\":\"https:\\\/\\\/santapola.es\\\/ca\\\/taller-de-risoterapia-i-expressio-democions-per-a-persones-majors\\\/#primaryimage\"},\"thumbnailUrl\":\"https:\\\/\\\/santapola.es\\\/wp-content\\\/uploads\\\/2024\\\/01\\\/RISOTERAPIA-SANTA-POLA-.jpg\",\"keywords\":[\"Persones majors\",\"Risoter\u00e0pia\"],\"articleSection\":[\"a Inici\",\"Personas mayores\"],\"inLanguage\":\"ca\"},{\"@type\":\"WebPage\",\"@id\":\"https:\\\/\\\/santapola.es\\\/ca\\\/taller-de-risoterapia-i-expressio-democions-per-a-persones-majors\\\/\",\"url\":\"https:\\\/\\\/santapola.es\\\/ca\\\/taller-de-risoterapia-i-expressio-democions-per-a-persones-majors\\\/\",\"name\":\"Taller de risoter\u00e0pia i expressi\u00f3 d'emocions per a persones majors - Ajuntament de Santa Pola\",\"isPartOf\":{\"@id\":\"https:\\\/\\\/santapola.es\\\/ca\\\/#website\"},\"primaryImageOfPage\":{\"@id\":\"https:\\\/\\\/santapola.es\\\/ca\\\/taller-de-risoterapia-i-expressio-democions-per-a-persones-majors\\\/#primaryimage\"},\"image\":{\"@id\":\"https:\\\/\\\/santapola.es\\\/ca\\\/taller-de-risoterapia-i-expressio-democions-per-a-persones-majors\\\/#primaryimage\"},\"thumbnailUrl\":\"https:\\\/\\\/santapola.es\\\/wp-content\\\/uploads\\\/2024\\\/01\\\/RISOTERAPIA-SANTA-POLA-.jpg\",\"datePublished\":\"2024-01-04T09:19:28+00:00\",\"author\":{\"@id\":\"https:\\\/\\\/santapola.es\\\/ca\\\/#\\\/schema\\\/person\\\/ad1d67403707b58350c7be5e8dbc442d\"},\"breadcrumb\":{\"@id\":\"https:\\\/\\\/santapola.es\\\/ca\\\/taller-de-risoterapia-i-expressio-democions-per-a-persones-majors\\\/#breadcrumb\"},\"inLanguage\":\"ca\",\"potentialAction\":[{\"@type\":\"ReadAction\",\"target\":[\"https:\\\/\\\/santapola.es\\\/ca\\\/taller-de-risoterapia-i-expressio-democions-per-a-persones-majors\\\/\"]}]},{\"@type\":\"ImageObject\",\"inLanguage\":\"ca\",\"@id\":\"https:\\\/\\\/santapola.es\\\/ca\\\/taller-de-risoterapia-i-expressio-democions-per-a-persones-majors\\\/#primaryimage\",\"url\":\"https:\\\/\\\/santapola.es\\\/wp-content\\\/uploads\\\/2024\\\/01\\\/RISOTERAPIA-SANTA-POLA-.jpg\",\"contentUrl\":\"https:\\\/\\\/santapola.es\\\/wp-content\\\/uploads\\\/2024\\\/01\\\/RISOTERAPIA-SANTA-POLA-.jpg\",\"width\":1414,\"height\":2000},{\"@type\":\"BreadcrumbList\",\"@id\":\"https:\\\/\\\/santapola.es\\\/ca\\\/taller-de-risoterapia-i-expressio-democions-per-a-persones-majors\\\/#breadcrumb\",\"itemListElement\":[{\"@type\":\"ListItem\",\"position\":1,\"name\":\"Inici\",\"item\":\"https:\\\/\\\/santapola.es\\\/ca\\\/\"},{\"@type\":\"ListItem\",\"position\":2,\"name\":\"Taller de risoter\u00e0pia i expressi\u00f3 d&#8217;emocions per a persones majors\"}]},{\"@type\":\"WebSite\",\"@id\":\"https:\\\/\\\/santapola.es\\\/ca\\\/#website\",\"url\":\"https:\\\/\\\/santapola.es\\\/ca\\\/\",\"name\":\"Ayuntamiento de Santa Pola\",\"description\":\"Web de l'Ajuntament de Santa Pola\",\"potentialAction\":[{\"@type\":\"SearchAction\",\"target\":{\"@type\":\"EntryPoint\",\"urlTemplate\":\"https:\\\/\\\/santapola.es\\\/ca\\\/?s={search_term_string}\"},\"query-input\":{\"@type\":\"PropertyValueSpecification\",\"valueRequired\":true,\"valueName\":\"search_term_string\"}}],\"inLanguage\":\"ca\"},{\"@type\":\"Person\",\"@id\":\"https:\\\/\\\/santapola.es\\\/ca\\\/#\\\/schema\\\/person\\\/ad1d67403707b58350c7be5e8dbc442d\",\"name\":\"Jos\u00e9 Juan L\u00f3pez Lafuente\"}]}<\/script>\n<!-- \/ Yoast SEO plugin. -->","yoast_head_json":{"title":"Taller de risoter\u00e0pia i expressi\u00f3 d'emocions per a persones majors - Ajuntament de Santa Pola","robots":{"index":"index","follow":"follow","max-snippet":"max-snippet:-1","max-image-preview":"max-image-preview:large","max-video-preview":"max-video-preview:-1"},"canonical":"https:\/\/santapola.es\/ca\/taller-de-risoterapia-i-expressio-democions-per-a-persones-majors\/","og_locale":"ca_ES","og_type":"article","og_title":"Taller de risoter\u00e0pia i expressi\u00f3 d'emocions per a persones majors - Ajuntament de Santa Pola","og_description":"La Regidoria de Persones Majors impartir\u00e0 un taller de risoter\u00e0pia i expressi\u00f3 d&#8217;emocions que es desenvolupar\u00e0 en La S\u00e9nia i la Biblioteca Internacional de Gran Alacant. Ja est\u00e0 obert el termini d&#8217;inscripci\u00f3 en el tel\u00e8fon 644 487 377 per a comen\u00e7ar el 17 de gener. \u00c9s un fet constatat que tindre una actitud positiva millora [&hellip;]","og_url":"https:\/\/santapola.es\/ca\/taller-de-risoterapia-i-expressio-democions-per-a-persones-majors\/","og_site_name":"Ajuntament de Santa Pola","article_publisher":"https:\/\/www.facebook.com\/AyuntamientoSantaPola\/","article_published_time":"2024-01-04T09:19:28+00:00","og_image":[{"width":1414,"height":2000,"url":"https:\/\/santapola.es\/wp-content\/uploads\/2024\/01\/RISOTERAPIA-SANTA-POLA-.jpg","type":"image\/jpeg"}],"author":"Jos\u00e9 Juan L\u00f3pez Lafuente","twitter_card":"summary_large_image","twitter_creator":"@SantaPolaAyunt","twitter_site":"@SantaPolaAyunt","schema":{"@context":"https:\/\/schema.org","@graph":[{"@type":"Article","@id":"https:\/\/santapola.es\/ca\/taller-de-risoterapia-i-expressio-democions-per-a-persones-majors\/#article","isPartOf":{"@id":"https:\/\/santapola.es\/ca\/taller-de-risoterapia-i-expressio-democions-per-a-persones-majors\/"},"author":{"name":"Jos\u00e9 Juan L\u00f3pez Lafuente","@id":"https:\/\/santapola.es\/ca\/#\/schema\/person\/ad1d67403707b58350c7be5e8dbc442d"},"headline":"Taller de risoter\u00e0pia i expressi\u00f3 d&#8217;emocions per a persones majors","datePublished":"2024-01-04T09:19:28+00:00","mainEntityOfPage":{"@id":"https:\/\/santapola.es\/ca\/taller-de-risoterapia-i-expressio-democions-per-a-persones-majors\/"},"wordCount":259,"image":{"@id":"https:\/\/santapola.es\/ca\/taller-de-risoterapia-i-expressio-democions-per-a-persones-majors\/#primaryimage"},"thumbnailUrl":"https:\/\/santapola.es\/wp-content\/uploads\/2024\/01\/RISOTERAPIA-SANTA-POLA-.jpg","keywords":["Persones majors","Risoter\u00e0pia"],"articleSection":["a Inici","Personas mayores"],"inLanguage":"ca"},{"@type":"WebPage","@id":"https:\/\/santapola.es\/ca\/taller-de-risoterapia-i-expressio-democions-per-a-persones-majors\/","url":"https:\/\/santapola.es\/ca\/taller-de-risoterapia-i-expressio-democions-per-a-persones-majors\/","name":"Taller de risoter\u00e0pia i expressi\u00f3 d'emocions per a persones majors - Ajuntament de Santa Pola","isPartOf":{"@id":"https:\/\/santapola.es\/ca\/#website"},"primaryImageOfPage":{"@id":"https:\/\/santapola.es\/ca\/taller-de-risoterapia-i-expressio-democions-per-a-persones-majors\/#primaryimage"},"image":{"@id":"https:\/\/santapola.es\/ca\/taller-de-risoterapia-i-expressio-democions-per-a-persones-majors\/#primaryimage"},"thumbnailUrl":"https:\/\/santapola.es\/wp-content\/uploads\/2024\/01\/RISOTERAPIA-SANTA-POLA-.jpg","datePublished":"2024-01-04T09:19:28+00:00","author":{"@id":"https:\/\/santapola.es\/ca\/#\/schema\/person\/ad1d67403707b58350c7be5e8dbc442d"},"breadcrumb":{"@id":"https:\/\/santapola.es\/ca\/taller-de-risoterapia-i-expressio-democions-per-a-persones-majors\/#breadcrumb"},"inLanguage":"ca","potentialAction":[{"@type":"ReadAction","target":["https:\/\/santapola.es\/ca\/taller-de-risoterapia-i-expressio-democions-per-a-persones-majors\/"]}]},{"@type":"ImageObject","inLanguage":"ca","@id":"https:\/\/santapola.es\/ca\/taller-de-risoterapia-i-expressio-democions-per-a-persones-majors\/#primaryimage","url":"https:\/\/santapola.es\/wp-content\/uploads\/2024\/01\/RISOTERAPIA-SANTA-POLA-.jpg","contentUrl":"https:\/\/santapola.es\/wp-content\/uploads\/2024\/01\/RISOTERAPIA-SANTA-POLA-.jpg","width":1414,"height":2000},{"@type":"BreadcrumbList","@id":"https:\/\/santapola.es\/ca\/taller-de-risoterapia-i-expressio-democions-per-a-persones-majors\/#breadcrumb","itemListElement":[{"@type":"ListItem","position":1,"name":"Inici","item":"https:\/\/santapola.es\/ca\/"},{"@type":"ListItem","position":2,"name":"Taller de risoter\u00e0pia i expressi\u00f3 d&#8217;emocions per a persones majors"}]},{"@type":"WebSite","@id":"https:\/\/santapola.es\/ca\/#website","url":"https:\/\/santapola.es\/ca\/","name":"Ayuntamiento de Santa Pola","description":"Web de l'Ajuntament de Santa Pola","potentialAction":[{"@type":"SearchAction","target":{"@type":"EntryPoint","urlTemplate":"https:\/\/santapola.es\/ca\/?s={search_term_string}"},"query-input":{"@type":"PropertyValueSpecification","valueRequired":true,"valueName":"search_term_string"}}],"inLanguage":"ca"},{"@type":"Person","@id":"https:\/\/santapola.es\/ca\/#\/schema\/person\/ad1d67403707b58350c7be5e8dbc442d","name":"Jos\u00e9 Juan L\u00f3pez Lafuente"}]}},"_links":{"self":[{"href":"https:\/\/santapola.es\/ca\/wp-json\/wp\/v2\/posts\/34168","targetHints":{"allow":["GET"]}}],"collection":[{"href":"https:\/\/santapola.es\/ca\/wp-json\/wp\/v2\/posts"}],"about":[{"href":"https:\/\/santapola.es\/ca\/wp-json\/wp\/v2\/types\/post"}],"author":[{"embeddable":true,"href":"https:\/\/santapola.es\/ca\/wp-json\/wp\/v2\/users\/96"}],"replies":[{"embeddable":true,"href":"https:\/\/santapola.es\/ca\/wp-json\/wp\/v2\/comments?post=34168"}],"version-history":[{"count":0,"href":"https:\/\/santapola.es\/ca\/wp-json\/wp\/v2\/posts\/34168\/revisions"}],"wp:featuredmedia":[{"embeddable":true,"href":"https:\/\/santapola.es\/ca\/wp-json\/wp\/v2\/media\/32897"}],"wp:attachment":[{"href":"https:\/\/santapola.es\/ca\/wp-json\/wp\/v2\/media?parent=34168"}],"wp:term":[{"taxonomy":"category","embeddable":true,"href":"https:\/\/santapola.es\/ca\/wp-json\/wp\/v2\/categories?post=34168"},{"taxonomy":"post_tag","embeddable":true,"href":"https:\/\/santapola.es\/ca\/wp-json\/wp\/v2\/tags?post=34168"}],"curies":[{"name":"wp","href":"https:\/\/api.w.org\/{rel}","templated":true}]}}